{"id":1403,"date":"2022-09-09T20:46:19","date_gmt":"2022-09-09T23:46:19","guid":{"rendered":"https:\/\/brasilnoticias.org\/site\/?p=1403"},"modified":"2022-09-09T20:46:19","modified_gmt":"2022-09-09T23:46:19","slug":"pgr-pede-anulacao-de-medidas-de-moraes-contra-empresarios","status":"publish","type":"post","link":"https:\/\/brasilnoticias.org\/site\/pgr-pede-anulacao-de-medidas-de-moraes-contra-empresarios\/","title":{"rendered":"PGR pede anula\u00e7\u00e3o de medidas de Moraes contra empres\u00e1rios"},"content":{"rendered":"<nav class=\"navbar navbar-expand-lg navbar-white navbar-light\">\n<div class=\"container\"><a href=\"https:\/\/www.bnews.com.br\/\"><img loading=\"lazy\" decoding=\"async\" src=\"https:\/\/www.bnews.com.br\/static\/logo\/logo_bnews_cor.svg\" alt=\"Bnews\" width=\"104\" height=\"35\" \/><\/a><button class=\"navbar-toggler\" type=\"button\" data-toggle=\"collapse\" data-target=\"#navbarSupportedContentFixed\" aria-controls=\"navbarSupportedContentFixed\" aria-expanded=\"false\" aria-label=\"Toggle navigation\"><\/button><\/div>\n<\/nav>\n<header class=\"navbar-top mb-3 mb-md-0\">\n<div class=\"container\">\n<div class=\"row py-3 px-2 px-md-0 align-items-center\">\n<div class=\"col-2 col-md-1\">\n<div class=\"hamburguer\">\n<div class=\"lines w-100 line-top\"><\/div>\n<div class=\"lines w-100 line-mid\"><\/div>\n<div class=\"lines w-100 line-bottom\"><\/div>\n<\/div>\n<\/div>\n<div class=\"col-8 col-md-6 col-lg-7 col-xl-8 mx-auto mx-md-0\"><a href=\"https:\/\/www.bnews.com.br\/\"><img loading=\"lazy\" decoding=\"async\" src=\"https:\/\/www.bnews.com.br\/static\/logo\/LOGO2.svg\" alt=\"Bnews\" width=\"200\" height=\"58\" \/><\/a><\/div>\n<div class=\"col-12 col-md-5 col-lg-4 col-xl-3 mt-3 mt-md-0\">\n<div class=\"d-flex justify-content-between align-items-center\"><span class=\"d-inline-block mr-4 social-itens\"><a title=\"Facebook Bnews\" href=\"https:\/\/www.facebook.com\/bnewsbr\/\" target=\"_blank\" rel=\"noopener\"><img loading=\"lazy\" decoding=\"async\" class=\"d-inline-block mx-1\" src=\"https:\/\/www.bnews.com.br\/static\/socialmedia\/facebook_branco.svg\" alt=\"Facebook Bnews\" width=\"32\" height=\"32\" \/><\/a><a title=\"Twitter Bnews\" href=\"https:\/\/twitter.com\/bnews_oficial\/\" target=\"_blank\" rel=\"noopener\"><img loading=\"lazy\" decoding=\"async\" class=\"d-inline-block mx-1\" src=\"https:\/\/www.bnews.com.br\/static\/socialmedia\/twitter_branco.svg\" alt=\"Twitter Bnews\" width=\"32\" height=\"32\" \/><\/a><a title=\"Instagram Bnews\" href=\"https:\/\/www.instagram.com\/bnews_oficial\/?hl=pt-br\/\" target=\"_blank\" rel=\"noopener\"><img loading=\"lazy\" decoding=\"async\" class=\"d-inline-block mx-1\" src=\"https:\/\/www.bnews.com.br\/static\/socialmedia\/instagram_branco.svg\" alt=\"Instagram Bnews\" width=\"32\" height=\"32\" \/><\/a><a title=\"Youtube Bnews\" href=\"https:\/\/www.youtube.com\/channel\/UCKaqd3c_fGt25aa6HicNgRQ\" target=\"_blank\" rel=\"noopener\"><img loading=\"lazy\" decoding=\"async\" class=\"d-inline-block mx-1\" src=\"https:\/\/www.bnews.com.br\/static\/socialmedia\/youtube_branco.svg\" alt=\"Youtube Bnews\" width=\"32\" height=\"32\" \/><\/a><\/span><\/p>\n<div class=\"d-inline-flex align-item-center search-item\"><img loading=\"lazy\" decoding=\"async\" class=\"search-btn\" src=\"https:\/\/www.bnews.com.br\/static\/img\/busca-lupa.svg\" alt=\"Busca\" width=\"36\" height=\"36\" \/><\/div>\n<\/div>\n<\/div>\n<\/div>\n<\/div>\n<\/header>\n<div class=\"container\"><\/div>\n<div class=\"header_wrap my-3 mb-md-5\">\n<p>POL\u00cdTICA<\/p>\n<\/div>\n<div class=\"text-center my-3\">\n<div id=\"banner-728x90-area\" data-mobile=\"320x50\" data-desktop=\"728x90\" data-google-query-id=\"CNjU2PjxiPoCFRkDuQYdg8gPxQ\">\n<div id=\"google_ads_iframe_\/8804\/parceiros\/bnews_0__container__\"><iframe loading=\"lazy\" id=\"google_ads_iframe_\/8804\/parceiros\/bnews_0\" tabindex=\"0\" title=\"3rd party ad content\" role=\"region\" src=\"https:\/\/8925c88fc1ed8259ae65a080b243fc47.safeframe.googlesyndication.com\/safeframe\/1-0-38\/html\/container.html\" name=\"\" width=\"320\" height=\"50\" frameborder=\"0\" marginwidth=\"0\" marginheight=\"0\" scrolling=\"no\" sandbox=\"allow-forms allow-popups allow-popups-to-escape-sandbox allow-same-origin allow-scripts allow-top-navigation-by-user-activation\" data-is-safeframe=\"true\" aria-label=\"Advertisement\" data-google-container-id=\"2\" data-load-complete=\"true\" data-mce-fragment=\"1\"><\/iframe><\/div>\n<\/div>\n<\/div>\n<div class=\"container mb-4\">\n<h1 class=\"artigo-title text-center font-weight-bold mb-4\">PGR pede anula\u00e7\u00e3o de medidas de Moraes contra empres\u00e1rios<\/h1>\n<div class=\"row\">\n<div class=\"col-content\">\n<figure class=\"img-lead\"><img loading=\"lazy\" decoding=\"async\" class=\"img-fluid\" src=\"https:\/\/www.bnews.com.br\/media\/_versions\/setembro_2022\/alexandre_moraes_carlos_moura_stf_lnnn6lx_widelg_widemd.jpg\" sizes=\"auto, (min-width: 992px) 75vw, 100w\" srcset=\"\/media\/_versions\/setembro_2022\/alexandre_moraes_carlos_moura_stf_lnnn6lx_widelg_widemd.jpg 360w, \/media\/_versions\/setembro_2022\/alexandre_moraes_carlos_moura_stf_lnnn6lx_widelg_widelg.jpg 800w\" alt=\"Carlos Moura\/SCO\/STF\" width=\"360\" height=\"202\" \/><\/figure>\n<p class=\"lead\">Na manifesta\u00e7\u00e3o, Lind\u00f4ra afirmou que a decis\u00e3o de Moraes &#8220;violou o sistema acusat\u00f3rio&#8221;, por\u00a0ter\u00a0sido decretada de of\u00edcio<\/p>\n<p class=\"autor\"><span class=\"d-inline-block\"><img loading=\"lazy\" decoding=\"async\" class=\"mr-1\" src=\"https:\/\/www.bnews.com.br\/static\/img\/clock_icon.svg\" alt=\"\" width=\"14\" height=\"15\" \/>Publicado em 09\/09\/2022, \u00e0s 19h49<\/span>\u00a0\u00a0\u00a0\u00a0<span class=\"d-inline-block\"><img loading=\"lazy\" decoding=\"async\" class=\"mr-1\" src=\"https:\/\/www.bnews.com.br\/static\/img\/camera_icon.svg\" alt=\"\" width=\"14\" height=\"15\" \/>Carlos Moura\/SCO\/STF<\/span>\u00a0\u00a0\u00a0\u00a0<img loading=\"lazy\" decoding=\"async\" class=\"mr-1\" src=\"https:\/\/www.bnews.com.br\/static\/img\/profile_icon.svg\" alt=\"\" width=\"14\" height=\"15\" \/>Ag\u00eancia Brasil<\/p>\n<div class=\"addthis_block d-flex align-items-center my-2\">\n<p class=\"social-text text-uppercase mb-0 pr-2\">COMPARTILHE:<\/p>\n<div class=\"addthis_inline_share_toolbox\" data-url=\"https:\/\/www.bnews.com.br\/noticias\/politica\/pgr-pede-anulacao-de-medidas-de-moraes-contra-empresarios.html\" data-title=\"PGR pede anula\u00e7\u00e3o de medidas de Moraes contra empres\u00e1rios\" data-description=\"Na manifesta\u00e7\u00e3o, Lind\u00f4ra afirmou que a decis\u00e3o de Moraes &quot;violou o sistema acusat\u00f3rio&quot;, por\u00a0ter\u00a0sido decretada de of\u00edcio\">\n<div id=\"atstbx\" class=\"at-resp-share-element at-style-responsive at-mobile addthis-smartlayers addthis-animated at4-show\" role=\"region\" aria-labelledby=\"at-5109ccda-c5ec-4435-9a81-4293ee15c555\">\n<div class=\"at-share-btn-elements\"><\/div>\n<\/div>\n<\/div>\n<\/div>\n<div class=\"artigo_texto\">\n<p>A vice-procuradora-geral da Rep\u00fablica, Lind\u00f4ra Ara\u00fajo, pediu\u00a0hoje\u00a0(9) ao Supremo Tribunal Federal (STF) a\u00a0anula\u00e7\u00e3o da decis\u00e3o\u00a0do ministro da corte Alexandre de Moraes, que determinou buscas e apreens\u00f5es contra empres\u00e1rios acusados de compartilhar mensagens antidemocr\u00e1ticas.\u00a0\u00a0<img decoding=\"async\" src=\"https:\/\/agenciabrasil.ebc.com.br\/ebc.png?id=1481669&amp;o=node\" \/><img decoding=\"async\" src=\"https:\/\/agenciabrasil.ebc.com.br\/ebc.gif?id=1481669&amp;o=node\" \/><\/p>\n<p>Na manifesta\u00e7\u00e3o, Lind\u00f4ra afirmou que a decis\u00e3o de Moraes &#8220;violou o sistema acusat\u00f3rio&#8221;, por\u00a0ter\u00a0sido decretada de of\u00edcio, sem pr\u00e9via manifesta\u00e7\u00e3o do Minist\u00e9rio P\u00fablico\u00a0e por apenas parte das dilig\u00eancias terem sido requisitadas pela<a href=\"https:\/\/www.bnews.com.br\/tags\/policia-federal\" target=\"_blank\" rel=\"noopener\">\u00a0Pol\u00edcia Federal (PF).\u00a0<\/a><\/p>\n<p>Segundo a vice-procuradora,\u00a0n\u00e3o h\u00e1 ind\u00edcios que provem a pr\u00e1tica de crimes pelos empres\u00e1rios e que justifiquem as buscas. Al\u00e9m disso, Lind\u00f4ra afirmou que a decis\u00e3o do ministro foi tomada com &#8220;base apenas em mat\u00e9ria jornal\u00edstica&#8221;.<\/p>\n<p>&#8220;O caminho normal que se espera dos \u00f3rg\u00e3os estatais de persecu\u00e7\u00e3o \u00e9, inicialmente, buscar averiguar, por meio de dilig\u00eancias pr\u00e9vias e preliminares, a veracidade e autenticidade das informa\u00e7\u00f5es e analisar, \u00e0 luz do ordenamento jur\u00eddico, se os fatos representados constituem, em tese, infra\u00e7\u00f5es penais&#8221;, escreveu a procuradora.<\/p>\n<p>No m\u00eas passado, parte das dilig\u00eancias determinadas por Alexandre de Moraes foram tomadas a partir de um pedido da Pol\u00edcia Federal (PF) e foram baseadas em mat\u00e9rias jornal\u00edsticas que tiveram acesso \u00e0 troca de mensagens entre os empres\u00e1rios.<\/p>\n<\/div>\n<\/div>\n<\/div>\n<\/div>\n<p>&nbsp;<\/p>\n<p>&nbsp;<\/p>\n<p>Bnews<\/p>\n","protected":false},"excerpt":{"rendered":"<p>POL\u00cdTICA PGR pede anula\u00e7\u00e3o de medidas de Moraes contra empres\u00e1rios Na manifesta\u00e7\u00e3o, Lind\u00f4ra afirmou que a decis\u00e3o de Moraes &#8220;violou<\/p>\n","protected":false},"author":2,"featured_media":1404,"comment_status":"open","ping_status":"open","sticky":false,"template":"","format":"standard","meta":{"colormag_page_container_layout":"default_layout","colormag_page_sidebar_layout":"default_layout","_FSMCFIC_featured_image_caption":"","_FSMCFIC_featured_image_nocaption":"","_FSMCFIC_featured_image_hide":"","footnotes":""},"categories":[7],"tags":[],"class_list":["post-1403","post","type-post","status-publish","format-standard","has-post-thumbnail","hentry","category-justica"],"yoast_head":"<!-- This site is optimized with the Yoast SEO plugin v27.1.1 - https:\/\/yoast.com\/product\/yoast-seo-wordpress\/ -->\n<title>PGR pede anula\u00e7\u00e3o de medidas de Moraes contra empres\u00e1rios - Brasil not\u00edcias<\/title>\n<meta name=\"robots\" content=\"index, follow, max-snippet:-1, max-image-preview:large, max-video-preview:-1\" \/>\n<link rel=\"canonical\" href=\"https:\/\/brasilnoticias.org\/site\/pgr-pede-anulacao-de-medidas-de-moraes-contra-empresarios\/\" \/>\n<meta property=\"og:locale\" content=\"pt_PT\" \/>\n<meta property=\"og:type\" content=\"article\" \/>\n<meta property=\"og:title\" content=\"PGR pede anula\u00e7\u00e3o de medidas de Moraes contra empres\u00e1rios - Brasil not\u00edcias\" \/>\n<meta property=\"og:description\" content=\"POL\u00cdTICA PGR pede anula\u00e7\u00e3o de medidas de Moraes contra empres\u00e1rios Na manifesta\u00e7\u00e3o, Lind\u00f4ra afirmou que a decis\u00e3o de Moraes &#8220;violou\" \/>\n<meta property=\"og:url\" content=\"https:\/\/brasilnoticias.org\/site\/pgr-pede-anulacao-de-medidas-de-moraes-contra-empresarios\/\" \/>\n<meta property=\"og:site_name\" content=\"Brasil not\u00edcias\" \/>\n<meta property=\"article:published_time\" content=\"2022-09-09T23:46:19+00:00\" \/>\n<meta property=\"og:image\" content=\"https:\/\/brasilnoticias.org\/site\/wp-content\/uploads\/2022\/09\/alexandre_moraes_carlos_moura_stf_lnnn6lx_widelg_widelg-1.jpg\" \/>\n\t<meta property=\"og:image:width\" content=\"800\" \/>\n\t<meta property=\"og:image:height\" content=\"450\" \/>\n\t<meta property=\"og:image:type\" content=\"image\/jpeg\" \/>\n<meta name=\"author\" content=\"Reda\u00e7\u00e3o\" \/>\n<meta name=\"twitter:card\" content=\"summary_large_image\" \/>\n<meta name=\"twitter:label1\" content=\"Escrito por\" \/>\n\t<meta name=\"twitter:data1\" content=\"Reda\u00e7\u00e3o\" \/>\n\t<meta name=\"twitter:label2\" content=\"Tempo estimado de leitura\" \/>\n\t<meta name=\"twitter:data2\" content=\"1 minuto\" \/>\n<script type=\"application\/ld+json\" class=\"yoast-schema-graph\">{\"@context\":\"https:\/\/schema.org\",\"@graph\":[{\"@type\":\"Article\",\"@id\":\"https:\/\/brasilnoticias.org\/site\/pgr-pede-anulacao-de-medidas-de-moraes-contra-empresarios\/#article\",\"isPartOf\":{\"@id\":\"https:\/\/brasilnoticias.org\/site\/pgr-pede-anulacao-de-medidas-de-moraes-contra-empresarios\/\"},\"author\":{\"name\":\"Reda\u00e7\u00e3o\",\"@id\":\"https:\/\/brasilnoticias.org\/site\/#\/schema\/person\/f609fa847b5314f1c8b983342f34c798\"},\"headline\":\"PGR pede anula\u00e7\u00e3o de medidas de Moraes contra empres\u00e1rios\",\"datePublished\":\"2022-09-09T23:46:19+00:00\",\"mainEntityOfPage\":{\"@id\":\"https:\/\/brasilnoticias.org\/site\/pgr-pede-anulacao-de-medidas-de-moraes-contra-empresarios\/\"},\"wordCount\":296,\"commentCount\":0,\"publisher\":{\"@id\":\"https:\/\/brasilnoticias.org\/site\/#organization\"},\"image\":{\"@id\":\"https:\/\/brasilnoticias.org\/site\/pgr-pede-anulacao-de-medidas-de-moraes-contra-empresarios\/#primaryimage\"},\"thumbnailUrl\":\"https:\/\/brasilnoticias.org\/site\/wp-content\/uploads\/2022\/09\/alexandre_moraes_carlos_moura_stf_lnnn6lx_widelg_widelg-1.jpg\",\"articleSection\":[\"Justi\u00e7a\"],\"inLanguage\":\"pt-PT\",\"potentialAction\":[{\"@type\":\"CommentAction\",\"name\":\"Comment\",\"target\":[\"https:\/\/brasilnoticias.org\/site\/pgr-pede-anulacao-de-medidas-de-moraes-contra-empresarios\/#respond\"]}]},{\"@type\":\"WebPage\",\"@id\":\"https:\/\/brasilnoticias.org\/site\/pgr-pede-anulacao-de-medidas-de-moraes-contra-empresarios\/\",\"url\":\"https:\/\/brasilnoticias.org\/site\/pgr-pede-anulacao-de-medidas-de-moraes-contra-empresarios\/\",\"name\":\"PGR pede anula\u00e7\u00e3o de medidas de Moraes contra empres\u00e1rios - Brasil not\u00edcias\",\"isPartOf\":{\"@id\":\"https:\/\/brasilnoticias.org\/site\/#website\"},\"primaryImageOfPage\":{\"@id\":\"https:\/\/brasilnoticias.org\/site\/pgr-pede-anulacao-de-medidas-de-moraes-contra-empresarios\/#primaryimage\"},\"image\":{\"@id\":\"https:\/\/brasilnoticias.org\/site\/pgr-pede-anulacao-de-medidas-de-moraes-contra-empresarios\/#primaryimage\"},\"thumbnailUrl\":\"https:\/\/brasilnoticias.org\/site\/wp-content\/uploads\/2022\/09\/alexandre_moraes_carlos_moura_stf_lnnn6lx_widelg_widelg-1.jpg\",\"datePublished\":\"2022-09-09T23:46:19+00:00\",\"breadcrumb\":{\"@id\":\"https:\/\/brasilnoticias.org\/site\/pgr-pede-anulacao-de-medidas-de-moraes-contra-empresarios\/#breadcrumb\"},\"inLanguage\":\"pt-PT\",\"potentialAction\":[{\"@type\":\"ReadAction\",\"target\":[\"https:\/\/brasilnoticias.org\/site\/pgr-pede-anulacao-de-medidas-de-moraes-contra-empresarios\/\"]}]},{\"@type\":\"ImageObject\",\"inLanguage\":\"pt-PT\",\"@id\":\"https:\/\/brasilnoticias.org\/site\/pgr-pede-anulacao-de-medidas-de-moraes-contra-empresarios\/#primaryimage\",\"url\":\"https:\/\/brasilnoticias.org\/site\/wp-content\/uploads\/2022\/09\/alexandre_moraes_carlos_moura_stf_lnnn6lx_widelg_widelg-1.jpg\",\"contentUrl\":\"https:\/\/brasilnoticias.org\/site\/wp-content\/uploads\/2022\/09\/alexandre_moraes_carlos_moura_stf_lnnn6lx_widelg_widelg-1.jpg\",\"width\":800,\"height\":450},{\"@type\":\"BreadcrumbList\",\"@id\":\"https:\/\/brasilnoticias.org\/site\/pgr-pede-anulacao-de-medidas-de-moraes-contra-empresarios\/#breadcrumb\",\"itemListElement\":[{\"@type\":\"ListItem\",\"position\":1,\"name\":\"In\u00edcio\",\"item\":\"https:\/\/brasilnoticias.org\/site\/\"},{\"@type\":\"ListItem\",\"position\":2,\"name\":\"PGR pede anula\u00e7\u00e3o de medidas de Moraes contra empres\u00e1rios\"}]},{\"@type\":\"WebSite\",\"@id\":\"https:\/\/brasilnoticias.org\/site\/#website\",\"url\":\"https:\/\/brasilnoticias.org\/site\/\",\"name\":\"Brasil not\u00edcias\",\"description\":\"Brasil not\u00edcias\",\"publisher\":{\"@id\":\"https:\/\/brasilnoticias.org\/site\/#organization\"},\"potentialAction\":[{\"@type\":\"SearchAction\",\"target\":{\"@type\":\"EntryPoint\",\"urlTemplate\":\"https:\/\/brasilnoticias.org\/site\/?s={search_term_string}\"},\"query-input\":{\"@type\":\"PropertyValueSpecification\",\"valueRequired\":true,\"valueName\":\"search_term_string\"}}],\"inLanguage\":\"pt-PT\"},{\"@type\":\"Organization\",\"@id\":\"https:\/\/brasilnoticias.org\/site\/#organization\",\"name\":\"Brasil not\u00edcias\",\"url\":\"https:\/\/brasilnoticias.org\/site\/\",\"logo\":{\"@type\":\"ImageObject\",\"inLanguage\":\"pt-PT\",\"@id\":\"https:\/\/brasilnoticias.org\/site\/#\/schema\/logo\/image\/\",\"url\":\"https:\/\/brasilnoticias.org\/site\/wp-content\/uploads\/2022\/05\/cropped-brasilnoticias-mini.jpg\",\"contentUrl\":\"https:\/\/brasilnoticias.org\/site\/wp-content\/uploads\/2022\/05\/cropped-brasilnoticias-mini.jpg\",\"width\":314,\"height\":86,\"caption\":\"Brasil not\u00edcias\"},\"image\":{\"@id\":\"https:\/\/brasilnoticias.org\/site\/#\/schema\/logo\/image\/\"}},{\"@type\":\"Person\",\"@id\":\"https:\/\/brasilnoticias.org\/site\/#\/schema\/person\/f609fa847b5314f1c8b983342f34c798\",\"name\":\"Reda\u00e7\u00e3o\",\"image\":{\"@type\":\"ImageObject\",\"inLanguage\":\"pt-PT\",\"@id\":\"https:\/\/brasilnoticias.org\/site\/#\/schema\/person\/image\/\",\"url\":\"https:\/\/secure.gravatar.com\/avatar\/447284c06c1ad8b46465a36de9cd0d8326b73387a22799b8b1ffb1fbcff2ed0c?s=96&d=mm&r=g\",\"contentUrl\":\"https:\/\/secure.gravatar.com\/avatar\/447284c06c1ad8b46465a36de9cd0d8326b73387a22799b8b1ffb1fbcff2ed0c?s=96&d=mm&r=g\",\"caption\":\"Reda\u00e7\u00e3o\"},\"url\":\"https:\/\/brasilnoticias.org\/site\/author\/redacao\/\"}]}<\/script>\n<!-- \/ Yoast SEO plugin. -->","yoast_head_json":{"title":"PGR pede anula\u00e7\u00e3o de medidas de Moraes contra empres\u00e1rios - Brasil not\u00edcias","robots":{"index":"index","follow":"follow","max-snippet":"max-snippet:-1","max-image-preview":"max-image-preview:large","max-video-preview":"max-video-preview:-1"},"canonical":"https:\/\/brasilnoticias.org\/site\/pgr-pede-anulacao-de-medidas-de-moraes-contra-empresarios\/","og_locale":"pt_PT","og_type":"article","og_title":"PGR pede anula\u00e7\u00e3o de medidas de Moraes contra empres\u00e1rios - Brasil not\u00edcias","og_description":"POL\u00cdTICA PGR pede anula\u00e7\u00e3o de medidas de Moraes contra empres\u00e1rios Na manifesta\u00e7\u00e3o, Lind\u00f4ra afirmou que a decis\u00e3o de Moraes &#8220;violou","og_url":"https:\/\/brasilnoticias.org\/site\/pgr-pede-anulacao-de-medidas-de-moraes-contra-empresarios\/","og_site_name":"Brasil not\u00edcias","article_published_time":"2022-09-09T23:46:19+00:00","og_image":[{"width":800,"height":450,"url":"https:\/\/brasilnoticias.org\/site\/wp-content\/uploads\/2022\/09\/alexandre_moraes_carlos_moura_stf_lnnn6lx_widelg_widelg-1.jpg","type":"image\/jpeg"}],"author":"Reda\u00e7\u00e3o","twitter_card":"summary_large_image","twitter_misc":{"Escrito por":"Reda\u00e7\u00e3o","Tempo estimado de leitura":"1 minuto"},"schema":{"@context":"https:\/\/schema.org","@graph":[{"@type":"Article","@id":"https:\/\/brasilnoticias.org\/site\/pgr-pede-anulacao-de-medidas-de-moraes-contra-empresarios\/#article","isPartOf":{"@id":"https:\/\/brasilnoticias.org\/site\/pgr-pede-anulacao-de-medidas-de-moraes-contra-empresarios\/"},"author":{"name":"Reda\u00e7\u00e3o","@id":"https:\/\/brasilnoticias.org\/site\/#\/schema\/person\/f609fa847b5314f1c8b983342f34c798"},"headline":"PGR pede anula\u00e7\u00e3o de medidas de Moraes contra empres\u00e1rios","datePublished":"2022-09-09T23:46:19+00:00","mainEntityOfPage":{"@id":"https:\/\/brasilnoticias.org\/site\/pgr-pede-anulacao-de-medidas-de-moraes-contra-empresarios\/"},"wordCount":296,"commentCount":0,"publisher":{"@id":"https:\/\/brasilnoticias.org\/site\/#organization"},"image":{"@id":"https:\/\/brasilnoticias.org\/site\/pgr-pede-anulacao-de-medidas-de-moraes-contra-empresarios\/#primaryimage"},"thumbnailUrl":"https:\/\/brasilnoticias.org\/site\/wp-content\/uploads\/2022\/09\/alexandre_moraes_carlos_moura_stf_lnnn6lx_widelg_widelg-1.jpg","articleSection":["Justi\u00e7a"],"inLanguage":"pt-PT","potentialAction":[{"@type":"CommentAction","name":"Comment","target":["https:\/\/brasilnoticias.org\/site\/pgr-pede-anulacao-de-medidas-de-moraes-contra-empresarios\/#respond"]}]},{"@type":"WebPage","@id":"https:\/\/brasilnoticias.org\/site\/pgr-pede-anulacao-de-medidas-de-moraes-contra-empresarios\/","url":"https:\/\/brasilnoticias.org\/site\/pgr-pede-anulacao-de-medidas-de-moraes-contra-empresarios\/","name":"PGR pede anula\u00e7\u00e3o de medidas de Moraes contra empres\u00e1rios - Brasil not\u00edcias","isPartOf":{"@id":"https:\/\/brasilnoticias.org\/site\/#website"},"primaryImageOfPage":{"@id":"https:\/\/brasilnoticias.org\/site\/pgr-pede-anulacao-de-medidas-de-moraes-contra-empresarios\/#primaryimage"},"image":{"@id":"https:\/\/brasilnoticias.org\/site\/pgr-pede-anulacao-de-medidas-de-moraes-contra-empresarios\/#primaryimage"},"thumbnailUrl":"https:\/\/brasilnoticias.org\/site\/wp-content\/uploads\/2022\/09\/alexandre_moraes_carlos_moura_stf_lnnn6lx_widelg_widelg-1.jpg","datePublished":"2022-09-09T23:46:19+00:00","breadcrumb":{"@id":"https:\/\/brasilnoticias.org\/site\/pgr-pede-anulacao-de-medidas-de-moraes-contra-empresarios\/#breadcrumb"},"inLanguage":"pt-PT","potentialAction":[{"@type":"ReadAction","target":["https:\/\/brasilnoticias.org\/site\/pgr-pede-anulacao-de-medidas-de-moraes-contra-empresarios\/"]}]},{"@type":"ImageObject","inLanguage":"pt-PT","@id":"https:\/\/brasilnoticias.org\/site\/pgr-pede-anulacao-de-medidas-de-moraes-contra-empresarios\/#primaryimage","url":"https:\/\/brasilnoticias.org\/site\/wp-content\/uploads\/2022\/09\/alexandre_moraes_carlos_moura_stf_lnnn6lx_widelg_widelg-1.jpg","contentUrl":"https:\/\/brasilnoticias.org\/site\/wp-content\/uploads\/2022\/09\/alexandre_moraes_carlos_moura_stf_lnnn6lx_widelg_widelg-1.jpg","width":800,"height":450},{"@type":"BreadcrumbList","@id":"https:\/\/brasilnoticias.org\/site\/pgr-pede-anulacao-de-medidas-de-moraes-contra-empresarios\/#breadcrumb","itemListElement":[{"@type":"ListItem","position":1,"name":"In\u00edcio","item":"https:\/\/brasilnoticias.org\/site\/"},{"@type":"ListItem","position":2,"name":"PGR pede anula\u00e7\u00e3o de medidas de Moraes contra empres\u00e1rios"}]},{"@type":"WebSite","@id":"https:\/\/brasilnoticias.org\/site\/#website","url":"https:\/\/brasilnoticias.org\/site\/","name":"Brasil not\u00edcias","description":"Brasil not\u00edcias","publisher":{"@id":"https:\/\/brasilnoticias.org\/site\/#organization"},"potentialAction":[{"@type":"SearchAction","target":{"@type":"EntryPoint","urlTemplate":"https:\/\/brasilnoticias.org\/site\/?s={search_term_string}"},"query-input":{"@type":"PropertyValueSpecification","valueRequired":true,"valueName":"search_term_string"}}],"inLanguage":"pt-PT"},{"@type":"Organization","@id":"https:\/\/brasilnoticias.org\/site\/#organization","name":"Brasil not\u00edcias","url":"https:\/\/brasilnoticias.org\/site\/","logo":{"@type":"ImageObject","inLanguage":"pt-PT","@id":"https:\/\/brasilnoticias.org\/site\/#\/schema\/logo\/image\/","url":"https:\/\/brasilnoticias.org\/site\/wp-content\/uploads\/2022\/05\/cropped-brasilnoticias-mini.jpg","contentUrl":"https:\/\/brasilnoticias.org\/site\/wp-content\/uploads\/2022\/05\/cropped-brasilnoticias-mini.jpg","width":314,"height":86,"caption":"Brasil not\u00edcias"},"image":{"@id":"https:\/\/brasilnoticias.org\/site\/#\/schema\/logo\/image\/"}},{"@type":"Person","@id":"https:\/\/brasilnoticias.org\/site\/#\/schema\/person\/f609fa847b5314f1c8b983342f34c798","name":"Reda\u00e7\u00e3o","image":{"@type":"ImageObject","inLanguage":"pt-PT","@id":"https:\/\/brasilnoticias.org\/site\/#\/schema\/person\/image\/","url":"https:\/\/secure.gravatar.com\/avatar\/447284c06c1ad8b46465a36de9cd0d8326b73387a22799b8b1ffb1fbcff2ed0c?s=96&d=mm&r=g","contentUrl":"https:\/\/secure.gravatar.com\/avatar\/447284c06c1ad8b46465a36de9cd0d8326b73387a22799b8b1ffb1fbcff2ed0c?s=96&d=mm&r=g","caption":"Reda\u00e7\u00e3o"},"url":"https:\/\/brasilnoticias.org\/site\/author\/redacao\/"}]}},"_links":{"self":[{"href":"https:\/\/brasilnoticias.org\/site\/wp-json\/wp\/v2\/posts\/1403","targetHints":{"allow":["GET"]}}],"collection":[{"href":"https:\/\/brasilnoticias.org\/site\/wp-json\/wp\/v2\/posts"}],"about":[{"href":"https:\/\/brasilnoticias.org\/site\/wp-json\/wp\/v2\/types\/post"}],"author":[{"embeddable":true,"href":"https:\/\/brasilnoticias.org\/site\/wp-json\/wp\/v2\/users\/2"}],"replies":[{"embeddable":true,"href":"https:\/\/brasilnoticias.org\/site\/wp-json\/wp\/v2\/comments?post=1403"}],"version-history":[{"count":1,"href":"https:\/\/brasilnoticias.org\/site\/wp-json\/wp\/v2\/posts\/1403\/revisions"}],"predecessor-version":[{"id":1405,"href":"https:\/\/brasilnoticias.org\/site\/wp-json\/wp\/v2\/posts\/1403\/revisions\/1405"}],"wp:featuredmedia":[{"embeddable":true,"href":"https:\/\/brasilnoticias.org\/site\/wp-json\/wp\/v2\/media\/1404"}],"wp:attachment":[{"href":"https:\/\/brasilnoticias.org\/site\/wp-json\/wp\/v2\/media?parent=1403"}],"wp:term":[{"taxonomy":"category","embeddable":true,"href":"https:\/\/brasilnoticias.org\/site\/wp-json\/wp\/v2\/categories?post=1403"},{"taxonomy":"post_tag","embeddable":true,"href":"https:\/\/brasilnoticias.org\/site\/wp-json\/wp\/v2\/tags?post=1403"}],"curies":[{"name":"wp","href":"https:\/\/api.w.org\/{rel}","templated":true}]}}