{"id":14032,"date":"2024-05-10T20:46:09","date_gmt":"2024-05-10T23:46:09","guid":{"rendered":"https:\/\/brasilnoticias.org\/site\/?p=14032"},"modified":"2024-05-10T20:46:09","modified_gmt":"2024-05-10T23:46:09","slug":"presidente-da-cbf-diz-que-pausa-do-campeonato-brasileiro-depende-de-decisao-com-clubes","status":"publish","type":"post","link":"https:\/\/brasilnoticias.org\/site\/presidente-da-cbf-diz-que-pausa-do-campeonato-brasileiro-depende-de-decisao-com-clubes\/","title":{"rendered":"Presidente da CBF diz que pausa do Campeonato Brasileiro depende de decis\u00e3o com clubes"},"content":{"rendered":"<p>Ednaldo Rodrigues fez pronunciamento nesta sexta-feira (10) em convoca\u00e7\u00e3o da Sele\u00e7\u00e3o Brasileira<\/p>\n<p>Antes da convoca\u00e7\u00e3o da sele\u00e7\u00e3o brasileira para a Copa Am\u00e9rica nesta sexta-feira (10), o presidente da CBF, Ednaldo Rodrigues, afirmou que a discuss\u00e3o sobre a paralisa\u00e7\u00e3o ou n\u00e3o do Campeonato Brasileiro \u00e9 conduzida pelo conselho t\u00e9cnico de cada divis\u00e3o nacional, composto pelos clubes.<\/p>\n<p>O dirigente lembrou que parar as competi\u00e7\u00f5es nacionais n\u00e3o significa uma paralisa\u00e7\u00e3o do futebol brasileiro, j\u00e1 que as equipes participam dos torneios da Conmebol, a entidade sul-americana. Entre eles, o Gr\u00eamio e o Internacional.<\/p>\n<p>\u201cMuitos falam na suspens\u00e3o e paralisa\u00e7\u00e3o do futebol brasileiro. Todos s\u00e3o sens\u00edveis a esta situa\u00e7\u00e3o. Aquilo que chegar \u00e0 CBF, tudo vai ser definido tamb\u00e9m por todo o conselho t\u00e9cnico de cada divis\u00e3o, tamb\u00e9m comungando com as competi\u00e7\u00f5es internacionais que todos os clubes disputam, como a Libertadores e Sul-Americana\u201d, afirmou.<\/p>\n<p>Durante o discurso, Ednaldo Rodrigues informou que lamenta o momento vivido no Rio Grande do Sul e refor\u00e7ou a campanha para arrecadar doa\u00e7\u00f5es. \u201cA CBF reitera sua solidariedade a todo o povo ga\u00facho. Isso n\u00e3o s\u00f3 a CBF, mas todas as Sele\u00e7\u00f5es Brasileiras, todo o sistema de futebol, os clubes S\u00e9rie A, B, C E D, e as federa\u00e7\u00f5es estaduais.&#8221;<\/p>\n<p>&#8220;Todos no futebol t\u00eam sentido a dor das perdas e das afli\u00e7\u00f5es que tem acontecido no Rio Grande do Sul. E n\u00e3o tem ningu\u00e9m que esteja insens\u00edvel a isso. A CBF junto com toda a sele\u00e7a\u00f5 brasileira, masculina e femina, abriu iniciativa com um link para doa\u00e7\u00f5es\u201d, completou.<\/p>\n<p>Foto: Rafael Ribeiro\/CBF<br \/>\nPor: Metro1 <\/p>\n","protected":false},"excerpt":{"rendered":"<p>Ednaldo Rodrigues fez pronunciamento nesta sexta-feira (10) em convoca\u00e7\u00e3o da Sele\u00e7\u00e3o Brasileira Antes da convoca\u00e7\u00e3o da sele\u00e7\u00e3o brasileira para a<\/p>\n","protected":false},"author":4,"featured_media":14033,"comment_status":"open","ping_status":"open","sticky":false,"template":"","format":"standard","meta":{"colormag_page_container_layout":"default_layout","colormag_page_sidebar_layout":"default_layout","_FSMCFIC_featured_image_caption":"","_FSMCFIC_featured_image_nocaption":"","_FSMCFIC_featured_image_hide":"","footnotes":""},"categories":[4,1],"tags":[],"class_list":["post-14032","post","type-post","status-publish","format-standard","has-post-thumbnail","hentry","category-esporte","category-ultimas"],"yoast_head":"<!-- This site is optimized with the Yoast SEO plugin v27.1.1 - https:\/\/yoast.com\/product\/yoast-seo-wordpress\/ -->\n<title>Presidente da CBF diz que pausa do Campeonato Brasileiro depende de decis\u00e3o com clubes - Brasil not\u00edcias<\/title>\n<meta name=\"robots\" content=\"index, follow, max-snippet:-1, max-image-preview:large, max-video-preview:-1\" \/>\n<link rel=\"canonical\" href=\"https:\/\/brasilnoticias.org\/site\/presidente-da-cbf-diz-que-pausa-do-campeonato-brasileiro-depende-de-decisao-com-clubes\/\" \/>\n<meta property=\"og:locale\" content=\"pt_PT\" \/>\n<meta property=\"og:type\" content=\"article\" \/>\n<meta property=\"og:title\" content=\"Presidente da CBF diz que pausa do Campeonato Brasileiro depende de decis\u00e3o com clubes - Brasil not\u00edcias\" \/>\n<meta property=\"og:description\" content=\"Ednaldo Rodrigues fez pronunciamento nesta sexta-feira (10) em convoca\u00e7\u00e3o da Sele\u00e7\u00e3o Brasileira Antes da convoca\u00e7\u00e3o da sele\u00e7\u00e3o brasileira para a\" \/>\n<meta property=\"og:url\" content=\"https:\/\/brasilnoticias.org\/site\/presidente-da-cbf-diz-que-pausa-do-campeonato-brasileiro-depende-de-decisao-com-clubes\/\" \/>\n<meta property=\"og:site_name\" content=\"Brasil not\u00edcias\" \/>\n<meta property=\"article:published_time\" content=\"2024-05-10T23:46:09+00:00\" \/>\n<meta property=\"og:image\" content=\"https:\/\/brasilnoticias.org\/site\/wp-content\/uploads\/2024\/05\/149968presidente-da-cbf-diz-que-pausa-do-campeonato-brasileiro-depende-de-decisao-com-clubes-3.jpg\" \/>\n\t<meta property=\"og:image:width\" content=\"1600\" \/>\n\t<meta property=\"og:image:height\" content=\"752\" \/>\n\t<meta property=\"og:image:type\" content=\"image\/jpeg\" \/>\n<meta name=\"author\" content=\"Reda\u00e7\u00e3o\" \/>\n<meta name=\"twitter:card\" content=\"summary_large_image\" \/>\n<meta name=\"twitter:label1\" content=\"Escrito por\" \/>\n\t<meta name=\"twitter:data1\" content=\"Reda\u00e7\u00e3o\" \/>\n\t<meta name=\"twitter:label2\" content=\"Tempo estimado de leitura\" \/>\n\t<meta name=\"twitter:data2\" content=\"1 minuto\" \/>\n<script type=\"application\/ld+json\" class=\"yoast-schema-graph\">{\"@context\":\"https:\/\/schema.org\",\"@graph\":[{\"@type\":\"Article\",\"@id\":\"https:\/\/brasilnoticias.org\/site\/presidente-da-cbf-diz-que-pausa-do-campeonato-brasileiro-depende-de-decisao-com-clubes\/#article\",\"isPartOf\":{\"@id\":\"https:\/\/brasilnoticias.org\/site\/presidente-da-cbf-diz-que-pausa-do-campeonato-brasileiro-depende-de-decisao-com-clubes\/\"},\"author\":{\"name\":\"Reda\u00e7\u00e3o\",\"@id\":\"https:\/\/brasilnoticias.org\/site\/#\/schema\/person\/03bbbfe6c7634ad18c26444ea39049fa\"},\"headline\":\"Presidente da CBF diz que pausa do Campeonato Brasileiro depende de decis\u00e3o com clubes\",\"datePublished\":\"2024-05-10T23:46:09+00:00\",\"mainEntityOfPage\":{\"@id\":\"https:\/\/brasilnoticias.org\/site\/presidente-da-cbf-diz-que-pausa-do-campeonato-brasileiro-depende-de-decisao-com-clubes\/\"},\"wordCount\":302,\"commentCount\":0,\"publisher\":{\"@id\":\"https:\/\/brasilnoticias.org\/site\/#organization\"},\"image\":{\"@id\":\"https:\/\/brasilnoticias.org\/site\/presidente-da-cbf-diz-que-pausa-do-campeonato-brasileiro-depende-de-decisao-com-clubes\/#primaryimage\"},\"thumbnailUrl\":\"https:\/\/brasilnoticias.org\/site\/wp-content\/uploads\/2024\/05\/149968presidente-da-cbf-diz-que-pausa-do-campeonato-brasileiro-depende-de-decisao-com-clubes-3.jpg\",\"articleSection\":[\"Esporte\",\"\u00daltimas\"],\"inLanguage\":\"pt-PT\",\"potentialAction\":[{\"@type\":\"CommentAction\",\"name\":\"Comment\",\"target\":[\"https:\/\/brasilnoticias.org\/site\/presidente-da-cbf-diz-que-pausa-do-campeonato-brasileiro-depende-de-decisao-com-clubes\/#respond\"]}]},{\"@type\":\"WebPage\",\"@id\":\"https:\/\/brasilnoticias.org\/site\/presidente-da-cbf-diz-que-pausa-do-campeonato-brasileiro-depende-de-decisao-com-clubes\/\",\"url\":\"https:\/\/brasilnoticias.org\/site\/presidente-da-cbf-diz-que-pausa-do-campeonato-brasileiro-depende-de-decisao-com-clubes\/\",\"name\":\"Presidente da CBF diz que pausa do Campeonato Brasileiro depende de decis\u00e3o com clubes - Brasil not\u00edcias\",\"isPartOf\":{\"@id\":\"https:\/\/brasilnoticias.org\/site\/#website\"},\"primaryImageOfPage\":{\"@id\":\"https:\/\/brasilnoticias.org\/site\/presidente-da-cbf-diz-que-pausa-do-campeonato-brasileiro-depende-de-decisao-com-clubes\/#primaryimage\"},\"image\":{\"@id\":\"https:\/\/brasilnoticias.org\/site\/presidente-da-cbf-diz-que-pausa-do-campeonato-brasileiro-depende-de-decisao-com-clubes\/#primaryimage\"},\"thumbnailUrl\":\"https:\/\/brasilnoticias.org\/site\/wp-content\/uploads\/2024\/05\/149968presidente-da-cbf-diz-que-pausa-do-campeonato-brasileiro-depende-de-decisao-com-clubes-3.jpg\",\"datePublished\":\"2024-05-10T23:46:09+00:00\",\"breadcrumb\":{\"@id\":\"https:\/\/brasilnoticias.org\/site\/presidente-da-cbf-diz-que-pausa-do-campeonato-brasileiro-depende-de-decisao-com-clubes\/#breadcrumb\"},\"inLanguage\":\"pt-PT\",\"potentialAction\":[{\"@type\":\"ReadAction\",\"target\":[\"https:\/\/brasilnoticias.org\/site\/presidente-da-cbf-diz-que-pausa-do-campeonato-brasileiro-depende-de-decisao-com-clubes\/\"]}]},{\"@type\":\"ImageObject\",\"inLanguage\":\"pt-PT\",\"@id\":\"https:\/\/brasilnoticias.org\/site\/presidente-da-cbf-diz-que-pausa-do-campeonato-brasileiro-depende-de-decisao-com-clubes\/#primaryimage\",\"url\":\"https:\/\/brasilnoticias.org\/site\/wp-content\/uploads\/2024\/05\/149968presidente-da-cbf-diz-que-pausa-do-campeonato-brasileiro-depende-de-decisao-com-clubes-3.jpg\",\"contentUrl\":\"https:\/\/brasilnoticias.org\/site\/wp-content\/uploads\/2024\/05\/149968presidente-da-cbf-diz-que-pausa-do-campeonato-brasileiro-depende-de-decisao-com-clubes-3.jpg\",\"width\":1600,\"height\":752},{\"@type\":\"BreadcrumbList\",\"@id\":\"https:\/\/brasilnoticias.org\/site\/presidente-da-cbf-diz-que-pausa-do-campeonato-brasileiro-depende-de-decisao-com-clubes\/#breadcrumb\",\"itemListElement\":[{\"@type\":\"ListItem\",\"position\":1,\"name\":\"In\u00edcio\",\"item\":\"https:\/\/brasilnoticias.org\/site\/\"},{\"@type\":\"ListItem\",\"position\":2,\"name\":\"Presidente da CBF diz que pausa do Campeonato Brasileiro depende de decis\u00e3o com clubes\"}]},{\"@type\":\"WebSite\",\"@id\":\"https:\/\/brasilnoticias.org\/site\/#website\",\"url\":\"https:\/\/brasilnoticias.org\/site\/\",\"name\":\"Brasil not\u00edcias\",\"description\":\"Brasil not\u00edcias\",\"publisher\":{\"@id\":\"https:\/\/brasilnoticias.org\/site\/#organization\"},\"potentialAction\":[{\"@type\":\"SearchAction\",\"target\":{\"@type\":\"EntryPoint\",\"urlTemplate\":\"https:\/\/brasilnoticias.org\/site\/?s={search_term_string}\"},\"query-input\":{\"@type\":\"PropertyValueSpecification\",\"valueRequired\":true,\"valueName\":\"search_term_string\"}}],\"inLanguage\":\"pt-PT\"},{\"@type\":\"Organization\",\"@id\":\"https:\/\/brasilnoticias.org\/site\/#organization\",\"name\":\"Brasil not\u00edcias\",\"url\":\"https:\/\/brasilnoticias.org\/site\/\",\"logo\":{\"@type\":\"ImageObject\",\"inLanguage\":\"pt-PT\",\"@id\":\"https:\/\/brasilnoticias.org\/site\/#\/schema\/logo\/image\/\",\"url\":\"https:\/\/brasilnoticias.org\/site\/wp-content\/uploads\/2022\/05\/cropped-brasilnoticias-mini.jpg\",\"contentUrl\":\"https:\/\/brasilnoticias.org\/site\/wp-content\/uploads\/2022\/05\/cropped-brasilnoticias-mini.jpg\",\"width\":314,\"height\":86,\"caption\":\"Brasil not\u00edcias\"},\"image\":{\"@id\":\"https:\/\/brasilnoticias.org\/site\/#\/schema\/logo\/image\/\"}},{\"@type\":\"Person\",\"@id\":\"https:\/\/brasilnoticias.org\/site\/#\/schema\/person\/03bbbfe6c7634ad18c26444ea39049fa\",\"name\":\"Reda\u00e7\u00e3o\",\"image\":{\"@type\":\"ImageObject\",\"inLanguage\":\"pt-PT\",\"@id\":\"https:\/\/brasilnoticias.org\/site\/#\/schema\/person\/image\/\",\"url\":\"https:\/\/secure.gravatar.com\/avatar\/9ecaf7327a696cb23ad926fedded5f1f04d7049de9e445375d55b48c001a6e42?s=96&d=mm&r=g\",\"contentUrl\":\"https:\/\/secure.gravatar.com\/avatar\/9ecaf7327a696cb23ad926fedded5f1f04d7049de9e445375d55b48c001a6e42?s=96&d=mm&r=g\",\"caption\":\"Reda\u00e7\u00e3o\"},\"url\":\"https:\/\/brasilnoticias.org\/site\/author\/henrique\/\"}]}<\/script>\n<!-- \/ Yoast SEO plugin. -->","yoast_head_json":{"title":"Presidente da CBF diz que pausa do Campeonato Brasileiro depende de decis\u00e3o com clubes - Brasil not\u00edcias","robots":{"index":"index","follow":"follow","max-snippet":"max-snippet:-1","max-image-preview":"max-image-preview:large","max-video-preview":"max-video-preview:-1"},"canonical":"https:\/\/brasilnoticias.org\/site\/presidente-da-cbf-diz-que-pausa-do-campeonato-brasileiro-depende-de-decisao-com-clubes\/","og_locale":"pt_PT","og_type":"article","og_title":"Presidente da CBF diz que pausa do Campeonato Brasileiro depende de decis\u00e3o com clubes - Brasil not\u00edcias","og_description":"Ednaldo Rodrigues fez pronunciamento nesta sexta-feira (10) em convoca\u00e7\u00e3o da Sele\u00e7\u00e3o Brasileira Antes da convoca\u00e7\u00e3o da sele\u00e7\u00e3o brasileira para a","og_url":"https:\/\/brasilnoticias.org\/site\/presidente-da-cbf-diz-que-pausa-do-campeonato-brasileiro-depende-de-decisao-com-clubes\/","og_site_name":"Brasil not\u00edcias","article_published_time":"2024-05-10T23:46:09+00:00","og_image":[{"width":1600,"height":752,"url":"https:\/\/brasilnoticias.org\/site\/wp-content\/uploads\/2024\/05\/149968presidente-da-cbf-diz-que-pausa-do-campeonato-brasileiro-depende-de-decisao-com-clubes-3.jpg","type":"image\/jpeg"}],"author":"Reda\u00e7\u00e3o","twitter_card":"summary_large_image","twitter_misc":{"Escrito por":"Reda\u00e7\u00e3o","Tempo estimado de leitura":"1 minuto"},"schema":{"@context":"https:\/\/schema.org","@graph":[{"@type":"Article","@id":"https:\/\/brasilnoticias.org\/site\/presidente-da-cbf-diz-que-pausa-do-campeonato-brasileiro-depende-de-decisao-com-clubes\/#article","isPartOf":{"@id":"https:\/\/brasilnoticias.org\/site\/presidente-da-cbf-diz-que-pausa-do-campeonato-brasileiro-depende-de-decisao-com-clubes\/"},"author":{"name":"Reda\u00e7\u00e3o","@id":"https:\/\/brasilnoticias.org\/site\/#\/schema\/person\/03bbbfe6c7634ad18c26444ea39049fa"},"headline":"Presidente da CBF diz que pausa do Campeonato Brasileiro depende de decis\u00e3o com clubes","datePublished":"2024-05-10T23:46:09+00:00","mainEntityOfPage":{"@id":"https:\/\/brasilnoticias.org\/site\/presidente-da-cbf-diz-que-pausa-do-campeonato-brasileiro-depende-de-decisao-com-clubes\/"},"wordCount":302,"commentCount":0,"publisher":{"@id":"https:\/\/brasilnoticias.org\/site\/#organization"},"image":{"@id":"https:\/\/brasilnoticias.org\/site\/presidente-da-cbf-diz-que-pausa-do-campeonato-brasileiro-depende-de-decisao-com-clubes\/#primaryimage"},"thumbnailUrl":"https:\/\/brasilnoticias.org\/site\/wp-content\/uploads\/2024\/05\/149968presidente-da-cbf-diz-que-pausa-do-campeonato-brasileiro-depende-de-decisao-com-clubes-3.jpg","articleSection":["Esporte","\u00daltimas"],"inLanguage":"pt-PT","potentialAction":[{"@type":"CommentAction","name":"Comment","target":["https:\/\/brasilnoticias.org\/site\/presidente-da-cbf-diz-que-pausa-do-campeonato-brasileiro-depende-de-decisao-com-clubes\/#respond"]}]},{"@type":"WebPage","@id":"https:\/\/brasilnoticias.org\/site\/presidente-da-cbf-diz-que-pausa-do-campeonato-brasileiro-depende-de-decisao-com-clubes\/","url":"https:\/\/brasilnoticias.org\/site\/presidente-da-cbf-diz-que-pausa-do-campeonato-brasileiro-depende-de-decisao-com-clubes\/","name":"Presidente da CBF diz que pausa do Campeonato Brasileiro depende de decis\u00e3o com clubes - Brasil not\u00edcias","isPartOf":{"@id":"https:\/\/brasilnoticias.org\/site\/#website"},"primaryImageOfPage":{"@id":"https:\/\/brasilnoticias.org\/site\/presidente-da-cbf-diz-que-pausa-do-campeonato-brasileiro-depende-de-decisao-com-clubes\/#primaryimage"},"image":{"@id":"https:\/\/brasilnoticias.org\/site\/presidente-da-cbf-diz-que-pausa-do-campeonato-brasileiro-depende-de-decisao-com-clubes\/#primaryimage"},"thumbnailUrl":"https:\/\/brasilnoticias.org\/site\/wp-content\/uploads\/2024\/05\/149968presidente-da-cbf-diz-que-pausa-do-campeonato-brasileiro-depende-de-decisao-com-clubes-3.jpg","datePublished":"2024-05-10T23:46:09+00:00","breadcrumb":{"@id":"https:\/\/brasilnoticias.org\/site\/presidente-da-cbf-diz-que-pausa-do-campeonato-brasileiro-depende-de-decisao-com-clubes\/#breadcrumb"},"inLanguage":"pt-PT","potentialAction":[{"@type":"ReadAction","target":["https:\/\/brasilnoticias.org\/site\/presidente-da-cbf-diz-que-pausa-do-campeonato-brasileiro-depende-de-decisao-com-clubes\/"]}]},{"@type":"ImageObject","inLanguage":"pt-PT","@id":"https:\/\/brasilnoticias.org\/site\/presidente-da-cbf-diz-que-pausa-do-campeonato-brasileiro-depende-de-decisao-com-clubes\/#primaryimage","url":"https:\/\/brasilnoticias.org\/site\/wp-content\/uploads\/2024\/05\/149968presidente-da-cbf-diz-que-pausa-do-campeonato-brasileiro-depende-de-decisao-com-clubes-3.jpg","contentUrl":"https:\/\/brasilnoticias.org\/site\/wp-content\/uploads\/2024\/05\/149968presidente-da-cbf-diz-que-pausa-do-campeonato-brasileiro-depende-de-decisao-com-clubes-3.jpg","width":1600,"height":752},{"@type":"BreadcrumbList","@id":"https:\/\/brasilnoticias.org\/site\/presidente-da-cbf-diz-que-pausa-do-campeonato-brasileiro-depende-de-decisao-com-clubes\/#breadcrumb","itemListElement":[{"@type":"ListItem","position":1,"name":"In\u00edcio","item":"https:\/\/brasilnoticias.org\/site\/"},{"@type":"ListItem","position":2,"name":"Presidente da CBF diz que pausa do Campeonato Brasileiro depende de decis\u00e3o com clubes"}]},{"@type":"WebSite","@id":"https:\/\/brasilnoticias.org\/site\/#website","url":"https:\/\/brasilnoticias.org\/site\/","name":"Brasil not\u00edcias","description":"Brasil not\u00edcias","publisher":{"@id":"https:\/\/brasilnoticias.org\/site\/#organization"},"potentialAction":[{"@type":"SearchAction","target":{"@type":"EntryPoint","urlTemplate":"https:\/\/brasilnoticias.org\/site\/?s={search_term_string}"},"query-input":{"@type":"PropertyValueSpecification","valueRequired":true,"valueName":"search_term_string"}}],"inLanguage":"pt-PT"},{"@type":"Organization","@id":"https:\/\/brasilnoticias.org\/site\/#organization","name":"Brasil not\u00edcias","url":"https:\/\/brasilnoticias.org\/site\/","logo":{"@type":"ImageObject","inLanguage":"pt-PT","@id":"https:\/\/brasilnoticias.org\/site\/#\/schema\/logo\/image\/","url":"https:\/\/brasilnoticias.org\/site\/wp-content\/uploads\/2022\/05\/cropped-brasilnoticias-mini.jpg","contentUrl":"https:\/\/brasilnoticias.org\/site\/wp-content\/uploads\/2022\/05\/cropped-brasilnoticias-mini.jpg","width":314,"height":86,"caption":"Brasil not\u00edcias"},"image":{"@id":"https:\/\/brasilnoticias.org\/site\/#\/schema\/logo\/image\/"}},{"@type":"Person","@id":"https:\/\/brasilnoticias.org\/site\/#\/schema\/person\/03bbbfe6c7634ad18c26444ea39049fa","name":"Reda\u00e7\u00e3o","image":{"@type":"ImageObject","inLanguage":"pt-PT","@id":"https:\/\/brasilnoticias.org\/site\/#\/schema\/person\/image\/","url":"https:\/\/secure.gravatar.com\/avatar\/9ecaf7327a696cb23ad926fedded5f1f04d7049de9e445375d55b48c001a6e42?s=96&d=mm&r=g","contentUrl":"https:\/\/secure.gravatar.com\/avatar\/9ecaf7327a696cb23ad926fedded5f1f04d7049de9e445375d55b48c001a6e42?s=96&d=mm&r=g","caption":"Reda\u00e7\u00e3o"},"url":"https:\/\/brasilnoticias.org\/site\/author\/henrique\/"}]}},"_links":{"self":[{"href":"https:\/\/brasilnoticias.org\/site\/wp-json\/wp\/v2\/posts\/14032","targetHints":{"allow":["GET"]}}],"collection":[{"href":"https:\/\/brasilnoticias.org\/site\/wp-json\/wp\/v2\/posts"}],"about":[{"href":"https:\/\/brasilnoticias.org\/site\/wp-json\/wp\/v2\/types\/post"}],"author":[{"embeddable":true,"href":"https:\/\/brasilnoticias.org\/site\/wp-json\/wp\/v2\/users\/4"}],"replies":[{"embeddable":true,"href":"https:\/\/brasilnoticias.org\/site\/wp-json\/wp\/v2\/comments?post=14032"}],"version-history":[{"count":1,"href":"https:\/\/brasilnoticias.org\/site\/wp-json\/wp\/v2\/posts\/14032\/revisions"}],"predecessor-version":[{"id":14034,"href":"https:\/\/brasilnoticias.org\/site\/wp-json\/wp\/v2\/posts\/14032\/revisions\/14034"}],"wp:featuredmedia":[{"embeddable":true,"href":"https:\/\/brasilnoticias.org\/site\/wp-json\/wp\/v2\/media\/14033"}],"wp:attachment":[{"href":"https:\/\/brasilnoticias.org\/site\/wp-json\/wp\/v2\/media?parent=14032"}],"wp:term":[{"taxonomy":"category","embeddable":true,"href":"https:\/\/brasilnoticias.org\/site\/wp-json\/wp\/v2\/categories?post=14032"},{"taxonomy":"post_tag","embeddable":true,"href":"https:\/\/brasilnoticias.org\/site\/wp-json\/wp\/v2\/tags?post=14032"}],"curies":[{"name":"wp","href":"https:\/\/api.w.org\/{rel}","templated":true}]}}