{"id":14038,"date":"2024-05-10T20:49:08","date_gmt":"2024-05-10T23:49:08","guid":{"rendered":"https:\/\/brasilnoticias.org\/site\/?p=14038"},"modified":"2024-05-10T20:49:08","modified_gmt":"2024-05-10T23:49:08","slug":"policial-militar-e-investigado-por-envolvimento-em-homicidio-na-regiao-sisaleira","status":"publish","type":"post","link":"https:\/\/brasilnoticias.org\/site\/policial-militar-e-investigado-por-envolvimento-em-homicidio-na-regiao-sisaleira\/","title":{"rendered":"Policial militar \u00e9 investigado por envolvimento em homic\u00eddio na regi\u00e3o Sisaleira"},"content":{"rendered":"<p>Um policial militar est\u00e1 sendo investigado pelo homic\u00eddio de Clebson Machado Souza, que ocorreu em novembro de 2022<\/p>\n<p>Tr\u00eas mandados de busca e apreens\u00e3o foram cumpridos nos mun\u00edcipios de Lauro de Freitas, Valente e Serrinha, na manh\u00e3 de hoje (10\/5). O alvo da investiga\u00e7\u00e3o foi um policial militar que \u00e9 suspeito de envolvimento no homic\u00eddio de Clebson Machado Souza no dia 1\u00ba de novembro de 2022, na cidade de Santaluz, na Bahia.<\/p>\n<p>O objetivo da opera\u00e7\u00e3o intitulada \u201cHora Certa\u201d \u00e9 colher mais provas do envolvimento do PM no homic\u00eddio e apreender equipamentos eletr\u00f4nicos pertencentes aos investigados ou em posse deles e obter evid\u00eancias que subsidiem a\u00e7\u00e3o penal promovida pelo Minist\u00e9rio P\u00fablico.<\/p>\n<p>O material apreendido ser\u00e1 analisado pelo Grupo de Atua\u00e7\u00e3o Especial Operacional de Combate ao Crime Organizado (Gaeco) e na sequ\u00eancia encaminhado aos \u00f3rg\u00e3os competentes para ado\u00e7\u00e3o das medidas cab\u00edveis. Os mandados foram expedidos pela Vara Criminal da Comarca de Santaluz.<\/p>\n<p>Foto: Divulga\u00e7\u00e3o<br \/>\nAratu On<\/p>\n","protected":false},"excerpt":{"rendered":"<p>Um policial militar est\u00e1 sendo investigado pelo homic\u00eddio de Clebson Machado Souza, que ocorreu em novembro de 2022 Tr\u00eas mandados<\/p>\n","protected":false},"author":4,"featured_media":14039,"comment_status":"open","ping_status":"open","sticky":false,"template":"","format":"standard","meta":{"colormag_page_container_layout":"default_layout","colormag_page_sidebar_layout":"default_layout","_FSMCFIC_featured_image_caption":"","_FSMCFIC_featured_image_nocaption":"","_FSMCFIC_featured_image_hide":"","footnotes":""},"categories":[3,1],"tags":[],"class_list":["post-14038","post","type-post","status-publish","format-standard","has-post-thumbnail","hentry","category-policia","category-ultimas"],"yoast_head":"<!-- This site is optimized with the Yoast SEO plugin v27.1.1 - https:\/\/yoast.com\/product\/yoast-seo-wordpress\/ -->\n<title>Policial militar \u00e9 investigado por envolvimento em homic\u00eddio na regi\u00e3o Sisaleira - Brasil not\u00edcias<\/title>\n<meta name=\"robots\" content=\"index, follow, max-snippet:-1, max-image-preview:large, max-video-preview:-1\" \/>\n<link rel=\"canonical\" href=\"https:\/\/brasilnoticias.org\/site\/policial-militar-e-investigado-por-envolvimento-em-homicidio-na-regiao-sisaleira\/\" \/>\n<meta property=\"og:locale\" content=\"pt_PT\" \/>\n<meta property=\"og:type\" content=\"article\" \/>\n<meta property=\"og:title\" content=\"Policial militar \u00e9 investigado por envolvimento em homic\u00eddio na regi\u00e3o Sisaleira - Brasil not\u00edcias\" \/>\n<meta property=\"og:description\" content=\"Um policial militar est\u00e1 sendo investigado pelo homic\u00eddio de Clebson Machado Souza, que ocorreu em novembro de 2022 Tr\u00eas mandados\" \/>\n<meta property=\"og:url\" content=\"https:\/\/brasilnoticias.org\/site\/policial-militar-e-investigado-por-envolvimento-em-homicidio-na-regiao-sisaleira\/\" \/>\n<meta property=\"og:site_name\" content=\"Brasil not\u00edcias\" \/>\n<meta property=\"article:published_time\" content=\"2024-05-10T23:49:08+00:00\" \/>\n<meta property=\"og:image\" content=\"https:\/\/brasilnoticias.org\/site\/wp-content\/uploads\/2024\/05\/WhatsApp-Image-2024-04-24-at-09.10.14.jpeg\" \/>\n\t<meta property=\"og:image:width\" content=\"960\" \/>\n\t<meta property=\"og:image:height\" content=\"500\" \/>\n\t<meta property=\"og:image:type\" content=\"image\/jpeg\" \/>\n<meta name=\"author\" content=\"Reda\u00e7\u00e3o\" \/>\n<meta name=\"twitter:card\" content=\"summary_large_image\" \/>\n<meta name=\"twitter:label1\" content=\"Escrito por\" \/>\n\t<meta name=\"twitter:data1\" content=\"Reda\u00e7\u00e3o\" \/>\n\t<meta name=\"twitter:label2\" content=\"Tempo estimado de leitura\" \/>\n\t<meta name=\"twitter:data2\" content=\"1 minuto\" \/>\n<script type=\"application\/ld+json\" class=\"yoast-schema-graph\">{\"@context\":\"https:\/\/schema.org\",\"@graph\":[{\"@type\":\"Article\",\"@id\":\"https:\/\/brasilnoticias.org\/site\/policial-militar-e-investigado-por-envolvimento-em-homicidio-na-regiao-sisaleira\/#article\",\"isPartOf\":{\"@id\":\"https:\/\/brasilnoticias.org\/site\/policial-militar-e-investigado-por-envolvimento-em-homicidio-na-regiao-sisaleira\/\"},\"author\":{\"name\":\"Reda\u00e7\u00e3o\",\"@id\":\"https:\/\/brasilnoticias.org\/site\/#\/schema\/person\/03bbbfe6c7634ad18c26444ea39049fa\"},\"headline\":\"Policial militar \u00e9 investigado por envolvimento em homic\u00eddio na regi\u00e3o Sisaleira\",\"datePublished\":\"2024-05-10T23:49:08+00:00\",\"mainEntityOfPage\":{\"@id\":\"https:\/\/brasilnoticias.org\/site\/policial-militar-e-investigado-por-envolvimento-em-homicidio-na-regiao-sisaleira\/\"},\"wordCount\":180,\"commentCount\":0,\"publisher\":{\"@id\":\"https:\/\/brasilnoticias.org\/site\/#organization\"},\"image\":{\"@id\":\"https:\/\/brasilnoticias.org\/site\/policial-militar-e-investigado-por-envolvimento-em-homicidio-na-regiao-sisaleira\/#primaryimage\"},\"thumbnailUrl\":\"https:\/\/brasilnoticias.org\/site\/wp-content\/uploads\/2024\/05\/WhatsApp-Image-2024-04-24-at-09.10.14.jpeg\",\"articleSection\":[\"Pol\u00edcia\",\"\u00daltimas\"],\"inLanguage\":\"pt-PT\",\"potentialAction\":[{\"@type\":\"CommentAction\",\"name\":\"Comment\",\"target\":[\"https:\/\/brasilnoticias.org\/site\/policial-militar-e-investigado-por-envolvimento-em-homicidio-na-regiao-sisaleira\/#respond\"]}]},{\"@type\":\"WebPage\",\"@id\":\"https:\/\/brasilnoticias.org\/site\/policial-militar-e-investigado-por-envolvimento-em-homicidio-na-regiao-sisaleira\/\",\"url\":\"https:\/\/brasilnoticias.org\/site\/policial-militar-e-investigado-por-envolvimento-em-homicidio-na-regiao-sisaleira\/\",\"name\":\"Policial militar \u00e9 investigado por envolvimento em homic\u00eddio na regi\u00e3o Sisaleira - Brasil not\u00edcias\",\"isPartOf\":{\"@id\":\"https:\/\/brasilnoticias.org\/site\/#website\"},\"primaryImageOfPage\":{\"@id\":\"https:\/\/brasilnoticias.org\/site\/policial-militar-e-investigado-por-envolvimento-em-homicidio-na-regiao-sisaleira\/#primaryimage\"},\"image\":{\"@id\":\"https:\/\/brasilnoticias.org\/site\/policial-militar-e-investigado-por-envolvimento-em-homicidio-na-regiao-sisaleira\/#primaryimage\"},\"thumbnailUrl\":\"https:\/\/brasilnoticias.org\/site\/wp-content\/uploads\/2024\/05\/WhatsApp-Image-2024-04-24-at-09.10.14.jpeg\",\"datePublished\":\"2024-05-10T23:49:08+00:00\",\"breadcrumb\":{\"@id\":\"https:\/\/brasilnoticias.org\/site\/policial-militar-e-investigado-por-envolvimento-em-homicidio-na-regiao-sisaleira\/#breadcrumb\"},\"inLanguage\":\"pt-PT\",\"potentialAction\":[{\"@type\":\"ReadAction\",\"target\":[\"https:\/\/brasilnoticias.org\/site\/policial-militar-e-investigado-por-envolvimento-em-homicidio-na-regiao-sisaleira\/\"]}]},{\"@type\":\"ImageObject\",\"inLanguage\":\"pt-PT\",\"@id\":\"https:\/\/brasilnoticias.org\/site\/policial-militar-e-investigado-por-envolvimento-em-homicidio-na-regiao-sisaleira\/#primaryimage\",\"url\":\"https:\/\/brasilnoticias.org\/site\/wp-content\/uploads\/2024\/05\/WhatsApp-Image-2024-04-24-at-09.10.14.jpeg\",\"contentUrl\":\"https:\/\/brasilnoticias.org\/site\/wp-content\/uploads\/2024\/05\/WhatsApp-Image-2024-04-24-at-09.10.14.jpeg\",\"width\":960,\"height\":500},{\"@type\":\"BreadcrumbList\",\"@id\":\"https:\/\/brasilnoticias.org\/site\/policial-militar-e-investigado-por-envolvimento-em-homicidio-na-regiao-sisaleira\/#breadcrumb\",\"itemListElement\":[{\"@type\":\"ListItem\",\"position\":1,\"name\":\"In\u00edcio\",\"item\":\"https:\/\/brasilnoticias.org\/site\/\"},{\"@type\":\"ListItem\",\"position\":2,\"name\":\"Policial militar \u00e9 investigado por envolvimento em homic\u00eddio na regi\u00e3o Sisaleira\"}]},{\"@type\":\"WebSite\",\"@id\":\"https:\/\/brasilnoticias.org\/site\/#website\",\"url\":\"https:\/\/brasilnoticias.org\/site\/\",\"name\":\"Brasil not\u00edcias\",\"description\":\"Brasil not\u00edcias\",\"publisher\":{\"@id\":\"https:\/\/brasilnoticias.org\/site\/#organization\"},\"potentialAction\":[{\"@type\":\"SearchAction\",\"target\":{\"@type\":\"EntryPoint\",\"urlTemplate\":\"https:\/\/brasilnoticias.org\/site\/?s={search_term_string}\"},\"query-input\":{\"@type\":\"PropertyValueSpecification\",\"valueRequired\":true,\"valueName\":\"search_term_string\"}}],\"inLanguage\":\"pt-PT\"},{\"@type\":\"Organization\",\"@id\":\"https:\/\/brasilnoticias.org\/site\/#organization\",\"name\":\"Brasil not\u00edcias\",\"url\":\"https:\/\/brasilnoticias.org\/site\/\",\"logo\":{\"@type\":\"ImageObject\",\"inLanguage\":\"pt-PT\",\"@id\":\"https:\/\/brasilnoticias.org\/site\/#\/schema\/logo\/image\/\",\"url\":\"https:\/\/brasilnoticias.org\/site\/wp-content\/uploads\/2022\/05\/cropped-brasilnoticias-mini.jpg\",\"contentUrl\":\"https:\/\/brasilnoticias.org\/site\/wp-content\/uploads\/2022\/05\/cropped-brasilnoticias-mini.jpg\",\"width\":314,\"height\":86,\"caption\":\"Brasil not\u00edcias\"},\"image\":{\"@id\":\"https:\/\/brasilnoticias.org\/site\/#\/schema\/logo\/image\/\"}},{\"@type\":\"Person\",\"@id\":\"https:\/\/brasilnoticias.org\/site\/#\/schema\/person\/03bbbfe6c7634ad18c26444ea39049fa\",\"name\":\"Reda\u00e7\u00e3o\",\"image\":{\"@type\":\"ImageObject\",\"inLanguage\":\"pt-PT\",\"@id\":\"https:\/\/brasilnoticias.org\/site\/#\/schema\/person\/image\/\",\"url\":\"https:\/\/secure.gravatar.com\/avatar\/9ecaf7327a696cb23ad926fedded5f1f04d7049de9e445375d55b48c001a6e42?s=96&d=mm&r=g\",\"contentUrl\":\"https:\/\/secure.gravatar.com\/avatar\/9ecaf7327a696cb23ad926fedded5f1f04d7049de9e445375d55b48c001a6e42?s=96&d=mm&r=g\",\"caption\":\"Reda\u00e7\u00e3o\"},\"url\":\"https:\/\/brasilnoticias.org\/site\/author\/henrique\/\"}]}<\/script>\n<!-- \/ Yoast SEO plugin. -->","yoast_head_json":{"title":"Policial militar \u00e9 investigado por envolvimento em homic\u00eddio na regi\u00e3o Sisaleira - Brasil not\u00edcias","robots":{"index":"index","follow":"follow","max-snippet":"max-snippet:-1","max-image-preview":"max-image-preview:large","max-video-preview":"max-video-preview:-1"},"canonical":"https:\/\/brasilnoticias.org\/site\/policial-militar-e-investigado-por-envolvimento-em-homicidio-na-regiao-sisaleira\/","og_locale":"pt_PT","og_type":"article","og_title":"Policial militar \u00e9 investigado por envolvimento em homic\u00eddio na regi\u00e3o Sisaleira - Brasil not\u00edcias","og_description":"Um policial militar est\u00e1 sendo investigado pelo homic\u00eddio de Clebson Machado Souza, que ocorreu em novembro de 2022 Tr\u00eas mandados","og_url":"https:\/\/brasilnoticias.org\/site\/policial-militar-e-investigado-por-envolvimento-em-homicidio-na-regiao-sisaleira\/","og_site_name":"Brasil not\u00edcias","article_published_time":"2024-05-10T23:49:08+00:00","og_image":[{"width":960,"height":500,"url":"https:\/\/brasilnoticias.org\/site\/wp-content\/uploads\/2024\/05\/WhatsApp-Image-2024-04-24-at-09.10.14.jpeg","type":"image\/jpeg"}],"author":"Reda\u00e7\u00e3o","twitter_card":"summary_large_image","twitter_misc":{"Escrito por":"Reda\u00e7\u00e3o","Tempo estimado de leitura":"1 minuto"},"schema":{"@context":"https:\/\/schema.org","@graph":[{"@type":"Article","@id":"https:\/\/brasilnoticias.org\/site\/policial-militar-e-investigado-por-envolvimento-em-homicidio-na-regiao-sisaleira\/#article","isPartOf":{"@id":"https:\/\/brasilnoticias.org\/site\/policial-militar-e-investigado-por-envolvimento-em-homicidio-na-regiao-sisaleira\/"},"author":{"name":"Reda\u00e7\u00e3o","@id":"https:\/\/brasilnoticias.org\/site\/#\/schema\/person\/03bbbfe6c7634ad18c26444ea39049fa"},"headline":"Policial militar \u00e9 investigado por envolvimento em homic\u00eddio na regi\u00e3o Sisaleira","datePublished":"2024-05-10T23:49:08+00:00","mainEntityOfPage":{"@id":"https:\/\/brasilnoticias.org\/site\/policial-militar-e-investigado-por-envolvimento-em-homicidio-na-regiao-sisaleira\/"},"wordCount":180,"commentCount":0,"publisher":{"@id":"https:\/\/brasilnoticias.org\/site\/#organization"},"image":{"@id":"https:\/\/brasilnoticias.org\/site\/policial-militar-e-investigado-por-envolvimento-em-homicidio-na-regiao-sisaleira\/#primaryimage"},"thumbnailUrl":"https:\/\/brasilnoticias.org\/site\/wp-content\/uploads\/2024\/05\/WhatsApp-Image-2024-04-24-at-09.10.14.jpeg","articleSection":["Pol\u00edcia","\u00daltimas"],"inLanguage":"pt-PT","potentialAction":[{"@type":"CommentAction","name":"Comment","target":["https:\/\/brasilnoticias.org\/site\/policial-militar-e-investigado-por-envolvimento-em-homicidio-na-regiao-sisaleira\/#respond"]}]},{"@type":"WebPage","@id":"https:\/\/brasilnoticias.org\/site\/policial-militar-e-investigado-por-envolvimento-em-homicidio-na-regiao-sisaleira\/","url":"https:\/\/brasilnoticias.org\/site\/policial-militar-e-investigado-por-envolvimento-em-homicidio-na-regiao-sisaleira\/","name":"Policial militar \u00e9 investigado por envolvimento em homic\u00eddio na regi\u00e3o Sisaleira - Brasil not\u00edcias","isPartOf":{"@id":"https:\/\/brasilnoticias.org\/site\/#website"},"primaryImageOfPage":{"@id":"https:\/\/brasilnoticias.org\/site\/policial-militar-e-investigado-por-envolvimento-em-homicidio-na-regiao-sisaleira\/#primaryimage"},"image":{"@id":"https:\/\/brasilnoticias.org\/site\/policial-militar-e-investigado-por-envolvimento-em-homicidio-na-regiao-sisaleira\/#primaryimage"},"thumbnailUrl":"https:\/\/brasilnoticias.org\/site\/wp-content\/uploads\/2024\/05\/WhatsApp-Image-2024-04-24-at-09.10.14.jpeg","datePublished":"2024-05-10T23:49:08+00:00","breadcrumb":{"@id":"https:\/\/brasilnoticias.org\/site\/policial-militar-e-investigado-por-envolvimento-em-homicidio-na-regiao-sisaleira\/#breadcrumb"},"inLanguage":"pt-PT","potentialAction":[{"@type":"ReadAction","target":["https:\/\/brasilnoticias.org\/site\/policial-militar-e-investigado-por-envolvimento-em-homicidio-na-regiao-sisaleira\/"]}]},{"@type":"ImageObject","inLanguage":"pt-PT","@id":"https:\/\/brasilnoticias.org\/site\/policial-militar-e-investigado-por-envolvimento-em-homicidio-na-regiao-sisaleira\/#primaryimage","url":"https:\/\/brasilnoticias.org\/site\/wp-content\/uploads\/2024\/05\/WhatsApp-Image-2024-04-24-at-09.10.14.jpeg","contentUrl":"https:\/\/brasilnoticias.org\/site\/wp-content\/uploads\/2024\/05\/WhatsApp-Image-2024-04-24-at-09.10.14.jpeg","width":960,"height":500},{"@type":"BreadcrumbList","@id":"https:\/\/brasilnoticias.org\/site\/policial-militar-e-investigado-por-envolvimento-em-homicidio-na-regiao-sisaleira\/#breadcrumb","itemListElement":[{"@type":"ListItem","position":1,"name":"In\u00edcio","item":"https:\/\/brasilnoticias.org\/site\/"},{"@type":"ListItem","position":2,"name":"Policial militar \u00e9 investigado por envolvimento em homic\u00eddio na regi\u00e3o Sisaleira"}]},{"@type":"WebSite","@id":"https:\/\/brasilnoticias.org\/site\/#website","url":"https:\/\/brasilnoticias.org\/site\/","name":"Brasil not\u00edcias","description":"Brasil not\u00edcias","publisher":{"@id":"https:\/\/brasilnoticias.org\/site\/#organization"},"potentialAction":[{"@type":"SearchAction","target":{"@type":"EntryPoint","urlTemplate":"https:\/\/brasilnoticias.org\/site\/?s={search_term_string}"},"query-input":{"@type":"PropertyValueSpecification","valueRequired":true,"valueName":"search_term_string"}}],"inLanguage":"pt-PT"},{"@type":"Organization","@id":"https:\/\/brasilnoticias.org\/site\/#organization","name":"Brasil not\u00edcias","url":"https:\/\/brasilnoticias.org\/site\/","logo":{"@type":"ImageObject","inLanguage":"pt-PT","@id":"https:\/\/brasilnoticias.org\/site\/#\/schema\/logo\/image\/","url":"https:\/\/brasilnoticias.org\/site\/wp-content\/uploads\/2022\/05\/cropped-brasilnoticias-mini.jpg","contentUrl":"https:\/\/brasilnoticias.org\/site\/wp-content\/uploads\/2022\/05\/cropped-brasilnoticias-mini.jpg","width":314,"height":86,"caption":"Brasil not\u00edcias"},"image":{"@id":"https:\/\/brasilnoticias.org\/site\/#\/schema\/logo\/image\/"}},{"@type":"Person","@id":"https:\/\/brasilnoticias.org\/site\/#\/schema\/person\/03bbbfe6c7634ad18c26444ea39049fa","name":"Reda\u00e7\u00e3o","image":{"@type":"ImageObject","inLanguage":"pt-PT","@id":"https:\/\/brasilnoticias.org\/site\/#\/schema\/person\/image\/","url":"https:\/\/secure.gravatar.com\/avatar\/9ecaf7327a696cb23ad926fedded5f1f04d7049de9e445375d55b48c001a6e42?s=96&d=mm&r=g","contentUrl":"https:\/\/secure.gravatar.com\/avatar\/9ecaf7327a696cb23ad926fedded5f1f04d7049de9e445375d55b48c001a6e42?s=96&d=mm&r=g","caption":"Reda\u00e7\u00e3o"},"url":"https:\/\/brasilnoticias.org\/site\/author\/henrique\/"}]}},"_links":{"self":[{"href":"https:\/\/brasilnoticias.org\/site\/wp-json\/wp\/v2\/posts\/14038","targetHints":{"allow":["GET"]}}],"collection":[{"href":"https:\/\/brasilnoticias.org\/site\/wp-json\/wp\/v2\/posts"}],"about":[{"href":"https:\/\/brasilnoticias.org\/site\/wp-json\/wp\/v2\/types\/post"}],"author":[{"embeddable":true,"href":"https:\/\/brasilnoticias.org\/site\/wp-json\/wp\/v2\/users\/4"}],"replies":[{"embeddable":true,"href":"https:\/\/brasilnoticias.org\/site\/wp-json\/wp\/v2\/comments?post=14038"}],"version-history":[{"count":1,"href":"https:\/\/brasilnoticias.org\/site\/wp-json\/wp\/v2\/posts\/14038\/revisions"}],"predecessor-version":[{"id":14040,"href":"https:\/\/brasilnoticias.org\/site\/wp-json\/wp\/v2\/posts\/14038\/revisions\/14040"}],"wp:featuredmedia":[{"embeddable":true,"href":"https:\/\/brasilnoticias.org\/site\/wp-json\/wp\/v2\/media\/14039"}],"wp:attachment":[{"href":"https:\/\/brasilnoticias.org\/site\/wp-json\/wp\/v2\/media?parent=14038"}],"wp:term":[{"taxonomy":"category","embeddable":true,"href":"https:\/\/brasilnoticias.org\/site\/wp-json\/wp\/v2\/categories?post=14038"},{"taxonomy":"post_tag","embeddable":true,"href":"https:\/\/brasilnoticias.org\/site\/wp-json\/wp\/v2\/tags?post=14038"}],"curies":[{"name":"wp","href":"https:\/\/api.w.org\/{rel}","templated":true}]}}