{"id":14053,"date":"2024-05-11T17:35:37","date_gmt":"2024-05-11T20:35:37","guid":{"rendered":"https:\/\/brasilnoticias.org\/site\/?p=14053"},"modified":"2024-05-11T17:35:37","modified_gmt":"2024-05-11T20:35:37","slug":"motorista-do-porsche-que-causou-acidente-em-sp-chega-a-penitenciaria-de-tremembe-neste-sabado","status":"publish","type":"post","link":"https:\/\/brasilnoticias.org\/site\/motorista-do-porsche-que-causou-acidente-em-sp-chega-a-penitenciaria-de-tremembe-neste-sabado\/","title":{"rendered":"Motorista do Porsche que causou acidente em SP chega \u00e0 Penitenci\u00e1ria de Trememb\u00e9 neste s\u00e1bado"},"content":{"rendered":"<p>A Secretaria da Administra\u00e7\u00e3o Penitenci\u00e1ria aponta que o empres\u00e1rio chegou \u00e0 cadeia por volta de 0h45<\/p>\n<p>Fernando Sastre de Andrade Filho, motorista da Porsche que causou um acidente em S\u00e3o Paulo e matou o motorista de aplicativo Ornaldo da Silva Viana, chegou \u00e0 Penitenci\u00e1ria II de Trememb\u00e9, no interior do estado, na madrugada deste s\u00e1bado.A Secretaria da Administra\u00e7\u00e3o Penitenci\u00e1ria aponta que o empres\u00e1rio chegou \u00e0 cadeia por volta de 0h45.<\/p>\n<p>A transfer\u00eancia aconteceu ap\u00f3s a 5\u00aa Turma do Superior Tribunal de Justi\u00e7a (STJ) acatar pedido da defesa do empres\u00e1rio na ter\u00e7a-feira (7). Sastre foi indiciado por  homic\u00eddio doloso, les\u00e3o corporal e fuga do local de acidente,  e se apresentou \u00e0 Pol\u00edcia na \u00faltima segunda-feira (6).<\/p>\n<p>O acidente aconteceu na madrugada do domingo de P\u00e1scoa, na Avenida Salim Farah Maluf, no Tatuap\u00e9, zona leste de S\u00e3o Paulo. O empres\u00e1rio dirigia o Porsche a aproximadamente 156 km\/h quando bateu na traseira do Sandero no qual Ornaldo estava. Sastre estava com um amigo no banco de carona que precisou ser internado ap\u00f3s a colis\u00e3o.<\/p>\n<p>Foto: Reprodu\u00e7\u00e3o\/\u201cFant\u00e1stico\u201d<br \/>\nPor: Metro1<\/p>\n","protected":false},"excerpt":{"rendered":"<p>A Secretaria da Administra\u00e7\u00e3o Penitenci\u00e1ria aponta que o empres\u00e1rio chegou \u00e0 cadeia por volta de 0h45 Fernando Sastre de Andrade<\/p>\n","protected":false},"author":4,"featured_media":14054,"comment_status":"open","ping_status":"open","sticky":false,"template":"","format":"standard","meta":{"colormag_page_container_layout":"default_layout","colormag_page_sidebar_layout":"default_layout","_FSMCFIC_featured_image_caption":"","_FSMCFIC_featured_image_nocaption":"","_FSMCFIC_featured_image_hide":"","footnotes":""},"categories":[2,1],"tags":[],"class_list":["post-14053","post","type-post","status-publish","format-standard","has-post-thumbnail","hentry","category-noticias","category-ultimas"],"yoast_head":"<!-- This site is optimized with the Yoast SEO plugin v27.1.1 - https:\/\/yoast.com\/product\/yoast-seo-wordpress\/ -->\n<title>Motorista do Porsche que causou acidente em SP chega \u00e0 Penitenci\u00e1ria de Trememb\u00e9 neste s\u00e1bado - Brasil not\u00edcias<\/title>\n<meta name=\"robots\" content=\"index, follow, max-snippet:-1, max-image-preview:large, max-video-preview:-1\" \/>\n<link rel=\"canonical\" href=\"https:\/\/brasilnoticias.org\/site\/motorista-do-porsche-que-causou-acidente-em-sp-chega-a-penitenciaria-de-tremembe-neste-sabado\/\" \/>\n<meta property=\"og:locale\" content=\"pt_PT\" \/>\n<meta property=\"og:type\" content=\"article\" \/>\n<meta property=\"og:title\" content=\"Motorista do Porsche que causou acidente em SP chega \u00e0 Penitenci\u00e1ria de Trememb\u00e9 neste s\u00e1bado - Brasil not\u00edcias\" \/>\n<meta property=\"og:description\" content=\"A Secretaria da Administra\u00e7\u00e3o Penitenci\u00e1ria aponta que o empres\u00e1rio chegou \u00e0 cadeia por volta de 0h45 Fernando Sastre de Andrade\" \/>\n<meta property=\"og:url\" content=\"https:\/\/brasilnoticias.org\/site\/motorista-do-porsche-que-causou-acidente-em-sp-chega-a-penitenciaria-de-tremembe-neste-sabado\/\" \/>\n<meta property=\"og:site_name\" content=\"Brasil not\u00edcias\" \/>\n<meta property=\"article:published_time\" content=\"2024-05-11T20:35:37+00:00\" \/>\n<meta property=\"og:image\" content=\"https:\/\/brasilnoticias.org\/site\/wp-content\/uploads\/2024\/05\/149990motorista-do-porsche-que-causou-acidente-em-sp-chega-a-penitenciaria-de-tremembe-neste-sabado-3.jpg\" \/>\n\t<meta property=\"og:image:width\" content=\"1600\" \/>\n\t<meta property=\"og:image:height\" content=\"752\" \/>\n\t<meta property=\"og:image:type\" content=\"image\/jpeg\" \/>\n<meta name=\"author\" content=\"Reda\u00e7\u00e3o\" \/>\n<meta name=\"twitter:card\" content=\"summary_large_image\" \/>\n<meta name=\"twitter:label1\" content=\"Escrito por\" \/>\n\t<meta name=\"twitter:data1\" content=\"Reda\u00e7\u00e3o\" \/>\n\t<meta name=\"twitter:label2\" content=\"Tempo estimado de leitura\" \/>\n\t<meta name=\"twitter:data2\" content=\"1 minuto\" \/>\n<script type=\"application\/ld+json\" class=\"yoast-schema-graph\">{\"@context\":\"https:\/\/schema.org\",\"@graph\":[{\"@type\":\"Article\",\"@id\":\"https:\/\/brasilnoticias.org\/site\/motorista-do-porsche-que-causou-acidente-em-sp-chega-a-penitenciaria-de-tremembe-neste-sabado\/#article\",\"isPartOf\":{\"@id\":\"https:\/\/brasilnoticias.org\/site\/motorista-do-porsche-que-causou-acidente-em-sp-chega-a-penitenciaria-de-tremembe-neste-sabado\/\"},\"author\":{\"name\":\"Reda\u00e7\u00e3o\",\"@id\":\"https:\/\/brasilnoticias.org\/site\/#\/schema\/person\/03bbbfe6c7634ad18c26444ea39049fa\"},\"headline\":\"Motorista do Porsche que causou acidente em SP chega \u00e0 Penitenci\u00e1ria de Trememb\u00e9 neste s\u00e1bado\",\"datePublished\":\"2024-05-11T20:35:37+00:00\",\"mainEntityOfPage\":{\"@id\":\"https:\/\/brasilnoticias.org\/site\/motorista-do-porsche-que-causou-acidente-em-sp-chega-a-penitenciaria-de-tremembe-neste-sabado\/\"},\"wordCount\":210,\"commentCount\":0,\"publisher\":{\"@id\":\"https:\/\/brasilnoticias.org\/site\/#organization\"},\"image\":{\"@id\":\"https:\/\/brasilnoticias.org\/site\/motorista-do-porsche-que-causou-acidente-em-sp-chega-a-penitenciaria-de-tremembe-neste-sabado\/#primaryimage\"},\"thumbnailUrl\":\"https:\/\/brasilnoticias.org\/site\/wp-content\/uploads\/2024\/05\/149990motorista-do-porsche-que-causou-acidente-em-sp-chega-a-penitenciaria-de-tremembe-neste-sabado-3.jpg\",\"articleSection\":[\"Not\u00edcias\",\"\u00daltimas\"],\"inLanguage\":\"pt-PT\",\"potentialAction\":[{\"@type\":\"CommentAction\",\"name\":\"Comment\",\"target\":[\"https:\/\/brasilnoticias.org\/site\/motorista-do-porsche-que-causou-acidente-em-sp-chega-a-penitenciaria-de-tremembe-neste-sabado\/#respond\"]}]},{\"@type\":\"WebPage\",\"@id\":\"https:\/\/brasilnoticias.org\/site\/motorista-do-porsche-que-causou-acidente-em-sp-chega-a-penitenciaria-de-tremembe-neste-sabado\/\",\"url\":\"https:\/\/brasilnoticias.org\/site\/motorista-do-porsche-que-causou-acidente-em-sp-chega-a-penitenciaria-de-tremembe-neste-sabado\/\",\"name\":\"Motorista do Porsche que causou acidente em SP chega \u00e0 Penitenci\u00e1ria de Trememb\u00e9 neste s\u00e1bado - Brasil not\u00edcias\",\"isPartOf\":{\"@id\":\"https:\/\/brasilnoticias.org\/site\/#website\"},\"primaryImageOfPage\":{\"@id\":\"https:\/\/brasilnoticias.org\/site\/motorista-do-porsche-que-causou-acidente-em-sp-chega-a-penitenciaria-de-tremembe-neste-sabado\/#primaryimage\"},\"image\":{\"@id\":\"https:\/\/brasilnoticias.org\/site\/motorista-do-porsche-que-causou-acidente-em-sp-chega-a-penitenciaria-de-tremembe-neste-sabado\/#primaryimage\"},\"thumbnailUrl\":\"https:\/\/brasilnoticias.org\/site\/wp-content\/uploads\/2024\/05\/149990motorista-do-porsche-que-causou-acidente-em-sp-chega-a-penitenciaria-de-tremembe-neste-sabado-3.jpg\",\"datePublished\":\"2024-05-11T20:35:37+00:00\",\"breadcrumb\":{\"@id\":\"https:\/\/brasilnoticias.org\/site\/motorista-do-porsche-que-causou-acidente-em-sp-chega-a-penitenciaria-de-tremembe-neste-sabado\/#breadcrumb\"},\"inLanguage\":\"pt-PT\",\"potentialAction\":[{\"@type\":\"ReadAction\",\"target\":[\"https:\/\/brasilnoticias.org\/site\/motorista-do-porsche-que-causou-acidente-em-sp-chega-a-penitenciaria-de-tremembe-neste-sabado\/\"]}]},{\"@type\":\"ImageObject\",\"inLanguage\":\"pt-PT\",\"@id\":\"https:\/\/brasilnoticias.org\/site\/motorista-do-porsche-que-causou-acidente-em-sp-chega-a-penitenciaria-de-tremembe-neste-sabado\/#primaryimage\",\"url\":\"https:\/\/brasilnoticias.org\/site\/wp-content\/uploads\/2024\/05\/149990motorista-do-porsche-que-causou-acidente-em-sp-chega-a-penitenciaria-de-tremembe-neste-sabado-3.jpg\",\"contentUrl\":\"https:\/\/brasilnoticias.org\/site\/wp-content\/uploads\/2024\/05\/149990motorista-do-porsche-que-causou-acidente-em-sp-chega-a-penitenciaria-de-tremembe-neste-sabado-3.jpg\",\"width\":1600,\"height\":752},{\"@type\":\"BreadcrumbList\",\"@id\":\"https:\/\/brasilnoticias.org\/site\/motorista-do-porsche-que-causou-acidente-em-sp-chega-a-penitenciaria-de-tremembe-neste-sabado\/#breadcrumb\",\"itemListElement\":[{\"@type\":\"ListItem\",\"position\":1,\"name\":\"In\u00edcio\",\"item\":\"https:\/\/brasilnoticias.org\/site\/\"},{\"@type\":\"ListItem\",\"position\":2,\"name\":\"Motorista do Porsche que causou acidente em SP chega \u00e0 Penitenci\u00e1ria de Trememb\u00e9 neste s\u00e1bado\"}]},{\"@type\":\"WebSite\",\"@id\":\"https:\/\/brasilnoticias.org\/site\/#website\",\"url\":\"https:\/\/brasilnoticias.org\/site\/\",\"name\":\"Brasil not\u00edcias\",\"description\":\"Brasil not\u00edcias\",\"publisher\":{\"@id\":\"https:\/\/brasilnoticias.org\/site\/#organization\"},\"potentialAction\":[{\"@type\":\"SearchAction\",\"target\":{\"@type\":\"EntryPoint\",\"urlTemplate\":\"https:\/\/brasilnoticias.org\/site\/?s={search_term_string}\"},\"query-input\":{\"@type\":\"PropertyValueSpecification\",\"valueRequired\":true,\"valueName\":\"search_term_string\"}}],\"inLanguage\":\"pt-PT\"},{\"@type\":\"Organization\",\"@id\":\"https:\/\/brasilnoticias.org\/site\/#organization\",\"name\":\"Brasil not\u00edcias\",\"url\":\"https:\/\/brasilnoticias.org\/site\/\",\"logo\":{\"@type\":\"ImageObject\",\"inLanguage\":\"pt-PT\",\"@id\":\"https:\/\/brasilnoticias.org\/site\/#\/schema\/logo\/image\/\",\"url\":\"https:\/\/brasilnoticias.org\/site\/wp-content\/uploads\/2022\/05\/cropped-brasilnoticias-mini.jpg\",\"contentUrl\":\"https:\/\/brasilnoticias.org\/site\/wp-content\/uploads\/2022\/05\/cropped-brasilnoticias-mini.jpg\",\"width\":314,\"height\":86,\"caption\":\"Brasil not\u00edcias\"},\"image\":{\"@id\":\"https:\/\/brasilnoticias.org\/site\/#\/schema\/logo\/image\/\"}},{\"@type\":\"Person\",\"@id\":\"https:\/\/brasilnoticias.org\/site\/#\/schema\/person\/03bbbfe6c7634ad18c26444ea39049fa\",\"name\":\"Reda\u00e7\u00e3o\",\"image\":{\"@type\":\"ImageObject\",\"inLanguage\":\"pt-PT\",\"@id\":\"https:\/\/brasilnoticias.org\/site\/#\/schema\/person\/image\/\",\"url\":\"https:\/\/secure.gravatar.com\/avatar\/9ecaf7327a696cb23ad926fedded5f1f04d7049de9e445375d55b48c001a6e42?s=96&d=mm&r=g\",\"contentUrl\":\"https:\/\/secure.gravatar.com\/avatar\/9ecaf7327a696cb23ad926fedded5f1f04d7049de9e445375d55b48c001a6e42?s=96&d=mm&r=g\",\"caption\":\"Reda\u00e7\u00e3o\"},\"url\":\"https:\/\/brasilnoticias.org\/site\/author\/henrique\/\"}]}<\/script>\n<!-- \/ Yoast SEO plugin. -->","yoast_head_json":{"title":"Motorista do Porsche que causou acidente em SP chega \u00e0 Penitenci\u00e1ria de Trememb\u00e9 neste s\u00e1bado - Brasil not\u00edcias","robots":{"index":"index","follow":"follow","max-snippet":"max-snippet:-1","max-image-preview":"max-image-preview:large","max-video-preview":"max-video-preview:-1"},"canonical":"https:\/\/brasilnoticias.org\/site\/motorista-do-porsche-que-causou-acidente-em-sp-chega-a-penitenciaria-de-tremembe-neste-sabado\/","og_locale":"pt_PT","og_type":"article","og_title":"Motorista do Porsche que causou acidente em SP chega \u00e0 Penitenci\u00e1ria de Trememb\u00e9 neste s\u00e1bado - Brasil not\u00edcias","og_description":"A Secretaria da Administra\u00e7\u00e3o Penitenci\u00e1ria aponta que o empres\u00e1rio chegou \u00e0 cadeia por volta de 0h45 Fernando Sastre de Andrade","og_url":"https:\/\/brasilnoticias.org\/site\/motorista-do-porsche-que-causou-acidente-em-sp-chega-a-penitenciaria-de-tremembe-neste-sabado\/","og_site_name":"Brasil not\u00edcias","article_published_time":"2024-05-11T20:35:37+00:00","og_image":[{"width":1600,"height":752,"url":"https:\/\/brasilnoticias.org\/site\/wp-content\/uploads\/2024\/05\/149990motorista-do-porsche-que-causou-acidente-em-sp-chega-a-penitenciaria-de-tremembe-neste-sabado-3.jpg","type":"image\/jpeg"}],"author":"Reda\u00e7\u00e3o","twitter_card":"summary_large_image","twitter_misc":{"Escrito por":"Reda\u00e7\u00e3o","Tempo estimado de leitura":"1 minuto"},"schema":{"@context":"https:\/\/schema.org","@graph":[{"@type":"Article","@id":"https:\/\/brasilnoticias.org\/site\/motorista-do-porsche-que-causou-acidente-em-sp-chega-a-penitenciaria-de-tremembe-neste-sabado\/#article","isPartOf":{"@id":"https:\/\/brasilnoticias.org\/site\/motorista-do-porsche-que-causou-acidente-em-sp-chega-a-penitenciaria-de-tremembe-neste-sabado\/"},"author":{"name":"Reda\u00e7\u00e3o","@id":"https:\/\/brasilnoticias.org\/site\/#\/schema\/person\/03bbbfe6c7634ad18c26444ea39049fa"},"headline":"Motorista do Porsche que causou acidente em SP chega \u00e0 Penitenci\u00e1ria de Trememb\u00e9 neste s\u00e1bado","datePublished":"2024-05-11T20:35:37+00:00","mainEntityOfPage":{"@id":"https:\/\/brasilnoticias.org\/site\/motorista-do-porsche-que-causou-acidente-em-sp-chega-a-penitenciaria-de-tremembe-neste-sabado\/"},"wordCount":210,"commentCount":0,"publisher":{"@id":"https:\/\/brasilnoticias.org\/site\/#organization"},"image":{"@id":"https:\/\/brasilnoticias.org\/site\/motorista-do-porsche-que-causou-acidente-em-sp-chega-a-penitenciaria-de-tremembe-neste-sabado\/#primaryimage"},"thumbnailUrl":"https:\/\/brasilnoticias.org\/site\/wp-content\/uploads\/2024\/05\/149990motorista-do-porsche-que-causou-acidente-em-sp-chega-a-penitenciaria-de-tremembe-neste-sabado-3.jpg","articleSection":["Not\u00edcias","\u00daltimas"],"inLanguage":"pt-PT","potentialAction":[{"@type":"CommentAction","name":"Comment","target":["https:\/\/brasilnoticias.org\/site\/motorista-do-porsche-que-causou-acidente-em-sp-chega-a-penitenciaria-de-tremembe-neste-sabado\/#respond"]}]},{"@type":"WebPage","@id":"https:\/\/brasilnoticias.org\/site\/motorista-do-porsche-que-causou-acidente-em-sp-chega-a-penitenciaria-de-tremembe-neste-sabado\/","url":"https:\/\/brasilnoticias.org\/site\/motorista-do-porsche-que-causou-acidente-em-sp-chega-a-penitenciaria-de-tremembe-neste-sabado\/","name":"Motorista do Porsche que causou acidente em SP chega \u00e0 Penitenci\u00e1ria de Trememb\u00e9 neste s\u00e1bado - Brasil not\u00edcias","isPartOf":{"@id":"https:\/\/brasilnoticias.org\/site\/#website"},"primaryImageOfPage":{"@id":"https:\/\/brasilnoticias.org\/site\/motorista-do-porsche-que-causou-acidente-em-sp-chega-a-penitenciaria-de-tremembe-neste-sabado\/#primaryimage"},"image":{"@id":"https:\/\/brasilnoticias.org\/site\/motorista-do-porsche-que-causou-acidente-em-sp-chega-a-penitenciaria-de-tremembe-neste-sabado\/#primaryimage"},"thumbnailUrl":"https:\/\/brasilnoticias.org\/site\/wp-content\/uploads\/2024\/05\/149990motorista-do-porsche-que-causou-acidente-em-sp-chega-a-penitenciaria-de-tremembe-neste-sabado-3.jpg","datePublished":"2024-05-11T20:35:37+00:00","breadcrumb":{"@id":"https:\/\/brasilnoticias.org\/site\/motorista-do-porsche-que-causou-acidente-em-sp-chega-a-penitenciaria-de-tremembe-neste-sabado\/#breadcrumb"},"inLanguage":"pt-PT","potentialAction":[{"@type":"ReadAction","target":["https:\/\/brasilnoticias.org\/site\/motorista-do-porsche-que-causou-acidente-em-sp-chega-a-penitenciaria-de-tremembe-neste-sabado\/"]}]},{"@type":"ImageObject","inLanguage":"pt-PT","@id":"https:\/\/brasilnoticias.org\/site\/motorista-do-porsche-que-causou-acidente-em-sp-chega-a-penitenciaria-de-tremembe-neste-sabado\/#primaryimage","url":"https:\/\/brasilnoticias.org\/site\/wp-content\/uploads\/2024\/05\/149990motorista-do-porsche-que-causou-acidente-em-sp-chega-a-penitenciaria-de-tremembe-neste-sabado-3.jpg","contentUrl":"https:\/\/brasilnoticias.org\/site\/wp-content\/uploads\/2024\/05\/149990motorista-do-porsche-que-causou-acidente-em-sp-chega-a-penitenciaria-de-tremembe-neste-sabado-3.jpg","width":1600,"height":752},{"@type":"BreadcrumbList","@id":"https:\/\/brasilnoticias.org\/site\/motorista-do-porsche-que-causou-acidente-em-sp-chega-a-penitenciaria-de-tremembe-neste-sabado\/#breadcrumb","itemListElement":[{"@type":"ListItem","position":1,"name":"In\u00edcio","item":"https:\/\/brasilnoticias.org\/site\/"},{"@type":"ListItem","position":2,"name":"Motorista do Porsche que causou acidente em SP chega \u00e0 Penitenci\u00e1ria de Trememb\u00e9 neste s\u00e1bado"}]},{"@type":"WebSite","@id":"https:\/\/brasilnoticias.org\/site\/#website","url":"https:\/\/brasilnoticias.org\/site\/","name":"Brasil not\u00edcias","description":"Brasil not\u00edcias","publisher":{"@id":"https:\/\/brasilnoticias.org\/site\/#organization"},"potentialAction":[{"@type":"SearchAction","target":{"@type":"EntryPoint","urlTemplate":"https:\/\/brasilnoticias.org\/site\/?s={search_term_string}"},"query-input":{"@type":"PropertyValueSpecification","valueRequired":true,"valueName":"search_term_string"}}],"inLanguage":"pt-PT"},{"@type":"Organization","@id":"https:\/\/brasilnoticias.org\/site\/#organization","name":"Brasil not\u00edcias","url":"https:\/\/brasilnoticias.org\/site\/","logo":{"@type":"ImageObject","inLanguage":"pt-PT","@id":"https:\/\/brasilnoticias.org\/site\/#\/schema\/logo\/image\/","url":"https:\/\/brasilnoticias.org\/site\/wp-content\/uploads\/2022\/05\/cropped-brasilnoticias-mini.jpg","contentUrl":"https:\/\/brasilnoticias.org\/site\/wp-content\/uploads\/2022\/05\/cropped-brasilnoticias-mini.jpg","width":314,"height":86,"caption":"Brasil not\u00edcias"},"image":{"@id":"https:\/\/brasilnoticias.org\/site\/#\/schema\/logo\/image\/"}},{"@type":"Person","@id":"https:\/\/brasilnoticias.org\/site\/#\/schema\/person\/03bbbfe6c7634ad18c26444ea39049fa","name":"Reda\u00e7\u00e3o","image":{"@type":"ImageObject","inLanguage":"pt-PT","@id":"https:\/\/brasilnoticias.org\/site\/#\/schema\/person\/image\/","url":"https:\/\/secure.gravatar.com\/avatar\/9ecaf7327a696cb23ad926fedded5f1f04d7049de9e445375d55b48c001a6e42?s=96&d=mm&r=g","contentUrl":"https:\/\/secure.gravatar.com\/avatar\/9ecaf7327a696cb23ad926fedded5f1f04d7049de9e445375d55b48c001a6e42?s=96&d=mm&r=g","caption":"Reda\u00e7\u00e3o"},"url":"https:\/\/brasilnoticias.org\/site\/author\/henrique\/"}]}},"_links":{"self":[{"href":"https:\/\/brasilnoticias.org\/site\/wp-json\/wp\/v2\/posts\/14053","targetHints":{"allow":["GET"]}}],"collection":[{"href":"https:\/\/brasilnoticias.org\/site\/wp-json\/wp\/v2\/posts"}],"about":[{"href":"https:\/\/brasilnoticias.org\/site\/wp-json\/wp\/v2\/types\/post"}],"author":[{"embeddable":true,"href":"https:\/\/brasilnoticias.org\/site\/wp-json\/wp\/v2\/users\/4"}],"replies":[{"embeddable":true,"href":"https:\/\/brasilnoticias.org\/site\/wp-json\/wp\/v2\/comments?post=14053"}],"version-history":[{"count":1,"href":"https:\/\/brasilnoticias.org\/site\/wp-json\/wp\/v2\/posts\/14053\/revisions"}],"predecessor-version":[{"id":14055,"href":"https:\/\/brasilnoticias.org\/site\/wp-json\/wp\/v2\/posts\/14053\/revisions\/14055"}],"wp:featuredmedia":[{"embeddable":true,"href":"https:\/\/brasilnoticias.org\/site\/wp-json\/wp\/v2\/media\/14054"}],"wp:attachment":[{"href":"https:\/\/brasilnoticias.org\/site\/wp-json\/wp\/v2\/media?parent=14053"}],"wp:term":[{"taxonomy":"category","embeddable":true,"href":"https:\/\/brasilnoticias.org\/site\/wp-json\/wp\/v2\/categories?post=14053"},{"taxonomy":"post_tag","embeddable":true,"href":"https:\/\/brasilnoticias.org\/site\/wp-json\/wp\/v2\/tags?post=14053"}],"curies":[{"name":"wp","href":"https:\/\/api.w.org\/{rel}","templated":true}]}}