{"id":1406,"date":"2022-09-09T20:49:01","date_gmt":"2022-09-09T23:49:01","guid":{"rendered":"https:\/\/brasilnoticias.org\/site\/?p=1406"},"modified":"2022-09-09T20:49:01","modified_gmt":"2022-09-09T23:49:01","slug":"meghan-markle-nao-quis-viajar-para-balmoral-nunca-se-sentiu-acolhida","status":"publish","type":"post","link":"https:\/\/brasilnoticias.org\/site\/meghan-markle-nao-quis-viajar-para-balmoral-nunca-se-sentiu-acolhida\/","title":{"rendered":"Meghan Markle n\u00e3o quis viajar para Balmoral: \u2018Nunca se sentiu acolhida\u2019"},"content":{"rendered":"<p>A viagem de\u00a0<a href=\"https:\/\/www.bnews.com.br\/noticias\/mundo\/expresso-todo-meu-amor-harry-e-meghan-diz-charles-iii.html\" target=\"_blank\" rel=\"noopener\">Meghan Markle com o Pr\u00edncipe Harry para ver a Rainha Elizabeth II<\/a>\u00a0no Castelo de Balmoral, na Esc\u00f3cia, foi programada assim que os m\u00e9dicos da soberana pediram a presen\u00e7a da fam\u00edlia devido ao seu estado de sa\u00fade, mas a duquesa de Sussex decidiu que n\u00e3o viajaria com o marido.<\/p>\n<p>De acordo com o correspondente real da BBC, Nicholas Witchell, Meghan n\u00e3o se sentia acolhida devido \u00e0 todos os conflitos que teve com a fam\u00edlia real. Foi decis\u00e3o de Meghan deixar Harry viajar sozinho para viver esse momento \u00edntimo e familiar. Algo que os cr\u00edticos aplaudiram.<\/p>\n<p>Embora os relat\u00f3rios iniciais afirmassem que a duquesa de Sussex se juntaria \u00e0 realeza na Esc\u00f3cia, o jornal The Sun confirmou com exclusividade que ela n\u00e3o fez a viagem. \u201cEla pode n\u00e3o ser muito bem recebida, para ser perfeitamente sincero sobre isso\u201d, disse o correspondente. Outra fonte comentou: \u201cAs tens\u00f5es eram muito altas e n\u00e3o havia como Meghan ter ido para Balmoral\u201d, garante.<\/p>\n<p>A<a href=\"https:\/\/www.bnews.com.br\/amp\/noticias\/mundo\/morte-da-rainha-elizabeth-2-da-a-filhos-de-meghan-e-harry-direito-de-serem-principe-e-princesa.html\" target=\"_blank\" rel=\"noopener\">\u00a0\u00fanica declara\u00e7\u00e3o que Harry deu at\u00e9 agora sobre a morte da av\u00f3<\/a>\u00a0foi atrav\u00e9s do site de sua Funda\u00e7\u00e3o Archewell com uma mensagem simples escrita em um fundo preto, em letras brancas: \u201cEm mem\u00f3ria amorosa de Sua Majestade a Rainha Elizabeth II 1926-2022\u201d.<\/p>\n<p>&nbsp;<\/p>\n<p>&nbsp;<\/p>\n<p>&nbsp;<\/p>\n<p>&nbsp;<\/p>\n<p>Bnews<\/p>\n","protected":false},"excerpt":{"rendered":"<p>A viagem de\u00a0Meghan Markle com o Pr\u00edncipe Harry para ver a Rainha Elizabeth II\u00a0no Castelo de Balmoral, na Esc\u00f3cia, foi<\/p>\n","protected":false},"author":2,"featured_media":1407,"comment_status":"open","ping_status":"open","sticky":false,"template":"","format":"standard","meta":{"colormag_page_container_layout":"default_layout","colormag_page_sidebar_layout":"default_layout","_FSMCFIC_featured_image_caption":"","_FSMCFIC_featured_image_nocaption":"","_FSMCFIC_featured_image_hide":"","footnotes":""},"categories":[6],"tags":[],"class_list":["post-1406","post","type-post","status-publish","format-standard","has-post-thumbnail","hentry","category-mundo"],"yoast_head":"<!-- This site is optimized with the Yoast SEO plugin v27.1.1 - https:\/\/yoast.com\/product\/yoast-seo-wordpress\/ -->\n<title>Meghan Markle n\u00e3o quis viajar para Balmoral: \u2018Nunca se sentiu acolhida\u2019 - Brasil not\u00edcias<\/title>\n<meta name=\"robots\" content=\"index, follow, max-snippet:-1, max-image-preview:large, max-video-preview:-1\" \/>\n<link rel=\"canonical\" href=\"https:\/\/brasilnoticias.org\/site\/meghan-markle-nao-quis-viajar-para-balmoral-nunca-se-sentiu-acolhida\/\" \/>\n<meta property=\"og:locale\" content=\"pt_PT\" \/>\n<meta property=\"og:type\" content=\"article\" \/>\n<meta property=\"og:title\" content=\"Meghan Markle n\u00e3o quis viajar para Balmoral: \u2018Nunca se sentiu acolhida\u2019 - Brasil not\u00edcias\" \/>\n<meta property=\"og:description\" content=\"A viagem de\u00a0Meghan Markle com o Pr\u00edncipe Harry para ver a Rainha Elizabeth II\u00a0no Castelo de Balmoral, na Esc\u00f3cia, foi\" \/>\n<meta property=\"og:url\" content=\"https:\/\/brasilnoticias.org\/site\/meghan-markle-nao-quis-viajar-para-balmoral-nunca-se-sentiu-acolhida\/\" \/>\n<meta property=\"og:site_name\" content=\"Brasil not\u00edcias\" \/>\n<meta property=\"article:published_time\" content=\"2022-09-09T23:49:01+00:00\" \/>\n<meta property=\"og:image\" content=\"https:\/\/brasilnoticias.org\/site\/wp-content\/uploads\/2022\/09\/164027948061c4adb85ca43_1640279480_3x2_md_widelg-1.jpg\" \/>\n\t<meta property=\"og:image:width\" content=\"800\" \/>\n\t<meta property=\"og:image:height\" content=\"450\" \/>\n\t<meta property=\"og:image:type\" content=\"image\/jpeg\" \/>\n<meta name=\"author\" content=\"Reda\u00e7\u00e3o\" \/>\n<meta name=\"twitter:card\" content=\"summary_large_image\" \/>\n<meta name=\"twitter:label1\" content=\"Escrito por\" \/>\n\t<meta name=\"twitter:data1\" content=\"Reda\u00e7\u00e3o\" \/>\n\t<meta name=\"twitter:label2\" content=\"Tempo estimado de leitura\" \/>\n\t<meta name=\"twitter:data2\" content=\"1 minuto\" \/>\n<script type=\"application\/ld+json\" class=\"yoast-schema-graph\">{\"@context\":\"https:\/\/schema.org\",\"@graph\":[{\"@type\":\"Article\",\"@id\":\"https:\/\/brasilnoticias.org\/site\/meghan-markle-nao-quis-viajar-para-balmoral-nunca-se-sentiu-acolhida\/#article\",\"isPartOf\":{\"@id\":\"https:\/\/brasilnoticias.org\/site\/meghan-markle-nao-quis-viajar-para-balmoral-nunca-se-sentiu-acolhida\/\"},\"author\":{\"name\":\"Reda\u00e7\u00e3o\",\"@id\":\"https:\/\/brasilnoticias.org\/site\/#\/schema\/person\/f609fa847b5314f1c8b983342f34c798\"},\"headline\":\"Meghan Markle n\u00e3o quis viajar para Balmoral: \u2018Nunca se sentiu acolhida\u2019\",\"datePublished\":\"2022-09-09T23:49:01+00:00\",\"mainEntityOfPage\":{\"@id\":\"https:\/\/brasilnoticias.org\/site\/meghan-markle-nao-quis-viajar-para-balmoral-nunca-se-sentiu-acolhida\/\"},\"wordCount\":241,\"commentCount\":0,\"publisher\":{\"@id\":\"https:\/\/brasilnoticias.org\/site\/#organization\"},\"image\":{\"@id\":\"https:\/\/brasilnoticias.org\/site\/meghan-markle-nao-quis-viajar-para-balmoral-nunca-se-sentiu-acolhida\/#primaryimage\"},\"thumbnailUrl\":\"https:\/\/brasilnoticias.org\/site\/wp-content\/uploads\/2022\/09\/164027948061c4adb85ca43_1640279480_3x2_md_widelg-1.jpg\",\"articleSection\":[\"Mundo\"],\"inLanguage\":\"pt-PT\",\"potentialAction\":[{\"@type\":\"CommentAction\",\"name\":\"Comment\",\"target\":[\"https:\/\/brasilnoticias.org\/site\/meghan-markle-nao-quis-viajar-para-balmoral-nunca-se-sentiu-acolhida\/#respond\"]}]},{\"@type\":\"WebPage\",\"@id\":\"https:\/\/brasilnoticias.org\/site\/meghan-markle-nao-quis-viajar-para-balmoral-nunca-se-sentiu-acolhida\/\",\"url\":\"https:\/\/brasilnoticias.org\/site\/meghan-markle-nao-quis-viajar-para-balmoral-nunca-se-sentiu-acolhida\/\",\"name\":\"Meghan Markle n\u00e3o quis viajar para Balmoral: \u2018Nunca se sentiu acolhida\u2019 - Brasil not\u00edcias\",\"isPartOf\":{\"@id\":\"https:\/\/brasilnoticias.org\/site\/#website\"},\"primaryImageOfPage\":{\"@id\":\"https:\/\/brasilnoticias.org\/site\/meghan-markle-nao-quis-viajar-para-balmoral-nunca-se-sentiu-acolhida\/#primaryimage\"},\"image\":{\"@id\":\"https:\/\/brasilnoticias.org\/site\/meghan-markle-nao-quis-viajar-para-balmoral-nunca-se-sentiu-acolhida\/#primaryimage\"},\"thumbnailUrl\":\"https:\/\/brasilnoticias.org\/site\/wp-content\/uploads\/2022\/09\/164027948061c4adb85ca43_1640279480_3x2_md_widelg-1.jpg\",\"datePublished\":\"2022-09-09T23:49:01+00:00\",\"breadcrumb\":{\"@id\":\"https:\/\/brasilnoticias.org\/site\/meghan-markle-nao-quis-viajar-para-balmoral-nunca-se-sentiu-acolhida\/#breadcrumb\"},\"inLanguage\":\"pt-PT\",\"potentialAction\":[{\"@type\":\"ReadAction\",\"target\":[\"https:\/\/brasilnoticias.org\/site\/meghan-markle-nao-quis-viajar-para-balmoral-nunca-se-sentiu-acolhida\/\"]}]},{\"@type\":\"ImageObject\",\"inLanguage\":\"pt-PT\",\"@id\":\"https:\/\/brasilnoticias.org\/site\/meghan-markle-nao-quis-viajar-para-balmoral-nunca-se-sentiu-acolhida\/#primaryimage\",\"url\":\"https:\/\/brasilnoticias.org\/site\/wp-content\/uploads\/2022\/09\/164027948061c4adb85ca43_1640279480_3x2_md_widelg-1.jpg\",\"contentUrl\":\"https:\/\/brasilnoticias.org\/site\/wp-content\/uploads\/2022\/09\/164027948061c4adb85ca43_1640279480_3x2_md_widelg-1.jpg\",\"width\":800,\"height\":450},{\"@type\":\"BreadcrumbList\",\"@id\":\"https:\/\/brasilnoticias.org\/site\/meghan-markle-nao-quis-viajar-para-balmoral-nunca-se-sentiu-acolhida\/#breadcrumb\",\"itemListElement\":[{\"@type\":\"ListItem\",\"position\":1,\"name\":\"In\u00edcio\",\"item\":\"https:\/\/brasilnoticias.org\/site\/\"},{\"@type\":\"ListItem\",\"position\":2,\"name\":\"Meghan Markle n\u00e3o quis viajar para Balmoral: \u2018Nunca se sentiu acolhida\u2019\"}]},{\"@type\":\"WebSite\",\"@id\":\"https:\/\/brasilnoticias.org\/site\/#website\",\"url\":\"https:\/\/brasilnoticias.org\/site\/\",\"name\":\"Brasil not\u00edcias\",\"description\":\"Brasil not\u00edcias\",\"publisher\":{\"@id\":\"https:\/\/brasilnoticias.org\/site\/#organization\"},\"potentialAction\":[{\"@type\":\"SearchAction\",\"target\":{\"@type\":\"EntryPoint\",\"urlTemplate\":\"https:\/\/brasilnoticias.org\/site\/?s={search_term_string}\"},\"query-input\":{\"@type\":\"PropertyValueSpecification\",\"valueRequired\":true,\"valueName\":\"search_term_string\"}}],\"inLanguage\":\"pt-PT\"},{\"@type\":\"Organization\",\"@id\":\"https:\/\/brasilnoticias.org\/site\/#organization\",\"name\":\"Brasil not\u00edcias\",\"url\":\"https:\/\/brasilnoticias.org\/site\/\",\"logo\":{\"@type\":\"ImageObject\",\"inLanguage\":\"pt-PT\",\"@id\":\"https:\/\/brasilnoticias.org\/site\/#\/schema\/logo\/image\/\",\"url\":\"https:\/\/brasilnoticias.org\/site\/wp-content\/uploads\/2022\/05\/cropped-brasilnoticias-mini.jpg\",\"contentUrl\":\"https:\/\/brasilnoticias.org\/site\/wp-content\/uploads\/2022\/05\/cropped-brasilnoticias-mini.jpg\",\"width\":314,\"height\":86,\"caption\":\"Brasil not\u00edcias\"},\"image\":{\"@id\":\"https:\/\/brasilnoticias.org\/site\/#\/schema\/logo\/image\/\"}},{\"@type\":\"Person\",\"@id\":\"https:\/\/brasilnoticias.org\/site\/#\/schema\/person\/f609fa847b5314f1c8b983342f34c798\",\"name\":\"Reda\u00e7\u00e3o\",\"image\":{\"@type\":\"ImageObject\",\"inLanguage\":\"pt-PT\",\"@id\":\"https:\/\/brasilnoticias.org\/site\/#\/schema\/person\/image\/\",\"url\":\"https:\/\/secure.gravatar.com\/avatar\/447284c06c1ad8b46465a36de9cd0d8326b73387a22799b8b1ffb1fbcff2ed0c?s=96&d=mm&r=g\",\"contentUrl\":\"https:\/\/secure.gravatar.com\/avatar\/447284c06c1ad8b46465a36de9cd0d8326b73387a22799b8b1ffb1fbcff2ed0c?s=96&d=mm&r=g\",\"caption\":\"Reda\u00e7\u00e3o\"},\"url\":\"https:\/\/brasilnoticias.org\/site\/author\/redacao\/\"}]}<\/script>\n<!-- \/ Yoast SEO plugin. -->","yoast_head_json":{"title":"Meghan Markle n\u00e3o quis viajar para Balmoral: \u2018Nunca se sentiu acolhida\u2019 - Brasil not\u00edcias","robots":{"index":"index","follow":"follow","max-snippet":"max-snippet:-1","max-image-preview":"max-image-preview:large","max-video-preview":"max-video-preview:-1"},"canonical":"https:\/\/brasilnoticias.org\/site\/meghan-markle-nao-quis-viajar-para-balmoral-nunca-se-sentiu-acolhida\/","og_locale":"pt_PT","og_type":"article","og_title":"Meghan Markle n\u00e3o quis viajar para Balmoral: \u2018Nunca se sentiu acolhida\u2019 - Brasil not\u00edcias","og_description":"A viagem de\u00a0Meghan Markle com o Pr\u00edncipe Harry para ver a Rainha Elizabeth II\u00a0no Castelo de Balmoral, na Esc\u00f3cia, foi","og_url":"https:\/\/brasilnoticias.org\/site\/meghan-markle-nao-quis-viajar-para-balmoral-nunca-se-sentiu-acolhida\/","og_site_name":"Brasil not\u00edcias","article_published_time":"2022-09-09T23:49:01+00:00","og_image":[{"width":800,"height":450,"url":"https:\/\/brasilnoticias.org\/site\/wp-content\/uploads\/2022\/09\/164027948061c4adb85ca43_1640279480_3x2_md_widelg-1.jpg","type":"image\/jpeg"}],"author":"Reda\u00e7\u00e3o","twitter_card":"summary_large_image","twitter_misc":{"Escrito por":"Reda\u00e7\u00e3o","Tempo estimado de leitura":"1 minuto"},"schema":{"@context":"https:\/\/schema.org","@graph":[{"@type":"Article","@id":"https:\/\/brasilnoticias.org\/site\/meghan-markle-nao-quis-viajar-para-balmoral-nunca-se-sentiu-acolhida\/#article","isPartOf":{"@id":"https:\/\/brasilnoticias.org\/site\/meghan-markle-nao-quis-viajar-para-balmoral-nunca-se-sentiu-acolhida\/"},"author":{"name":"Reda\u00e7\u00e3o","@id":"https:\/\/brasilnoticias.org\/site\/#\/schema\/person\/f609fa847b5314f1c8b983342f34c798"},"headline":"Meghan Markle n\u00e3o quis viajar para Balmoral: \u2018Nunca se sentiu acolhida\u2019","datePublished":"2022-09-09T23:49:01+00:00","mainEntityOfPage":{"@id":"https:\/\/brasilnoticias.org\/site\/meghan-markle-nao-quis-viajar-para-balmoral-nunca-se-sentiu-acolhida\/"},"wordCount":241,"commentCount":0,"publisher":{"@id":"https:\/\/brasilnoticias.org\/site\/#organization"},"image":{"@id":"https:\/\/brasilnoticias.org\/site\/meghan-markle-nao-quis-viajar-para-balmoral-nunca-se-sentiu-acolhida\/#primaryimage"},"thumbnailUrl":"https:\/\/brasilnoticias.org\/site\/wp-content\/uploads\/2022\/09\/164027948061c4adb85ca43_1640279480_3x2_md_widelg-1.jpg","articleSection":["Mundo"],"inLanguage":"pt-PT","potentialAction":[{"@type":"CommentAction","name":"Comment","target":["https:\/\/brasilnoticias.org\/site\/meghan-markle-nao-quis-viajar-para-balmoral-nunca-se-sentiu-acolhida\/#respond"]}]},{"@type":"WebPage","@id":"https:\/\/brasilnoticias.org\/site\/meghan-markle-nao-quis-viajar-para-balmoral-nunca-se-sentiu-acolhida\/","url":"https:\/\/brasilnoticias.org\/site\/meghan-markle-nao-quis-viajar-para-balmoral-nunca-se-sentiu-acolhida\/","name":"Meghan Markle n\u00e3o quis viajar para Balmoral: \u2018Nunca se sentiu acolhida\u2019 - Brasil not\u00edcias","isPartOf":{"@id":"https:\/\/brasilnoticias.org\/site\/#website"},"primaryImageOfPage":{"@id":"https:\/\/brasilnoticias.org\/site\/meghan-markle-nao-quis-viajar-para-balmoral-nunca-se-sentiu-acolhida\/#primaryimage"},"image":{"@id":"https:\/\/brasilnoticias.org\/site\/meghan-markle-nao-quis-viajar-para-balmoral-nunca-se-sentiu-acolhida\/#primaryimage"},"thumbnailUrl":"https:\/\/brasilnoticias.org\/site\/wp-content\/uploads\/2022\/09\/164027948061c4adb85ca43_1640279480_3x2_md_widelg-1.jpg","datePublished":"2022-09-09T23:49:01+00:00","breadcrumb":{"@id":"https:\/\/brasilnoticias.org\/site\/meghan-markle-nao-quis-viajar-para-balmoral-nunca-se-sentiu-acolhida\/#breadcrumb"},"inLanguage":"pt-PT","potentialAction":[{"@type":"ReadAction","target":["https:\/\/brasilnoticias.org\/site\/meghan-markle-nao-quis-viajar-para-balmoral-nunca-se-sentiu-acolhida\/"]}]},{"@type":"ImageObject","inLanguage":"pt-PT","@id":"https:\/\/brasilnoticias.org\/site\/meghan-markle-nao-quis-viajar-para-balmoral-nunca-se-sentiu-acolhida\/#primaryimage","url":"https:\/\/brasilnoticias.org\/site\/wp-content\/uploads\/2022\/09\/164027948061c4adb85ca43_1640279480_3x2_md_widelg-1.jpg","contentUrl":"https:\/\/brasilnoticias.org\/site\/wp-content\/uploads\/2022\/09\/164027948061c4adb85ca43_1640279480_3x2_md_widelg-1.jpg","width":800,"height":450},{"@type":"BreadcrumbList","@id":"https:\/\/brasilnoticias.org\/site\/meghan-markle-nao-quis-viajar-para-balmoral-nunca-se-sentiu-acolhida\/#breadcrumb","itemListElement":[{"@type":"ListItem","position":1,"name":"In\u00edcio","item":"https:\/\/brasilnoticias.org\/site\/"},{"@type":"ListItem","position":2,"name":"Meghan Markle n\u00e3o quis viajar para Balmoral: \u2018Nunca se sentiu acolhida\u2019"}]},{"@type":"WebSite","@id":"https:\/\/brasilnoticias.org\/site\/#website","url":"https:\/\/brasilnoticias.org\/site\/","name":"Brasil not\u00edcias","description":"Brasil not\u00edcias","publisher":{"@id":"https:\/\/brasilnoticias.org\/site\/#organization"},"potentialAction":[{"@type":"SearchAction","target":{"@type":"EntryPoint","urlTemplate":"https:\/\/brasilnoticias.org\/site\/?s={search_term_string}"},"query-input":{"@type":"PropertyValueSpecification","valueRequired":true,"valueName":"search_term_string"}}],"inLanguage":"pt-PT"},{"@type":"Organization","@id":"https:\/\/brasilnoticias.org\/site\/#organization","name":"Brasil not\u00edcias","url":"https:\/\/brasilnoticias.org\/site\/","logo":{"@type":"ImageObject","inLanguage":"pt-PT","@id":"https:\/\/brasilnoticias.org\/site\/#\/schema\/logo\/image\/","url":"https:\/\/brasilnoticias.org\/site\/wp-content\/uploads\/2022\/05\/cropped-brasilnoticias-mini.jpg","contentUrl":"https:\/\/brasilnoticias.org\/site\/wp-content\/uploads\/2022\/05\/cropped-brasilnoticias-mini.jpg","width":314,"height":86,"caption":"Brasil not\u00edcias"},"image":{"@id":"https:\/\/brasilnoticias.org\/site\/#\/schema\/logo\/image\/"}},{"@type":"Person","@id":"https:\/\/brasilnoticias.org\/site\/#\/schema\/person\/f609fa847b5314f1c8b983342f34c798","name":"Reda\u00e7\u00e3o","image":{"@type":"ImageObject","inLanguage":"pt-PT","@id":"https:\/\/brasilnoticias.org\/site\/#\/schema\/person\/image\/","url":"https:\/\/secure.gravatar.com\/avatar\/447284c06c1ad8b46465a36de9cd0d8326b73387a22799b8b1ffb1fbcff2ed0c?s=96&d=mm&r=g","contentUrl":"https:\/\/secure.gravatar.com\/avatar\/447284c06c1ad8b46465a36de9cd0d8326b73387a22799b8b1ffb1fbcff2ed0c?s=96&d=mm&r=g","caption":"Reda\u00e7\u00e3o"},"url":"https:\/\/brasilnoticias.org\/site\/author\/redacao\/"}]}},"_links":{"self":[{"href":"https:\/\/brasilnoticias.org\/site\/wp-json\/wp\/v2\/posts\/1406","targetHints":{"allow":["GET"]}}],"collection":[{"href":"https:\/\/brasilnoticias.org\/site\/wp-json\/wp\/v2\/posts"}],"about":[{"href":"https:\/\/brasilnoticias.org\/site\/wp-json\/wp\/v2\/types\/post"}],"author":[{"embeddable":true,"href":"https:\/\/brasilnoticias.org\/site\/wp-json\/wp\/v2\/users\/2"}],"replies":[{"embeddable":true,"href":"https:\/\/brasilnoticias.org\/site\/wp-json\/wp\/v2\/comments?post=1406"}],"version-history":[{"count":1,"href":"https:\/\/brasilnoticias.org\/site\/wp-json\/wp\/v2\/posts\/1406\/revisions"}],"predecessor-version":[{"id":1408,"href":"https:\/\/brasilnoticias.org\/site\/wp-json\/wp\/v2\/posts\/1406\/revisions\/1408"}],"wp:featuredmedia":[{"embeddable":true,"href":"https:\/\/brasilnoticias.org\/site\/wp-json\/wp\/v2\/media\/1407"}],"wp:attachment":[{"href":"https:\/\/brasilnoticias.org\/site\/wp-json\/wp\/v2\/media?parent=1406"}],"wp:term":[{"taxonomy":"category","embeddable":true,"href":"https:\/\/brasilnoticias.org\/site\/wp-json\/wp\/v2\/categories?post=1406"},{"taxonomy":"post_tag","embeddable":true,"href":"https:\/\/brasilnoticias.org\/site\/wp-json\/wp\/v2\/tags?post=1406"}],"curies":[{"name":"wp","href":"https:\/\/api.w.org\/{rel}","templated":true}]}}