{"id":14071,"date":"2024-05-13T14:58:25","date_gmt":"2024-05-13T17:58:25","guid":{"rendered":"https:\/\/brasilnoticias.org\/site\/?p=14071"},"modified":"2024-05-13T14:58:25","modified_gmt":"2024-05-13T17:58:25","slug":"em-confronto-direto-vitoria-perde-para-o-vasco-e-segue-no-z-4-do-brasileirao","status":"publish","type":"post","link":"https:\/\/brasilnoticias.org\/site\/em-confronto-direto-vitoria-perde-para-o-vasco-e-segue-no-z-4-do-brasileirao\/","title":{"rendered":"Em confronto direto, Vit\u00f3ria perde para o Vasco e segue no Z-4 do Brasileir\u00e3o"},"content":{"rendered":"<p>Maicon e Vegetti marcaram para o Cruz-Maltino; Iury Castilho descontou para o Le\u00e3o; partida terminou em 2 x 1 no Est\u00e1dio S\u00e3o Janu\u00e1rio<\/p>\n<p>O inc\u00f4modo do Vit\u00f3ria com a seca de triunfos s\u00f3 aumentou. O Le\u00e3o perdeu para o Vasco por 2 x 1 neste domingo (12) e somou sete jogos sem vencer &#8211; cinco pelo Brasileir\u00e3o. Com a derrota em S\u00e3o Janu\u00e1rio pela sexta rodada, o time permaneceu na zona de rebaixamento com apenas um ponto.<\/p>\n<p>Em rela\u00e7\u00e3o \u00e0 partida, o Rubro-Negro apostou nos contra-ataques com as investidas de Janderson e Matheuzinho, que tiveram duas chances para abrir o placar, mas erraram na conclus\u00e3o. Na segunda etapa, o Cruz-Maltino voltou melhor e, em menos de 10 minutos, fez o necess\u00e1rio para conquistar a vit\u00f3ria.<\/p>\n<p>Com duas assist\u00eancias, o meia Payet foi o &#8220;gar\u00e7om&#8221; da noite. Maicon e Vegetti aproveitaram os belos passes do companheiro para marcarem para a equipe carioca. No fim, Iury Castilho descontou para o time baiano.<\/p>\n<p>O Vit\u00f3ria volta a entrar em campo no pr\u00f3ximo s\u00e1bado (18), quando recebe o Atl\u00e9tico-GO no Barrad\u00e3o, \u00e0s 16h. A partida \u00e9 v\u00e1lida pela s\u00e9tima rodada do campeonato.<\/p>\n<p>FICHA T\u00c9CNICA<\/p>\n<p>Vasco 2 x 1 Vit\u00f3ria<br \/>\nS\u00e9rie A &#8211; 6\u00aa rodada<br \/>\nLocal: Est\u00e1dio S\u00e3o Janu\u00e1rio, no Rio de Janeiro (RJ)<br \/>\nData: 12\/05\/2024 (domingo)<br \/>\nHor\u00e1rio: 18h30<br \/>\n\u00c1rbitro: Raphael Claus (FIFA-SP)<br \/>\nAssistentes: Alex Ang Ribeiro (FIFA-SP) e Daniel Luis Marques (SP)<br \/>\nQuarto \u00e1rbitro: Jos\u00e9 Mendon\u00e7a da Silva J\u00fanior (PR)<br \/>\nVAR: Rodrigo Guarizo Ferreira do Amaral (FIFA-SP)<\/p>\n<p>Gols: Maicon e Vegetti (Vasco) \/ Iury Castilho (Vit\u00f3ria)<br \/>\nCart\u00f5es amarelos: Maicon, Sforza, Galdames, David e Praxedes (Vasco) \/ Iury Castilho (Vit\u00f3ria)<br \/>\nCart\u00e3o vermelho: Camutanga (Vit\u00f3ria)<\/p>\n<p>Vasco: L\u00e9o Jardim; Jo\u00e3o Victor (Paulo Henrique), Maicon, L\u00e9o \u00a9 e Lucas Piton; Sforza, Galdames (Mateus Carvalho) e Payet (Praxedes); Rossi (Adson) (Puma Rodr\u00edguez), David e Vegetti. T\u00e9cnico: Rafael Paiva<\/p>\n<p>Vit\u00f3ria: Lucas Arcanjo; Willean Lepo (Zeca), Camutanga \u00a9, Reynaldo e PK; Luan Santos (Iury Castilho), Dudu e Rodrigo Andrade; Matheuzinho (Jean Mota), Janderson (Luiz Adriano) e Alerrandro (Z\u00e9 Hugo). T\u00e9cnico: L\u00e9o Cond\u00e9<\/p>\n<p>Foto: Victor Ferreira\/EC Vit\u00f3ria<br \/>\nPor: Jos\u00e9 Gabriel<\/p>\n","protected":false},"excerpt":{"rendered":"<p>Maicon e Vegetti marcaram para o Cruz-Maltino; Iury Castilho descontou para o Le\u00e3o; partida terminou em 2 x 1 no<\/p>\n","protected":false},"author":4,"featured_media":14072,"comment_status":"open","ping_status":"open","sticky":false,"template":"","format":"standard","meta":{"colormag_page_container_layout":"default_layout","colormag_page_sidebar_layout":"default_layout","_FSMCFIC_featured_image_caption":"","_FSMCFIC_featured_image_nocaption":"","_FSMCFIC_featured_image_hide":"","footnotes":""},"categories":[4,1],"tags":[],"class_list":["post-14071","post","type-post","status-publish","format-standard","has-post-thumbnail","hentry","category-esporte","category-ultimas"],"yoast_head":"<!-- This site is optimized with the Yoast SEO plugin v27.1.1 - https:\/\/yoast.com\/product\/yoast-seo-wordpress\/ -->\n<title>Em confronto direto, Vit\u00f3ria perde para o Vasco e segue no Z-4 do Brasileir\u00e3o - Brasil not\u00edcias<\/title>\n<meta name=\"robots\" content=\"index, follow, max-snippet:-1, max-image-preview:large, max-video-preview:-1\" \/>\n<link rel=\"canonical\" href=\"https:\/\/brasilnoticias.org\/site\/em-confronto-direto-vitoria-perde-para-o-vasco-e-segue-no-z-4-do-brasileirao\/\" \/>\n<meta property=\"og:locale\" content=\"pt_PT\" \/>\n<meta property=\"og:type\" content=\"article\" \/>\n<meta property=\"og:title\" content=\"Em confronto direto, Vit\u00f3ria perde para o Vasco e segue no Z-4 do Brasileir\u00e3o - Brasil not\u00edcias\" \/>\n<meta property=\"og:description\" content=\"Maicon e Vegetti marcaram para o Cruz-Maltino; Iury Castilho descontou para o Le\u00e3o; partida terminou em 2 x 1 no\" \/>\n<meta property=\"og:url\" content=\"https:\/\/brasilnoticias.org\/site\/em-confronto-direto-vitoria-perde-para-o-vasco-e-segue-no-z-4-do-brasileirao\/\" \/>\n<meta property=\"og:site_name\" content=\"Brasil not\u00edcias\" \/>\n<meta property=\"article:published_time\" content=\"2024-05-13T17:58:25+00:00\" \/>\n<meta property=\"og:image\" content=\"https:\/\/brasilnoticias.org\/site\/wp-content\/uploads\/2024\/05\/150026em-confronto-direto-vitoria-perde-para-o-vasco-e-segue-no-z-4-do-brasileirao-3.jpg\" \/>\n\t<meta property=\"og:image:width\" content=\"1600\" \/>\n\t<meta property=\"og:image:height\" content=\"752\" \/>\n\t<meta property=\"og:image:type\" content=\"image\/jpeg\" \/>\n<meta name=\"author\" content=\"Reda\u00e7\u00e3o\" \/>\n<meta name=\"twitter:card\" content=\"summary_large_image\" \/>\n<meta name=\"twitter:label1\" content=\"Escrito por\" \/>\n\t<meta name=\"twitter:data1\" content=\"Reda\u00e7\u00e3o\" \/>\n<script type=\"application\/ld+json\" class=\"yoast-schema-graph\">{\"@context\":\"https:\/\/schema.org\",\"@graph\":[{\"@type\":\"Article\",\"@id\":\"https:\/\/brasilnoticias.org\/site\/em-confronto-direto-vitoria-perde-para-o-vasco-e-segue-no-z-4-do-brasileirao\/#article\",\"isPartOf\":{\"@id\":\"https:\/\/brasilnoticias.org\/site\/em-confronto-direto-vitoria-perde-para-o-vasco-e-segue-no-z-4-do-brasileirao\/\"},\"author\":{\"name\":\"Reda\u00e7\u00e3o\",\"@id\":\"https:\/\/brasilnoticias.org\/site\/#\/schema\/person\/03bbbfe6c7634ad18c26444ea39049fa\"},\"headline\":\"Em confronto direto, Vit\u00f3ria perde para o Vasco e segue no Z-4 do Brasileir\u00e3o\",\"datePublished\":\"2024-05-13T17:58:25+00:00\",\"mainEntityOfPage\":{\"@id\":\"https:\/\/brasilnoticias.org\/site\/em-confronto-direto-vitoria-perde-para-o-vasco-e-segue-no-z-4-do-brasileirao\/\"},\"wordCount\":384,\"commentCount\":0,\"publisher\":{\"@id\":\"https:\/\/brasilnoticias.org\/site\/#organization\"},\"image\":{\"@id\":\"https:\/\/brasilnoticias.org\/site\/em-confronto-direto-vitoria-perde-para-o-vasco-e-segue-no-z-4-do-brasileirao\/#primaryimage\"},\"thumbnailUrl\":\"https:\/\/brasilnoticias.org\/site\/wp-content\/uploads\/2024\/05\/150026em-confronto-direto-vitoria-perde-para-o-vasco-e-segue-no-z-4-do-brasileirao-3.jpg\",\"articleSection\":[\"Esporte\",\"\u00daltimas\"],\"inLanguage\":\"pt-PT\",\"potentialAction\":[{\"@type\":\"CommentAction\",\"name\":\"Comment\",\"target\":[\"https:\/\/brasilnoticias.org\/site\/em-confronto-direto-vitoria-perde-para-o-vasco-e-segue-no-z-4-do-brasileirao\/#respond\"]}]},{\"@type\":\"WebPage\",\"@id\":\"https:\/\/brasilnoticias.org\/site\/em-confronto-direto-vitoria-perde-para-o-vasco-e-segue-no-z-4-do-brasileirao\/\",\"url\":\"https:\/\/brasilnoticias.org\/site\/em-confronto-direto-vitoria-perde-para-o-vasco-e-segue-no-z-4-do-brasileirao\/\",\"name\":\"Em confronto direto, Vit\u00f3ria perde para o Vasco e segue no Z-4 do Brasileir\u00e3o - Brasil not\u00edcias\",\"isPartOf\":{\"@id\":\"https:\/\/brasilnoticias.org\/site\/#website\"},\"primaryImageOfPage\":{\"@id\":\"https:\/\/brasilnoticias.org\/site\/em-confronto-direto-vitoria-perde-para-o-vasco-e-segue-no-z-4-do-brasileirao\/#primaryimage\"},\"image\":{\"@id\":\"https:\/\/brasilnoticias.org\/site\/em-confronto-direto-vitoria-perde-para-o-vasco-e-segue-no-z-4-do-brasileirao\/#primaryimage\"},\"thumbnailUrl\":\"https:\/\/brasilnoticias.org\/site\/wp-content\/uploads\/2024\/05\/150026em-confronto-direto-vitoria-perde-para-o-vasco-e-segue-no-z-4-do-brasileirao-3.jpg\",\"datePublished\":\"2024-05-13T17:58:25+00:00\",\"breadcrumb\":{\"@id\":\"https:\/\/brasilnoticias.org\/site\/em-confronto-direto-vitoria-perde-para-o-vasco-e-segue-no-z-4-do-brasileirao\/#breadcrumb\"},\"inLanguage\":\"pt-PT\",\"potentialAction\":[{\"@type\":\"ReadAction\",\"target\":[\"https:\/\/brasilnoticias.org\/site\/em-confronto-direto-vitoria-perde-para-o-vasco-e-segue-no-z-4-do-brasileirao\/\"]}]},{\"@type\":\"ImageObject\",\"inLanguage\":\"pt-PT\",\"@id\":\"https:\/\/brasilnoticias.org\/site\/em-confronto-direto-vitoria-perde-para-o-vasco-e-segue-no-z-4-do-brasileirao\/#primaryimage\",\"url\":\"https:\/\/brasilnoticias.org\/site\/wp-content\/uploads\/2024\/05\/150026em-confronto-direto-vitoria-perde-para-o-vasco-e-segue-no-z-4-do-brasileirao-3.jpg\",\"contentUrl\":\"https:\/\/brasilnoticias.org\/site\/wp-content\/uploads\/2024\/05\/150026em-confronto-direto-vitoria-perde-para-o-vasco-e-segue-no-z-4-do-brasileirao-3.jpg\",\"width\":1600,\"height\":752},{\"@type\":\"BreadcrumbList\",\"@id\":\"https:\/\/brasilnoticias.org\/site\/em-confronto-direto-vitoria-perde-para-o-vasco-e-segue-no-z-4-do-brasileirao\/#breadcrumb\",\"itemListElement\":[{\"@type\":\"ListItem\",\"position\":1,\"name\":\"In\u00edcio\",\"item\":\"https:\/\/brasilnoticias.org\/site\/\"},{\"@type\":\"ListItem\",\"position\":2,\"name\":\"Em confronto direto, Vit\u00f3ria perde para o Vasco e segue no Z-4 do Brasileir\u00e3o\"}]},{\"@type\":\"WebSite\",\"@id\":\"https:\/\/brasilnoticias.org\/site\/#website\",\"url\":\"https:\/\/brasilnoticias.org\/site\/\",\"name\":\"Brasil not\u00edcias\",\"description\":\"Brasil not\u00edcias\",\"publisher\":{\"@id\":\"https:\/\/brasilnoticias.org\/site\/#organization\"},\"potentialAction\":[{\"@type\":\"SearchAction\",\"target\":{\"@type\":\"EntryPoint\",\"urlTemplate\":\"https:\/\/brasilnoticias.org\/site\/?s={search_term_string}\"},\"query-input\":{\"@type\":\"PropertyValueSpecification\",\"valueRequired\":true,\"valueName\":\"search_term_string\"}}],\"inLanguage\":\"pt-PT\"},{\"@type\":\"Organization\",\"@id\":\"https:\/\/brasilnoticias.org\/site\/#organization\",\"name\":\"Brasil not\u00edcias\",\"url\":\"https:\/\/brasilnoticias.org\/site\/\",\"logo\":{\"@type\":\"ImageObject\",\"inLanguage\":\"pt-PT\",\"@id\":\"https:\/\/brasilnoticias.org\/site\/#\/schema\/logo\/image\/\",\"url\":\"https:\/\/brasilnoticias.org\/site\/wp-content\/uploads\/2022\/05\/cropped-brasilnoticias-mini.jpg\",\"contentUrl\":\"https:\/\/brasilnoticias.org\/site\/wp-content\/uploads\/2022\/05\/cropped-brasilnoticias-mini.jpg\",\"width\":314,\"height\":86,\"caption\":\"Brasil not\u00edcias\"},\"image\":{\"@id\":\"https:\/\/brasilnoticias.org\/site\/#\/schema\/logo\/image\/\"}},{\"@type\":\"Person\",\"@id\":\"https:\/\/brasilnoticias.org\/site\/#\/schema\/person\/03bbbfe6c7634ad18c26444ea39049fa\",\"name\":\"Reda\u00e7\u00e3o\",\"image\":{\"@type\":\"ImageObject\",\"inLanguage\":\"pt-PT\",\"@id\":\"https:\/\/brasilnoticias.org\/site\/#\/schema\/person\/image\/\",\"url\":\"https:\/\/secure.gravatar.com\/avatar\/9ecaf7327a696cb23ad926fedded5f1f04d7049de9e445375d55b48c001a6e42?s=96&d=mm&r=g\",\"contentUrl\":\"https:\/\/secure.gravatar.com\/avatar\/9ecaf7327a696cb23ad926fedded5f1f04d7049de9e445375d55b48c001a6e42?s=96&d=mm&r=g\",\"caption\":\"Reda\u00e7\u00e3o\"},\"url\":\"https:\/\/brasilnoticias.org\/site\/author\/henrique\/\"}]}<\/script>\n<!-- \/ Yoast SEO plugin. -->","yoast_head_json":{"title":"Em confronto direto, Vit\u00f3ria perde para o Vasco e segue no Z-4 do Brasileir\u00e3o - Brasil not\u00edcias","robots":{"index":"index","follow":"follow","max-snippet":"max-snippet:-1","max-image-preview":"max-image-preview:large","max-video-preview":"max-video-preview:-1"},"canonical":"https:\/\/brasilnoticias.org\/site\/em-confronto-direto-vitoria-perde-para-o-vasco-e-segue-no-z-4-do-brasileirao\/","og_locale":"pt_PT","og_type":"article","og_title":"Em confronto direto, Vit\u00f3ria perde para o Vasco e segue no Z-4 do Brasileir\u00e3o - Brasil not\u00edcias","og_description":"Maicon e Vegetti marcaram para o Cruz-Maltino; Iury Castilho descontou para o Le\u00e3o; partida terminou em 2 x 1 no","og_url":"https:\/\/brasilnoticias.org\/site\/em-confronto-direto-vitoria-perde-para-o-vasco-e-segue-no-z-4-do-brasileirao\/","og_site_name":"Brasil not\u00edcias","article_published_time":"2024-05-13T17:58:25+00:00","og_image":[{"width":1600,"height":752,"url":"https:\/\/brasilnoticias.org\/site\/wp-content\/uploads\/2024\/05\/150026em-confronto-direto-vitoria-perde-para-o-vasco-e-segue-no-z-4-do-brasileirao-3.jpg","type":"image\/jpeg"}],"author":"Reda\u00e7\u00e3o","twitter_card":"summary_large_image","twitter_misc":{"Escrito por":"Reda\u00e7\u00e3o"},"schema":{"@context":"https:\/\/schema.org","@graph":[{"@type":"Article","@id":"https:\/\/brasilnoticias.org\/site\/em-confronto-direto-vitoria-perde-para-o-vasco-e-segue-no-z-4-do-brasileirao\/#article","isPartOf":{"@id":"https:\/\/brasilnoticias.org\/site\/em-confronto-direto-vitoria-perde-para-o-vasco-e-segue-no-z-4-do-brasileirao\/"},"author":{"name":"Reda\u00e7\u00e3o","@id":"https:\/\/brasilnoticias.org\/site\/#\/schema\/person\/03bbbfe6c7634ad18c26444ea39049fa"},"headline":"Em confronto direto, Vit\u00f3ria perde para o Vasco e segue no Z-4 do Brasileir\u00e3o","datePublished":"2024-05-13T17:58:25+00:00","mainEntityOfPage":{"@id":"https:\/\/brasilnoticias.org\/site\/em-confronto-direto-vitoria-perde-para-o-vasco-e-segue-no-z-4-do-brasileirao\/"},"wordCount":384,"commentCount":0,"publisher":{"@id":"https:\/\/brasilnoticias.org\/site\/#organization"},"image":{"@id":"https:\/\/brasilnoticias.org\/site\/em-confronto-direto-vitoria-perde-para-o-vasco-e-segue-no-z-4-do-brasileirao\/#primaryimage"},"thumbnailUrl":"https:\/\/brasilnoticias.org\/site\/wp-content\/uploads\/2024\/05\/150026em-confronto-direto-vitoria-perde-para-o-vasco-e-segue-no-z-4-do-brasileirao-3.jpg","articleSection":["Esporte","\u00daltimas"],"inLanguage":"pt-PT","potentialAction":[{"@type":"CommentAction","name":"Comment","target":["https:\/\/brasilnoticias.org\/site\/em-confronto-direto-vitoria-perde-para-o-vasco-e-segue-no-z-4-do-brasileirao\/#respond"]}]},{"@type":"WebPage","@id":"https:\/\/brasilnoticias.org\/site\/em-confronto-direto-vitoria-perde-para-o-vasco-e-segue-no-z-4-do-brasileirao\/","url":"https:\/\/brasilnoticias.org\/site\/em-confronto-direto-vitoria-perde-para-o-vasco-e-segue-no-z-4-do-brasileirao\/","name":"Em confronto direto, Vit\u00f3ria perde para o Vasco e segue no Z-4 do Brasileir\u00e3o - Brasil not\u00edcias","isPartOf":{"@id":"https:\/\/brasilnoticias.org\/site\/#website"},"primaryImageOfPage":{"@id":"https:\/\/brasilnoticias.org\/site\/em-confronto-direto-vitoria-perde-para-o-vasco-e-segue-no-z-4-do-brasileirao\/#primaryimage"},"image":{"@id":"https:\/\/brasilnoticias.org\/site\/em-confronto-direto-vitoria-perde-para-o-vasco-e-segue-no-z-4-do-brasileirao\/#primaryimage"},"thumbnailUrl":"https:\/\/brasilnoticias.org\/site\/wp-content\/uploads\/2024\/05\/150026em-confronto-direto-vitoria-perde-para-o-vasco-e-segue-no-z-4-do-brasileirao-3.jpg","datePublished":"2024-05-13T17:58:25+00:00","breadcrumb":{"@id":"https:\/\/brasilnoticias.org\/site\/em-confronto-direto-vitoria-perde-para-o-vasco-e-segue-no-z-4-do-brasileirao\/#breadcrumb"},"inLanguage":"pt-PT","potentialAction":[{"@type":"ReadAction","target":["https:\/\/brasilnoticias.org\/site\/em-confronto-direto-vitoria-perde-para-o-vasco-e-segue-no-z-4-do-brasileirao\/"]}]},{"@type":"ImageObject","inLanguage":"pt-PT","@id":"https:\/\/brasilnoticias.org\/site\/em-confronto-direto-vitoria-perde-para-o-vasco-e-segue-no-z-4-do-brasileirao\/#primaryimage","url":"https:\/\/brasilnoticias.org\/site\/wp-content\/uploads\/2024\/05\/150026em-confronto-direto-vitoria-perde-para-o-vasco-e-segue-no-z-4-do-brasileirao-3.jpg","contentUrl":"https:\/\/brasilnoticias.org\/site\/wp-content\/uploads\/2024\/05\/150026em-confronto-direto-vitoria-perde-para-o-vasco-e-segue-no-z-4-do-brasileirao-3.jpg","width":1600,"height":752},{"@type":"BreadcrumbList","@id":"https:\/\/brasilnoticias.org\/site\/em-confronto-direto-vitoria-perde-para-o-vasco-e-segue-no-z-4-do-brasileirao\/#breadcrumb","itemListElement":[{"@type":"ListItem","position":1,"name":"In\u00edcio","item":"https:\/\/brasilnoticias.org\/site\/"},{"@type":"ListItem","position":2,"name":"Em confronto direto, Vit\u00f3ria perde para o Vasco e segue no Z-4 do Brasileir\u00e3o"}]},{"@type":"WebSite","@id":"https:\/\/brasilnoticias.org\/site\/#website","url":"https:\/\/brasilnoticias.org\/site\/","name":"Brasil not\u00edcias","description":"Brasil not\u00edcias","publisher":{"@id":"https:\/\/brasilnoticias.org\/site\/#organization"},"potentialAction":[{"@type":"SearchAction","target":{"@type":"EntryPoint","urlTemplate":"https:\/\/brasilnoticias.org\/site\/?s={search_term_string}"},"query-input":{"@type":"PropertyValueSpecification","valueRequired":true,"valueName":"search_term_string"}}],"inLanguage":"pt-PT"},{"@type":"Organization","@id":"https:\/\/brasilnoticias.org\/site\/#organization","name":"Brasil not\u00edcias","url":"https:\/\/brasilnoticias.org\/site\/","logo":{"@type":"ImageObject","inLanguage":"pt-PT","@id":"https:\/\/brasilnoticias.org\/site\/#\/schema\/logo\/image\/","url":"https:\/\/brasilnoticias.org\/site\/wp-content\/uploads\/2022\/05\/cropped-brasilnoticias-mini.jpg","contentUrl":"https:\/\/brasilnoticias.org\/site\/wp-content\/uploads\/2022\/05\/cropped-brasilnoticias-mini.jpg","width":314,"height":86,"caption":"Brasil not\u00edcias"},"image":{"@id":"https:\/\/brasilnoticias.org\/site\/#\/schema\/logo\/image\/"}},{"@type":"Person","@id":"https:\/\/brasilnoticias.org\/site\/#\/schema\/person\/03bbbfe6c7634ad18c26444ea39049fa","name":"Reda\u00e7\u00e3o","image":{"@type":"ImageObject","inLanguage":"pt-PT","@id":"https:\/\/brasilnoticias.org\/site\/#\/schema\/person\/image\/","url":"https:\/\/secure.gravatar.com\/avatar\/9ecaf7327a696cb23ad926fedded5f1f04d7049de9e445375d55b48c001a6e42?s=96&d=mm&r=g","contentUrl":"https:\/\/secure.gravatar.com\/avatar\/9ecaf7327a696cb23ad926fedded5f1f04d7049de9e445375d55b48c001a6e42?s=96&d=mm&r=g","caption":"Reda\u00e7\u00e3o"},"url":"https:\/\/brasilnoticias.org\/site\/author\/henrique\/"}]}},"_links":{"self":[{"href":"https:\/\/brasilnoticias.org\/site\/wp-json\/wp\/v2\/posts\/14071","targetHints":{"allow":["GET"]}}],"collection":[{"href":"https:\/\/brasilnoticias.org\/site\/wp-json\/wp\/v2\/posts"}],"about":[{"href":"https:\/\/brasilnoticias.org\/site\/wp-json\/wp\/v2\/types\/post"}],"author":[{"embeddable":true,"href":"https:\/\/brasilnoticias.org\/site\/wp-json\/wp\/v2\/users\/4"}],"replies":[{"embeddable":true,"href":"https:\/\/brasilnoticias.org\/site\/wp-json\/wp\/v2\/comments?post=14071"}],"version-history":[{"count":1,"href":"https:\/\/brasilnoticias.org\/site\/wp-json\/wp\/v2\/posts\/14071\/revisions"}],"predecessor-version":[{"id":14073,"href":"https:\/\/brasilnoticias.org\/site\/wp-json\/wp\/v2\/posts\/14071\/revisions\/14073"}],"wp:featuredmedia":[{"embeddable":true,"href":"https:\/\/brasilnoticias.org\/site\/wp-json\/wp\/v2\/media\/14072"}],"wp:attachment":[{"href":"https:\/\/brasilnoticias.org\/site\/wp-json\/wp\/v2\/media?parent=14071"}],"wp:term":[{"taxonomy":"category","embeddable":true,"href":"https:\/\/brasilnoticias.org\/site\/wp-json\/wp\/v2\/categories?post=14071"},{"taxonomy":"post_tag","embeddable":true,"href":"https:\/\/brasilnoticias.org\/site\/wp-json\/wp\/v2\/tags?post=14071"}],"curies":[{"name":"wp","href":"https:\/\/api.w.org\/{rel}","templated":true}]}}