{"id":14084,"date":"2024-05-13T15:03:23","date_gmt":"2024-05-13T18:03:23","guid":{"rendered":"https:\/\/brasilnoticias.org\/site\/?p=14084"},"modified":"2024-05-13T15:03:23","modified_gmt":"2024-05-13T18:03:23","slug":"vice-presidente-do-gremio-critica-cbf-apos-conselho-sobre-paralisacao-do-campeonato-brasileiro","status":"publish","type":"post","link":"https:\/\/brasilnoticias.org\/site\/vice-presidente-do-gremio-critica-cbf-apos-conselho-sobre-paralisacao-do-campeonato-brasileiro\/","title":{"rendered":"Vice-presidente do Gr\u00eamio critica CBF ap\u00f3s conselho sobre paralisa\u00e7\u00e3o do Campeonato Brasileiro"},"content":{"rendered":"<p>Declara\u00e7\u00e3o foi feita em suas redes sociais na noite de domingo (12)<\/p>\n<p>Em publica\u00e7\u00e3o nas suas redes sociais na noite de domingo (12), o vice-presidente de futebol do Gr\u00eamio, Ant\u00f4nio Brum, criticou a Confedera\u00e7\u00e3o Brasileira de Futebol (CBF), ap\u00f3s o \u00f3rg\u00e3o marcar para o dia 27 de maio um Conselho T\u00e9cnico Extraordin\u00e1rio para discutir uma poss\u00edvel paralisa\u00e7\u00e3o da S\u00e9rie A.<\/p>\n<p>\u201cDiscutir a paralisa\u00e7\u00e3o do Brasileir\u00e3o no dia 27\/05? Que tipo de brincadeira de mau gosto \u00e9 essa, CBF? Voc\u00eas realmente n\u00e3o entenderam o que estamos passando aqui\u201d, escreveu o dirigente.<\/p>\n<p>A convoca\u00e7\u00e3o foi feita no domingo (12) e contar\u00e1 com representantes de todos os 20 clubes da Serie A. A solicita\u00e7\u00e3o para que o campeonado seja paralisado j\u00e1 foi feita pelo Minist\u00e9rio do Esporte, al\u00e9m dos clubes do Gr\u00eamio, Internacional e Juventude. Os jogos dos times ga\u00fachos foram adiados at\u00e9 o dia 27 de maio.<\/p>\n<p>A paralisa\u00e7\u00e3o do campeonado \u00e9 solicitada em meio \u00e0s fortes chuvas e enchentes que acometeram o estado do Rio Grande do Sul. At\u00e9 o momento, 145 pessoas foram mortas e mais de 120 continuam desaparecidas.<\/p>\n<p>Foto: Lucas Uebel\/Gr\u00eamio FBPA<br \/>\nPor: Metro1<\/p>\n","protected":false},"excerpt":{"rendered":"<p>Declara\u00e7\u00e3o foi feita em suas redes sociais na noite de domingo (12) Em publica\u00e7\u00e3o nas suas redes sociais na noite<\/p>\n","protected":false},"author":4,"featured_media":14085,"comment_status":"open","ping_status":"open","sticky":false,"template":"","format":"standard","meta":{"colormag_page_container_layout":"default_layout","colormag_page_sidebar_layout":"default_layout","_FSMCFIC_featured_image_caption":"","_FSMCFIC_featured_image_nocaption":"","_FSMCFIC_featured_image_hide":"","footnotes":""},"categories":[4,1],"tags":[],"class_list":["post-14084","post","type-post","status-publish","format-standard","has-post-thumbnail","hentry","category-esporte","category-ultimas"],"yoast_head":"<!-- This site is optimized with the Yoast SEO plugin v27.1.1 - https:\/\/yoast.com\/product\/yoast-seo-wordpress\/ -->\n<title>Vice-presidente do Gr\u00eamio critica CBF ap\u00f3s conselho sobre paralisa\u00e7\u00e3o do Campeonato Brasileiro - Brasil not\u00edcias<\/title>\n<meta name=\"robots\" content=\"index, follow, max-snippet:-1, max-image-preview:large, max-video-preview:-1\" \/>\n<link rel=\"canonical\" href=\"https:\/\/brasilnoticias.org\/site\/vice-presidente-do-gremio-critica-cbf-apos-conselho-sobre-paralisacao-do-campeonato-brasileiro\/\" \/>\n<meta property=\"og:locale\" content=\"pt_PT\" \/>\n<meta property=\"og:type\" content=\"article\" \/>\n<meta property=\"og:title\" content=\"Vice-presidente do Gr\u00eamio critica CBF ap\u00f3s conselho sobre paralisa\u00e7\u00e3o do Campeonato Brasileiro - Brasil not\u00edcias\" \/>\n<meta property=\"og:description\" content=\"Declara\u00e7\u00e3o foi feita em suas redes sociais na noite de domingo (12) Em publica\u00e7\u00e3o nas suas redes sociais na noite\" \/>\n<meta property=\"og:url\" content=\"https:\/\/brasilnoticias.org\/site\/vice-presidente-do-gremio-critica-cbf-apos-conselho-sobre-paralisacao-do-campeonato-brasileiro\/\" \/>\n<meta property=\"og:site_name\" content=\"Brasil not\u00edcias\" \/>\n<meta property=\"article:published_time\" content=\"2024-05-13T18:03:23+00:00\" \/>\n<meta property=\"og:image\" content=\"https:\/\/brasilnoticias.org\/site\/wp-content\/uploads\/2024\/05\/150033vice-presidente-do-gremio-critica-cbf-apos-conselho-sobre-paralisacao-do-campeonato-brasileiro-3.jpg\" \/>\n\t<meta property=\"og:image:width\" content=\"1600\" \/>\n\t<meta property=\"og:image:height\" content=\"752\" \/>\n\t<meta property=\"og:image:type\" content=\"image\/jpeg\" \/>\n<meta name=\"author\" content=\"Reda\u00e7\u00e3o\" \/>\n<meta name=\"twitter:card\" content=\"summary_large_image\" \/>\n<meta name=\"twitter:label1\" content=\"Escrito por\" \/>\n\t<meta name=\"twitter:data1\" content=\"Reda\u00e7\u00e3o\" \/>\n\t<meta name=\"twitter:label2\" content=\"Tempo estimado de leitura\" \/>\n\t<meta name=\"twitter:data2\" content=\"1 minuto\" \/>\n<script type=\"application\/ld+json\" class=\"yoast-schema-graph\">{\"@context\":\"https:\/\/schema.org\",\"@graph\":[{\"@type\":\"Article\",\"@id\":\"https:\/\/brasilnoticias.org\/site\/vice-presidente-do-gremio-critica-cbf-apos-conselho-sobre-paralisacao-do-campeonato-brasileiro\/#article\",\"isPartOf\":{\"@id\":\"https:\/\/brasilnoticias.org\/site\/vice-presidente-do-gremio-critica-cbf-apos-conselho-sobre-paralisacao-do-campeonato-brasileiro\/\"},\"author\":{\"name\":\"Reda\u00e7\u00e3o\",\"@id\":\"https:\/\/brasilnoticias.org\/site\/#\/schema\/person\/03bbbfe6c7634ad18c26444ea39049fa\"},\"headline\":\"Vice-presidente do Gr\u00eamio critica CBF ap\u00f3s conselho sobre paralisa\u00e7\u00e3o do Campeonato Brasileiro\",\"datePublished\":\"2024-05-13T18:03:23+00:00\",\"mainEntityOfPage\":{\"@id\":\"https:\/\/brasilnoticias.org\/site\/vice-presidente-do-gremio-critica-cbf-apos-conselho-sobre-paralisacao-do-campeonato-brasileiro\/\"},\"wordCount\":215,\"commentCount\":0,\"publisher\":{\"@id\":\"https:\/\/brasilnoticias.org\/site\/#organization\"},\"image\":{\"@id\":\"https:\/\/brasilnoticias.org\/site\/vice-presidente-do-gremio-critica-cbf-apos-conselho-sobre-paralisacao-do-campeonato-brasileiro\/#primaryimage\"},\"thumbnailUrl\":\"https:\/\/brasilnoticias.org\/site\/wp-content\/uploads\/2024\/05\/150033vice-presidente-do-gremio-critica-cbf-apos-conselho-sobre-paralisacao-do-campeonato-brasileiro-3.jpg\",\"articleSection\":[\"Esporte\",\"\u00daltimas\"],\"inLanguage\":\"pt-PT\",\"potentialAction\":[{\"@type\":\"CommentAction\",\"name\":\"Comment\",\"target\":[\"https:\/\/brasilnoticias.org\/site\/vice-presidente-do-gremio-critica-cbf-apos-conselho-sobre-paralisacao-do-campeonato-brasileiro\/#respond\"]}]},{\"@type\":\"WebPage\",\"@id\":\"https:\/\/brasilnoticias.org\/site\/vice-presidente-do-gremio-critica-cbf-apos-conselho-sobre-paralisacao-do-campeonato-brasileiro\/\",\"url\":\"https:\/\/brasilnoticias.org\/site\/vice-presidente-do-gremio-critica-cbf-apos-conselho-sobre-paralisacao-do-campeonato-brasileiro\/\",\"name\":\"Vice-presidente do Gr\u00eamio critica CBF ap\u00f3s conselho sobre paralisa\u00e7\u00e3o do Campeonato Brasileiro - Brasil not\u00edcias\",\"isPartOf\":{\"@id\":\"https:\/\/brasilnoticias.org\/site\/#website\"},\"primaryImageOfPage\":{\"@id\":\"https:\/\/brasilnoticias.org\/site\/vice-presidente-do-gremio-critica-cbf-apos-conselho-sobre-paralisacao-do-campeonato-brasileiro\/#primaryimage\"},\"image\":{\"@id\":\"https:\/\/brasilnoticias.org\/site\/vice-presidente-do-gremio-critica-cbf-apos-conselho-sobre-paralisacao-do-campeonato-brasileiro\/#primaryimage\"},\"thumbnailUrl\":\"https:\/\/brasilnoticias.org\/site\/wp-content\/uploads\/2024\/05\/150033vice-presidente-do-gremio-critica-cbf-apos-conselho-sobre-paralisacao-do-campeonato-brasileiro-3.jpg\",\"datePublished\":\"2024-05-13T18:03:23+00:00\",\"breadcrumb\":{\"@id\":\"https:\/\/brasilnoticias.org\/site\/vice-presidente-do-gremio-critica-cbf-apos-conselho-sobre-paralisacao-do-campeonato-brasileiro\/#breadcrumb\"},\"inLanguage\":\"pt-PT\",\"potentialAction\":[{\"@type\":\"ReadAction\",\"target\":[\"https:\/\/brasilnoticias.org\/site\/vice-presidente-do-gremio-critica-cbf-apos-conselho-sobre-paralisacao-do-campeonato-brasileiro\/\"]}]},{\"@type\":\"ImageObject\",\"inLanguage\":\"pt-PT\",\"@id\":\"https:\/\/brasilnoticias.org\/site\/vice-presidente-do-gremio-critica-cbf-apos-conselho-sobre-paralisacao-do-campeonato-brasileiro\/#primaryimage\",\"url\":\"https:\/\/brasilnoticias.org\/site\/wp-content\/uploads\/2024\/05\/150033vice-presidente-do-gremio-critica-cbf-apos-conselho-sobre-paralisacao-do-campeonato-brasileiro-3.jpg\",\"contentUrl\":\"https:\/\/brasilnoticias.org\/site\/wp-content\/uploads\/2024\/05\/150033vice-presidente-do-gremio-critica-cbf-apos-conselho-sobre-paralisacao-do-campeonato-brasileiro-3.jpg\",\"width\":1600,\"height\":752},{\"@type\":\"BreadcrumbList\",\"@id\":\"https:\/\/brasilnoticias.org\/site\/vice-presidente-do-gremio-critica-cbf-apos-conselho-sobre-paralisacao-do-campeonato-brasileiro\/#breadcrumb\",\"itemListElement\":[{\"@type\":\"ListItem\",\"position\":1,\"name\":\"In\u00edcio\",\"item\":\"https:\/\/brasilnoticias.org\/site\/\"},{\"@type\":\"ListItem\",\"position\":2,\"name\":\"Vice-presidente do Gr\u00eamio critica CBF ap\u00f3s conselho sobre paralisa\u00e7\u00e3o do Campeonato Brasileiro\"}]},{\"@type\":\"WebSite\",\"@id\":\"https:\/\/brasilnoticias.org\/site\/#website\",\"url\":\"https:\/\/brasilnoticias.org\/site\/\",\"name\":\"Brasil not\u00edcias\",\"description\":\"Brasil not\u00edcias\",\"publisher\":{\"@id\":\"https:\/\/brasilnoticias.org\/site\/#organization\"},\"potentialAction\":[{\"@type\":\"SearchAction\",\"target\":{\"@type\":\"EntryPoint\",\"urlTemplate\":\"https:\/\/brasilnoticias.org\/site\/?s={search_term_string}\"},\"query-input\":{\"@type\":\"PropertyValueSpecification\",\"valueRequired\":true,\"valueName\":\"search_term_string\"}}],\"inLanguage\":\"pt-PT\"},{\"@type\":\"Organization\",\"@id\":\"https:\/\/brasilnoticias.org\/site\/#organization\",\"name\":\"Brasil not\u00edcias\",\"url\":\"https:\/\/brasilnoticias.org\/site\/\",\"logo\":{\"@type\":\"ImageObject\",\"inLanguage\":\"pt-PT\",\"@id\":\"https:\/\/brasilnoticias.org\/site\/#\/schema\/logo\/image\/\",\"url\":\"https:\/\/brasilnoticias.org\/site\/wp-content\/uploads\/2022\/05\/cropped-brasilnoticias-mini.jpg\",\"contentUrl\":\"https:\/\/brasilnoticias.org\/site\/wp-content\/uploads\/2022\/05\/cropped-brasilnoticias-mini.jpg\",\"width\":314,\"height\":86,\"caption\":\"Brasil not\u00edcias\"},\"image\":{\"@id\":\"https:\/\/brasilnoticias.org\/site\/#\/schema\/logo\/image\/\"}},{\"@type\":\"Person\",\"@id\":\"https:\/\/brasilnoticias.org\/site\/#\/schema\/person\/03bbbfe6c7634ad18c26444ea39049fa\",\"name\":\"Reda\u00e7\u00e3o\",\"image\":{\"@type\":\"ImageObject\",\"inLanguage\":\"pt-PT\",\"@id\":\"https:\/\/brasilnoticias.org\/site\/#\/schema\/person\/image\/\",\"url\":\"https:\/\/secure.gravatar.com\/avatar\/9ecaf7327a696cb23ad926fedded5f1f04d7049de9e445375d55b48c001a6e42?s=96&d=mm&r=g\",\"contentUrl\":\"https:\/\/secure.gravatar.com\/avatar\/9ecaf7327a696cb23ad926fedded5f1f04d7049de9e445375d55b48c001a6e42?s=96&d=mm&r=g\",\"caption\":\"Reda\u00e7\u00e3o\"},\"url\":\"https:\/\/brasilnoticias.org\/site\/author\/henrique\/\"}]}<\/script>\n<!-- \/ Yoast SEO plugin. -->","yoast_head_json":{"title":"Vice-presidente do Gr\u00eamio critica CBF ap\u00f3s conselho sobre paralisa\u00e7\u00e3o do Campeonato Brasileiro - Brasil not\u00edcias","robots":{"index":"index","follow":"follow","max-snippet":"max-snippet:-1","max-image-preview":"max-image-preview:large","max-video-preview":"max-video-preview:-1"},"canonical":"https:\/\/brasilnoticias.org\/site\/vice-presidente-do-gremio-critica-cbf-apos-conselho-sobre-paralisacao-do-campeonato-brasileiro\/","og_locale":"pt_PT","og_type":"article","og_title":"Vice-presidente do Gr\u00eamio critica CBF ap\u00f3s conselho sobre paralisa\u00e7\u00e3o do Campeonato Brasileiro - Brasil not\u00edcias","og_description":"Declara\u00e7\u00e3o foi feita em suas redes sociais na noite de domingo (12) Em publica\u00e7\u00e3o nas suas redes sociais na noite","og_url":"https:\/\/brasilnoticias.org\/site\/vice-presidente-do-gremio-critica-cbf-apos-conselho-sobre-paralisacao-do-campeonato-brasileiro\/","og_site_name":"Brasil not\u00edcias","article_published_time":"2024-05-13T18:03:23+00:00","og_image":[{"width":1600,"height":752,"url":"https:\/\/brasilnoticias.org\/site\/wp-content\/uploads\/2024\/05\/150033vice-presidente-do-gremio-critica-cbf-apos-conselho-sobre-paralisacao-do-campeonato-brasileiro-3.jpg","type":"image\/jpeg"}],"author":"Reda\u00e7\u00e3o","twitter_card":"summary_large_image","twitter_misc":{"Escrito por":"Reda\u00e7\u00e3o","Tempo estimado de leitura":"1 minuto"},"schema":{"@context":"https:\/\/schema.org","@graph":[{"@type":"Article","@id":"https:\/\/brasilnoticias.org\/site\/vice-presidente-do-gremio-critica-cbf-apos-conselho-sobre-paralisacao-do-campeonato-brasileiro\/#article","isPartOf":{"@id":"https:\/\/brasilnoticias.org\/site\/vice-presidente-do-gremio-critica-cbf-apos-conselho-sobre-paralisacao-do-campeonato-brasileiro\/"},"author":{"name":"Reda\u00e7\u00e3o","@id":"https:\/\/brasilnoticias.org\/site\/#\/schema\/person\/03bbbfe6c7634ad18c26444ea39049fa"},"headline":"Vice-presidente do Gr\u00eamio critica CBF ap\u00f3s conselho sobre paralisa\u00e7\u00e3o do Campeonato Brasileiro","datePublished":"2024-05-13T18:03:23+00:00","mainEntityOfPage":{"@id":"https:\/\/brasilnoticias.org\/site\/vice-presidente-do-gremio-critica-cbf-apos-conselho-sobre-paralisacao-do-campeonato-brasileiro\/"},"wordCount":215,"commentCount":0,"publisher":{"@id":"https:\/\/brasilnoticias.org\/site\/#organization"},"image":{"@id":"https:\/\/brasilnoticias.org\/site\/vice-presidente-do-gremio-critica-cbf-apos-conselho-sobre-paralisacao-do-campeonato-brasileiro\/#primaryimage"},"thumbnailUrl":"https:\/\/brasilnoticias.org\/site\/wp-content\/uploads\/2024\/05\/150033vice-presidente-do-gremio-critica-cbf-apos-conselho-sobre-paralisacao-do-campeonato-brasileiro-3.jpg","articleSection":["Esporte","\u00daltimas"],"inLanguage":"pt-PT","potentialAction":[{"@type":"CommentAction","name":"Comment","target":["https:\/\/brasilnoticias.org\/site\/vice-presidente-do-gremio-critica-cbf-apos-conselho-sobre-paralisacao-do-campeonato-brasileiro\/#respond"]}]},{"@type":"WebPage","@id":"https:\/\/brasilnoticias.org\/site\/vice-presidente-do-gremio-critica-cbf-apos-conselho-sobre-paralisacao-do-campeonato-brasileiro\/","url":"https:\/\/brasilnoticias.org\/site\/vice-presidente-do-gremio-critica-cbf-apos-conselho-sobre-paralisacao-do-campeonato-brasileiro\/","name":"Vice-presidente do Gr\u00eamio critica CBF ap\u00f3s conselho sobre paralisa\u00e7\u00e3o do Campeonato Brasileiro - Brasil not\u00edcias","isPartOf":{"@id":"https:\/\/brasilnoticias.org\/site\/#website"},"primaryImageOfPage":{"@id":"https:\/\/brasilnoticias.org\/site\/vice-presidente-do-gremio-critica-cbf-apos-conselho-sobre-paralisacao-do-campeonato-brasileiro\/#primaryimage"},"image":{"@id":"https:\/\/brasilnoticias.org\/site\/vice-presidente-do-gremio-critica-cbf-apos-conselho-sobre-paralisacao-do-campeonato-brasileiro\/#primaryimage"},"thumbnailUrl":"https:\/\/brasilnoticias.org\/site\/wp-content\/uploads\/2024\/05\/150033vice-presidente-do-gremio-critica-cbf-apos-conselho-sobre-paralisacao-do-campeonato-brasileiro-3.jpg","datePublished":"2024-05-13T18:03:23+00:00","breadcrumb":{"@id":"https:\/\/brasilnoticias.org\/site\/vice-presidente-do-gremio-critica-cbf-apos-conselho-sobre-paralisacao-do-campeonato-brasileiro\/#breadcrumb"},"inLanguage":"pt-PT","potentialAction":[{"@type":"ReadAction","target":["https:\/\/brasilnoticias.org\/site\/vice-presidente-do-gremio-critica-cbf-apos-conselho-sobre-paralisacao-do-campeonato-brasileiro\/"]}]},{"@type":"ImageObject","inLanguage":"pt-PT","@id":"https:\/\/brasilnoticias.org\/site\/vice-presidente-do-gremio-critica-cbf-apos-conselho-sobre-paralisacao-do-campeonato-brasileiro\/#primaryimage","url":"https:\/\/brasilnoticias.org\/site\/wp-content\/uploads\/2024\/05\/150033vice-presidente-do-gremio-critica-cbf-apos-conselho-sobre-paralisacao-do-campeonato-brasileiro-3.jpg","contentUrl":"https:\/\/brasilnoticias.org\/site\/wp-content\/uploads\/2024\/05\/150033vice-presidente-do-gremio-critica-cbf-apos-conselho-sobre-paralisacao-do-campeonato-brasileiro-3.jpg","width":1600,"height":752},{"@type":"BreadcrumbList","@id":"https:\/\/brasilnoticias.org\/site\/vice-presidente-do-gremio-critica-cbf-apos-conselho-sobre-paralisacao-do-campeonato-brasileiro\/#breadcrumb","itemListElement":[{"@type":"ListItem","position":1,"name":"In\u00edcio","item":"https:\/\/brasilnoticias.org\/site\/"},{"@type":"ListItem","position":2,"name":"Vice-presidente do Gr\u00eamio critica CBF ap\u00f3s conselho sobre paralisa\u00e7\u00e3o do Campeonato Brasileiro"}]},{"@type":"WebSite","@id":"https:\/\/brasilnoticias.org\/site\/#website","url":"https:\/\/brasilnoticias.org\/site\/","name":"Brasil not\u00edcias","description":"Brasil not\u00edcias","publisher":{"@id":"https:\/\/brasilnoticias.org\/site\/#organization"},"potentialAction":[{"@type":"SearchAction","target":{"@type":"EntryPoint","urlTemplate":"https:\/\/brasilnoticias.org\/site\/?s={search_term_string}"},"query-input":{"@type":"PropertyValueSpecification","valueRequired":true,"valueName":"search_term_string"}}],"inLanguage":"pt-PT"},{"@type":"Organization","@id":"https:\/\/brasilnoticias.org\/site\/#organization","name":"Brasil not\u00edcias","url":"https:\/\/brasilnoticias.org\/site\/","logo":{"@type":"ImageObject","inLanguage":"pt-PT","@id":"https:\/\/brasilnoticias.org\/site\/#\/schema\/logo\/image\/","url":"https:\/\/brasilnoticias.org\/site\/wp-content\/uploads\/2022\/05\/cropped-brasilnoticias-mini.jpg","contentUrl":"https:\/\/brasilnoticias.org\/site\/wp-content\/uploads\/2022\/05\/cropped-brasilnoticias-mini.jpg","width":314,"height":86,"caption":"Brasil not\u00edcias"},"image":{"@id":"https:\/\/brasilnoticias.org\/site\/#\/schema\/logo\/image\/"}},{"@type":"Person","@id":"https:\/\/brasilnoticias.org\/site\/#\/schema\/person\/03bbbfe6c7634ad18c26444ea39049fa","name":"Reda\u00e7\u00e3o","image":{"@type":"ImageObject","inLanguage":"pt-PT","@id":"https:\/\/brasilnoticias.org\/site\/#\/schema\/person\/image\/","url":"https:\/\/secure.gravatar.com\/avatar\/9ecaf7327a696cb23ad926fedded5f1f04d7049de9e445375d55b48c001a6e42?s=96&d=mm&r=g","contentUrl":"https:\/\/secure.gravatar.com\/avatar\/9ecaf7327a696cb23ad926fedded5f1f04d7049de9e445375d55b48c001a6e42?s=96&d=mm&r=g","caption":"Reda\u00e7\u00e3o"},"url":"https:\/\/brasilnoticias.org\/site\/author\/henrique\/"}]}},"_links":{"self":[{"href":"https:\/\/brasilnoticias.org\/site\/wp-json\/wp\/v2\/posts\/14084","targetHints":{"allow":["GET"]}}],"collection":[{"href":"https:\/\/brasilnoticias.org\/site\/wp-json\/wp\/v2\/posts"}],"about":[{"href":"https:\/\/brasilnoticias.org\/site\/wp-json\/wp\/v2\/types\/post"}],"author":[{"embeddable":true,"href":"https:\/\/brasilnoticias.org\/site\/wp-json\/wp\/v2\/users\/4"}],"replies":[{"embeddable":true,"href":"https:\/\/brasilnoticias.org\/site\/wp-json\/wp\/v2\/comments?post=14084"}],"version-history":[{"count":1,"href":"https:\/\/brasilnoticias.org\/site\/wp-json\/wp\/v2\/posts\/14084\/revisions"}],"predecessor-version":[{"id":14086,"href":"https:\/\/brasilnoticias.org\/site\/wp-json\/wp\/v2\/posts\/14084\/revisions\/14086"}],"wp:featuredmedia":[{"embeddable":true,"href":"https:\/\/brasilnoticias.org\/site\/wp-json\/wp\/v2\/media\/14085"}],"wp:attachment":[{"href":"https:\/\/brasilnoticias.org\/site\/wp-json\/wp\/v2\/media?parent=14084"}],"wp:term":[{"taxonomy":"category","embeddable":true,"href":"https:\/\/brasilnoticias.org\/site\/wp-json\/wp\/v2\/categories?post=14084"},{"taxonomy":"post_tag","embeddable":true,"href":"https:\/\/brasilnoticias.org\/site\/wp-json\/wp\/v2\/tags?post=14084"}],"curies":[{"name":"wp","href":"https:\/\/api.w.org\/{rel}","templated":true}]}}