{"id":14087,"date":"2024-05-13T15:06:32","date_gmt":"2024-05-13T18:06:32","guid":{"rendered":"https:\/\/brasilnoticias.org\/site\/?p=14087"},"modified":"2024-05-13T15:06:32","modified_gmt":"2024-05-13T18:06:32","slug":"prefeitura-envia-ao-rio-grande-do-sul-103-mil-litros-de-agua-arrecadados-pela-acao-salvador-solidaria","status":"publish","type":"post","link":"https:\/\/brasilnoticias.org\/site\/prefeitura-envia-ao-rio-grande-do-sul-103-mil-litros-de-agua-arrecadados-pela-acao-salvador-solidaria\/","title":{"rendered":"Prefeitura envia ao Rio Grande do Sul 103 mil litros de \u00e1gua arrecadados pela a\u00e7\u00e3o Salvador Solid\u00e1ria"},"content":{"rendered":"<p>A Prefeitura de Salvador enviou na manh\u00e3 deste s\u00e1bado (11) o primeiro carregamento de donativos arrecadados pela a\u00e7\u00e3o Salvador Solid\u00e1ria para ajudar as v\u00edtimas das chuvas  e das enchentes no Rio Grande do Sul. No total, foram 103 mil litros de \u00e1gua destinados ao estado do Sul, al\u00e9m de materiais de limpeza e outros itens doados pelas pessoas \u00e0 iniciativa, que segue at\u00e9 a pr\u00f3xima quarta-feira (15) com o objetivo de ampliar ainda mais os donativos para a popula\u00e7\u00e3o ga\u00facha. <\/p>\n<p>O prefeito Bruno Reis, a vice-prefeita e secret\u00e1ria municipal da Sa\u00fade, Ana Paula Matos, e o diretor da Defesa Civil de Salvador (Codesal), Sosthenes Macedo, dentre outras autoridades municipais, acompanharam a sa\u00edda dos caminh\u00f5es que v\u00e3o levar as doa\u00e7\u00f5es. <\/p>\n<p>A log\u00edstica conta com o apoio dos Correios, da empresa Vinhedos Transportes, do Ex\u00e9rcito Brasileiro e da For\u00e7a A\u00e9rea Brasileira (FAB), que auxiliam no transporte dos materiais arrecadados. Uma parte dos materiais vai por via terrestre, com o apoio da Vinhedos, e a outra vai pelo ar, por meio da FAB. A carga ser\u00e1 recebida pela Prefeitura de Porto Alegre, que ir\u00e1 redistribuir o material com outros munic\u00edpios. <\/p>\n<p>O prefeito ressaltou que a meta era arrecadar 50 mil litros de \u00e1gua, mas o objetivo foi ultrapassado em mais que o dobro, e conclamou as pessoas para que continuem fazendo doa\u00e7\u00f5es. \u201cEu quero aproveitar este momento para agradecer o esp\u00edrito de solidariedade do soteropolitano. Essa corrente de mobiliza\u00e7\u00e3o, de solidariedade, n\u00e3o para. Ent\u00e3o continuem doando, n\u00f3s estamos recebendo esses donativos aqui na Codesal e na sede das Prefeituras-Bairro. Cada participa\u00e7\u00e3o \u00e9 muito importante para todos que est\u00e3o passando por essa imensa dificuldade\u201d, afirmou. <\/p>\n<p>Bruno Reis contou que tem mantido contato com o prefeito de Porto Alegre (RS), Sebasti\u00e3o Melo. \u201cEle tem me atualizado. J\u00e1 s\u00e3o mais de 10 mil pessoas desabrigadas. Realmente a grande necessidade \u00e9 \u00e1gua e material de limpeza. J\u00e1 tinham recebido doa\u00e7\u00f5es de alimentos, de agasalhos, ent\u00e3o ele pediu que n\u00f3s mobiliz\u00e1ssemos a nossa cidade para viabilizar \u00e1gua, porque j\u00e1 come\u00e7a a ter desabastecimento. E com isso a gente vai dando a nossa contribui\u00e7\u00e3o\u201d, relatou.<\/p>\n<p>Ana Paula Matos, que integra a Coordena\u00e7\u00e3o de Desastres da Frente Nacional dos Prefeitos (FNP), agradeceu ao empenho da Defesa Civil, dos volunt\u00e1rios e da popula\u00e7\u00e3o de Salvador. \u201cDe forma integrada, com apoio do Ex\u00e9rcito, Correios, Codesal e diversos \u00f3rg\u00e3os parceiros, estamos arrecadando \u00e1gua e material de limpeza, mas, sobretudo, passando uma mensagem de amor, esperan\u00e7a e solidariedade. J\u00e1 fizemos isso em outros momentos, como na pr\u00f3pria pandemia e nas chuvas aqui na Bahia, e foi de extrema valia, os soteropolitanos est\u00e3o abra\u00e7ando essa causa, pois o trabalho de reconstru\u00e7\u00e3o do Rio Grande do Sul necessita do apoio de todo povo brasileiro\u201d, disse. <\/p>\n<p>Sosthenes Macedo tamb\u00e9m destacou a solidariedade do povo soteropolitano. \u201cA a\u00e7\u00e3o come\u00e7ou na \u00faltima quarta (8) e j\u00e1 conseguimos passar de 100 mil litros de \u00e1gua em pouco tempo. Neste momento dif\u00edcil para nossos irm\u00e3os e irm\u00e3s no Rio Grande do Sul, que foram duramente afetados pelas chuvas hist\u00f3ricas, nossa cidade se uniu em um gesto de amor e compaix\u00e3o. Essa demonstra\u00e7\u00e3o de solidariedade reflete o esp\u00edrito de uni\u00e3o e fraternidade que caracteriza o povo de Salvador\u201d, afirmou. <\/p>\n<p>O diretor da Codesal destacou ainda a participa\u00e7\u00e3o de diversas entidades e secretarias municipais, que se mobilizaram para fazer doa\u00e7\u00f5es. Os tribunais de Contas dos Munic\u00edpios (TCM) e do Estado (TCE), por exemplo, promoveram uma campanha com servidores e doaram 10 mil litros de \u00e1gua para a a\u00e7\u00e3o Salvador Solid\u00e1ria. <\/p>\n<p>O sistema Fecom\u00e9rcio arrecadou e enviou \u00e0 iniciativa outros 10 mil litros, enquanto o Sindicato de Habita\u00e7\u00e3o na Bahia (Secovi) doou 5 mil litros. Sosthenes contou ainda que outras empresas, a exemplo de supermercados, tamb\u00e9m fizeram doa\u00e7\u00f5es. \u201cJ\u00e1 recebi mensagens de diversas pessoas e representantes de entidades informando que far\u00e3o doa\u00e7\u00f5es at\u00e9 a pr\u00f3xima quarta-feira. Cada gesto de ajuda faz a diferen\u00e7a e mostra que juntos somos mais fortes\u201d, pontuou.<\/p>\n<p>A superintendente regional dos Correios na Bahia, Evelyn Negr\u00e3o, afirmou que a institui\u00e7\u00e3o est\u00e1 com toda a sua estrutura mobilizada para poder apoiar o Rio Grande do Sul. \u201cSuperou muito as nossas expectativas, as pessoas realmente est\u00e3o doando. A gente est\u00e1 com uma doa\u00e7\u00e3o muito significativa\u201d, contou ela, ressaltando ainda que os Correios prontamente aceitaram a parceria com a Prefeitura para encaminhar os materiais. <\/p>\n<p>As doa\u00e7\u00f5es podem ser feitas at\u00e9 a pr\u00f3xima quarta-feira na sede da Codesal, na Av. M\u00e1rio Leal Ferreira, e tamb\u00e9m nas Prefeituras-Bairro da capital baiana, das 8h \u00e0s 16h. As chuvas hist\u00f3ricas no Rio Grande do Sul j\u00e1 deixaram mais de 100 mortos e mais de 300 mil pessoas desalojadas.<\/p>\n<p>Emo\u00e7\u00e3o &#8211; O motorista Vandio C\u00e9sar \u00e9 ga\u00facho de Garibaldi, cidade tamb\u00e9m atingida pelas fortes chuvas, e \u00e9 um dos profissionais que v\u00e3o conduzir caminh\u00f5es para levar os donativos ao Rio Grande do Sul. Ele tomou a decis\u00e3o de pedir demiss\u00e3o da empresa Vinhedos Transportes para voltar ao estado e ficar ao lado da fam\u00edlia. <\/p>\n<p>\u201cTomei essa decis\u00e3o e vou dizer uma coisa: eu amo a estrada, amo o caminh\u00e3o, amo a vida da estrada, tudo, mas que eu quero \u00e9 ir pra casa abra\u00e7ar minha fam\u00edlia, ver minha m\u00e3e, meus filhos, minhas netinhas, e mais nada. Porque n\u00e3o precisa voc\u00ea ter muita coisa para ser gente hoje e para viver. O que vale na vida da gente \u00e9 o amor das fam\u00edlias. Eu estou um felizardo, eu t\u00f4 um bilion\u00e1rio porque eu vou pra casa\u201d, contou, emocionado.  <\/p>\n<p>Vandio relatou o cen\u00e1rio de destrui\u00e7\u00e3o deixado pelas chuvas e agradeceu a solidariedade das pessoas que est\u00e3o fazendo doa\u00e7\u00f5es para ajudar as v\u00edtimas das enchentes em seu estado natal. \u201cL\u00e1 \u00e9 um cen\u00e1rio de guerra total. Essa solidariedade que tem se formado em todo o pa\u00eds \u00e9 uma pontinha de esperan\u00e7a. E eu agora vou voltar gra\u00e7as ao povo baiano, \u00e9 \u00e1gua mineral, mas isso para as pessoas l\u00e1 \u00e9 ouro. Eu estou indo carregado de ouro\u201d, disse.<\/p>\n<p>Foto: Valter Pontes\/ Secom<\/p>\n","protected":false},"excerpt":{"rendered":"<p>A Prefeitura de Salvador enviou na manh\u00e3 deste s\u00e1bado (11) o primeiro carregamento de donativos arrecadados pela a\u00e7\u00e3o Salvador Solid\u00e1ria<\/p>\n","protected":false},"author":4,"featured_media":14088,"comment_status":"open","ping_status":"open","sticky":false,"template":"","format":"standard","meta":{"colormag_page_container_layout":"default_layout","colormag_page_sidebar_layout":"default_layout","_FSMCFIC_featured_image_caption":"","_FSMCFIC_featured_image_nocaption":"","_FSMCFIC_featured_image_hide":"","footnotes":""},"categories":[2,1],"tags":[],"class_list":["post-14087","post","type-post","status-publish","format-standard","has-post-thumbnail","hentry","category-noticias","category-ultimas"],"yoast_head":"<!-- This site is optimized with the Yoast SEO plugin v27.1.1 - https:\/\/yoast.com\/product\/yoast-seo-wordpress\/ -->\n<title>Prefeitura envia ao Rio Grande do Sul 103 mil litros de \u00e1gua arrecadados pela a\u00e7\u00e3o Salvador Solid\u00e1ria - Brasil not\u00edcias<\/title>\n<meta name=\"robots\" content=\"index, follow, max-snippet:-1, max-image-preview:large, max-video-preview:-1\" \/>\n<link rel=\"canonical\" href=\"https:\/\/brasilnoticias.org\/site\/prefeitura-envia-ao-rio-grande-do-sul-103-mil-litros-de-agua-arrecadados-pela-acao-salvador-solidaria\/\" \/>\n<meta property=\"og:locale\" content=\"pt_PT\" \/>\n<meta property=\"og:type\" content=\"article\" \/>\n<meta property=\"og:title\" content=\"Prefeitura envia ao Rio Grande do Sul 103 mil litros de \u00e1gua arrecadados pela a\u00e7\u00e3o Salvador Solid\u00e1ria - Brasil not\u00edcias\" \/>\n<meta property=\"og:description\" content=\"A Prefeitura de Salvador enviou na manh\u00e3 deste s\u00e1bado (11) o primeiro carregamento de donativos arrecadados pela a\u00e7\u00e3o Salvador Solid\u00e1ria\" \/>\n<meta property=\"og:url\" content=\"https:\/\/brasilnoticias.org\/site\/prefeitura-envia-ao-rio-grande-do-sul-103-mil-litros-de-agua-arrecadados-pela-acao-salvador-solidaria\/\" \/>\n<meta property=\"og:site_name\" content=\"Brasil not\u00edcias\" \/>\n<meta property=\"article:published_time\" content=\"2024-05-13T18:06:32+00:00\" \/>\n<meta property=\"og:image\" content=\"https:\/\/brasilnoticias.org\/site\/wp-content\/uploads\/2024\/05\/IMAGEM_NOTICIA_2-4.jpg\" \/>\n\t<meta property=\"og:image:width\" content=\"300\" \/>\n\t<meta property=\"og:image:height\" content=\"200\" \/>\n\t<meta property=\"og:image:type\" content=\"image\/jpeg\" \/>\n<meta name=\"author\" content=\"Reda\u00e7\u00e3o\" \/>\n<meta name=\"twitter:card\" content=\"summary_large_image\" \/>\n<meta name=\"twitter:label1\" content=\"Escrito por\" \/>\n\t<meta name=\"twitter:data1\" content=\"Reda\u00e7\u00e3o\" \/>\n\t<meta name=\"twitter:label2\" content=\"Tempo estimado de leitura\" \/>\n\t<meta name=\"twitter:data2\" content=\"1 minuto\" \/>\n<script type=\"application\/ld+json\" class=\"yoast-schema-graph\">{\"@context\":\"https:\/\/schema.org\",\"@graph\":[{\"@type\":\"Article\",\"@id\":\"https:\/\/brasilnoticias.org\/site\/prefeitura-envia-ao-rio-grande-do-sul-103-mil-litros-de-agua-arrecadados-pela-acao-salvador-solidaria\/#article\",\"isPartOf\":{\"@id\":\"https:\/\/brasilnoticias.org\/site\/prefeitura-envia-ao-rio-grande-do-sul-103-mil-litros-de-agua-arrecadados-pela-acao-salvador-solidaria\/\"},\"author\":{\"name\":\"Reda\u00e7\u00e3o\",\"@id\":\"https:\/\/brasilnoticias.org\/site\/#\/schema\/person\/03bbbfe6c7634ad18c26444ea39049fa\"},\"headline\":\"Prefeitura envia ao Rio Grande do Sul 103 mil litros de \u00e1gua arrecadados pela a\u00e7\u00e3o Salvador Solid\u00e1ria\",\"datePublished\":\"2024-05-13T18:06:32+00:00\",\"mainEntityOfPage\":{\"@id\":\"https:\/\/brasilnoticias.org\/site\/prefeitura-envia-ao-rio-grande-do-sul-103-mil-litros-de-agua-arrecadados-pela-acao-salvador-solidaria\/\"},\"wordCount\":1079,\"commentCount\":0,\"publisher\":{\"@id\":\"https:\/\/brasilnoticias.org\/site\/#organization\"},\"image\":{\"@id\":\"https:\/\/brasilnoticias.org\/site\/prefeitura-envia-ao-rio-grande-do-sul-103-mil-litros-de-agua-arrecadados-pela-acao-salvador-solidaria\/#primaryimage\"},\"thumbnailUrl\":\"https:\/\/brasilnoticias.org\/site\/wp-content\/uploads\/2024\/05\/IMAGEM_NOTICIA_2-4.jpg\",\"articleSection\":[\"Not\u00edcias\",\"\u00daltimas\"],\"inLanguage\":\"pt-PT\",\"potentialAction\":[{\"@type\":\"CommentAction\",\"name\":\"Comment\",\"target\":[\"https:\/\/brasilnoticias.org\/site\/prefeitura-envia-ao-rio-grande-do-sul-103-mil-litros-de-agua-arrecadados-pela-acao-salvador-solidaria\/#respond\"]}]},{\"@type\":\"WebPage\",\"@id\":\"https:\/\/brasilnoticias.org\/site\/prefeitura-envia-ao-rio-grande-do-sul-103-mil-litros-de-agua-arrecadados-pela-acao-salvador-solidaria\/\",\"url\":\"https:\/\/brasilnoticias.org\/site\/prefeitura-envia-ao-rio-grande-do-sul-103-mil-litros-de-agua-arrecadados-pela-acao-salvador-solidaria\/\",\"name\":\"Prefeitura envia ao Rio Grande do Sul 103 mil litros de \u00e1gua arrecadados pela a\u00e7\u00e3o Salvador Solid\u00e1ria - Brasil not\u00edcias\",\"isPartOf\":{\"@id\":\"https:\/\/brasilnoticias.org\/site\/#website\"},\"primaryImageOfPage\":{\"@id\":\"https:\/\/brasilnoticias.org\/site\/prefeitura-envia-ao-rio-grande-do-sul-103-mil-litros-de-agua-arrecadados-pela-acao-salvador-solidaria\/#primaryimage\"},\"image\":{\"@id\":\"https:\/\/brasilnoticias.org\/site\/prefeitura-envia-ao-rio-grande-do-sul-103-mil-litros-de-agua-arrecadados-pela-acao-salvador-solidaria\/#primaryimage\"},\"thumbnailUrl\":\"https:\/\/brasilnoticias.org\/site\/wp-content\/uploads\/2024\/05\/IMAGEM_NOTICIA_2-4.jpg\",\"datePublished\":\"2024-05-13T18:06:32+00:00\",\"breadcrumb\":{\"@id\":\"https:\/\/brasilnoticias.org\/site\/prefeitura-envia-ao-rio-grande-do-sul-103-mil-litros-de-agua-arrecadados-pela-acao-salvador-solidaria\/#breadcrumb\"},\"inLanguage\":\"pt-PT\",\"potentialAction\":[{\"@type\":\"ReadAction\",\"target\":[\"https:\/\/brasilnoticias.org\/site\/prefeitura-envia-ao-rio-grande-do-sul-103-mil-litros-de-agua-arrecadados-pela-acao-salvador-solidaria\/\"]}]},{\"@type\":\"ImageObject\",\"inLanguage\":\"pt-PT\",\"@id\":\"https:\/\/brasilnoticias.org\/site\/prefeitura-envia-ao-rio-grande-do-sul-103-mil-litros-de-agua-arrecadados-pela-acao-salvador-solidaria\/#primaryimage\",\"url\":\"https:\/\/brasilnoticias.org\/site\/wp-content\/uploads\/2024\/05\/IMAGEM_NOTICIA_2-4.jpg\",\"contentUrl\":\"https:\/\/brasilnoticias.org\/site\/wp-content\/uploads\/2024\/05\/IMAGEM_NOTICIA_2-4.jpg\",\"width\":300,\"height\":200},{\"@type\":\"BreadcrumbList\",\"@id\":\"https:\/\/brasilnoticias.org\/site\/prefeitura-envia-ao-rio-grande-do-sul-103-mil-litros-de-agua-arrecadados-pela-acao-salvador-solidaria\/#breadcrumb\",\"itemListElement\":[{\"@type\":\"ListItem\",\"position\":1,\"name\":\"In\u00edcio\",\"item\":\"https:\/\/brasilnoticias.org\/site\/\"},{\"@type\":\"ListItem\",\"position\":2,\"name\":\"Prefeitura envia ao Rio Grande do Sul 103 mil litros de \u00e1gua arrecadados pela a\u00e7\u00e3o Salvador Solid\u00e1ria\"}]},{\"@type\":\"WebSite\",\"@id\":\"https:\/\/brasilnoticias.org\/site\/#website\",\"url\":\"https:\/\/brasilnoticias.org\/site\/\",\"name\":\"Brasil not\u00edcias\",\"description\":\"Brasil not\u00edcias\",\"publisher\":{\"@id\":\"https:\/\/brasilnoticias.org\/site\/#organization\"},\"potentialAction\":[{\"@type\":\"SearchAction\",\"target\":{\"@type\":\"EntryPoint\",\"urlTemplate\":\"https:\/\/brasilnoticias.org\/site\/?s={search_term_string}\"},\"query-input\":{\"@type\":\"PropertyValueSpecification\",\"valueRequired\":true,\"valueName\":\"search_term_string\"}}],\"inLanguage\":\"pt-PT\"},{\"@type\":\"Organization\",\"@id\":\"https:\/\/brasilnoticias.org\/site\/#organization\",\"name\":\"Brasil not\u00edcias\",\"url\":\"https:\/\/brasilnoticias.org\/site\/\",\"logo\":{\"@type\":\"ImageObject\",\"inLanguage\":\"pt-PT\",\"@id\":\"https:\/\/brasilnoticias.org\/site\/#\/schema\/logo\/image\/\",\"url\":\"https:\/\/brasilnoticias.org\/site\/wp-content\/uploads\/2022\/05\/cropped-brasilnoticias-mini.jpg\",\"contentUrl\":\"https:\/\/brasilnoticias.org\/site\/wp-content\/uploads\/2022\/05\/cropped-brasilnoticias-mini.jpg\",\"width\":314,\"height\":86,\"caption\":\"Brasil not\u00edcias\"},\"image\":{\"@id\":\"https:\/\/brasilnoticias.org\/site\/#\/schema\/logo\/image\/\"}},{\"@type\":\"Person\",\"@id\":\"https:\/\/brasilnoticias.org\/site\/#\/schema\/person\/03bbbfe6c7634ad18c26444ea39049fa\",\"name\":\"Reda\u00e7\u00e3o\",\"image\":{\"@type\":\"ImageObject\",\"inLanguage\":\"pt-PT\",\"@id\":\"https:\/\/brasilnoticias.org\/site\/#\/schema\/person\/image\/\",\"url\":\"https:\/\/secure.gravatar.com\/avatar\/9ecaf7327a696cb23ad926fedded5f1f04d7049de9e445375d55b48c001a6e42?s=96&d=mm&r=g\",\"contentUrl\":\"https:\/\/secure.gravatar.com\/avatar\/9ecaf7327a696cb23ad926fedded5f1f04d7049de9e445375d55b48c001a6e42?s=96&d=mm&r=g\",\"caption\":\"Reda\u00e7\u00e3o\"},\"url\":\"https:\/\/brasilnoticias.org\/site\/author\/henrique\/\"}]}<\/script>\n<!-- \/ Yoast SEO plugin. -->","yoast_head_json":{"title":"Prefeitura envia ao Rio Grande do Sul 103 mil litros de \u00e1gua arrecadados pela a\u00e7\u00e3o Salvador Solid\u00e1ria - Brasil not\u00edcias","robots":{"index":"index","follow":"follow","max-snippet":"max-snippet:-1","max-image-preview":"max-image-preview:large","max-video-preview":"max-video-preview:-1"},"canonical":"https:\/\/brasilnoticias.org\/site\/prefeitura-envia-ao-rio-grande-do-sul-103-mil-litros-de-agua-arrecadados-pela-acao-salvador-solidaria\/","og_locale":"pt_PT","og_type":"article","og_title":"Prefeitura envia ao Rio Grande do Sul 103 mil litros de \u00e1gua arrecadados pela a\u00e7\u00e3o Salvador Solid\u00e1ria - Brasil not\u00edcias","og_description":"A Prefeitura de Salvador enviou na manh\u00e3 deste s\u00e1bado (11) o primeiro carregamento de donativos arrecadados pela a\u00e7\u00e3o Salvador Solid\u00e1ria","og_url":"https:\/\/brasilnoticias.org\/site\/prefeitura-envia-ao-rio-grande-do-sul-103-mil-litros-de-agua-arrecadados-pela-acao-salvador-solidaria\/","og_site_name":"Brasil not\u00edcias","article_published_time":"2024-05-13T18:06:32+00:00","og_image":[{"width":300,"height":200,"url":"https:\/\/brasilnoticias.org\/site\/wp-content\/uploads\/2024\/05\/IMAGEM_NOTICIA_2-4.jpg","type":"image\/jpeg"}],"author":"Reda\u00e7\u00e3o","twitter_card":"summary_large_image","twitter_misc":{"Escrito por":"Reda\u00e7\u00e3o","Tempo estimado de leitura":"1 minuto"},"schema":{"@context":"https:\/\/schema.org","@graph":[{"@type":"Article","@id":"https:\/\/brasilnoticias.org\/site\/prefeitura-envia-ao-rio-grande-do-sul-103-mil-litros-de-agua-arrecadados-pela-acao-salvador-solidaria\/#article","isPartOf":{"@id":"https:\/\/brasilnoticias.org\/site\/prefeitura-envia-ao-rio-grande-do-sul-103-mil-litros-de-agua-arrecadados-pela-acao-salvador-solidaria\/"},"author":{"name":"Reda\u00e7\u00e3o","@id":"https:\/\/brasilnoticias.org\/site\/#\/schema\/person\/03bbbfe6c7634ad18c26444ea39049fa"},"headline":"Prefeitura envia ao Rio Grande do Sul 103 mil litros de \u00e1gua arrecadados pela a\u00e7\u00e3o Salvador Solid\u00e1ria","datePublished":"2024-05-13T18:06:32+00:00","mainEntityOfPage":{"@id":"https:\/\/brasilnoticias.org\/site\/prefeitura-envia-ao-rio-grande-do-sul-103-mil-litros-de-agua-arrecadados-pela-acao-salvador-solidaria\/"},"wordCount":1079,"commentCount":0,"publisher":{"@id":"https:\/\/brasilnoticias.org\/site\/#organization"},"image":{"@id":"https:\/\/brasilnoticias.org\/site\/prefeitura-envia-ao-rio-grande-do-sul-103-mil-litros-de-agua-arrecadados-pela-acao-salvador-solidaria\/#primaryimage"},"thumbnailUrl":"https:\/\/brasilnoticias.org\/site\/wp-content\/uploads\/2024\/05\/IMAGEM_NOTICIA_2-4.jpg","articleSection":["Not\u00edcias","\u00daltimas"],"inLanguage":"pt-PT","potentialAction":[{"@type":"CommentAction","name":"Comment","target":["https:\/\/brasilnoticias.org\/site\/prefeitura-envia-ao-rio-grande-do-sul-103-mil-litros-de-agua-arrecadados-pela-acao-salvador-solidaria\/#respond"]}]},{"@type":"WebPage","@id":"https:\/\/brasilnoticias.org\/site\/prefeitura-envia-ao-rio-grande-do-sul-103-mil-litros-de-agua-arrecadados-pela-acao-salvador-solidaria\/","url":"https:\/\/brasilnoticias.org\/site\/prefeitura-envia-ao-rio-grande-do-sul-103-mil-litros-de-agua-arrecadados-pela-acao-salvador-solidaria\/","name":"Prefeitura envia ao Rio Grande do Sul 103 mil litros de \u00e1gua arrecadados pela a\u00e7\u00e3o Salvador Solid\u00e1ria - Brasil not\u00edcias","isPartOf":{"@id":"https:\/\/brasilnoticias.org\/site\/#website"},"primaryImageOfPage":{"@id":"https:\/\/brasilnoticias.org\/site\/prefeitura-envia-ao-rio-grande-do-sul-103-mil-litros-de-agua-arrecadados-pela-acao-salvador-solidaria\/#primaryimage"},"image":{"@id":"https:\/\/brasilnoticias.org\/site\/prefeitura-envia-ao-rio-grande-do-sul-103-mil-litros-de-agua-arrecadados-pela-acao-salvador-solidaria\/#primaryimage"},"thumbnailUrl":"https:\/\/brasilnoticias.org\/site\/wp-content\/uploads\/2024\/05\/IMAGEM_NOTICIA_2-4.jpg","datePublished":"2024-05-13T18:06:32+00:00","breadcrumb":{"@id":"https:\/\/brasilnoticias.org\/site\/prefeitura-envia-ao-rio-grande-do-sul-103-mil-litros-de-agua-arrecadados-pela-acao-salvador-solidaria\/#breadcrumb"},"inLanguage":"pt-PT","potentialAction":[{"@type":"ReadAction","target":["https:\/\/brasilnoticias.org\/site\/prefeitura-envia-ao-rio-grande-do-sul-103-mil-litros-de-agua-arrecadados-pela-acao-salvador-solidaria\/"]}]},{"@type":"ImageObject","inLanguage":"pt-PT","@id":"https:\/\/brasilnoticias.org\/site\/prefeitura-envia-ao-rio-grande-do-sul-103-mil-litros-de-agua-arrecadados-pela-acao-salvador-solidaria\/#primaryimage","url":"https:\/\/brasilnoticias.org\/site\/wp-content\/uploads\/2024\/05\/IMAGEM_NOTICIA_2-4.jpg","contentUrl":"https:\/\/brasilnoticias.org\/site\/wp-content\/uploads\/2024\/05\/IMAGEM_NOTICIA_2-4.jpg","width":300,"height":200},{"@type":"BreadcrumbList","@id":"https:\/\/brasilnoticias.org\/site\/prefeitura-envia-ao-rio-grande-do-sul-103-mil-litros-de-agua-arrecadados-pela-acao-salvador-solidaria\/#breadcrumb","itemListElement":[{"@type":"ListItem","position":1,"name":"In\u00edcio","item":"https:\/\/brasilnoticias.org\/site\/"},{"@type":"ListItem","position":2,"name":"Prefeitura envia ao Rio Grande do Sul 103 mil litros de \u00e1gua arrecadados pela a\u00e7\u00e3o Salvador Solid\u00e1ria"}]},{"@type":"WebSite","@id":"https:\/\/brasilnoticias.org\/site\/#website","url":"https:\/\/brasilnoticias.org\/site\/","name":"Brasil not\u00edcias","description":"Brasil not\u00edcias","publisher":{"@id":"https:\/\/brasilnoticias.org\/site\/#organization"},"potentialAction":[{"@type":"SearchAction","target":{"@type":"EntryPoint","urlTemplate":"https:\/\/brasilnoticias.org\/site\/?s={search_term_string}"},"query-input":{"@type":"PropertyValueSpecification","valueRequired":true,"valueName":"search_term_string"}}],"inLanguage":"pt-PT"},{"@type":"Organization","@id":"https:\/\/brasilnoticias.org\/site\/#organization","name":"Brasil not\u00edcias","url":"https:\/\/brasilnoticias.org\/site\/","logo":{"@type":"ImageObject","inLanguage":"pt-PT","@id":"https:\/\/brasilnoticias.org\/site\/#\/schema\/logo\/image\/","url":"https:\/\/brasilnoticias.org\/site\/wp-content\/uploads\/2022\/05\/cropped-brasilnoticias-mini.jpg","contentUrl":"https:\/\/brasilnoticias.org\/site\/wp-content\/uploads\/2022\/05\/cropped-brasilnoticias-mini.jpg","width":314,"height":86,"caption":"Brasil not\u00edcias"},"image":{"@id":"https:\/\/brasilnoticias.org\/site\/#\/schema\/logo\/image\/"}},{"@type":"Person","@id":"https:\/\/brasilnoticias.org\/site\/#\/schema\/person\/03bbbfe6c7634ad18c26444ea39049fa","name":"Reda\u00e7\u00e3o","image":{"@type":"ImageObject","inLanguage":"pt-PT","@id":"https:\/\/brasilnoticias.org\/site\/#\/schema\/person\/image\/","url":"https:\/\/secure.gravatar.com\/avatar\/9ecaf7327a696cb23ad926fedded5f1f04d7049de9e445375d55b48c001a6e42?s=96&d=mm&r=g","contentUrl":"https:\/\/secure.gravatar.com\/avatar\/9ecaf7327a696cb23ad926fedded5f1f04d7049de9e445375d55b48c001a6e42?s=96&d=mm&r=g","caption":"Reda\u00e7\u00e3o"},"url":"https:\/\/brasilnoticias.org\/site\/author\/henrique\/"}]}},"_links":{"self":[{"href":"https:\/\/brasilnoticias.org\/site\/wp-json\/wp\/v2\/posts\/14087","targetHints":{"allow":["GET"]}}],"collection":[{"href":"https:\/\/brasilnoticias.org\/site\/wp-json\/wp\/v2\/posts"}],"about":[{"href":"https:\/\/brasilnoticias.org\/site\/wp-json\/wp\/v2\/types\/post"}],"author":[{"embeddable":true,"href":"https:\/\/brasilnoticias.org\/site\/wp-json\/wp\/v2\/users\/4"}],"replies":[{"embeddable":true,"href":"https:\/\/brasilnoticias.org\/site\/wp-json\/wp\/v2\/comments?post=14087"}],"version-history":[{"count":1,"href":"https:\/\/brasilnoticias.org\/site\/wp-json\/wp\/v2\/posts\/14087\/revisions"}],"predecessor-version":[{"id":14089,"href":"https:\/\/brasilnoticias.org\/site\/wp-json\/wp\/v2\/posts\/14087\/revisions\/14089"}],"wp:featuredmedia":[{"embeddable":true,"href":"https:\/\/brasilnoticias.org\/site\/wp-json\/wp\/v2\/media\/14088"}],"wp:attachment":[{"href":"https:\/\/brasilnoticias.org\/site\/wp-json\/wp\/v2\/media?parent=14087"}],"wp:term":[{"taxonomy":"category","embeddable":true,"href":"https:\/\/brasilnoticias.org\/site\/wp-json\/wp\/v2\/categories?post=14087"},{"taxonomy":"post_tag","embeddable":true,"href":"https:\/\/brasilnoticias.org\/site\/wp-json\/wp\/v2\/tags?post=14087"}],"curies":[{"name":"wp","href":"https:\/\/api.w.org\/{rel}","templated":true}]}}