{"id":1409,"date":"2022-09-09T20:51:58","date_gmt":"2022-09-09T23:51:58","guid":{"rendered":"https:\/\/brasilnoticias.org\/site\/?p=1409"},"modified":"2022-09-09T20:51:58","modified_gmt":"2022-09-09T23:51:58","slug":"mais-de-160-pessoas-sao-presas-durante-sexta-fase-da-operacao-unum-corpus","status":"publish","type":"post","link":"https:\/\/brasilnoticias.org\/site\/mais-de-160-pessoas-sao-presas-durante-sexta-fase-da-operacao-unum-corpus\/","title":{"rendered":"Mais de 160 pessoas s\u00e3o presas durante sexta fase da opera\u00e7\u00e3o Unum Corpus"},"content":{"rendered":"<p>Ao todo, 164 pessoas foram presas na\u00a0<a href=\"https:\/\/www.bnews.com.br\/noticias\/policia\/ja-foram-mais-de-133-pessoas-presas-cita-delegada-sobre-6-fase-da-operacao-unum-corpus.html\">6\u00aa fase da Opera\u00e7\u00e3o Unum Corpus<\/a>, deflagrada nas primeiras horas desta sexta-feira (9), no interior da Bahia.\u00a0<a href=\"https:\/\/www.bnews.com.br\/noticias\/policia\/video-operacao-unum-corpus-tem-saldo-de-70-pessoas-presas-na-manha-desta-sexta-feira.html\">Dos presos, mais da metade<\/a>\u00a0\u00e9 formada por suspeitos de crimes contra a vida e contra o patrim\u00f4nio, 43 de tr\u00e1fico de drogas, 15 de estupro, 13 de viol\u00eancia dom\u00e9stica e 22 de outros crimes.<\/p>\n<p>Mais de mil policiais que trabalharam na opera\u00e7\u00e3o apreenderam 29 quilos de drogas, 24 armas de fogo e oito ve\u00edculos, al\u00e9m de cumprirem 91 mandados de pris\u00e3o e 172 de busca e apreens\u00e3o. 35 pessoas foram presas em flagrante e cinco adolescentes foram apreendidos.<\/p>\n<p>As equipes dos Departamentos de Pol\u00edcia do Interior (Depin), de Crimes Contra o Patrim\u00f4nio (DCCP) e de Homic\u00eddios e Prote\u00e7\u00e3o \u00e0 Pessoa (DHPP) incursionaram de forma integrada e simult\u00e2nea, nas cidades das 26 Coordenadorias Regionais de Pol\u00edcia do Interior (Coorpins), em Salvador e na Regi\u00e3o Metropolitana (RMS).<\/p>\n<p>Fizemos um balan\u00e7o das seis fases desta megaopera\u00e7\u00e3o e j\u00e1 retiramos das ruas 680 criminosos e 109 armas de fogo\u201d, afirmou a diretora do Depin, delegada Rog\u00e9ria Ara\u00fajo, ressaltando que as a\u00e7\u00f5es acontecem desde setembro de 2021, totalizando o cumprimento de 444 mandados de pris\u00e3o e 614 de busca e apreens\u00e3o, 198 pris\u00f5es em flagrante, al\u00e9m da apreens\u00e3o de 64 quilos de drogas e 18 ve\u00edculos.<\/p>\n<p>&nbsp;<\/p>\n<p>&nbsp;<\/p>\n<p>Bnews<\/p>\n","protected":false},"excerpt":{"rendered":"<p>Ao todo, 164 pessoas foram presas na\u00a06\u00aa fase da Opera\u00e7\u00e3o Unum Corpus, deflagrada nas primeiras horas desta sexta-feira (9), no<\/p>\n","protected":false},"author":2,"featured_media":1410,"comment_status":"open","ping_status":"open","sticky":false,"template":"","format":"standard","meta":{"colormag_page_container_layout":"default_layout","colormag_page_sidebar_layout":"default_layout","_FSMCFIC_featured_image_caption":"","_FSMCFIC_featured_image_nocaption":"","_FSMCFIC_featured_image_hide":"","footnotes":""},"categories":[3],"tags":[],"class_list":["post-1409","post","type-post","status-publish","format-standard","has-post-thumbnail","hentry","category-policia"],"yoast_head":"<!-- This site is optimized with the Yoast SEO plugin v27.1.1 - https:\/\/yoast.com\/product\/yoast-seo-wordpress\/ -->\n<title>Mais de 160 pessoas s\u00e3o presas durante sexta fase da opera\u00e7\u00e3o Unum Corpus - Brasil not\u00edcias<\/title>\n<meta name=\"robots\" content=\"index, follow, max-snippet:-1, max-image-preview:large, max-video-preview:-1\" \/>\n<link rel=\"canonical\" href=\"https:\/\/brasilnoticias.org\/site\/mais-de-160-pessoas-sao-presas-durante-sexta-fase-da-operacao-unum-corpus\/\" \/>\n<meta property=\"og:locale\" content=\"pt_PT\" \/>\n<meta property=\"og:type\" content=\"article\" \/>\n<meta property=\"og:title\" content=\"Mais de 160 pessoas s\u00e3o presas durante sexta fase da opera\u00e7\u00e3o Unum Corpus - Brasil not\u00edcias\" \/>\n<meta property=\"og:description\" content=\"Ao todo, 164 pessoas foram presas na\u00a06\u00aa fase da Opera\u00e7\u00e3o Unum Corpus, deflagrada nas primeiras horas desta sexta-feira (9), no\" \/>\n<meta property=\"og:url\" content=\"https:\/\/brasilnoticias.org\/site\/mais-de-160-pessoas-sao-presas-durante-sexta-fase-da-operacao-unum-corpus\/\" \/>\n<meta property=\"og:site_name\" content=\"Brasil not\u00edcias\" \/>\n<meta property=\"article:published_time\" content=\"2022-09-09T23:51:58+00:00\" \/>\n<meta property=\"og:image\" content=\"https:\/\/brasilnoticias.org\/site\/wp-content\/uploads\/2022\/09\/mais-de-160-pessoas-sao-presas-durante-sexta-fase-da-operacao-unum-corpus_widelg-1.jpeg\" \/>\n\t<meta property=\"og:image:width\" content=\"800\" \/>\n\t<meta property=\"og:image:height\" content=\"450\" \/>\n\t<meta property=\"og:image:type\" content=\"image\/jpeg\" \/>\n<meta name=\"author\" content=\"Reda\u00e7\u00e3o\" \/>\n<meta name=\"twitter:card\" content=\"summary_large_image\" \/>\n<meta name=\"twitter:label1\" content=\"Escrito por\" \/>\n\t<meta name=\"twitter:data1\" content=\"Reda\u00e7\u00e3o\" \/>\n\t<meta name=\"twitter:label2\" content=\"Tempo estimado de leitura\" \/>\n\t<meta name=\"twitter:data2\" content=\"1 minuto\" \/>\n<script type=\"application\/ld+json\" class=\"yoast-schema-graph\">{\"@context\":\"https:\/\/schema.org\",\"@graph\":[{\"@type\":\"Article\",\"@id\":\"https:\/\/brasilnoticias.org\/site\/mais-de-160-pessoas-sao-presas-durante-sexta-fase-da-operacao-unum-corpus\/#article\",\"isPartOf\":{\"@id\":\"https:\/\/brasilnoticias.org\/site\/mais-de-160-pessoas-sao-presas-durante-sexta-fase-da-operacao-unum-corpus\/\"},\"author\":{\"name\":\"Reda\u00e7\u00e3o\",\"@id\":\"https:\/\/brasilnoticias.org\/site\/#\/schema\/person\/f609fa847b5314f1c8b983342f34c798\"},\"headline\":\"Mais de 160 pessoas s\u00e3o presas durante sexta fase da opera\u00e7\u00e3o Unum Corpus\",\"datePublished\":\"2022-09-09T23:51:58+00:00\",\"mainEntityOfPage\":{\"@id\":\"https:\/\/brasilnoticias.org\/site\/mais-de-160-pessoas-sao-presas-durante-sexta-fase-da-operacao-unum-corpus\/\"},\"wordCount\":238,\"commentCount\":0,\"publisher\":{\"@id\":\"https:\/\/brasilnoticias.org\/site\/#organization\"},\"image\":{\"@id\":\"https:\/\/brasilnoticias.org\/site\/mais-de-160-pessoas-sao-presas-durante-sexta-fase-da-operacao-unum-corpus\/#primaryimage\"},\"thumbnailUrl\":\"https:\/\/brasilnoticias.org\/site\/wp-content\/uploads\/2022\/09\/mais-de-160-pessoas-sao-presas-durante-sexta-fase-da-operacao-unum-corpus_widelg-1.jpeg\",\"articleSection\":[\"Pol\u00edcia\"],\"inLanguage\":\"pt-PT\",\"potentialAction\":[{\"@type\":\"CommentAction\",\"name\":\"Comment\",\"target\":[\"https:\/\/brasilnoticias.org\/site\/mais-de-160-pessoas-sao-presas-durante-sexta-fase-da-operacao-unum-corpus\/#respond\"]}]},{\"@type\":\"WebPage\",\"@id\":\"https:\/\/brasilnoticias.org\/site\/mais-de-160-pessoas-sao-presas-durante-sexta-fase-da-operacao-unum-corpus\/\",\"url\":\"https:\/\/brasilnoticias.org\/site\/mais-de-160-pessoas-sao-presas-durante-sexta-fase-da-operacao-unum-corpus\/\",\"name\":\"Mais de 160 pessoas s\u00e3o presas durante sexta fase da opera\u00e7\u00e3o Unum Corpus - Brasil not\u00edcias\",\"isPartOf\":{\"@id\":\"https:\/\/brasilnoticias.org\/site\/#website\"},\"primaryImageOfPage\":{\"@id\":\"https:\/\/brasilnoticias.org\/site\/mais-de-160-pessoas-sao-presas-durante-sexta-fase-da-operacao-unum-corpus\/#primaryimage\"},\"image\":{\"@id\":\"https:\/\/brasilnoticias.org\/site\/mais-de-160-pessoas-sao-presas-durante-sexta-fase-da-operacao-unum-corpus\/#primaryimage\"},\"thumbnailUrl\":\"https:\/\/brasilnoticias.org\/site\/wp-content\/uploads\/2022\/09\/mais-de-160-pessoas-sao-presas-durante-sexta-fase-da-operacao-unum-corpus_widelg-1.jpeg\",\"datePublished\":\"2022-09-09T23:51:58+00:00\",\"breadcrumb\":{\"@id\":\"https:\/\/brasilnoticias.org\/site\/mais-de-160-pessoas-sao-presas-durante-sexta-fase-da-operacao-unum-corpus\/#breadcrumb\"},\"inLanguage\":\"pt-PT\",\"potentialAction\":[{\"@type\":\"ReadAction\",\"target\":[\"https:\/\/brasilnoticias.org\/site\/mais-de-160-pessoas-sao-presas-durante-sexta-fase-da-operacao-unum-corpus\/\"]}]},{\"@type\":\"ImageObject\",\"inLanguage\":\"pt-PT\",\"@id\":\"https:\/\/brasilnoticias.org\/site\/mais-de-160-pessoas-sao-presas-durante-sexta-fase-da-operacao-unum-corpus\/#primaryimage\",\"url\":\"https:\/\/brasilnoticias.org\/site\/wp-content\/uploads\/2022\/09\/mais-de-160-pessoas-sao-presas-durante-sexta-fase-da-operacao-unum-corpus_widelg-1.jpeg\",\"contentUrl\":\"https:\/\/brasilnoticias.org\/site\/wp-content\/uploads\/2022\/09\/mais-de-160-pessoas-sao-presas-durante-sexta-fase-da-operacao-unum-corpus_widelg-1.jpeg\",\"width\":800,\"height\":450},{\"@type\":\"BreadcrumbList\",\"@id\":\"https:\/\/brasilnoticias.org\/site\/mais-de-160-pessoas-sao-presas-durante-sexta-fase-da-operacao-unum-corpus\/#breadcrumb\",\"itemListElement\":[{\"@type\":\"ListItem\",\"position\":1,\"name\":\"In\u00edcio\",\"item\":\"https:\/\/brasilnoticias.org\/site\/\"},{\"@type\":\"ListItem\",\"position\":2,\"name\":\"Mais de 160 pessoas s\u00e3o presas durante sexta fase da opera\u00e7\u00e3o Unum Corpus\"}]},{\"@type\":\"WebSite\",\"@id\":\"https:\/\/brasilnoticias.org\/site\/#website\",\"url\":\"https:\/\/brasilnoticias.org\/site\/\",\"name\":\"Brasil not\u00edcias\",\"description\":\"Brasil not\u00edcias\",\"publisher\":{\"@id\":\"https:\/\/brasilnoticias.org\/site\/#organization\"},\"potentialAction\":[{\"@type\":\"SearchAction\",\"target\":{\"@type\":\"EntryPoint\",\"urlTemplate\":\"https:\/\/brasilnoticias.org\/site\/?s={search_term_string}\"},\"query-input\":{\"@type\":\"PropertyValueSpecification\",\"valueRequired\":true,\"valueName\":\"search_term_string\"}}],\"inLanguage\":\"pt-PT\"},{\"@type\":\"Organization\",\"@id\":\"https:\/\/brasilnoticias.org\/site\/#organization\",\"name\":\"Brasil not\u00edcias\",\"url\":\"https:\/\/brasilnoticias.org\/site\/\",\"logo\":{\"@type\":\"ImageObject\",\"inLanguage\":\"pt-PT\",\"@id\":\"https:\/\/brasilnoticias.org\/site\/#\/schema\/logo\/image\/\",\"url\":\"https:\/\/brasilnoticias.org\/site\/wp-content\/uploads\/2022\/05\/cropped-brasilnoticias-mini.jpg\",\"contentUrl\":\"https:\/\/brasilnoticias.org\/site\/wp-content\/uploads\/2022\/05\/cropped-brasilnoticias-mini.jpg\",\"width\":314,\"height\":86,\"caption\":\"Brasil not\u00edcias\"},\"image\":{\"@id\":\"https:\/\/brasilnoticias.org\/site\/#\/schema\/logo\/image\/\"}},{\"@type\":\"Person\",\"@id\":\"https:\/\/brasilnoticias.org\/site\/#\/schema\/person\/f609fa847b5314f1c8b983342f34c798\",\"name\":\"Reda\u00e7\u00e3o\",\"image\":{\"@type\":\"ImageObject\",\"inLanguage\":\"pt-PT\",\"@id\":\"https:\/\/brasilnoticias.org\/site\/#\/schema\/person\/image\/\",\"url\":\"https:\/\/secure.gravatar.com\/avatar\/447284c06c1ad8b46465a36de9cd0d8326b73387a22799b8b1ffb1fbcff2ed0c?s=96&d=mm&r=g\",\"contentUrl\":\"https:\/\/secure.gravatar.com\/avatar\/447284c06c1ad8b46465a36de9cd0d8326b73387a22799b8b1ffb1fbcff2ed0c?s=96&d=mm&r=g\",\"caption\":\"Reda\u00e7\u00e3o\"},\"url\":\"https:\/\/brasilnoticias.org\/site\/author\/redacao\/\"}]}<\/script>\n<!-- \/ Yoast SEO plugin. -->","yoast_head_json":{"title":"Mais de 160 pessoas s\u00e3o presas durante sexta fase da opera\u00e7\u00e3o Unum Corpus - Brasil not\u00edcias","robots":{"index":"index","follow":"follow","max-snippet":"max-snippet:-1","max-image-preview":"max-image-preview:large","max-video-preview":"max-video-preview:-1"},"canonical":"https:\/\/brasilnoticias.org\/site\/mais-de-160-pessoas-sao-presas-durante-sexta-fase-da-operacao-unum-corpus\/","og_locale":"pt_PT","og_type":"article","og_title":"Mais de 160 pessoas s\u00e3o presas durante sexta fase da opera\u00e7\u00e3o Unum Corpus - Brasil not\u00edcias","og_description":"Ao todo, 164 pessoas foram presas na\u00a06\u00aa fase da Opera\u00e7\u00e3o Unum Corpus, deflagrada nas primeiras horas desta sexta-feira (9), no","og_url":"https:\/\/brasilnoticias.org\/site\/mais-de-160-pessoas-sao-presas-durante-sexta-fase-da-operacao-unum-corpus\/","og_site_name":"Brasil not\u00edcias","article_published_time":"2022-09-09T23:51:58+00:00","og_image":[{"width":800,"height":450,"url":"https:\/\/brasilnoticias.org\/site\/wp-content\/uploads\/2022\/09\/mais-de-160-pessoas-sao-presas-durante-sexta-fase-da-operacao-unum-corpus_widelg-1.jpeg","type":"image\/jpeg"}],"author":"Reda\u00e7\u00e3o","twitter_card":"summary_large_image","twitter_misc":{"Escrito por":"Reda\u00e7\u00e3o","Tempo estimado de leitura":"1 minuto"},"schema":{"@context":"https:\/\/schema.org","@graph":[{"@type":"Article","@id":"https:\/\/brasilnoticias.org\/site\/mais-de-160-pessoas-sao-presas-durante-sexta-fase-da-operacao-unum-corpus\/#article","isPartOf":{"@id":"https:\/\/brasilnoticias.org\/site\/mais-de-160-pessoas-sao-presas-durante-sexta-fase-da-operacao-unum-corpus\/"},"author":{"name":"Reda\u00e7\u00e3o","@id":"https:\/\/brasilnoticias.org\/site\/#\/schema\/person\/f609fa847b5314f1c8b983342f34c798"},"headline":"Mais de 160 pessoas s\u00e3o presas durante sexta fase da opera\u00e7\u00e3o Unum Corpus","datePublished":"2022-09-09T23:51:58+00:00","mainEntityOfPage":{"@id":"https:\/\/brasilnoticias.org\/site\/mais-de-160-pessoas-sao-presas-durante-sexta-fase-da-operacao-unum-corpus\/"},"wordCount":238,"commentCount":0,"publisher":{"@id":"https:\/\/brasilnoticias.org\/site\/#organization"},"image":{"@id":"https:\/\/brasilnoticias.org\/site\/mais-de-160-pessoas-sao-presas-durante-sexta-fase-da-operacao-unum-corpus\/#primaryimage"},"thumbnailUrl":"https:\/\/brasilnoticias.org\/site\/wp-content\/uploads\/2022\/09\/mais-de-160-pessoas-sao-presas-durante-sexta-fase-da-operacao-unum-corpus_widelg-1.jpeg","articleSection":["Pol\u00edcia"],"inLanguage":"pt-PT","potentialAction":[{"@type":"CommentAction","name":"Comment","target":["https:\/\/brasilnoticias.org\/site\/mais-de-160-pessoas-sao-presas-durante-sexta-fase-da-operacao-unum-corpus\/#respond"]}]},{"@type":"WebPage","@id":"https:\/\/brasilnoticias.org\/site\/mais-de-160-pessoas-sao-presas-durante-sexta-fase-da-operacao-unum-corpus\/","url":"https:\/\/brasilnoticias.org\/site\/mais-de-160-pessoas-sao-presas-durante-sexta-fase-da-operacao-unum-corpus\/","name":"Mais de 160 pessoas s\u00e3o presas durante sexta fase da opera\u00e7\u00e3o Unum Corpus - Brasil not\u00edcias","isPartOf":{"@id":"https:\/\/brasilnoticias.org\/site\/#website"},"primaryImageOfPage":{"@id":"https:\/\/brasilnoticias.org\/site\/mais-de-160-pessoas-sao-presas-durante-sexta-fase-da-operacao-unum-corpus\/#primaryimage"},"image":{"@id":"https:\/\/brasilnoticias.org\/site\/mais-de-160-pessoas-sao-presas-durante-sexta-fase-da-operacao-unum-corpus\/#primaryimage"},"thumbnailUrl":"https:\/\/brasilnoticias.org\/site\/wp-content\/uploads\/2022\/09\/mais-de-160-pessoas-sao-presas-durante-sexta-fase-da-operacao-unum-corpus_widelg-1.jpeg","datePublished":"2022-09-09T23:51:58+00:00","breadcrumb":{"@id":"https:\/\/brasilnoticias.org\/site\/mais-de-160-pessoas-sao-presas-durante-sexta-fase-da-operacao-unum-corpus\/#breadcrumb"},"inLanguage":"pt-PT","potentialAction":[{"@type":"ReadAction","target":["https:\/\/brasilnoticias.org\/site\/mais-de-160-pessoas-sao-presas-durante-sexta-fase-da-operacao-unum-corpus\/"]}]},{"@type":"ImageObject","inLanguage":"pt-PT","@id":"https:\/\/brasilnoticias.org\/site\/mais-de-160-pessoas-sao-presas-durante-sexta-fase-da-operacao-unum-corpus\/#primaryimage","url":"https:\/\/brasilnoticias.org\/site\/wp-content\/uploads\/2022\/09\/mais-de-160-pessoas-sao-presas-durante-sexta-fase-da-operacao-unum-corpus_widelg-1.jpeg","contentUrl":"https:\/\/brasilnoticias.org\/site\/wp-content\/uploads\/2022\/09\/mais-de-160-pessoas-sao-presas-durante-sexta-fase-da-operacao-unum-corpus_widelg-1.jpeg","width":800,"height":450},{"@type":"BreadcrumbList","@id":"https:\/\/brasilnoticias.org\/site\/mais-de-160-pessoas-sao-presas-durante-sexta-fase-da-operacao-unum-corpus\/#breadcrumb","itemListElement":[{"@type":"ListItem","position":1,"name":"In\u00edcio","item":"https:\/\/brasilnoticias.org\/site\/"},{"@type":"ListItem","position":2,"name":"Mais de 160 pessoas s\u00e3o presas durante sexta fase da opera\u00e7\u00e3o Unum Corpus"}]},{"@type":"WebSite","@id":"https:\/\/brasilnoticias.org\/site\/#website","url":"https:\/\/brasilnoticias.org\/site\/","name":"Brasil not\u00edcias","description":"Brasil not\u00edcias","publisher":{"@id":"https:\/\/brasilnoticias.org\/site\/#organization"},"potentialAction":[{"@type":"SearchAction","target":{"@type":"EntryPoint","urlTemplate":"https:\/\/brasilnoticias.org\/site\/?s={search_term_string}"},"query-input":{"@type":"PropertyValueSpecification","valueRequired":true,"valueName":"search_term_string"}}],"inLanguage":"pt-PT"},{"@type":"Organization","@id":"https:\/\/brasilnoticias.org\/site\/#organization","name":"Brasil not\u00edcias","url":"https:\/\/brasilnoticias.org\/site\/","logo":{"@type":"ImageObject","inLanguage":"pt-PT","@id":"https:\/\/brasilnoticias.org\/site\/#\/schema\/logo\/image\/","url":"https:\/\/brasilnoticias.org\/site\/wp-content\/uploads\/2022\/05\/cropped-brasilnoticias-mini.jpg","contentUrl":"https:\/\/brasilnoticias.org\/site\/wp-content\/uploads\/2022\/05\/cropped-brasilnoticias-mini.jpg","width":314,"height":86,"caption":"Brasil not\u00edcias"},"image":{"@id":"https:\/\/brasilnoticias.org\/site\/#\/schema\/logo\/image\/"}},{"@type":"Person","@id":"https:\/\/brasilnoticias.org\/site\/#\/schema\/person\/f609fa847b5314f1c8b983342f34c798","name":"Reda\u00e7\u00e3o","image":{"@type":"ImageObject","inLanguage":"pt-PT","@id":"https:\/\/brasilnoticias.org\/site\/#\/schema\/person\/image\/","url":"https:\/\/secure.gravatar.com\/avatar\/447284c06c1ad8b46465a36de9cd0d8326b73387a22799b8b1ffb1fbcff2ed0c?s=96&d=mm&r=g","contentUrl":"https:\/\/secure.gravatar.com\/avatar\/447284c06c1ad8b46465a36de9cd0d8326b73387a22799b8b1ffb1fbcff2ed0c?s=96&d=mm&r=g","caption":"Reda\u00e7\u00e3o"},"url":"https:\/\/brasilnoticias.org\/site\/author\/redacao\/"}]}},"_links":{"self":[{"href":"https:\/\/brasilnoticias.org\/site\/wp-json\/wp\/v2\/posts\/1409","targetHints":{"allow":["GET"]}}],"collection":[{"href":"https:\/\/brasilnoticias.org\/site\/wp-json\/wp\/v2\/posts"}],"about":[{"href":"https:\/\/brasilnoticias.org\/site\/wp-json\/wp\/v2\/types\/post"}],"author":[{"embeddable":true,"href":"https:\/\/brasilnoticias.org\/site\/wp-json\/wp\/v2\/users\/2"}],"replies":[{"embeddable":true,"href":"https:\/\/brasilnoticias.org\/site\/wp-json\/wp\/v2\/comments?post=1409"}],"version-history":[{"count":1,"href":"https:\/\/brasilnoticias.org\/site\/wp-json\/wp\/v2\/posts\/1409\/revisions"}],"predecessor-version":[{"id":1411,"href":"https:\/\/brasilnoticias.org\/site\/wp-json\/wp\/v2\/posts\/1409\/revisions\/1411"}],"wp:featuredmedia":[{"embeddable":true,"href":"https:\/\/brasilnoticias.org\/site\/wp-json\/wp\/v2\/media\/1410"}],"wp:attachment":[{"href":"https:\/\/brasilnoticias.org\/site\/wp-json\/wp\/v2\/media?parent=1409"}],"wp:term":[{"taxonomy":"category","embeddable":true,"href":"https:\/\/brasilnoticias.org\/site\/wp-json\/wp\/v2\/categories?post=1409"},{"taxonomy":"post_tag","embeddable":true,"href":"https:\/\/brasilnoticias.org\/site\/wp-json\/wp\/v2\/tags?post=1409"}],"curies":[{"name":"wp","href":"https:\/\/api.w.org\/{rel}","templated":true}]}}