{"id":14098,"date":"2024-05-15T16:02:58","date_gmt":"2024-05-15T19:02:58","guid":{"rendered":"https:\/\/brasilnoticias.org\/site\/?p=14098"},"modified":"2024-05-15T16:02:58","modified_gmt":"2024-05-15T19:02:58","slug":"produtora-se-pronuncia-apos-cancelamento-das-turnes-de-ludmilla-e-ivete-sangalo-decisao-unilateral","status":"publish","type":"post","link":"https:\/\/brasilnoticias.org\/site\/produtora-se-pronuncia-apos-cancelamento-das-turnes-de-ludmilla-e-ivete-sangalo-decisao-unilateral\/","title":{"rendered":"Produtora se pronuncia ap\u00f3s cancelamento das turn\u00eas de Ludmilla e Ivete Sangalo: \u2018Decis\u00e3o unilateral\u2019"},"content":{"rendered":"<p>Ivete e Ludmilla anunciaram nesta quarta-feira (15\/5) o cancelamento das turn\u00eas por n\u00e3o cumprimento das condi\u00e7\u00f5es previstas por parte da produtora 30e<\/p>\n<p>A produtora 30e, respons\u00e1vel pelas turn\u00eas \u201cA Festa\u201d, que comemoraria de 30 anos de carreira de Ivete Sangalo, e \u201cLudmilla in the House Tour\u201d, da cantora Ludmilla, se pronunciou ap\u00f3s o cancelamento das duas turn\u00eas, anunciado nesta quarta-feira (15\/5) pelas artistas.<\/p>\n<p>As duas alegam o n\u00e3o cumprimento das condi\u00e7\u00f5es previstas para a realiza\u00e7\u00e3o dos eventos pela 30e. \u201cA produtora lamenta, mas respeita a decis\u00e3o unilateral das artistas e esclarece que, em nenhum momento, avaliou o cancelamento das duas turn\u00eas\u201d, afirmou a empresa, em nota nas redes sociais.<\/p>\n<p>Em rela\u00e7\u00e3o \u00e0 turn\u00ea \u201cA Festa\u201d, a produtora disse que, por \u201cquest\u00f5es de demanda\u201d, prop\u00f4s a Ivete a readequa\u00e7\u00e3o da estrutura e foi surpreendida pelo comunicado da cantora.<\/p>\n<p>J\u00e1 sobre a turn\u00ea de Ludmilla, a 30e afirmou que n\u00e3o houve negocia\u00e7\u00e3o e que a decis\u00e3o foi exclusiva da artista. A empresa tamb\u00e9m esclareceu que em breve ser\u00e1 divulgado o procedimento para o reembolso dos ingressos que j\u00e1 foram comprados.<\/p>\n<p>A produtora garantiu que shows de outros artistas, como Natiruts e Ney Matogrosso, est\u00e3o mantidos.<\/p>\n<p>NOTA NA \u00cdNTEGRA<\/p>\n<p>\u201cA produtora lamenta, mas respeita a decis\u00e3o unilateral das artistas e esclarece que, em nenhum momento, avaliou o cancelamento das duas turn\u00eas. Em rela\u00e7\u00e3o \u00e0 turn\u00ea \u201cA Festa\u201d, por quest\u00f5es de demanda, a empresa prop\u00f4s \u00e0 artista e sua equipe uma readequa\u00e7\u00e3o da estrutura e produ\u00e7\u00e3o e foi surpreendida com o comunicado publicado. J\u00e1 em rela\u00e7\u00e3o \u00e0 turn\u00ea \u201cLudmilla in the House Tour\u201d, n\u00e3o houve nenhuma negocia\u00e7\u00e3o anterior \u00e0 decis\u00e3o exclusiva da artista e seu comunicado. A 30e divulgar\u00e1 o mais breve poss\u00edvel os procedimentos relacionados ao reembolso para os f\u00e3s que j\u00e1 haviam adquirido ingresso. Com mais de tr\u00eas milh\u00f5es de pessoas impactadas anualmente pelos eventos que promove, realiza e produz, a 30e pode afirmar sua integral capacidade para cumprir seus compromissos com seus clientes, parceiros e patrocinadores, e informa que as demais turn\u00eas anunciadas est\u00e3o confirmadas e ocorrer\u00e3o normalmente\u201d.<\/p>\n<p>O QUE DISSERAM IVETE E LUDMILLA<\/p>\n<p>Ivete Sangalo: \u201cHonrando a transpar\u00eancia e a responsabilidade que marcam sua carreira, Ivete Sangalo e seu escrit\u00f3rio optaram por cancelar a turn\u00ea A Festa. A decis\u00e3o, embora dolorosa, revelou-se necess\u00e1ria a partir da constata\u00e7\u00e3o de que a produtora respons\u00e1vel pela realiza\u00e7\u00e3o dos shows n\u00e3o conseguiria garantir as condi\u00e7\u00f5es necess\u00e1rias para que as apresenta\u00e7\u00f5es da artista acontecessem da forma como foram concebidas, com a excel\u00eancia e seguran\u00e7a prometidas e acordadas\u201d.<\/p>\n<p>Ludmilla: \u201cPor motivos que fogem do controle de Ludmilla e sua equipe, a Ludmilla in the House Tour est\u00e1 cancelada. A decis\u00e3o foi tomada mediante o n\u00e3o cumprimento por parte da produtora respons\u00e1vel pela turn\u00ea das condi\u00e7\u00f5es previstas no pr\u00e9-contrato para a viabilidade dos shows planejados h\u00e1 meses. Com isso, fica impossibilitada a realiza\u00e7\u00e3o desta tour\u201d.<\/p>\n<p>Foto: Reprodu\u00e7\u00e3o\/ Redes Sociais<br \/>\nAratu On <\/p>\n","protected":false},"excerpt":{"rendered":"<p>Ivete e Ludmilla anunciaram nesta quarta-feira (15\/5) o cancelamento das turn\u00eas por n\u00e3o cumprimento das condi\u00e7\u00f5es previstas por parte da<\/p>\n","protected":false},"author":4,"featured_media":14099,"comment_status":"open","ping_status":"open","sticky":false,"template":"","format":"standard","meta":{"colormag_page_container_layout":"default_layout","colormag_page_sidebar_layout":"default_layout","_FSMCFIC_featured_image_caption":"","_FSMCFIC_featured_image_nocaption":"","_FSMCFIC_featured_image_hide":"","footnotes":""},"categories":[8,1],"tags":[],"class_list":["post-14098","post","type-post","status-publish","format-standard","has-post-thumbnail","hentry","category-entretenimento","category-ultimas"],"yoast_head":"<!-- This site is optimized with the Yoast SEO plugin v27.1.1 - https:\/\/yoast.com\/product\/yoast-seo-wordpress\/ -->\n<title>Produtora se pronuncia ap\u00f3s cancelamento das turn\u00eas de Ludmilla e Ivete Sangalo: \u2018Decis\u00e3o unilateral\u2019 - Brasil not\u00edcias<\/title>\n<meta name=\"robots\" content=\"index, follow, max-snippet:-1, max-image-preview:large, max-video-preview:-1\" \/>\n<link rel=\"canonical\" href=\"https:\/\/brasilnoticias.org\/site\/produtora-se-pronuncia-apos-cancelamento-das-turnes-de-ludmilla-e-ivete-sangalo-decisao-unilateral\/\" \/>\n<meta property=\"og:locale\" content=\"pt_PT\" \/>\n<meta property=\"og:type\" content=\"article\" \/>\n<meta property=\"og:title\" content=\"Produtora se pronuncia ap\u00f3s cancelamento das turn\u00eas de Ludmilla e Ivete Sangalo: \u2018Decis\u00e3o unilateral\u2019 - Brasil not\u00edcias\" \/>\n<meta property=\"og:description\" content=\"Ivete e Ludmilla anunciaram nesta quarta-feira (15\/5) o cancelamento das turn\u00eas por n\u00e3o cumprimento das condi\u00e7\u00f5es previstas por parte da\" \/>\n<meta property=\"og:url\" content=\"https:\/\/brasilnoticias.org\/site\/produtora-se-pronuncia-apos-cancelamento-das-turnes-de-ludmilla-e-ivete-sangalo-decisao-unilateral\/\" \/>\n<meta property=\"og:site_name\" content=\"Brasil not\u00edcias\" \/>\n<meta property=\"article:published_time\" content=\"2024-05-15T19:02:58+00:00\" \/>\n<meta property=\"og:image\" content=\"https:\/\/brasilnoticias.org\/site\/wp-content\/uploads\/2024\/05\/Design-sem-nome-18.jpg\" \/>\n\t<meta property=\"og:image:width\" content=\"960\" \/>\n\t<meta property=\"og:image:height\" content=\"500\" \/>\n\t<meta property=\"og:image:type\" content=\"image\/jpeg\" \/>\n<meta name=\"author\" content=\"Reda\u00e7\u00e3o\" \/>\n<meta name=\"twitter:card\" content=\"summary_large_image\" \/>\n<meta name=\"twitter:label1\" content=\"Escrito por\" \/>\n\t<meta name=\"twitter:data1\" content=\"Reda\u00e7\u00e3o\" \/>\n\t<meta name=\"twitter:label2\" content=\"Tempo estimado de leitura\" \/>\n\t<meta name=\"twitter:data2\" content=\"1 minuto\" \/>\n<script type=\"application\/ld+json\" class=\"yoast-schema-graph\">{\"@context\":\"https:\/\/schema.org\",\"@graph\":[{\"@type\":\"Article\",\"@id\":\"https:\/\/brasilnoticias.org\/site\/produtora-se-pronuncia-apos-cancelamento-das-turnes-de-ludmilla-e-ivete-sangalo-decisao-unilateral\/#article\",\"isPartOf\":{\"@id\":\"https:\/\/brasilnoticias.org\/site\/produtora-se-pronuncia-apos-cancelamento-das-turnes-de-ludmilla-e-ivete-sangalo-decisao-unilateral\/\"},\"author\":{\"name\":\"Reda\u00e7\u00e3o\",\"@id\":\"https:\/\/brasilnoticias.org\/site\/#\/schema\/person\/03bbbfe6c7634ad18c26444ea39049fa\"},\"headline\":\"Produtora se pronuncia ap\u00f3s cancelamento das turn\u00eas de Ludmilla e Ivete Sangalo: \u2018Decis\u00e3o unilateral\u2019\",\"datePublished\":\"2024-05-15T19:02:58+00:00\",\"mainEntityOfPage\":{\"@id\":\"https:\/\/brasilnoticias.org\/site\/produtora-se-pronuncia-apos-cancelamento-das-turnes-de-ludmilla-e-ivete-sangalo-decisao-unilateral\/\"},\"wordCount\":542,\"commentCount\":0,\"publisher\":{\"@id\":\"https:\/\/brasilnoticias.org\/site\/#organization\"},\"image\":{\"@id\":\"https:\/\/brasilnoticias.org\/site\/produtora-se-pronuncia-apos-cancelamento-das-turnes-de-ludmilla-e-ivete-sangalo-decisao-unilateral\/#primaryimage\"},\"thumbnailUrl\":\"https:\/\/brasilnoticias.org\/site\/wp-content\/uploads\/2024\/05\/Design-sem-nome-18.jpg\",\"articleSection\":[\"Entretenimento\",\"\u00daltimas\"],\"inLanguage\":\"pt-PT\",\"potentialAction\":[{\"@type\":\"CommentAction\",\"name\":\"Comment\",\"target\":[\"https:\/\/brasilnoticias.org\/site\/produtora-se-pronuncia-apos-cancelamento-das-turnes-de-ludmilla-e-ivete-sangalo-decisao-unilateral\/#respond\"]}]},{\"@type\":\"WebPage\",\"@id\":\"https:\/\/brasilnoticias.org\/site\/produtora-se-pronuncia-apos-cancelamento-das-turnes-de-ludmilla-e-ivete-sangalo-decisao-unilateral\/\",\"url\":\"https:\/\/brasilnoticias.org\/site\/produtora-se-pronuncia-apos-cancelamento-das-turnes-de-ludmilla-e-ivete-sangalo-decisao-unilateral\/\",\"name\":\"Produtora se pronuncia ap\u00f3s cancelamento das turn\u00eas de Ludmilla e Ivete Sangalo: \u2018Decis\u00e3o unilateral\u2019 - Brasil not\u00edcias\",\"isPartOf\":{\"@id\":\"https:\/\/brasilnoticias.org\/site\/#website\"},\"primaryImageOfPage\":{\"@id\":\"https:\/\/brasilnoticias.org\/site\/produtora-se-pronuncia-apos-cancelamento-das-turnes-de-ludmilla-e-ivete-sangalo-decisao-unilateral\/#primaryimage\"},\"image\":{\"@id\":\"https:\/\/brasilnoticias.org\/site\/produtora-se-pronuncia-apos-cancelamento-das-turnes-de-ludmilla-e-ivete-sangalo-decisao-unilateral\/#primaryimage\"},\"thumbnailUrl\":\"https:\/\/brasilnoticias.org\/site\/wp-content\/uploads\/2024\/05\/Design-sem-nome-18.jpg\",\"datePublished\":\"2024-05-15T19:02:58+00:00\",\"breadcrumb\":{\"@id\":\"https:\/\/brasilnoticias.org\/site\/produtora-se-pronuncia-apos-cancelamento-das-turnes-de-ludmilla-e-ivete-sangalo-decisao-unilateral\/#breadcrumb\"},\"inLanguage\":\"pt-PT\",\"potentialAction\":[{\"@type\":\"ReadAction\",\"target\":[\"https:\/\/brasilnoticias.org\/site\/produtora-se-pronuncia-apos-cancelamento-das-turnes-de-ludmilla-e-ivete-sangalo-decisao-unilateral\/\"]}]},{\"@type\":\"ImageObject\",\"inLanguage\":\"pt-PT\",\"@id\":\"https:\/\/brasilnoticias.org\/site\/produtora-se-pronuncia-apos-cancelamento-das-turnes-de-ludmilla-e-ivete-sangalo-decisao-unilateral\/#primaryimage\",\"url\":\"https:\/\/brasilnoticias.org\/site\/wp-content\/uploads\/2024\/05\/Design-sem-nome-18.jpg\",\"contentUrl\":\"https:\/\/brasilnoticias.org\/site\/wp-content\/uploads\/2024\/05\/Design-sem-nome-18.jpg\",\"width\":960,\"height\":500},{\"@type\":\"BreadcrumbList\",\"@id\":\"https:\/\/brasilnoticias.org\/site\/produtora-se-pronuncia-apos-cancelamento-das-turnes-de-ludmilla-e-ivete-sangalo-decisao-unilateral\/#breadcrumb\",\"itemListElement\":[{\"@type\":\"ListItem\",\"position\":1,\"name\":\"In\u00edcio\",\"item\":\"https:\/\/brasilnoticias.org\/site\/\"},{\"@type\":\"ListItem\",\"position\":2,\"name\":\"Produtora se pronuncia ap\u00f3s cancelamento das turn\u00eas de Ludmilla e Ivete Sangalo: \u2018Decis\u00e3o unilateral\u2019\"}]},{\"@type\":\"WebSite\",\"@id\":\"https:\/\/brasilnoticias.org\/site\/#website\",\"url\":\"https:\/\/brasilnoticias.org\/site\/\",\"name\":\"Brasil not\u00edcias\",\"description\":\"Brasil not\u00edcias\",\"publisher\":{\"@id\":\"https:\/\/brasilnoticias.org\/site\/#organization\"},\"potentialAction\":[{\"@type\":\"SearchAction\",\"target\":{\"@type\":\"EntryPoint\",\"urlTemplate\":\"https:\/\/brasilnoticias.org\/site\/?s={search_term_string}\"},\"query-input\":{\"@type\":\"PropertyValueSpecification\",\"valueRequired\":true,\"valueName\":\"search_term_string\"}}],\"inLanguage\":\"pt-PT\"},{\"@type\":\"Organization\",\"@id\":\"https:\/\/brasilnoticias.org\/site\/#organization\",\"name\":\"Brasil not\u00edcias\",\"url\":\"https:\/\/brasilnoticias.org\/site\/\",\"logo\":{\"@type\":\"ImageObject\",\"inLanguage\":\"pt-PT\",\"@id\":\"https:\/\/brasilnoticias.org\/site\/#\/schema\/logo\/image\/\",\"url\":\"https:\/\/brasilnoticias.org\/site\/wp-content\/uploads\/2022\/05\/cropped-brasilnoticias-mini.jpg\",\"contentUrl\":\"https:\/\/brasilnoticias.org\/site\/wp-content\/uploads\/2022\/05\/cropped-brasilnoticias-mini.jpg\",\"width\":314,\"height\":86,\"caption\":\"Brasil not\u00edcias\"},\"image\":{\"@id\":\"https:\/\/brasilnoticias.org\/site\/#\/schema\/logo\/image\/\"}},{\"@type\":\"Person\",\"@id\":\"https:\/\/brasilnoticias.org\/site\/#\/schema\/person\/03bbbfe6c7634ad18c26444ea39049fa\",\"name\":\"Reda\u00e7\u00e3o\",\"image\":{\"@type\":\"ImageObject\",\"inLanguage\":\"pt-PT\",\"@id\":\"https:\/\/brasilnoticias.org\/site\/#\/schema\/person\/image\/\",\"url\":\"https:\/\/secure.gravatar.com\/avatar\/9ecaf7327a696cb23ad926fedded5f1f04d7049de9e445375d55b48c001a6e42?s=96&d=mm&r=g\",\"contentUrl\":\"https:\/\/secure.gravatar.com\/avatar\/9ecaf7327a696cb23ad926fedded5f1f04d7049de9e445375d55b48c001a6e42?s=96&d=mm&r=g\",\"caption\":\"Reda\u00e7\u00e3o\"},\"url\":\"https:\/\/brasilnoticias.org\/site\/author\/henrique\/\"}]}<\/script>\n<!-- \/ Yoast SEO plugin. -->","yoast_head_json":{"title":"Produtora se pronuncia ap\u00f3s cancelamento das turn\u00eas de Ludmilla e Ivete Sangalo: \u2018Decis\u00e3o unilateral\u2019 - Brasil not\u00edcias","robots":{"index":"index","follow":"follow","max-snippet":"max-snippet:-1","max-image-preview":"max-image-preview:large","max-video-preview":"max-video-preview:-1"},"canonical":"https:\/\/brasilnoticias.org\/site\/produtora-se-pronuncia-apos-cancelamento-das-turnes-de-ludmilla-e-ivete-sangalo-decisao-unilateral\/","og_locale":"pt_PT","og_type":"article","og_title":"Produtora se pronuncia ap\u00f3s cancelamento das turn\u00eas de Ludmilla e Ivete Sangalo: \u2018Decis\u00e3o unilateral\u2019 - Brasil not\u00edcias","og_description":"Ivete e Ludmilla anunciaram nesta quarta-feira (15\/5) o cancelamento das turn\u00eas por n\u00e3o cumprimento das condi\u00e7\u00f5es previstas por parte da","og_url":"https:\/\/brasilnoticias.org\/site\/produtora-se-pronuncia-apos-cancelamento-das-turnes-de-ludmilla-e-ivete-sangalo-decisao-unilateral\/","og_site_name":"Brasil not\u00edcias","article_published_time":"2024-05-15T19:02:58+00:00","og_image":[{"width":960,"height":500,"url":"https:\/\/brasilnoticias.org\/site\/wp-content\/uploads\/2024\/05\/Design-sem-nome-18.jpg","type":"image\/jpeg"}],"author":"Reda\u00e7\u00e3o","twitter_card":"summary_large_image","twitter_misc":{"Escrito por":"Reda\u00e7\u00e3o","Tempo estimado de leitura":"1 minuto"},"schema":{"@context":"https:\/\/schema.org","@graph":[{"@type":"Article","@id":"https:\/\/brasilnoticias.org\/site\/produtora-se-pronuncia-apos-cancelamento-das-turnes-de-ludmilla-e-ivete-sangalo-decisao-unilateral\/#article","isPartOf":{"@id":"https:\/\/brasilnoticias.org\/site\/produtora-se-pronuncia-apos-cancelamento-das-turnes-de-ludmilla-e-ivete-sangalo-decisao-unilateral\/"},"author":{"name":"Reda\u00e7\u00e3o","@id":"https:\/\/brasilnoticias.org\/site\/#\/schema\/person\/03bbbfe6c7634ad18c26444ea39049fa"},"headline":"Produtora se pronuncia ap\u00f3s cancelamento das turn\u00eas de Ludmilla e Ivete Sangalo: \u2018Decis\u00e3o unilateral\u2019","datePublished":"2024-05-15T19:02:58+00:00","mainEntityOfPage":{"@id":"https:\/\/brasilnoticias.org\/site\/produtora-se-pronuncia-apos-cancelamento-das-turnes-de-ludmilla-e-ivete-sangalo-decisao-unilateral\/"},"wordCount":542,"commentCount":0,"publisher":{"@id":"https:\/\/brasilnoticias.org\/site\/#organization"},"image":{"@id":"https:\/\/brasilnoticias.org\/site\/produtora-se-pronuncia-apos-cancelamento-das-turnes-de-ludmilla-e-ivete-sangalo-decisao-unilateral\/#primaryimage"},"thumbnailUrl":"https:\/\/brasilnoticias.org\/site\/wp-content\/uploads\/2024\/05\/Design-sem-nome-18.jpg","articleSection":["Entretenimento","\u00daltimas"],"inLanguage":"pt-PT","potentialAction":[{"@type":"CommentAction","name":"Comment","target":["https:\/\/brasilnoticias.org\/site\/produtora-se-pronuncia-apos-cancelamento-das-turnes-de-ludmilla-e-ivete-sangalo-decisao-unilateral\/#respond"]}]},{"@type":"WebPage","@id":"https:\/\/brasilnoticias.org\/site\/produtora-se-pronuncia-apos-cancelamento-das-turnes-de-ludmilla-e-ivete-sangalo-decisao-unilateral\/","url":"https:\/\/brasilnoticias.org\/site\/produtora-se-pronuncia-apos-cancelamento-das-turnes-de-ludmilla-e-ivete-sangalo-decisao-unilateral\/","name":"Produtora se pronuncia ap\u00f3s cancelamento das turn\u00eas de Ludmilla e Ivete Sangalo: \u2018Decis\u00e3o unilateral\u2019 - Brasil not\u00edcias","isPartOf":{"@id":"https:\/\/brasilnoticias.org\/site\/#website"},"primaryImageOfPage":{"@id":"https:\/\/brasilnoticias.org\/site\/produtora-se-pronuncia-apos-cancelamento-das-turnes-de-ludmilla-e-ivete-sangalo-decisao-unilateral\/#primaryimage"},"image":{"@id":"https:\/\/brasilnoticias.org\/site\/produtora-se-pronuncia-apos-cancelamento-das-turnes-de-ludmilla-e-ivete-sangalo-decisao-unilateral\/#primaryimage"},"thumbnailUrl":"https:\/\/brasilnoticias.org\/site\/wp-content\/uploads\/2024\/05\/Design-sem-nome-18.jpg","datePublished":"2024-05-15T19:02:58+00:00","breadcrumb":{"@id":"https:\/\/brasilnoticias.org\/site\/produtora-se-pronuncia-apos-cancelamento-das-turnes-de-ludmilla-e-ivete-sangalo-decisao-unilateral\/#breadcrumb"},"inLanguage":"pt-PT","potentialAction":[{"@type":"ReadAction","target":["https:\/\/brasilnoticias.org\/site\/produtora-se-pronuncia-apos-cancelamento-das-turnes-de-ludmilla-e-ivete-sangalo-decisao-unilateral\/"]}]},{"@type":"ImageObject","inLanguage":"pt-PT","@id":"https:\/\/brasilnoticias.org\/site\/produtora-se-pronuncia-apos-cancelamento-das-turnes-de-ludmilla-e-ivete-sangalo-decisao-unilateral\/#primaryimage","url":"https:\/\/brasilnoticias.org\/site\/wp-content\/uploads\/2024\/05\/Design-sem-nome-18.jpg","contentUrl":"https:\/\/brasilnoticias.org\/site\/wp-content\/uploads\/2024\/05\/Design-sem-nome-18.jpg","width":960,"height":500},{"@type":"BreadcrumbList","@id":"https:\/\/brasilnoticias.org\/site\/produtora-se-pronuncia-apos-cancelamento-das-turnes-de-ludmilla-e-ivete-sangalo-decisao-unilateral\/#breadcrumb","itemListElement":[{"@type":"ListItem","position":1,"name":"In\u00edcio","item":"https:\/\/brasilnoticias.org\/site\/"},{"@type":"ListItem","position":2,"name":"Produtora se pronuncia ap\u00f3s cancelamento das turn\u00eas de Ludmilla e Ivete Sangalo: \u2018Decis\u00e3o unilateral\u2019"}]},{"@type":"WebSite","@id":"https:\/\/brasilnoticias.org\/site\/#website","url":"https:\/\/brasilnoticias.org\/site\/","name":"Brasil not\u00edcias","description":"Brasil not\u00edcias","publisher":{"@id":"https:\/\/brasilnoticias.org\/site\/#organization"},"potentialAction":[{"@type":"SearchAction","target":{"@type":"EntryPoint","urlTemplate":"https:\/\/brasilnoticias.org\/site\/?s={search_term_string}"},"query-input":{"@type":"PropertyValueSpecification","valueRequired":true,"valueName":"search_term_string"}}],"inLanguage":"pt-PT"},{"@type":"Organization","@id":"https:\/\/brasilnoticias.org\/site\/#organization","name":"Brasil not\u00edcias","url":"https:\/\/brasilnoticias.org\/site\/","logo":{"@type":"ImageObject","inLanguage":"pt-PT","@id":"https:\/\/brasilnoticias.org\/site\/#\/schema\/logo\/image\/","url":"https:\/\/brasilnoticias.org\/site\/wp-content\/uploads\/2022\/05\/cropped-brasilnoticias-mini.jpg","contentUrl":"https:\/\/brasilnoticias.org\/site\/wp-content\/uploads\/2022\/05\/cropped-brasilnoticias-mini.jpg","width":314,"height":86,"caption":"Brasil not\u00edcias"},"image":{"@id":"https:\/\/brasilnoticias.org\/site\/#\/schema\/logo\/image\/"}},{"@type":"Person","@id":"https:\/\/brasilnoticias.org\/site\/#\/schema\/person\/03bbbfe6c7634ad18c26444ea39049fa","name":"Reda\u00e7\u00e3o","image":{"@type":"ImageObject","inLanguage":"pt-PT","@id":"https:\/\/brasilnoticias.org\/site\/#\/schema\/person\/image\/","url":"https:\/\/secure.gravatar.com\/avatar\/9ecaf7327a696cb23ad926fedded5f1f04d7049de9e445375d55b48c001a6e42?s=96&d=mm&r=g","contentUrl":"https:\/\/secure.gravatar.com\/avatar\/9ecaf7327a696cb23ad926fedded5f1f04d7049de9e445375d55b48c001a6e42?s=96&d=mm&r=g","caption":"Reda\u00e7\u00e3o"},"url":"https:\/\/brasilnoticias.org\/site\/author\/henrique\/"}]}},"_links":{"self":[{"href":"https:\/\/brasilnoticias.org\/site\/wp-json\/wp\/v2\/posts\/14098","targetHints":{"allow":["GET"]}}],"collection":[{"href":"https:\/\/brasilnoticias.org\/site\/wp-json\/wp\/v2\/posts"}],"about":[{"href":"https:\/\/brasilnoticias.org\/site\/wp-json\/wp\/v2\/types\/post"}],"author":[{"embeddable":true,"href":"https:\/\/brasilnoticias.org\/site\/wp-json\/wp\/v2\/users\/4"}],"replies":[{"embeddable":true,"href":"https:\/\/brasilnoticias.org\/site\/wp-json\/wp\/v2\/comments?post=14098"}],"version-history":[{"count":1,"href":"https:\/\/brasilnoticias.org\/site\/wp-json\/wp\/v2\/posts\/14098\/revisions"}],"predecessor-version":[{"id":14100,"href":"https:\/\/brasilnoticias.org\/site\/wp-json\/wp\/v2\/posts\/14098\/revisions\/14100"}],"wp:featuredmedia":[{"embeddable":true,"href":"https:\/\/brasilnoticias.org\/site\/wp-json\/wp\/v2\/media\/14099"}],"wp:attachment":[{"href":"https:\/\/brasilnoticias.org\/site\/wp-json\/wp\/v2\/media?parent=14098"}],"wp:term":[{"taxonomy":"category","embeddable":true,"href":"https:\/\/brasilnoticias.org\/site\/wp-json\/wp\/v2\/categories?post=14098"},{"taxonomy":"post_tag","embeddable":true,"href":"https:\/\/brasilnoticias.org\/site\/wp-json\/wp\/v2\/tags?post=14098"}],"curies":[{"name":"wp","href":"https:\/\/api.w.org\/{rel}","templated":true}]}}