{"id":14105,"date":"2024-05-15T16:06:46","date_gmt":"2024-05-15T19:06:46","guid":{"rendered":"https:\/\/brasilnoticias.org\/site\/?p=14105"},"modified":"2024-05-15T16:06:46","modified_gmt":"2024-05-15T19:06:46","slug":"air-france-anuncia-voo-direto-de-salvador-para-paris-a-partir-de-outubro","status":"publish","type":"post","link":"https:\/\/brasilnoticias.org\/site\/air-france-anuncia-voo-direto-de-salvador-para-paris-a-partir-de-outubro\/","title":{"rendered":"Air France anuncia voo direto de Salvador para Paris a partir de outubro"},"content":{"rendered":"<p>Um dos modelos mais modernos do mundo ser\u00e1 respons\u00e1vel pela rota, o Airbus A350-900 \u00e9 o maior modelo a operar regulamente em Salvador<\/p>\n<p>A partir de outubro a companhia a\u00e9rea Air France passar\u00e1 a ligar a capital baiana a Paris, na Fran\u00e7a. O trajeto ser\u00e1 feito \u00e0s segundas, quintas e s\u00e1bados, ida e volta. As passagens j\u00e1 est\u00e3o \u00e0 venda e os valores giram em torno de R$ 4,3 mil para classe econ\u00f4mica.<\/p>\n<p>Um dos modelos mais modernos do mundo ser\u00e1 respons\u00e1vel pela rota, o Airbus A350-900 \u00e9 o maior modelo a operar regulamente em Salvador. A Air France tem bases no Brasil nas cidades de S\u00e3o Paulo (SP), Rio de Janeiro (RJ) e Fortaleza (CE). A mudan\u00e7a aumentar\u00e1 em 6% do n\u00famero de assentos dispon\u00edveis e de 4,5% em n\u00famero de voos para este per\u00edodo, se comparado com o mesmo per\u00edodo de 2023.<\/p>\n<p>Para atender a temporada de f\u00e9rias de julho, o Aeroporto de Salvador ganhar\u00e1 novos voos. Segundo informa\u00e7\u00f5es da Vinci Airports, concession\u00e1ria que controla o aeroporto, as novas rotas s\u00e3o para S\u00e3o Jos\u00e9 dos Campos, S\u00e3o Lu\u00eds, S\u00e3o Paulo, Rio de Janeiro e Curitiba. Tamb\u00e9m h\u00e1 previs\u00e3o de um voo direto entre Salvador e Santiago para refor\u00e7ar a conectividade com outros destinos da Am\u00e9rica do Sul.<\/p>\n<p>Foto: Divulga\u00e7\u00e3o<br \/>\nPor: Metro1<\/p>\n","protected":false},"excerpt":{"rendered":"<p>Um dos modelos mais modernos do mundo ser\u00e1 respons\u00e1vel pela rota, o Airbus A350-900 \u00e9 o maior modelo a operar<\/p>\n","protected":false},"author":4,"featured_media":14106,"comment_status":"open","ping_status":"open","sticky":false,"template":"","format":"standard","meta":{"colormag_page_container_layout":"default_layout","colormag_page_sidebar_layout":"default_layout","_FSMCFIC_featured_image_caption":"","_FSMCFIC_featured_image_nocaption":"","_FSMCFIC_featured_image_hide":"","footnotes":""},"categories":[2,1],"tags":[],"class_list":["post-14105","post","type-post","status-publish","format-standard","has-post-thumbnail","hentry","category-noticias","category-ultimas"],"yoast_head":"<!-- This site is optimized with the Yoast SEO plugin v27.1.1 - https:\/\/yoast.com\/product\/yoast-seo-wordpress\/ -->\n<title>Air France anuncia voo direto de Salvador para Paris a partir de outubro - Brasil not\u00edcias<\/title>\n<meta name=\"robots\" content=\"index, follow, max-snippet:-1, max-image-preview:large, max-video-preview:-1\" \/>\n<link rel=\"canonical\" href=\"https:\/\/brasilnoticias.org\/site\/air-france-anuncia-voo-direto-de-salvador-para-paris-a-partir-de-outubro\/\" \/>\n<meta property=\"og:locale\" content=\"pt_PT\" \/>\n<meta property=\"og:type\" content=\"article\" \/>\n<meta property=\"og:title\" content=\"Air France anuncia voo direto de Salvador para Paris a partir de outubro - Brasil not\u00edcias\" \/>\n<meta property=\"og:description\" content=\"Um dos modelos mais modernos do mundo ser\u00e1 respons\u00e1vel pela rota, o Airbus A350-900 \u00e9 o maior modelo a operar\" \/>\n<meta property=\"og:url\" content=\"https:\/\/brasilnoticias.org\/site\/air-france-anuncia-voo-direto-de-salvador-para-paris-a-partir-de-outubro\/\" \/>\n<meta property=\"og:site_name\" content=\"Brasil not\u00edcias\" \/>\n<meta property=\"article:published_time\" content=\"2024-05-15T19:06:46+00:00\" \/>\n<meta property=\"og:image\" content=\"https:\/\/brasilnoticias.org\/site\/wp-content\/uploads\/2024\/05\/150152air-france-anuncia-voo-direto-de-salvador-para-paris-a-partir-de-outubro-3.jpg\" \/>\n\t<meta property=\"og:image:width\" content=\"1600\" \/>\n\t<meta property=\"og:image:height\" content=\"752\" \/>\n\t<meta property=\"og:image:type\" content=\"image\/jpeg\" \/>\n<meta name=\"author\" content=\"Reda\u00e7\u00e3o\" \/>\n<meta name=\"twitter:card\" content=\"summary_large_image\" \/>\n<meta name=\"twitter:label1\" content=\"Escrito por\" \/>\n\t<meta name=\"twitter:data1\" content=\"Reda\u00e7\u00e3o\" \/>\n\t<meta name=\"twitter:label2\" content=\"Tempo estimado de leitura\" \/>\n\t<meta name=\"twitter:data2\" content=\"1 minuto\" \/>\n<script type=\"application\/ld+json\" class=\"yoast-schema-graph\">{\"@context\":\"https:\/\/schema.org\",\"@graph\":[{\"@type\":\"Article\",\"@id\":\"https:\/\/brasilnoticias.org\/site\/air-france-anuncia-voo-direto-de-salvador-para-paris-a-partir-de-outubro\/#article\",\"isPartOf\":{\"@id\":\"https:\/\/brasilnoticias.org\/site\/air-france-anuncia-voo-direto-de-salvador-para-paris-a-partir-de-outubro\/\"},\"author\":{\"name\":\"Reda\u00e7\u00e3o\",\"@id\":\"https:\/\/brasilnoticias.org\/site\/#\/schema\/person\/03bbbfe6c7634ad18c26444ea39049fa\"},\"headline\":\"Air France anuncia voo direto de Salvador para Paris a partir de outubro\",\"datePublished\":\"2024-05-15T19:06:46+00:00\",\"mainEntityOfPage\":{\"@id\":\"https:\/\/brasilnoticias.org\/site\/air-france-anuncia-voo-direto-de-salvador-para-paris-a-partir-de-outubro\/\"},\"wordCount\":248,\"commentCount\":0,\"publisher\":{\"@id\":\"https:\/\/brasilnoticias.org\/site\/#organization\"},\"image\":{\"@id\":\"https:\/\/brasilnoticias.org\/site\/air-france-anuncia-voo-direto-de-salvador-para-paris-a-partir-de-outubro\/#primaryimage\"},\"thumbnailUrl\":\"https:\/\/brasilnoticias.org\/site\/wp-content\/uploads\/2024\/05\/150152air-france-anuncia-voo-direto-de-salvador-para-paris-a-partir-de-outubro-3.jpg\",\"articleSection\":[\"Not\u00edcias\",\"\u00daltimas\"],\"inLanguage\":\"pt-PT\",\"potentialAction\":[{\"@type\":\"CommentAction\",\"name\":\"Comment\",\"target\":[\"https:\/\/brasilnoticias.org\/site\/air-france-anuncia-voo-direto-de-salvador-para-paris-a-partir-de-outubro\/#respond\"]}]},{\"@type\":\"WebPage\",\"@id\":\"https:\/\/brasilnoticias.org\/site\/air-france-anuncia-voo-direto-de-salvador-para-paris-a-partir-de-outubro\/\",\"url\":\"https:\/\/brasilnoticias.org\/site\/air-france-anuncia-voo-direto-de-salvador-para-paris-a-partir-de-outubro\/\",\"name\":\"Air France anuncia voo direto de Salvador para Paris a partir de outubro - Brasil not\u00edcias\",\"isPartOf\":{\"@id\":\"https:\/\/brasilnoticias.org\/site\/#website\"},\"primaryImageOfPage\":{\"@id\":\"https:\/\/brasilnoticias.org\/site\/air-france-anuncia-voo-direto-de-salvador-para-paris-a-partir-de-outubro\/#primaryimage\"},\"image\":{\"@id\":\"https:\/\/brasilnoticias.org\/site\/air-france-anuncia-voo-direto-de-salvador-para-paris-a-partir-de-outubro\/#primaryimage\"},\"thumbnailUrl\":\"https:\/\/brasilnoticias.org\/site\/wp-content\/uploads\/2024\/05\/150152air-france-anuncia-voo-direto-de-salvador-para-paris-a-partir-de-outubro-3.jpg\",\"datePublished\":\"2024-05-15T19:06:46+00:00\",\"breadcrumb\":{\"@id\":\"https:\/\/brasilnoticias.org\/site\/air-france-anuncia-voo-direto-de-salvador-para-paris-a-partir-de-outubro\/#breadcrumb\"},\"inLanguage\":\"pt-PT\",\"potentialAction\":[{\"@type\":\"ReadAction\",\"target\":[\"https:\/\/brasilnoticias.org\/site\/air-france-anuncia-voo-direto-de-salvador-para-paris-a-partir-de-outubro\/\"]}]},{\"@type\":\"ImageObject\",\"inLanguage\":\"pt-PT\",\"@id\":\"https:\/\/brasilnoticias.org\/site\/air-france-anuncia-voo-direto-de-salvador-para-paris-a-partir-de-outubro\/#primaryimage\",\"url\":\"https:\/\/brasilnoticias.org\/site\/wp-content\/uploads\/2024\/05\/150152air-france-anuncia-voo-direto-de-salvador-para-paris-a-partir-de-outubro-3.jpg\",\"contentUrl\":\"https:\/\/brasilnoticias.org\/site\/wp-content\/uploads\/2024\/05\/150152air-france-anuncia-voo-direto-de-salvador-para-paris-a-partir-de-outubro-3.jpg\",\"width\":1600,\"height\":752},{\"@type\":\"BreadcrumbList\",\"@id\":\"https:\/\/brasilnoticias.org\/site\/air-france-anuncia-voo-direto-de-salvador-para-paris-a-partir-de-outubro\/#breadcrumb\",\"itemListElement\":[{\"@type\":\"ListItem\",\"position\":1,\"name\":\"In\u00edcio\",\"item\":\"https:\/\/brasilnoticias.org\/site\/\"},{\"@type\":\"ListItem\",\"position\":2,\"name\":\"Air France anuncia voo direto de Salvador para Paris a partir de outubro\"}]},{\"@type\":\"WebSite\",\"@id\":\"https:\/\/brasilnoticias.org\/site\/#website\",\"url\":\"https:\/\/brasilnoticias.org\/site\/\",\"name\":\"Brasil not\u00edcias\",\"description\":\"Brasil not\u00edcias\",\"publisher\":{\"@id\":\"https:\/\/brasilnoticias.org\/site\/#organization\"},\"potentialAction\":[{\"@type\":\"SearchAction\",\"target\":{\"@type\":\"EntryPoint\",\"urlTemplate\":\"https:\/\/brasilnoticias.org\/site\/?s={search_term_string}\"},\"query-input\":{\"@type\":\"PropertyValueSpecification\",\"valueRequired\":true,\"valueName\":\"search_term_string\"}}],\"inLanguage\":\"pt-PT\"},{\"@type\":\"Organization\",\"@id\":\"https:\/\/brasilnoticias.org\/site\/#organization\",\"name\":\"Brasil not\u00edcias\",\"url\":\"https:\/\/brasilnoticias.org\/site\/\",\"logo\":{\"@type\":\"ImageObject\",\"inLanguage\":\"pt-PT\",\"@id\":\"https:\/\/brasilnoticias.org\/site\/#\/schema\/logo\/image\/\",\"url\":\"https:\/\/brasilnoticias.org\/site\/wp-content\/uploads\/2022\/05\/cropped-brasilnoticias-mini.jpg\",\"contentUrl\":\"https:\/\/brasilnoticias.org\/site\/wp-content\/uploads\/2022\/05\/cropped-brasilnoticias-mini.jpg\",\"width\":314,\"height\":86,\"caption\":\"Brasil not\u00edcias\"},\"image\":{\"@id\":\"https:\/\/brasilnoticias.org\/site\/#\/schema\/logo\/image\/\"}},{\"@type\":\"Person\",\"@id\":\"https:\/\/brasilnoticias.org\/site\/#\/schema\/person\/03bbbfe6c7634ad18c26444ea39049fa\",\"name\":\"Reda\u00e7\u00e3o\",\"image\":{\"@type\":\"ImageObject\",\"inLanguage\":\"pt-PT\",\"@id\":\"https:\/\/brasilnoticias.org\/site\/#\/schema\/person\/image\/\",\"url\":\"https:\/\/secure.gravatar.com\/avatar\/9ecaf7327a696cb23ad926fedded5f1f04d7049de9e445375d55b48c001a6e42?s=96&d=mm&r=g\",\"contentUrl\":\"https:\/\/secure.gravatar.com\/avatar\/9ecaf7327a696cb23ad926fedded5f1f04d7049de9e445375d55b48c001a6e42?s=96&d=mm&r=g\",\"caption\":\"Reda\u00e7\u00e3o\"},\"url\":\"https:\/\/brasilnoticias.org\/site\/author\/henrique\/\"}]}<\/script>\n<!-- \/ Yoast SEO plugin. -->","yoast_head_json":{"title":"Air France anuncia voo direto de Salvador para Paris a partir de outubro - Brasil not\u00edcias","robots":{"index":"index","follow":"follow","max-snippet":"max-snippet:-1","max-image-preview":"max-image-preview:large","max-video-preview":"max-video-preview:-1"},"canonical":"https:\/\/brasilnoticias.org\/site\/air-france-anuncia-voo-direto-de-salvador-para-paris-a-partir-de-outubro\/","og_locale":"pt_PT","og_type":"article","og_title":"Air France anuncia voo direto de Salvador para Paris a partir de outubro - Brasil not\u00edcias","og_description":"Um dos modelos mais modernos do mundo ser\u00e1 respons\u00e1vel pela rota, o Airbus A350-900 \u00e9 o maior modelo a operar","og_url":"https:\/\/brasilnoticias.org\/site\/air-france-anuncia-voo-direto-de-salvador-para-paris-a-partir-de-outubro\/","og_site_name":"Brasil not\u00edcias","article_published_time":"2024-05-15T19:06:46+00:00","og_image":[{"width":1600,"height":752,"url":"https:\/\/brasilnoticias.org\/site\/wp-content\/uploads\/2024\/05\/150152air-france-anuncia-voo-direto-de-salvador-para-paris-a-partir-de-outubro-3.jpg","type":"image\/jpeg"}],"author":"Reda\u00e7\u00e3o","twitter_card":"summary_large_image","twitter_misc":{"Escrito por":"Reda\u00e7\u00e3o","Tempo estimado de leitura":"1 minuto"},"schema":{"@context":"https:\/\/schema.org","@graph":[{"@type":"Article","@id":"https:\/\/brasilnoticias.org\/site\/air-france-anuncia-voo-direto-de-salvador-para-paris-a-partir-de-outubro\/#article","isPartOf":{"@id":"https:\/\/brasilnoticias.org\/site\/air-france-anuncia-voo-direto-de-salvador-para-paris-a-partir-de-outubro\/"},"author":{"name":"Reda\u00e7\u00e3o","@id":"https:\/\/brasilnoticias.org\/site\/#\/schema\/person\/03bbbfe6c7634ad18c26444ea39049fa"},"headline":"Air France anuncia voo direto de Salvador para Paris a partir de outubro","datePublished":"2024-05-15T19:06:46+00:00","mainEntityOfPage":{"@id":"https:\/\/brasilnoticias.org\/site\/air-france-anuncia-voo-direto-de-salvador-para-paris-a-partir-de-outubro\/"},"wordCount":248,"commentCount":0,"publisher":{"@id":"https:\/\/brasilnoticias.org\/site\/#organization"},"image":{"@id":"https:\/\/brasilnoticias.org\/site\/air-france-anuncia-voo-direto-de-salvador-para-paris-a-partir-de-outubro\/#primaryimage"},"thumbnailUrl":"https:\/\/brasilnoticias.org\/site\/wp-content\/uploads\/2024\/05\/150152air-france-anuncia-voo-direto-de-salvador-para-paris-a-partir-de-outubro-3.jpg","articleSection":["Not\u00edcias","\u00daltimas"],"inLanguage":"pt-PT","potentialAction":[{"@type":"CommentAction","name":"Comment","target":["https:\/\/brasilnoticias.org\/site\/air-france-anuncia-voo-direto-de-salvador-para-paris-a-partir-de-outubro\/#respond"]}]},{"@type":"WebPage","@id":"https:\/\/brasilnoticias.org\/site\/air-france-anuncia-voo-direto-de-salvador-para-paris-a-partir-de-outubro\/","url":"https:\/\/brasilnoticias.org\/site\/air-france-anuncia-voo-direto-de-salvador-para-paris-a-partir-de-outubro\/","name":"Air France anuncia voo direto de Salvador para Paris a partir de outubro - Brasil not\u00edcias","isPartOf":{"@id":"https:\/\/brasilnoticias.org\/site\/#website"},"primaryImageOfPage":{"@id":"https:\/\/brasilnoticias.org\/site\/air-france-anuncia-voo-direto-de-salvador-para-paris-a-partir-de-outubro\/#primaryimage"},"image":{"@id":"https:\/\/brasilnoticias.org\/site\/air-france-anuncia-voo-direto-de-salvador-para-paris-a-partir-de-outubro\/#primaryimage"},"thumbnailUrl":"https:\/\/brasilnoticias.org\/site\/wp-content\/uploads\/2024\/05\/150152air-france-anuncia-voo-direto-de-salvador-para-paris-a-partir-de-outubro-3.jpg","datePublished":"2024-05-15T19:06:46+00:00","breadcrumb":{"@id":"https:\/\/brasilnoticias.org\/site\/air-france-anuncia-voo-direto-de-salvador-para-paris-a-partir-de-outubro\/#breadcrumb"},"inLanguage":"pt-PT","potentialAction":[{"@type":"ReadAction","target":["https:\/\/brasilnoticias.org\/site\/air-france-anuncia-voo-direto-de-salvador-para-paris-a-partir-de-outubro\/"]}]},{"@type":"ImageObject","inLanguage":"pt-PT","@id":"https:\/\/brasilnoticias.org\/site\/air-france-anuncia-voo-direto-de-salvador-para-paris-a-partir-de-outubro\/#primaryimage","url":"https:\/\/brasilnoticias.org\/site\/wp-content\/uploads\/2024\/05\/150152air-france-anuncia-voo-direto-de-salvador-para-paris-a-partir-de-outubro-3.jpg","contentUrl":"https:\/\/brasilnoticias.org\/site\/wp-content\/uploads\/2024\/05\/150152air-france-anuncia-voo-direto-de-salvador-para-paris-a-partir-de-outubro-3.jpg","width":1600,"height":752},{"@type":"BreadcrumbList","@id":"https:\/\/brasilnoticias.org\/site\/air-france-anuncia-voo-direto-de-salvador-para-paris-a-partir-de-outubro\/#breadcrumb","itemListElement":[{"@type":"ListItem","position":1,"name":"In\u00edcio","item":"https:\/\/brasilnoticias.org\/site\/"},{"@type":"ListItem","position":2,"name":"Air France anuncia voo direto de Salvador para Paris a partir de outubro"}]},{"@type":"WebSite","@id":"https:\/\/brasilnoticias.org\/site\/#website","url":"https:\/\/brasilnoticias.org\/site\/","name":"Brasil not\u00edcias","description":"Brasil not\u00edcias","publisher":{"@id":"https:\/\/brasilnoticias.org\/site\/#organization"},"potentialAction":[{"@type":"SearchAction","target":{"@type":"EntryPoint","urlTemplate":"https:\/\/brasilnoticias.org\/site\/?s={search_term_string}"},"query-input":{"@type":"PropertyValueSpecification","valueRequired":true,"valueName":"search_term_string"}}],"inLanguage":"pt-PT"},{"@type":"Organization","@id":"https:\/\/brasilnoticias.org\/site\/#organization","name":"Brasil not\u00edcias","url":"https:\/\/brasilnoticias.org\/site\/","logo":{"@type":"ImageObject","inLanguage":"pt-PT","@id":"https:\/\/brasilnoticias.org\/site\/#\/schema\/logo\/image\/","url":"https:\/\/brasilnoticias.org\/site\/wp-content\/uploads\/2022\/05\/cropped-brasilnoticias-mini.jpg","contentUrl":"https:\/\/brasilnoticias.org\/site\/wp-content\/uploads\/2022\/05\/cropped-brasilnoticias-mini.jpg","width":314,"height":86,"caption":"Brasil not\u00edcias"},"image":{"@id":"https:\/\/brasilnoticias.org\/site\/#\/schema\/logo\/image\/"}},{"@type":"Person","@id":"https:\/\/brasilnoticias.org\/site\/#\/schema\/person\/03bbbfe6c7634ad18c26444ea39049fa","name":"Reda\u00e7\u00e3o","image":{"@type":"ImageObject","inLanguage":"pt-PT","@id":"https:\/\/brasilnoticias.org\/site\/#\/schema\/person\/image\/","url":"https:\/\/secure.gravatar.com\/avatar\/9ecaf7327a696cb23ad926fedded5f1f04d7049de9e445375d55b48c001a6e42?s=96&d=mm&r=g","contentUrl":"https:\/\/secure.gravatar.com\/avatar\/9ecaf7327a696cb23ad926fedded5f1f04d7049de9e445375d55b48c001a6e42?s=96&d=mm&r=g","caption":"Reda\u00e7\u00e3o"},"url":"https:\/\/brasilnoticias.org\/site\/author\/henrique\/"}]}},"_links":{"self":[{"href":"https:\/\/brasilnoticias.org\/site\/wp-json\/wp\/v2\/posts\/14105","targetHints":{"allow":["GET"]}}],"collection":[{"href":"https:\/\/brasilnoticias.org\/site\/wp-json\/wp\/v2\/posts"}],"about":[{"href":"https:\/\/brasilnoticias.org\/site\/wp-json\/wp\/v2\/types\/post"}],"author":[{"embeddable":true,"href":"https:\/\/brasilnoticias.org\/site\/wp-json\/wp\/v2\/users\/4"}],"replies":[{"embeddable":true,"href":"https:\/\/brasilnoticias.org\/site\/wp-json\/wp\/v2\/comments?post=14105"}],"version-history":[{"count":1,"href":"https:\/\/brasilnoticias.org\/site\/wp-json\/wp\/v2\/posts\/14105\/revisions"}],"predecessor-version":[{"id":14107,"href":"https:\/\/brasilnoticias.org\/site\/wp-json\/wp\/v2\/posts\/14105\/revisions\/14107"}],"wp:featuredmedia":[{"embeddable":true,"href":"https:\/\/brasilnoticias.org\/site\/wp-json\/wp\/v2\/media\/14106"}],"wp:attachment":[{"href":"https:\/\/brasilnoticias.org\/site\/wp-json\/wp\/v2\/media?parent=14105"}],"wp:term":[{"taxonomy":"category","embeddable":true,"href":"https:\/\/brasilnoticias.org\/site\/wp-json\/wp\/v2\/categories?post=14105"},{"taxonomy":"post_tag","embeddable":true,"href":"https:\/\/brasilnoticias.org\/site\/wp-json\/wp\/v2\/tags?post=14105"}],"curies":[{"name":"wp","href":"https:\/\/api.w.org\/{rel}","templated":true}]}}