{"id":14108,"date":"2024-05-15T16:08:00","date_gmt":"2024-05-15T19:08:00","guid":{"rendered":"https:\/\/brasilnoticias.org\/site\/?p=14108"},"modified":"2024-05-15T16:08:00","modified_gmt":"2024-05-15T19:08:00","slug":"primeiro-ministro-da-eslovaquia-esta-em-estado-grave-apos-sofrer-atentado-com-tiros-estado-de-saude-e-grave","status":"publish","type":"post","link":"https:\/\/brasilnoticias.org\/site\/primeiro-ministro-da-eslovaquia-esta-em-estado-grave-apos-sofrer-atentado-com-tiros-estado-de-saude-e-grave\/","title":{"rendered":"Primeiro-ministro da Eslov\u00e1quia est\u00e1 em estado grave ap\u00f3s sofrer atentado com tiros; estado de sa\u00fade \u00e9 grave"},"content":{"rendered":"<p>Segundo autirades, o estado de sa\u00fade do premi\u00ea \u00e9 grave<\/p>\n<p>O primeiro-ministro da Eslov\u00e1quia, Robert Fico, foi v\u00edtima de um atentado nesta quarta-feira (15) na cidade Handlov\u00e1, a 190 km da capital, Bratislava. O estado de sa\u00fade do premi\u00ea \u00e9 considerado grave.<\/p>\n<p>Fico foi baleado com quatro tiros, ao sair de uma reuni\u00e3o de governo, segundo autoridades locais. Ele foi levado de helic\u00f3ptero a um hospital e o suspeito foi preso no local pelos seguran\u00e7as do primeiro-ministro.<\/p>\n<p>Em v\u00eddeo divulgado nas redes sociais, \u00e9 poss\u00edvel ver o premi\u00ea cambaleando e apoiado por outros homens que estavam em volta dele ao se aproximar de um carro. <\/p>\n<p>A presidente do pa\u00eds, Zuzana Caputov\u00e1, condenou em nota o &#8220;brutal&#8221; ataque sofrido por Fico, e lhe desejou uma pronta recupera\u00e7\u00e3o.<\/p>\n<p>Foto: Tashana Batista\/Conselho Europeu<br \/>\nPor: Metro1<\/p>\n","protected":false},"excerpt":{"rendered":"<p>Segundo autirades, o estado de sa\u00fade do premi\u00ea \u00e9 grave O primeiro-ministro da Eslov\u00e1quia, Robert Fico, foi v\u00edtima de um<\/p>\n","protected":false},"author":4,"featured_media":14109,"comment_status":"open","ping_status":"open","sticky":false,"template":"","format":"standard","meta":{"colormag_page_container_layout":"default_layout","colormag_page_sidebar_layout":"default_layout","_FSMCFIC_featured_image_caption":"","_FSMCFIC_featured_image_nocaption":"","_FSMCFIC_featured_image_hide":"","footnotes":""},"categories":[6,1],"tags":[],"class_list":["post-14108","post","type-post","status-publish","format-standard","has-post-thumbnail","hentry","category-mundo","category-ultimas"],"yoast_head":"<!-- This site is optimized with the Yoast SEO plugin v27.1.1 - https:\/\/yoast.com\/product\/yoast-seo-wordpress\/ -->\n<title>Primeiro-ministro da Eslov\u00e1quia est\u00e1 em estado grave ap\u00f3s sofrer atentado com tiros; estado de sa\u00fade \u00e9 grave - Brasil not\u00edcias<\/title>\n<meta name=\"robots\" content=\"index, follow, max-snippet:-1, max-image-preview:large, max-video-preview:-1\" \/>\n<link rel=\"canonical\" href=\"https:\/\/brasilnoticias.org\/site\/primeiro-ministro-da-eslovaquia-esta-em-estado-grave-apos-sofrer-atentado-com-tiros-estado-de-saude-e-grave\/\" \/>\n<meta property=\"og:locale\" content=\"pt_PT\" \/>\n<meta property=\"og:type\" content=\"article\" \/>\n<meta property=\"og:title\" content=\"Primeiro-ministro da Eslov\u00e1quia est\u00e1 em estado grave ap\u00f3s sofrer atentado com tiros; estado de sa\u00fade \u00e9 grave - Brasil not\u00edcias\" \/>\n<meta property=\"og:description\" content=\"Segundo autirades, o estado de sa\u00fade do premi\u00ea \u00e9 grave O primeiro-ministro da Eslov\u00e1quia, Robert Fico, foi v\u00edtima de um\" \/>\n<meta property=\"og:url\" content=\"https:\/\/brasilnoticias.org\/site\/primeiro-ministro-da-eslovaquia-esta-em-estado-grave-apos-sofrer-atentado-com-tiros-estado-de-saude-e-grave\/\" \/>\n<meta property=\"og:site_name\" content=\"Brasil not\u00edcias\" \/>\n<meta property=\"article:published_time\" content=\"2024-05-15T19:08:00+00:00\" \/>\n<meta property=\"og:image\" content=\"https:\/\/brasilnoticias.org\/site\/wp-content\/uploads\/2024\/05\/150143primeiro-ministro-da-eslovaquia-esta-em-estado-grave-apos-sofrer-atentado-com-tiros-estado-de-saude-e-grave-3.jpg\" \/>\n\t<meta property=\"og:image:width\" content=\"1600\" \/>\n\t<meta property=\"og:image:height\" content=\"752\" \/>\n\t<meta property=\"og:image:type\" content=\"image\/jpeg\" \/>\n<meta name=\"author\" content=\"Reda\u00e7\u00e3o\" \/>\n<meta name=\"twitter:card\" content=\"summary_large_image\" \/>\n<meta name=\"twitter:label1\" content=\"Escrito por\" \/>\n\t<meta name=\"twitter:data1\" content=\"Reda\u00e7\u00e3o\" \/>\n\t<meta name=\"twitter:label2\" content=\"Tempo estimado de leitura\" \/>\n\t<meta name=\"twitter:data2\" content=\"1 minuto\" \/>\n<script type=\"application\/ld+json\" class=\"yoast-schema-graph\">{\"@context\":\"https:\/\/schema.org\",\"@graph\":[{\"@type\":\"Article\",\"@id\":\"https:\/\/brasilnoticias.org\/site\/primeiro-ministro-da-eslovaquia-esta-em-estado-grave-apos-sofrer-atentado-com-tiros-estado-de-saude-e-grave\/#article\",\"isPartOf\":{\"@id\":\"https:\/\/brasilnoticias.org\/site\/primeiro-ministro-da-eslovaquia-esta-em-estado-grave-apos-sofrer-atentado-com-tiros-estado-de-saude-e-grave\/\"},\"author\":{\"name\":\"Reda\u00e7\u00e3o\",\"@id\":\"https:\/\/brasilnoticias.org\/site\/#\/schema\/person\/03bbbfe6c7634ad18c26444ea39049fa\"},\"headline\":\"Primeiro-ministro da Eslov\u00e1quia est\u00e1 em estado grave ap\u00f3s sofrer atentado com tiros; estado de sa\u00fade \u00e9 grave\",\"datePublished\":\"2024-05-15T19:08:00+00:00\",\"mainEntityOfPage\":{\"@id\":\"https:\/\/brasilnoticias.org\/site\/primeiro-ministro-da-eslovaquia-esta-em-estado-grave-apos-sofrer-atentado-com-tiros-estado-de-saude-e-grave\/\"},\"wordCount\":158,\"commentCount\":0,\"publisher\":{\"@id\":\"https:\/\/brasilnoticias.org\/site\/#organization\"},\"image\":{\"@id\":\"https:\/\/brasilnoticias.org\/site\/primeiro-ministro-da-eslovaquia-esta-em-estado-grave-apos-sofrer-atentado-com-tiros-estado-de-saude-e-grave\/#primaryimage\"},\"thumbnailUrl\":\"https:\/\/brasilnoticias.org\/site\/wp-content\/uploads\/2024\/05\/150143primeiro-ministro-da-eslovaquia-esta-em-estado-grave-apos-sofrer-atentado-com-tiros-estado-de-saude-e-grave-3.jpg\",\"articleSection\":[\"Mundo\",\"\u00daltimas\"],\"inLanguage\":\"pt-PT\",\"potentialAction\":[{\"@type\":\"CommentAction\",\"name\":\"Comment\",\"target\":[\"https:\/\/brasilnoticias.org\/site\/primeiro-ministro-da-eslovaquia-esta-em-estado-grave-apos-sofrer-atentado-com-tiros-estado-de-saude-e-grave\/#respond\"]}]},{\"@type\":\"WebPage\",\"@id\":\"https:\/\/brasilnoticias.org\/site\/primeiro-ministro-da-eslovaquia-esta-em-estado-grave-apos-sofrer-atentado-com-tiros-estado-de-saude-e-grave\/\",\"url\":\"https:\/\/brasilnoticias.org\/site\/primeiro-ministro-da-eslovaquia-esta-em-estado-grave-apos-sofrer-atentado-com-tiros-estado-de-saude-e-grave\/\",\"name\":\"Primeiro-ministro da Eslov\u00e1quia est\u00e1 em estado grave ap\u00f3s sofrer atentado com tiros; estado de sa\u00fade \u00e9 grave - Brasil not\u00edcias\",\"isPartOf\":{\"@id\":\"https:\/\/brasilnoticias.org\/site\/#website\"},\"primaryImageOfPage\":{\"@id\":\"https:\/\/brasilnoticias.org\/site\/primeiro-ministro-da-eslovaquia-esta-em-estado-grave-apos-sofrer-atentado-com-tiros-estado-de-saude-e-grave\/#primaryimage\"},\"image\":{\"@id\":\"https:\/\/brasilnoticias.org\/site\/primeiro-ministro-da-eslovaquia-esta-em-estado-grave-apos-sofrer-atentado-com-tiros-estado-de-saude-e-grave\/#primaryimage\"},\"thumbnailUrl\":\"https:\/\/brasilnoticias.org\/site\/wp-content\/uploads\/2024\/05\/150143primeiro-ministro-da-eslovaquia-esta-em-estado-grave-apos-sofrer-atentado-com-tiros-estado-de-saude-e-grave-3.jpg\",\"datePublished\":\"2024-05-15T19:08:00+00:00\",\"breadcrumb\":{\"@id\":\"https:\/\/brasilnoticias.org\/site\/primeiro-ministro-da-eslovaquia-esta-em-estado-grave-apos-sofrer-atentado-com-tiros-estado-de-saude-e-grave\/#breadcrumb\"},\"inLanguage\":\"pt-PT\",\"potentialAction\":[{\"@type\":\"ReadAction\",\"target\":[\"https:\/\/brasilnoticias.org\/site\/primeiro-ministro-da-eslovaquia-esta-em-estado-grave-apos-sofrer-atentado-com-tiros-estado-de-saude-e-grave\/\"]}]},{\"@type\":\"ImageObject\",\"inLanguage\":\"pt-PT\",\"@id\":\"https:\/\/brasilnoticias.org\/site\/primeiro-ministro-da-eslovaquia-esta-em-estado-grave-apos-sofrer-atentado-com-tiros-estado-de-saude-e-grave\/#primaryimage\",\"url\":\"https:\/\/brasilnoticias.org\/site\/wp-content\/uploads\/2024\/05\/150143primeiro-ministro-da-eslovaquia-esta-em-estado-grave-apos-sofrer-atentado-com-tiros-estado-de-saude-e-grave-3.jpg\",\"contentUrl\":\"https:\/\/brasilnoticias.org\/site\/wp-content\/uploads\/2024\/05\/150143primeiro-ministro-da-eslovaquia-esta-em-estado-grave-apos-sofrer-atentado-com-tiros-estado-de-saude-e-grave-3.jpg\",\"width\":1600,\"height\":752},{\"@type\":\"BreadcrumbList\",\"@id\":\"https:\/\/brasilnoticias.org\/site\/primeiro-ministro-da-eslovaquia-esta-em-estado-grave-apos-sofrer-atentado-com-tiros-estado-de-saude-e-grave\/#breadcrumb\",\"itemListElement\":[{\"@type\":\"ListItem\",\"position\":1,\"name\":\"In\u00edcio\",\"item\":\"https:\/\/brasilnoticias.org\/site\/\"},{\"@type\":\"ListItem\",\"position\":2,\"name\":\"Primeiro-ministro da Eslov\u00e1quia est\u00e1 em estado grave ap\u00f3s sofrer atentado com tiros; estado de sa\u00fade \u00e9 grave\"}]},{\"@type\":\"WebSite\",\"@id\":\"https:\/\/brasilnoticias.org\/site\/#website\",\"url\":\"https:\/\/brasilnoticias.org\/site\/\",\"name\":\"Brasil not\u00edcias\",\"description\":\"Brasil not\u00edcias\",\"publisher\":{\"@id\":\"https:\/\/brasilnoticias.org\/site\/#organization\"},\"potentialAction\":[{\"@type\":\"SearchAction\",\"target\":{\"@type\":\"EntryPoint\",\"urlTemplate\":\"https:\/\/brasilnoticias.org\/site\/?s={search_term_string}\"},\"query-input\":{\"@type\":\"PropertyValueSpecification\",\"valueRequired\":true,\"valueName\":\"search_term_string\"}}],\"inLanguage\":\"pt-PT\"},{\"@type\":\"Organization\",\"@id\":\"https:\/\/brasilnoticias.org\/site\/#organization\",\"name\":\"Brasil not\u00edcias\",\"url\":\"https:\/\/brasilnoticias.org\/site\/\",\"logo\":{\"@type\":\"ImageObject\",\"inLanguage\":\"pt-PT\",\"@id\":\"https:\/\/brasilnoticias.org\/site\/#\/schema\/logo\/image\/\",\"url\":\"https:\/\/brasilnoticias.org\/site\/wp-content\/uploads\/2022\/05\/cropped-brasilnoticias-mini.jpg\",\"contentUrl\":\"https:\/\/brasilnoticias.org\/site\/wp-content\/uploads\/2022\/05\/cropped-brasilnoticias-mini.jpg\",\"width\":314,\"height\":86,\"caption\":\"Brasil not\u00edcias\"},\"image\":{\"@id\":\"https:\/\/brasilnoticias.org\/site\/#\/schema\/logo\/image\/\"}},{\"@type\":\"Person\",\"@id\":\"https:\/\/brasilnoticias.org\/site\/#\/schema\/person\/03bbbfe6c7634ad18c26444ea39049fa\",\"name\":\"Reda\u00e7\u00e3o\",\"image\":{\"@type\":\"ImageObject\",\"inLanguage\":\"pt-PT\",\"@id\":\"https:\/\/brasilnoticias.org\/site\/#\/schema\/person\/image\/\",\"url\":\"https:\/\/secure.gravatar.com\/avatar\/9ecaf7327a696cb23ad926fedded5f1f04d7049de9e445375d55b48c001a6e42?s=96&d=mm&r=g\",\"contentUrl\":\"https:\/\/secure.gravatar.com\/avatar\/9ecaf7327a696cb23ad926fedded5f1f04d7049de9e445375d55b48c001a6e42?s=96&d=mm&r=g\",\"caption\":\"Reda\u00e7\u00e3o\"},\"url\":\"https:\/\/brasilnoticias.org\/site\/author\/henrique\/\"}]}<\/script>\n<!-- \/ Yoast SEO plugin. -->","yoast_head_json":{"title":"Primeiro-ministro da Eslov\u00e1quia est\u00e1 em estado grave ap\u00f3s sofrer atentado com tiros; estado de sa\u00fade \u00e9 grave - Brasil not\u00edcias","robots":{"index":"index","follow":"follow","max-snippet":"max-snippet:-1","max-image-preview":"max-image-preview:large","max-video-preview":"max-video-preview:-1"},"canonical":"https:\/\/brasilnoticias.org\/site\/primeiro-ministro-da-eslovaquia-esta-em-estado-grave-apos-sofrer-atentado-com-tiros-estado-de-saude-e-grave\/","og_locale":"pt_PT","og_type":"article","og_title":"Primeiro-ministro da Eslov\u00e1quia est\u00e1 em estado grave ap\u00f3s sofrer atentado com tiros; estado de sa\u00fade \u00e9 grave - Brasil not\u00edcias","og_description":"Segundo autirades, o estado de sa\u00fade do premi\u00ea \u00e9 grave O primeiro-ministro da Eslov\u00e1quia, Robert Fico, foi v\u00edtima de um","og_url":"https:\/\/brasilnoticias.org\/site\/primeiro-ministro-da-eslovaquia-esta-em-estado-grave-apos-sofrer-atentado-com-tiros-estado-de-saude-e-grave\/","og_site_name":"Brasil not\u00edcias","article_published_time":"2024-05-15T19:08:00+00:00","og_image":[{"width":1600,"height":752,"url":"https:\/\/brasilnoticias.org\/site\/wp-content\/uploads\/2024\/05\/150143primeiro-ministro-da-eslovaquia-esta-em-estado-grave-apos-sofrer-atentado-com-tiros-estado-de-saude-e-grave-3.jpg","type":"image\/jpeg"}],"author":"Reda\u00e7\u00e3o","twitter_card":"summary_large_image","twitter_misc":{"Escrito por":"Reda\u00e7\u00e3o","Tempo estimado de leitura":"1 minuto"},"schema":{"@context":"https:\/\/schema.org","@graph":[{"@type":"Article","@id":"https:\/\/brasilnoticias.org\/site\/primeiro-ministro-da-eslovaquia-esta-em-estado-grave-apos-sofrer-atentado-com-tiros-estado-de-saude-e-grave\/#article","isPartOf":{"@id":"https:\/\/brasilnoticias.org\/site\/primeiro-ministro-da-eslovaquia-esta-em-estado-grave-apos-sofrer-atentado-com-tiros-estado-de-saude-e-grave\/"},"author":{"name":"Reda\u00e7\u00e3o","@id":"https:\/\/brasilnoticias.org\/site\/#\/schema\/person\/03bbbfe6c7634ad18c26444ea39049fa"},"headline":"Primeiro-ministro da Eslov\u00e1quia est\u00e1 em estado grave ap\u00f3s sofrer atentado com tiros; estado de sa\u00fade \u00e9 grave","datePublished":"2024-05-15T19:08:00+00:00","mainEntityOfPage":{"@id":"https:\/\/brasilnoticias.org\/site\/primeiro-ministro-da-eslovaquia-esta-em-estado-grave-apos-sofrer-atentado-com-tiros-estado-de-saude-e-grave\/"},"wordCount":158,"commentCount":0,"publisher":{"@id":"https:\/\/brasilnoticias.org\/site\/#organization"},"image":{"@id":"https:\/\/brasilnoticias.org\/site\/primeiro-ministro-da-eslovaquia-esta-em-estado-grave-apos-sofrer-atentado-com-tiros-estado-de-saude-e-grave\/#primaryimage"},"thumbnailUrl":"https:\/\/brasilnoticias.org\/site\/wp-content\/uploads\/2024\/05\/150143primeiro-ministro-da-eslovaquia-esta-em-estado-grave-apos-sofrer-atentado-com-tiros-estado-de-saude-e-grave-3.jpg","articleSection":["Mundo","\u00daltimas"],"inLanguage":"pt-PT","potentialAction":[{"@type":"CommentAction","name":"Comment","target":["https:\/\/brasilnoticias.org\/site\/primeiro-ministro-da-eslovaquia-esta-em-estado-grave-apos-sofrer-atentado-com-tiros-estado-de-saude-e-grave\/#respond"]}]},{"@type":"WebPage","@id":"https:\/\/brasilnoticias.org\/site\/primeiro-ministro-da-eslovaquia-esta-em-estado-grave-apos-sofrer-atentado-com-tiros-estado-de-saude-e-grave\/","url":"https:\/\/brasilnoticias.org\/site\/primeiro-ministro-da-eslovaquia-esta-em-estado-grave-apos-sofrer-atentado-com-tiros-estado-de-saude-e-grave\/","name":"Primeiro-ministro da Eslov\u00e1quia est\u00e1 em estado grave ap\u00f3s sofrer atentado com tiros; estado de sa\u00fade \u00e9 grave - Brasil not\u00edcias","isPartOf":{"@id":"https:\/\/brasilnoticias.org\/site\/#website"},"primaryImageOfPage":{"@id":"https:\/\/brasilnoticias.org\/site\/primeiro-ministro-da-eslovaquia-esta-em-estado-grave-apos-sofrer-atentado-com-tiros-estado-de-saude-e-grave\/#primaryimage"},"image":{"@id":"https:\/\/brasilnoticias.org\/site\/primeiro-ministro-da-eslovaquia-esta-em-estado-grave-apos-sofrer-atentado-com-tiros-estado-de-saude-e-grave\/#primaryimage"},"thumbnailUrl":"https:\/\/brasilnoticias.org\/site\/wp-content\/uploads\/2024\/05\/150143primeiro-ministro-da-eslovaquia-esta-em-estado-grave-apos-sofrer-atentado-com-tiros-estado-de-saude-e-grave-3.jpg","datePublished":"2024-05-15T19:08:00+00:00","breadcrumb":{"@id":"https:\/\/brasilnoticias.org\/site\/primeiro-ministro-da-eslovaquia-esta-em-estado-grave-apos-sofrer-atentado-com-tiros-estado-de-saude-e-grave\/#breadcrumb"},"inLanguage":"pt-PT","potentialAction":[{"@type":"ReadAction","target":["https:\/\/brasilnoticias.org\/site\/primeiro-ministro-da-eslovaquia-esta-em-estado-grave-apos-sofrer-atentado-com-tiros-estado-de-saude-e-grave\/"]}]},{"@type":"ImageObject","inLanguage":"pt-PT","@id":"https:\/\/brasilnoticias.org\/site\/primeiro-ministro-da-eslovaquia-esta-em-estado-grave-apos-sofrer-atentado-com-tiros-estado-de-saude-e-grave\/#primaryimage","url":"https:\/\/brasilnoticias.org\/site\/wp-content\/uploads\/2024\/05\/150143primeiro-ministro-da-eslovaquia-esta-em-estado-grave-apos-sofrer-atentado-com-tiros-estado-de-saude-e-grave-3.jpg","contentUrl":"https:\/\/brasilnoticias.org\/site\/wp-content\/uploads\/2024\/05\/150143primeiro-ministro-da-eslovaquia-esta-em-estado-grave-apos-sofrer-atentado-com-tiros-estado-de-saude-e-grave-3.jpg","width":1600,"height":752},{"@type":"BreadcrumbList","@id":"https:\/\/brasilnoticias.org\/site\/primeiro-ministro-da-eslovaquia-esta-em-estado-grave-apos-sofrer-atentado-com-tiros-estado-de-saude-e-grave\/#breadcrumb","itemListElement":[{"@type":"ListItem","position":1,"name":"In\u00edcio","item":"https:\/\/brasilnoticias.org\/site\/"},{"@type":"ListItem","position":2,"name":"Primeiro-ministro da Eslov\u00e1quia est\u00e1 em estado grave ap\u00f3s sofrer atentado com tiros; estado de sa\u00fade \u00e9 grave"}]},{"@type":"WebSite","@id":"https:\/\/brasilnoticias.org\/site\/#website","url":"https:\/\/brasilnoticias.org\/site\/","name":"Brasil not\u00edcias","description":"Brasil not\u00edcias","publisher":{"@id":"https:\/\/brasilnoticias.org\/site\/#organization"},"potentialAction":[{"@type":"SearchAction","target":{"@type":"EntryPoint","urlTemplate":"https:\/\/brasilnoticias.org\/site\/?s={search_term_string}"},"query-input":{"@type":"PropertyValueSpecification","valueRequired":true,"valueName":"search_term_string"}}],"inLanguage":"pt-PT"},{"@type":"Organization","@id":"https:\/\/brasilnoticias.org\/site\/#organization","name":"Brasil not\u00edcias","url":"https:\/\/brasilnoticias.org\/site\/","logo":{"@type":"ImageObject","inLanguage":"pt-PT","@id":"https:\/\/brasilnoticias.org\/site\/#\/schema\/logo\/image\/","url":"https:\/\/brasilnoticias.org\/site\/wp-content\/uploads\/2022\/05\/cropped-brasilnoticias-mini.jpg","contentUrl":"https:\/\/brasilnoticias.org\/site\/wp-content\/uploads\/2022\/05\/cropped-brasilnoticias-mini.jpg","width":314,"height":86,"caption":"Brasil not\u00edcias"},"image":{"@id":"https:\/\/brasilnoticias.org\/site\/#\/schema\/logo\/image\/"}},{"@type":"Person","@id":"https:\/\/brasilnoticias.org\/site\/#\/schema\/person\/03bbbfe6c7634ad18c26444ea39049fa","name":"Reda\u00e7\u00e3o","image":{"@type":"ImageObject","inLanguage":"pt-PT","@id":"https:\/\/brasilnoticias.org\/site\/#\/schema\/person\/image\/","url":"https:\/\/secure.gravatar.com\/avatar\/9ecaf7327a696cb23ad926fedded5f1f04d7049de9e445375d55b48c001a6e42?s=96&d=mm&r=g","contentUrl":"https:\/\/secure.gravatar.com\/avatar\/9ecaf7327a696cb23ad926fedded5f1f04d7049de9e445375d55b48c001a6e42?s=96&d=mm&r=g","caption":"Reda\u00e7\u00e3o"},"url":"https:\/\/brasilnoticias.org\/site\/author\/henrique\/"}]}},"_links":{"self":[{"href":"https:\/\/brasilnoticias.org\/site\/wp-json\/wp\/v2\/posts\/14108","targetHints":{"allow":["GET"]}}],"collection":[{"href":"https:\/\/brasilnoticias.org\/site\/wp-json\/wp\/v2\/posts"}],"about":[{"href":"https:\/\/brasilnoticias.org\/site\/wp-json\/wp\/v2\/types\/post"}],"author":[{"embeddable":true,"href":"https:\/\/brasilnoticias.org\/site\/wp-json\/wp\/v2\/users\/4"}],"replies":[{"embeddable":true,"href":"https:\/\/brasilnoticias.org\/site\/wp-json\/wp\/v2\/comments?post=14108"}],"version-history":[{"count":1,"href":"https:\/\/brasilnoticias.org\/site\/wp-json\/wp\/v2\/posts\/14108\/revisions"}],"predecessor-version":[{"id":14110,"href":"https:\/\/brasilnoticias.org\/site\/wp-json\/wp\/v2\/posts\/14108\/revisions\/14110"}],"wp:featuredmedia":[{"embeddable":true,"href":"https:\/\/brasilnoticias.org\/site\/wp-json\/wp\/v2\/media\/14109"}],"wp:attachment":[{"href":"https:\/\/brasilnoticias.org\/site\/wp-json\/wp\/v2\/media?parent=14108"}],"wp:term":[{"taxonomy":"category","embeddable":true,"href":"https:\/\/brasilnoticias.org\/site\/wp-json\/wp\/v2\/categories?post=14108"},{"taxonomy":"post_tag","embeddable":true,"href":"https:\/\/brasilnoticias.org\/site\/wp-json\/wp\/v2\/tags?post=14108"}],"curies":[{"name":"wp","href":"https:\/\/api.w.org\/{rel}","templated":true}]}}