{"id":14114,"date":"2024-05-15T16:11:00","date_gmt":"2024-05-15T19:11:00","guid":{"rendered":"https:\/\/brasilnoticias.org\/site\/?p=14114"},"modified":"2024-05-15T16:11:00","modified_gmt":"2024-05-15T19:11:00","slug":"jeronimo-reune-as-melhores-qualidades-de-wagner-e-de-rui-afirma-eden","status":"publish","type":"post","link":"https:\/\/brasilnoticias.org\/site\/jeronimo-reune-as-melhores-qualidades-de-wagner-e-de-rui-afirma-eden\/","title":{"rendered":"\u201cJer\u00f4nimo re\u00fane as melhores qualidades de Wagner e de Rui\u201d, afirma \u00c9den"},"content":{"rendered":"<p>Presidente do Partido dos Trabalhadores da Bahia, \u00c9den Valadares destacou nesta quarta-feira (15) que o governador do Estado, se destaca pelo seu comprometimento em trabalhar incansavelmente para a sua gest\u00e3o continuar promovendo melhorias para o estado e pela sua grande capacidade de dialogar com os movimentos sociais, como as associa\u00e7\u00f5es, a oposi\u00e7\u00e3o, os empres\u00e1rios e investidores estrangeiros, dentre outros. A declara\u00e7\u00e3o foi dada em entrevista ao programa Isso \u00e9 Bahia, da r\u00e1dio A Tarde FM. <\/p>\n<p>\u201cJer\u00f4nimo re\u00fane as melhores qualidades de Wagner e de Rui. Ele tem a disposi\u00e7\u00e3o da conversa, do di\u00e1logo, do convencimento que Jaques Wagner tem, que nos ensinou, mas ele tem o mesmo compromisso de trabalho, workaholic, com meta, de entrega de obra, de servi\u00e7o que Rui Costa tem. Tanto \u00e9 que ele est\u00e1 imprimindo um ritmo de governo mais correria do que Rui, mas reabriu o processo de di\u00e1logo, e di\u00e1logo n\u00e3o \u00e9 s\u00f3 com os movimentos sociais o processo de confer\u00eancia, de controle social, de participa\u00e7\u00e3o social que ele, digamos assim, reavivou, mas tamb\u00e9m com o empresariado, com quem quer investir na Bahia, com os chineses, com os europeus. Ele est\u00e1 agora na Europa buscando investimento para a energia limpa na Bahia, para fotovoltaica, enfim, verde\u201d, afirmou o dirigente petista. <\/p>\n<p>Al\u00e9m de reunir as melhores caracter\u00edsticas dos seus antecessores, Jer\u00f4nimo ainda conta com a parceria de Lula, que Wagner tamb\u00e9m teve com Dilma e Lula, mas que Rui n\u00e3o recebeu nas gest\u00f5es de Jair Bolsonaro e Michel Temer, disse \u00c9den. \u201cRui enfrentou Michel Temer e Bolsonaro, porque Bolsonaro boicotava os governos do Nordeste. Rui criou 20 policl\u00ednicas e o ex-presidente n\u00e3o habilitou uma sequer no SUS, e a gente bancava tudo sozinho. Ent\u00e3o, por ter esse ambiente da parceria com Lula, de ter um governo arrumado que ele recebeu, com dinheiro em caixa como ele recebeu que Rui Costa deixou para ele e por ter essa caracter\u00edstica pessoal\u201d, conclui \u00c9den, referindo-se \u00e0 capacidade de trabalho de Jer\u00f4nimo e de consenso. <\/p>\n<p>Foto: Divulga\u00e7\u00e3o<\/p>\n","protected":false},"excerpt":{"rendered":"<p>Presidente do Partido dos Trabalhadores da Bahia, \u00c9den Valadares destacou nesta quarta-feira (15) que o governador do Estado, se destaca<\/p>\n","protected":false},"author":4,"featured_media":14115,"comment_status":"open","ping_status":"open","sticky":false,"template":"","format":"standard","meta":{"colormag_page_container_layout":"default_layout","colormag_page_sidebar_layout":"default_layout","_FSMCFIC_featured_image_caption":"","_FSMCFIC_featured_image_nocaption":"","_FSMCFIC_featured_image_hide":"","footnotes":""},"categories":[5,1],"tags":[],"class_list":["post-14114","post","type-post","status-publish","format-standard","has-post-thumbnail","hentry","category-politica","category-ultimas"],"yoast_head":"<!-- This site is optimized with the Yoast SEO plugin v27.1.1 - https:\/\/yoast.com\/product\/yoast-seo-wordpress\/ -->\n<title>\u201cJer\u00f4nimo re\u00fane as melhores qualidades de Wagner e de Rui\u201d, afirma \u00c9den - Brasil not\u00edcias<\/title>\n<meta name=\"robots\" content=\"index, follow, max-snippet:-1, max-image-preview:large, max-video-preview:-1\" \/>\n<link rel=\"canonical\" href=\"https:\/\/brasilnoticias.org\/site\/jeronimo-reune-as-melhores-qualidades-de-wagner-e-de-rui-afirma-eden\/\" \/>\n<meta property=\"og:locale\" content=\"pt_PT\" \/>\n<meta property=\"og:type\" content=\"article\" \/>\n<meta property=\"og:title\" content=\"\u201cJer\u00f4nimo re\u00fane as melhores qualidades de Wagner e de Rui\u201d, afirma \u00c9den - Brasil not\u00edcias\" \/>\n<meta property=\"og:description\" content=\"Presidente do Partido dos Trabalhadores da Bahia, \u00c9den Valadares destacou nesta quarta-feira (15) que o governador do Estado, se destaca\" \/>\n<meta property=\"og:url\" content=\"https:\/\/brasilnoticias.org\/site\/jeronimo-reune-as-melhores-qualidades-de-wagner-e-de-rui-afirma-eden\/\" \/>\n<meta property=\"og:site_name\" content=\"Brasil not\u00edcias\" \/>\n<meta property=\"article:published_time\" content=\"2024-05-15T19:11:00+00:00\" \/>\n<meta property=\"og:image\" content=\"https:\/\/brasilnoticias.org\/site\/wp-content\/uploads\/2024\/05\/IMAGEM_NOTICIA_0-2.jpg\" \/>\n\t<meta property=\"og:image:width\" content=\"850\" \/>\n\t<meta property=\"og:image:height\" content=\"400\" \/>\n\t<meta property=\"og:image:type\" content=\"image\/jpeg\" \/>\n<meta name=\"author\" content=\"Reda\u00e7\u00e3o\" \/>\n<meta name=\"twitter:card\" content=\"summary_large_image\" \/>\n<meta name=\"twitter:label1\" content=\"Escrito por\" \/>\n\t<meta name=\"twitter:data1\" content=\"Reda\u00e7\u00e3o\" \/>\n\t<meta name=\"twitter:label2\" content=\"Tempo estimado de leitura\" \/>\n\t<meta name=\"twitter:data2\" content=\"1 minuto\" \/>\n<script type=\"application\/ld+json\" class=\"yoast-schema-graph\">{\"@context\":\"https:\/\/schema.org\",\"@graph\":[{\"@type\":\"Article\",\"@id\":\"https:\/\/brasilnoticias.org\/site\/jeronimo-reune-as-melhores-qualidades-de-wagner-e-de-rui-afirma-eden\/#article\",\"isPartOf\":{\"@id\":\"https:\/\/brasilnoticias.org\/site\/jeronimo-reune-as-melhores-qualidades-de-wagner-e-de-rui-afirma-eden\/\"},\"author\":{\"name\":\"Reda\u00e7\u00e3o\",\"@id\":\"https:\/\/brasilnoticias.org\/site\/#\/schema\/person\/03bbbfe6c7634ad18c26444ea39049fa\"},\"headline\":\"\u201cJer\u00f4nimo re\u00fane as melhores qualidades de Wagner e de Rui\u201d, afirma \u00c9den\",\"datePublished\":\"2024-05-15T19:11:00+00:00\",\"mainEntityOfPage\":{\"@id\":\"https:\/\/brasilnoticias.org\/site\/jeronimo-reune-as-melhores-qualidades-de-wagner-e-de-rui-afirma-eden\/\"},\"wordCount\":365,\"commentCount\":0,\"publisher\":{\"@id\":\"https:\/\/brasilnoticias.org\/site\/#organization\"},\"image\":{\"@id\":\"https:\/\/brasilnoticias.org\/site\/jeronimo-reune-as-melhores-qualidades-de-wagner-e-de-rui-afirma-eden\/#primaryimage\"},\"thumbnailUrl\":\"https:\/\/brasilnoticias.org\/site\/wp-content\/uploads\/2024\/05\/IMAGEM_NOTICIA_0-2.jpg\",\"articleSection\":[\"Pol\u00edtica\",\"\u00daltimas\"],\"inLanguage\":\"pt-PT\",\"potentialAction\":[{\"@type\":\"CommentAction\",\"name\":\"Comment\",\"target\":[\"https:\/\/brasilnoticias.org\/site\/jeronimo-reune-as-melhores-qualidades-de-wagner-e-de-rui-afirma-eden\/#respond\"]}]},{\"@type\":\"WebPage\",\"@id\":\"https:\/\/brasilnoticias.org\/site\/jeronimo-reune-as-melhores-qualidades-de-wagner-e-de-rui-afirma-eden\/\",\"url\":\"https:\/\/brasilnoticias.org\/site\/jeronimo-reune-as-melhores-qualidades-de-wagner-e-de-rui-afirma-eden\/\",\"name\":\"\u201cJer\u00f4nimo re\u00fane as melhores qualidades de Wagner e de Rui\u201d, afirma \u00c9den - Brasil not\u00edcias\",\"isPartOf\":{\"@id\":\"https:\/\/brasilnoticias.org\/site\/#website\"},\"primaryImageOfPage\":{\"@id\":\"https:\/\/brasilnoticias.org\/site\/jeronimo-reune-as-melhores-qualidades-de-wagner-e-de-rui-afirma-eden\/#primaryimage\"},\"image\":{\"@id\":\"https:\/\/brasilnoticias.org\/site\/jeronimo-reune-as-melhores-qualidades-de-wagner-e-de-rui-afirma-eden\/#primaryimage\"},\"thumbnailUrl\":\"https:\/\/brasilnoticias.org\/site\/wp-content\/uploads\/2024\/05\/IMAGEM_NOTICIA_0-2.jpg\",\"datePublished\":\"2024-05-15T19:11:00+00:00\",\"breadcrumb\":{\"@id\":\"https:\/\/brasilnoticias.org\/site\/jeronimo-reune-as-melhores-qualidades-de-wagner-e-de-rui-afirma-eden\/#breadcrumb\"},\"inLanguage\":\"pt-PT\",\"potentialAction\":[{\"@type\":\"ReadAction\",\"target\":[\"https:\/\/brasilnoticias.org\/site\/jeronimo-reune-as-melhores-qualidades-de-wagner-e-de-rui-afirma-eden\/\"]}]},{\"@type\":\"ImageObject\",\"inLanguage\":\"pt-PT\",\"@id\":\"https:\/\/brasilnoticias.org\/site\/jeronimo-reune-as-melhores-qualidades-de-wagner-e-de-rui-afirma-eden\/#primaryimage\",\"url\":\"https:\/\/brasilnoticias.org\/site\/wp-content\/uploads\/2024\/05\/IMAGEM_NOTICIA_0-2.jpg\",\"contentUrl\":\"https:\/\/brasilnoticias.org\/site\/wp-content\/uploads\/2024\/05\/IMAGEM_NOTICIA_0-2.jpg\",\"width\":850,\"height\":400},{\"@type\":\"BreadcrumbList\",\"@id\":\"https:\/\/brasilnoticias.org\/site\/jeronimo-reune-as-melhores-qualidades-de-wagner-e-de-rui-afirma-eden\/#breadcrumb\",\"itemListElement\":[{\"@type\":\"ListItem\",\"position\":1,\"name\":\"In\u00edcio\",\"item\":\"https:\/\/brasilnoticias.org\/site\/\"},{\"@type\":\"ListItem\",\"position\":2,\"name\":\"\u201cJer\u00f4nimo re\u00fane as melhores qualidades de Wagner e de Rui\u201d, afirma \u00c9den\"}]},{\"@type\":\"WebSite\",\"@id\":\"https:\/\/brasilnoticias.org\/site\/#website\",\"url\":\"https:\/\/brasilnoticias.org\/site\/\",\"name\":\"Brasil not\u00edcias\",\"description\":\"Brasil not\u00edcias\",\"publisher\":{\"@id\":\"https:\/\/brasilnoticias.org\/site\/#organization\"},\"potentialAction\":[{\"@type\":\"SearchAction\",\"target\":{\"@type\":\"EntryPoint\",\"urlTemplate\":\"https:\/\/brasilnoticias.org\/site\/?s={search_term_string}\"},\"query-input\":{\"@type\":\"PropertyValueSpecification\",\"valueRequired\":true,\"valueName\":\"search_term_string\"}}],\"inLanguage\":\"pt-PT\"},{\"@type\":\"Organization\",\"@id\":\"https:\/\/brasilnoticias.org\/site\/#organization\",\"name\":\"Brasil not\u00edcias\",\"url\":\"https:\/\/brasilnoticias.org\/site\/\",\"logo\":{\"@type\":\"ImageObject\",\"inLanguage\":\"pt-PT\",\"@id\":\"https:\/\/brasilnoticias.org\/site\/#\/schema\/logo\/image\/\",\"url\":\"https:\/\/brasilnoticias.org\/site\/wp-content\/uploads\/2022\/05\/cropped-brasilnoticias-mini.jpg\",\"contentUrl\":\"https:\/\/brasilnoticias.org\/site\/wp-content\/uploads\/2022\/05\/cropped-brasilnoticias-mini.jpg\",\"width\":314,\"height\":86,\"caption\":\"Brasil not\u00edcias\"},\"image\":{\"@id\":\"https:\/\/brasilnoticias.org\/site\/#\/schema\/logo\/image\/\"}},{\"@type\":\"Person\",\"@id\":\"https:\/\/brasilnoticias.org\/site\/#\/schema\/person\/03bbbfe6c7634ad18c26444ea39049fa\",\"name\":\"Reda\u00e7\u00e3o\",\"image\":{\"@type\":\"ImageObject\",\"inLanguage\":\"pt-PT\",\"@id\":\"https:\/\/brasilnoticias.org\/site\/#\/schema\/person\/image\/\",\"url\":\"https:\/\/secure.gravatar.com\/avatar\/9ecaf7327a696cb23ad926fedded5f1f04d7049de9e445375d55b48c001a6e42?s=96&d=mm&r=g\",\"contentUrl\":\"https:\/\/secure.gravatar.com\/avatar\/9ecaf7327a696cb23ad926fedded5f1f04d7049de9e445375d55b48c001a6e42?s=96&d=mm&r=g\",\"caption\":\"Reda\u00e7\u00e3o\"},\"url\":\"https:\/\/brasilnoticias.org\/site\/author\/henrique\/\"}]}<\/script>\n<!-- \/ Yoast SEO plugin. -->","yoast_head_json":{"title":"\u201cJer\u00f4nimo re\u00fane as melhores qualidades de Wagner e de Rui\u201d, afirma \u00c9den - Brasil not\u00edcias","robots":{"index":"index","follow":"follow","max-snippet":"max-snippet:-1","max-image-preview":"max-image-preview:large","max-video-preview":"max-video-preview:-1"},"canonical":"https:\/\/brasilnoticias.org\/site\/jeronimo-reune-as-melhores-qualidades-de-wagner-e-de-rui-afirma-eden\/","og_locale":"pt_PT","og_type":"article","og_title":"\u201cJer\u00f4nimo re\u00fane as melhores qualidades de Wagner e de Rui\u201d, afirma \u00c9den - Brasil not\u00edcias","og_description":"Presidente do Partido dos Trabalhadores da Bahia, \u00c9den Valadares destacou nesta quarta-feira (15) que o governador do Estado, se destaca","og_url":"https:\/\/brasilnoticias.org\/site\/jeronimo-reune-as-melhores-qualidades-de-wagner-e-de-rui-afirma-eden\/","og_site_name":"Brasil not\u00edcias","article_published_time":"2024-05-15T19:11:00+00:00","og_image":[{"width":850,"height":400,"url":"https:\/\/brasilnoticias.org\/site\/wp-content\/uploads\/2024\/05\/IMAGEM_NOTICIA_0-2.jpg","type":"image\/jpeg"}],"author":"Reda\u00e7\u00e3o","twitter_card":"summary_large_image","twitter_misc":{"Escrito por":"Reda\u00e7\u00e3o","Tempo estimado de leitura":"1 minuto"},"schema":{"@context":"https:\/\/schema.org","@graph":[{"@type":"Article","@id":"https:\/\/brasilnoticias.org\/site\/jeronimo-reune-as-melhores-qualidades-de-wagner-e-de-rui-afirma-eden\/#article","isPartOf":{"@id":"https:\/\/brasilnoticias.org\/site\/jeronimo-reune-as-melhores-qualidades-de-wagner-e-de-rui-afirma-eden\/"},"author":{"name":"Reda\u00e7\u00e3o","@id":"https:\/\/brasilnoticias.org\/site\/#\/schema\/person\/03bbbfe6c7634ad18c26444ea39049fa"},"headline":"\u201cJer\u00f4nimo re\u00fane as melhores qualidades de Wagner e de Rui\u201d, afirma \u00c9den","datePublished":"2024-05-15T19:11:00+00:00","mainEntityOfPage":{"@id":"https:\/\/brasilnoticias.org\/site\/jeronimo-reune-as-melhores-qualidades-de-wagner-e-de-rui-afirma-eden\/"},"wordCount":365,"commentCount":0,"publisher":{"@id":"https:\/\/brasilnoticias.org\/site\/#organization"},"image":{"@id":"https:\/\/brasilnoticias.org\/site\/jeronimo-reune-as-melhores-qualidades-de-wagner-e-de-rui-afirma-eden\/#primaryimage"},"thumbnailUrl":"https:\/\/brasilnoticias.org\/site\/wp-content\/uploads\/2024\/05\/IMAGEM_NOTICIA_0-2.jpg","articleSection":["Pol\u00edtica","\u00daltimas"],"inLanguage":"pt-PT","potentialAction":[{"@type":"CommentAction","name":"Comment","target":["https:\/\/brasilnoticias.org\/site\/jeronimo-reune-as-melhores-qualidades-de-wagner-e-de-rui-afirma-eden\/#respond"]}]},{"@type":"WebPage","@id":"https:\/\/brasilnoticias.org\/site\/jeronimo-reune-as-melhores-qualidades-de-wagner-e-de-rui-afirma-eden\/","url":"https:\/\/brasilnoticias.org\/site\/jeronimo-reune-as-melhores-qualidades-de-wagner-e-de-rui-afirma-eden\/","name":"\u201cJer\u00f4nimo re\u00fane as melhores qualidades de Wagner e de Rui\u201d, afirma \u00c9den - Brasil not\u00edcias","isPartOf":{"@id":"https:\/\/brasilnoticias.org\/site\/#website"},"primaryImageOfPage":{"@id":"https:\/\/brasilnoticias.org\/site\/jeronimo-reune-as-melhores-qualidades-de-wagner-e-de-rui-afirma-eden\/#primaryimage"},"image":{"@id":"https:\/\/brasilnoticias.org\/site\/jeronimo-reune-as-melhores-qualidades-de-wagner-e-de-rui-afirma-eden\/#primaryimage"},"thumbnailUrl":"https:\/\/brasilnoticias.org\/site\/wp-content\/uploads\/2024\/05\/IMAGEM_NOTICIA_0-2.jpg","datePublished":"2024-05-15T19:11:00+00:00","breadcrumb":{"@id":"https:\/\/brasilnoticias.org\/site\/jeronimo-reune-as-melhores-qualidades-de-wagner-e-de-rui-afirma-eden\/#breadcrumb"},"inLanguage":"pt-PT","potentialAction":[{"@type":"ReadAction","target":["https:\/\/brasilnoticias.org\/site\/jeronimo-reune-as-melhores-qualidades-de-wagner-e-de-rui-afirma-eden\/"]}]},{"@type":"ImageObject","inLanguage":"pt-PT","@id":"https:\/\/brasilnoticias.org\/site\/jeronimo-reune-as-melhores-qualidades-de-wagner-e-de-rui-afirma-eden\/#primaryimage","url":"https:\/\/brasilnoticias.org\/site\/wp-content\/uploads\/2024\/05\/IMAGEM_NOTICIA_0-2.jpg","contentUrl":"https:\/\/brasilnoticias.org\/site\/wp-content\/uploads\/2024\/05\/IMAGEM_NOTICIA_0-2.jpg","width":850,"height":400},{"@type":"BreadcrumbList","@id":"https:\/\/brasilnoticias.org\/site\/jeronimo-reune-as-melhores-qualidades-de-wagner-e-de-rui-afirma-eden\/#breadcrumb","itemListElement":[{"@type":"ListItem","position":1,"name":"In\u00edcio","item":"https:\/\/brasilnoticias.org\/site\/"},{"@type":"ListItem","position":2,"name":"\u201cJer\u00f4nimo re\u00fane as melhores qualidades de Wagner e de Rui\u201d, afirma \u00c9den"}]},{"@type":"WebSite","@id":"https:\/\/brasilnoticias.org\/site\/#website","url":"https:\/\/brasilnoticias.org\/site\/","name":"Brasil not\u00edcias","description":"Brasil not\u00edcias","publisher":{"@id":"https:\/\/brasilnoticias.org\/site\/#organization"},"potentialAction":[{"@type":"SearchAction","target":{"@type":"EntryPoint","urlTemplate":"https:\/\/brasilnoticias.org\/site\/?s={search_term_string}"},"query-input":{"@type":"PropertyValueSpecification","valueRequired":true,"valueName":"search_term_string"}}],"inLanguage":"pt-PT"},{"@type":"Organization","@id":"https:\/\/brasilnoticias.org\/site\/#organization","name":"Brasil not\u00edcias","url":"https:\/\/brasilnoticias.org\/site\/","logo":{"@type":"ImageObject","inLanguage":"pt-PT","@id":"https:\/\/brasilnoticias.org\/site\/#\/schema\/logo\/image\/","url":"https:\/\/brasilnoticias.org\/site\/wp-content\/uploads\/2022\/05\/cropped-brasilnoticias-mini.jpg","contentUrl":"https:\/\/brasilnoticias.org\/site\/wp-content\/uploads\/2022\/05\/cropped-brasilnoticias-mini.jpg","width":314,"height":86,"caption":"Brasil not\u00edcias"},"image":{"@id":"https:\/\/brasilnoticias.org\/site\/#\/schema\/logo\/image\/"}},{"@type":"Person","@id":"https:\/\/brasilnoticias.org\/site\/#\/schema\/person\/03bbbfe6c7634ad18c26444ea39049fa","name":"Reda\u00e7\u00e3o","image":{"@type":"ImageObject","inLanguage":"pt-PT","@id":"https:\/\/brasilnoticias.org\/site\/#\/schema\/person\/image\/","url":"https:\/\/secure.gravatar.com\/avatar\/9ecaf7327a696cb23ad926fedded5f1f04d7049de9e445375d55b48c001a6e42?s=96&d=mm&r=g","contentUrl":"https:\/\/secure.gravatar.com\/avatar\/9ecaf7327a696cb23ad926fedded5f1f04d7049de9e445375d55b48c001a6e42?s=96&d=mm&r=g","caption":"Reda\u00e7\u00e3o"},"url":"https:\/\/brasilnoticias.org\/site\/author\/henrique\/"}]}},"_links":{"self":[{"href":"https:\/\/brasilnoticias.org\/site\/wp-json\/wp\/v2\/posts\/14114","targetHints":{"allow":["GET"]}}],"collection":[{"href":"https:\/\/brasilnoticias.org\/site\/wp-json\/wp\/v2\/posts"}],"about":[{"href":"https:\/\/brasilnoticias.org\/site\/wp-json\/wp\/v2\/types\/post"}],"author":[{"embeddable":true,"href":"https:\/\/brasilnoticias.org\/site\/wp-json\/wp\/v2\/users\/4"}],"replies":[{"embeddable":true,"href":"https:\/\/brasilnoticias.org\/site\/wp-json\/wp\/v2\/comments?post=14114"}],"version-history":[{"count":1,"href":"https:\/\/brasilnoticias.org\/site\/wp-json\/wp\/v2\/posts\/14114\/revisions"}],"predecessor-version":[{"id":14116,"href":"https:\/\/brasilnoticias.org\/site\/wp-json\/wp\/v2\/posts\/14114\/revisions\/14116"}],"wp:featuredmedia":[{"embeddable":true,"href":"https:\/\/brasilnoticias.org\/site\/wp-json\/wp\/v2\/media\/14115"}],"wp:attachment":[{"href":"https:\/\/brasilnoticias.org\/site\/wp-json\/wp\/v2\/media?parent=14114"}],"wp:term":[{"taxonomy":"category","embeddable":true,"href":"https:\/\/brasilnoticias.org\/site\/wp-json\/wp\/v2\/categories?post=14114"},{"taxonomy":"post_tag","embeddable":true,"href":"https:\/\/brasilnoticias.org\/site\/wp-json\/wp\/v2\/tags?post=14114"}],"curies":[{"name":"wp","href":"https:\/\/api.w.org\/{rel}","templated":true}]}}