{"id":14164,"date":"2024-05-20T14:28:08","date_gmt":"2024-05-20T17:28:08","guid":{"rendered":"https:\/\/brasilnoticias.org\/site\/?p=14164"},"modified":"2024-05-20T14:28:08","modified_gmt":"2024-05-20T17:28:08","slug":"erros-de-matematica-e-no-enquadramento-de-cotas-coletivo-denuncia-supostas-irregularidades-em-edital-de-cultura-em-camacari","status":"publish","type":"post","link":"https:\/\/brasilnoticias.org\/site\/erros-de-matematica-e-no-enquadramento-de-cotas-coletivo-denuncia-supostas-irregularidades-em-edital-de-cultura-em-camacari\/","title":{"rendered":"Erros de matem\u00e1tica e no enquadramento de cotas: coletivo denuncia supostas irregularidades em edital de Cultura em Cama\u00e7ari"},"content":{"rendered":"<p>O Metro1 teve acesso a um dossi\u00ea detalhado produzido pelo Coletivo Independente de Cultura de Cama\u00e7ari, que aponta supostas irregularidades na sele\u00e7\u00e3o dos candidatos contemplados<\/p>\n<p>A Secret\u00e1ria de Cultura do munic\u00edpio de Cama\u00e7ari (Secult), localizado na Regi\u00e3o Metropolitana de Salvador, se tornou alvo de den\u00fancias do Coletivo Independente de Cultura de Cama\u00e7ari (CIC). O grupo entrou com uma a\u00e7\u00e3o popular apontando irregularidades nos editais da Lei Paulo Gustavo (LPG), que v\u00e3o desde somat\u00f3rios equivocados na pontua\u00e7\u00e3o dos candidatos at\u00e9 descumprimento de exig\u00eancias por parte dos selecionados.<\/p>\n<p>Os editais publicados pela Secult t\u00eam um investimento que ultrapassa R$ 2 milh\u00f5es. No Nordeste, a Bahia foi o primeiro estado e o que mais recebeu recursos da Lei Paulo Gustavo, que \u00e9 o maior benef\u00edcio direto j\u00e1 realizado no setor cultural do pa\u00eds para ajudar na execu\u00e7\u00e3o de a\u00e7\u00f5es e projetos culturais. <\/p>\n<p>Ao Metro1, Junior Clemente e Uri Menezes, membros do Coletivo, apresentaram um dossi\u00ea detalhando diversos erros no edital, no processo de inscri\u00e7\u00e3o e na sele\u00e7\u00e3o dos benefici\u00e1rios. As falhas apontadas inclu\u00edam at\u00e9 equ\u00edvocos ou aproxima\u00e7\u00f5es n\u00e3o informadas na somat\u00f3ria da pontua\u00e7\u00e3o e nos crit\u00e9rios de cotas. O segundo candidato selecionado, por exemplo, teve a pontua\u00e7\u00e3o de 50,7 por m\u00e9rito e 6 de bonifica\u00e7\u00e3o, mas no total ficou com 56,67. Algo semelhante aconteceu com o terceiro, o quarto e o quinto selecionado.<\/p>\n<p>Discrep\u00e2ncia de dados <\/p>\n<p>O que gerou desconfian\u00e7a no produtor Uri foi perceber que havia recebido pontos adicionais destinados a grupos minorit\u00e1rios ap\u00f3s investigar seu pr\u00f3prio boletim. O artista, que n\u00e3o foi classificado, notou que a pontua\u00e7\u00e3o em seu parecer (documento onde \u00e9 explicada a pontua\u00e7\u00e3o dos candidatos) era diferente da divulgada no Di\u00e1rio Oficial. <\/p>\n<p>\u201cEu recebi atribui\u00e7\u00f5es destinadas a PCDs, moradores de comunidades tradicionais, mulheres e LGBT. [&#8230;] Mas eu n\u00e3o tinha direito a esses pontos. Se eu tivesse essa pontua\u00e7\u00e3o, estaria na primeira coloca\u00e7\u00e3o. Ent\u00e3o, a partir dessa minha desconfian\u00e7a e dos outros proponentes, fomos buscar respostas\u201d, declarou.<\/p>\n<p>Imparcialidade?  <\/p>\n<p>As desconfian\u00e7as levaram o grupo a analisar as inscri\u00e7\u00f5es dos candidatos e levantar preocupa\u00e7\u00f5es sobre a imparcialidade do processo de sele\u00e7\u00e3o. No dossi\u00ea, eles apontam que alguns dos selecionados n\u00e3o est\u00e3o em conformidade com os requisitos do edital. Por exemplo, uma empresa classificada n\u00e3o est\u00e1 cadastrada no Mapa Cultural de Cama\u00e7ari, como exigido, e sua sede est\u00e1 em Lauro de Freitas, o que deveria gerar desclassifica\u00e7\u00e3o. O Mapa Cultural de Cama\u00e7ari \u00e9 um sistema municipal que centraliza o cadastro de artistas, produtores e entidades culturais da cidade. Para se inscrever nesses editais, era necess\u00e1rio registro no sistema. <\/p>\n<p>Outras selecionadas at\u00e9 est\u00e3o inscritas no Mapa, mas n\u00e3o apresentam na plataforma portf\u00f3lio na \u00e1rea inscrita, mesmo assim foram selecionadas. Nesses casos, o coletivo aponta, levando em conta o n\u00famero de ID da inscri\u00e7\u00e3o no sistema, uma suposta for\u00e7a-tarefa para inscri\u00e7\u00e3o em cima da hora.<\/p>\n<p>\u201cEsses perfis criados de forma semelhante e sequenciados foram todos contemplados conforme podem ser conferidos pelo n\u00famero de Id no mapa cultural: 582, 583, 584, 585, 586\u201d, aponta o dossi\u00ea. <\/p>\n<p>Mas o que mais chamou aten\u00e7\u00e3o do grupo foi o perfil de uma das candidatas no Mapa Cultural. Nele, o email cadastrado para contato era, segundo a den\u00fancia, vinculado \u00e0 presidente da CEASC (Comiss\u00e3o Especial de An\u00e1lise da Secretaria de Cultura do Munic\u00edpio de Cama\u00e7ari),  Guida Queiroz, a respons\u00e1vel pela elabora\u00e7\u00e3o dos editais e pela an\u00e1lise dos projetos.<\/p>\n<p>O que diz a prefeitura?<\/p>\n<p>Procurada, a prefeitura de Cama\u00e7ari esclareceu que, por meio da Procuradoria-Geral do Munic\u00edpio e com as devidas informa\u00e7\u00f5es prestadas pela secretaria, vai responder aos questionamentos nos autos do referido processo. \u201cLogo a resposta ser\u00e1 do conhecimento de todos, j\u00e1 que o procedimento \u00e9 p\u00fablico e transparente, assim como s\u00e3o todos os atos praticados pela Secult\u201d, afirmou em nota. <\/p>\n<p>Al\u00e9m da a\u00e7\u00e3o popular em andamento, o Coletivo encaminhou o caso para o Minist\u00e9rio P\u00fablico e apresentou uma queixa no Tribunal de Contas dos Munic\u00edpios da Bahia.<\/p>\n<p>Foto: Franklin Almeida<br \/>\nPor: Metro1<\/p>\n","protected":false},"excerpt":{"rendered":"<p>O Metro1 teve acesso a um dossi\u00ea detalhado produzido pelo Coletivo Independente de Cultura de Cama\u00e7ari, que aponta supostas irregularidades<\/p>\n","protected":false},"author":4,"featured_media":14165,"comment_status":"open","ping_status":"open","sticky":false,"template":"","format":"standard","meta":{"colormag_page_container_layout":"default_layout","colormag_page_sidebar_layout":"default_layout","_FSMCFIC_featured_image_caption":"","_FSMCFIC_featured_image_nocaption":"","_FSMCFIC_featured_image_hide":"","footnotes":""},"categories":[2,1],"tags":[],"class_list":["post-14164","post","type-post","status-publish","format-standard","has-post-thumbnail","hentry","category-noticias","category-ultimas"],"yoast_head":"<!-- This site is optimized with the Yoast SEO plugin v27.1.1 - https:\/\/yoast.com\/product\/yoast-seo-wordpress\/ -->\n<title>Erros de matem\u00e1tica e no enquadramento de cotas: coletivo denuncia supostas irregularidades em edital de Cultura em Cama\u00e7ari - Brasil not\u00edcias<\/title>\n<meta name=\"robots\" content=\"index, follow, max-snippet:-1, max-image-preview:large, max-video-preview:-1\" \/>\n<link rel=\"canonical\" href=\"https:\/\/brasilnoticias.org\/site\/erros-de-matematica-e-no-enquadramento-de-cotas-coletivo-denuncia-supostas-irregularidades-em-edital-de-cultura-em-camacari\/\" \/>\n<meta property=\"og:locale\" content=\"pt_PT\" \/>\n<meta property=\"og:type\" content=\"article\" \/>\n<meta property=\"og:title\" content=\"Erros de matem\u00e1tica e no enquadramento de cotas: coletivo denuncia supostas irregularidades em edital de Cultura em Cama\u00e7ari - Brasil not\u00edcias\" \/>\n<meta property=\"og:description\" content=\"O Metro1 teve acesso a um dossi\u00ea detalhado produzido pelo Coletivo Independente de Cultura de Cama\u00e7ari, que aponta supostas irregularidades\" \/>\n<meta property=\"og:url\" content=\"https:\/\/brasilnoticias.org\/site\/erros-de-matematica-e-no-enquadramento-de-cotas-coletivo-denuncia-supostas-irregularidades-em-edital-de-cultura-em-camacari\/\" \/>\n<meta property=\"og:site_name\" content=\"Brasil not\u00edcias\" \/>\n<meta property=\"article:published_time\" content=\"2024-05-20T17:28:08+00:00\" \/>\n<meta property=\"og:image\" content=\"https:\/\/brasilnoticias.org\/site\/wp-content\/uploads\/2024\/05\/150379erros-de-matematica-e-no-enquadramento-de-cotas-coletivo-denuncia-supostas-irregularidades-em-edital-de-cultura-em-camacari-3.jpg\" \/>\n\t<meta property=\"og:image:width\" content=\"1600\" \/>\n\t<meta property=\"og:image:height\" content=\"752\" \/>\n\t<meta property=\"og:image:type\" content=\"image\/jpeg\" \/>\n<meta name=\"author\" content=\"Reda\u00e7\u00e3o\" \/>\n<meta name=\"twitter:card\" content=\"summary_large_image\" \/>\n<meta name=\"twitter:label1\" content=\"Escrito por\" \/>\n\t<meta name=\"twitter:data1\" content=\"Reda\u00e7\u00e3o\" \/>\n\t<meta name=\"twitter:label2\" content=\"Tempo estimado de leitura\" \/>\n\t<meta name=\"twitter:data2\" content=\"1 minuto\" \/>\n<script type=\"application\/ld+json\" class=\"yoast-schema-graph\">{\"@context\":\"https:\/\/schema.org\",\"@graph\":[{\"@type\":\"Article\",\"@id\":\"https:\/\/brasilnoticias.org\/site\/erros-de-matematica-e-no-enquadramento-de-cotas-coletivo-denuncia-supostas-irregularidades-em-edital-de-cultura-em-camacari\/#article\",\"isPartOf\":{\"@id\":\"https:\/\/brasilnoticias.org\/site\/erros-de-matematica-e-no-enquadramento-de-cotas-coletivo-denuncia-supostas-irregularidades-em-edital-de-cultura-em-camacari\/\"},\"author\":{\"name\":\"Reda\u00e7\u00e3o\",\"@id\":\"https:\/\/brasilnoticias.org\/site\/#\/schema\/person\/03bbbfe6c7634ad18c26444ea39049fa\"},\"headline\":\"Erros de matem\u00e1tica e no enquadramento de cotas: coletivo denuncia supostas irregularidades em edital de Cultura em Cama\u00e7ari\",\"datePublished\":\"2024-05-20T17:28:08+00:00\",\"mainEntityOfPage\":{\"@id\":\"https:\/\/brasilnoticias.org\/site\/erros-de-matematica-e-no-enquadramento-de-cotas-coletivo-denuncia-supostas-irregularidades-em-edital-de-cultura-em-camacari\/\"},\"wordCount\":735,\"commentCount\":0,\"publisher\":{\"@id\":\"https:\/\/brasilnoticias.org\/site\/#organization\"},\"image\":{\"@id\":\"https:\/\/brasilnoticias.org\/site\/erros-de-matematica-e-no-enquadramento-de-cotas-coletivo-denuncia-supostas-irregularidades-em-edital-de-cultura-em-camacari\/#primaryimage\"},\"thumbnailUrl\":\"https:\/\/brasilnoticias.org\/site\/wp-content\/uploads\/2024\/05\/150379erros-de-matematica-e-no-enquadramento-de-cotas-coletivo-denuncia-supostas-irregularidades-em-edital-de-cultura-em-camacari-3.jpg\",\"articleSection\":[\"Not\u00edcias\",\"\u00daltimas\"],\"inLanguage\":\"pt-PT\",\"potentialAction\":[{\"@type\":\"CommentAction\",\"name\":\"Comment\",\"target\":[\"https:\/\/brasilnoticias.org\/site\/erros-de-matematica-e-no-enquadramento-de-cotas-coletivo-denuncia-supostas-irregularidades-em-edital-de-cultura-em-camacari\/#respond\"]}]},{\"@type\":\"WebPage\",\"@id\":\"https:\/\/brasilnoticias.org\/site\/erros-de-matematica-e-no-enquadramento-de-cotas-coletivo-denuncia-supostas-irregularidades-em-edital-de-cultura-em-camacari\/\",\"url\":\"https:\/\/brasilnoticias.org\/site\/erros-de-matematica-e-no-enquadramento-de-cotas-coletivo-denuncia-supostas-irregularidades-em-edital-de-cultura-em-camacari\/\",\"name\":\"Erros de matem\u00e1tica e no enquadramento de cotas: coletivo denuncia supostas irregularidades em edital de Cultura em Cama\u00e7ari - Brasil not\u00edcias\",\"isPartOf\":{\"@id\":\"https:\/\/brasilnoticias.org\/site\/#website\"},\"primaryImageOfPage\":{\"@id\":\"https:\/\/brasilnoticias.org\/site\/erros-de-matematica-e-no-enquadramento-de-cotas-coletivo-denuncia-supostas-irregularidades-em-edital-de-cultura-em-camacari\/#primaryimage\"},\"image\":{\"@id\":\"https:\/\/brasilnoticias.org\/site\/erros-de-matematica-e-no-enquadramento-de-cotas-coletivo-denuncia-supostas-irregularidades-em-edital-de-cultura-em-camacari\/#primaryimage\"},\"thumbnailUrl\":\"https:\/\/brasilnoticias.org\/site\/wp-content\/uploads\/2024\/05\/150379erros-de-matematica-e-no-enquadramento-de-cotas-coletivo-denuncia-supostas-irregularidades-em-edital-de-cultura-em-camacari-3.jpg\",\"datePublished\":\"2024-05-20T17:28:08+00:00\",\"breadcrumb\":{\"@id\":\"https:\/\/brasilnoticias.org\/site\/erros-de-matematica-e-no-enquadramento-de-cotas-coletivo-denuncia-supostas-irregularidades-em-edital-de-cultura-em-camacari\/#breadcrumb\"},\"inLanguage\":\"pt-PT\",\"potentialAction\":[{\"@type\":\"ReadAction\",\"target\":[\"https:\/\/brasilnoticias.org\/site\/erros-de-matematica-e-no-enquadramento-de-cotas-coletivo-denuncia-supostas-irregularidades-em-edital-de-cultura-em-camacari\/\"]}]},{\"@type\":\"ImageObject\",\"inLanguage\":\"pt-PT\",\"@id\":\"https:\/\/brasilnoticias.org\/site\/erros-de-matematica-e-no-enquadramento-de-cotas-coletivo-denuncia-supostas-irregularidades-em-edital-de-cultura-em-camacari\/#primaryimage\",\"url\":\"https:\/\/brasilnoticias.org\/site\/wp-content\/uploads\/2024\/05\/150379erros-de-matematica-e-no-enquadramento-de-cotas-coletivo-denuncia-supostas-irregularidades-em-edital-de-cultura-em-camacari-3.jpg\",\"contentUrl\":\"https:\/\/brasilnoticias.org\/site\/wp-content\/uploads\/2024\/05\/150379erros-de-matematica-e-no-enquadramento-de-cotas-coletivo-denuncia-supostas-irregularidades-em-edital-de-cultura-em-camacari-3.jpg\",\"width\":1600,\"height\":752},{\"@type\":\"BreadcrumbList\",\"@id\":\"https:\/\/brasilnoticias.org\/site\/erros-de-matematica-e-no-enquadramento-de-cotas-coletivo-denuncia-supostas-irregularidades-em-edital-de-cultura-em-camacari\/#breadcrumb\",\"itemListElement\":[{\"@type\":\"ListItem\",\"position\":1,\"name\":\"In\u00edcio\",\"item\":\"https:\/\/brasilnoticias.org\/site\/\"},{\"@type\":\"ListItem\",\"position\":2,\"name\":\"Erros de matem\u00e1tica e no enquadramento de cotas: coletivo denuncia supostas irregularidades em edital de Cultura em Cama\u00e7ari\"}]},{\"@type\":\"WebSite\",\"@id\":\"https:\/\/brasilnoticias.org\/site\/#website\",\"url\":\"https:\/\/brasilnoticias.org\/site\/\",\"name\":\"Brasil not\u00edcias\",\"description\":\"Brasil not\u00edcias\",\"publisher\":{\"@id\":\"https:\/\/brasilnoticias.org\/site\/#organization\"},\"potentialAction\":[{\"@type\":\"SearchAction\",\"target\":{\"@type\":\"EntryPoint\",\"urlTemplate\":\"https:\/\/brasilnoticias.org\/site\/?s={search_term_string}\"},\"query-input\":{\"@type\":\"PropertyValueSpecification\",\"valueRequired\":true,\"valueName\":\"search_term_string\"}}],\"inLanguage\":\"pt-PT\"},{\"@type\":\"Organization\",\"@id\":\"https:\/\/brasilnoticias.org\/site\/#organization\",\"name\":\"Brasil not\u00edcias\",\"url\":\"https:\/\/brasilnoticias.org\/site\/\",\"logo\":{\"@type\":\"ImageObject\",\"inLanguage\":\"pt-PT\",\"@id\":\"https:\/\/brasilnoticias.org\/site\/#\/schema\/logo\/image\/\",\"url\":\"https:\/\/brasilnoticias.org\/site\/wp-content\/uploads\/2022\/05\/cropped-brasilnoticias-mini.jpg\",\"contentUrl\":\"https:\/\/brasilnoticias.org\/site\/wp-content\/uploads\/2022\/05\/cropped-brasilnoticias-mini.jpg\",\"width\":314,\"height\":86,\"caption\":\"Brasil not\u00edcias\"},\"image\":{\"@id\":\"https:\/\/brasilnoticias.org\/site\/#\/schema\/logo\/image\/\"}},{\"@type\":\"Person\",\"@id\":\"https:\/\/brasilnoticias.org\/site\/#\/schema\/person\/03bbbfe6c7634ad18c26444ea39049fa\",\"name\":\"Reda\u00e7\u00e3o\",\"image\":{\"@type\":\"ImageObject\",\"inLanguage\":\"pt-PT\",\"@id\":\"https:\/\/brasilnoticias.org\/site\/#\/schema\/person\/image\/\",\"url\":\"https:\/\/secure.gravatar.com\/avatar\/9ecaf7327a696cb23ad926fedded5f1f04d7049de9e445375d55b48c001a6e42?s=96&d=mm&r=g\",\"contentUrl\":\"https:\/\/secure.gravatar.com\/avatar\/9ecaf7327a696cb23ad926fedded5f1f04d7049de9e445375d55b48c001a6e42?s=96&d=mm&r=g\",\"caption\":\"Reda\u00e7\u00e3o\"},\"url\":\"https:\/\/brasilnoticias.org\/site\/author\/henrique\/\"}]}<\/script>\n<!-- \/ Yoast SEO plugin. -->","yoast_head_json":{"title":"Erros de matem\u00e1tica e no enquadramento de cotas: coletivo denuncia supostas irregularidades em edital de Cultura em Cama\u00e7ari - Brasil not\u00edcias","robots":{"index":"index","follow":"follow","max-snippet":"max-snippet:-1","max-image-preview":"max-image-preview:large","max-video-preview":"max-video-preview:-1"},"canonical":"https:\/\/brasilnoticias.org\/site\/erros-de-matematica-e-no-enquadramento-de-cotas-coletivo-denuncia-supostas-irregularidades-em-edital-de-cultura-em-camacari\/","og_locale":"pt_PT","og_type":"article","og_title":"Erros de matem\u00e1tica e no enquadramento de cotas: coletivo denuncia supostas irregularidades em edital de Cultura em Cama\u00e7ari - Brasil not\u00edcias","og_description":"O Metro1 teve acesso a um dossi\u00ea detalhado produzido pelo Coletivo Independente de Cultura de Cama\u00e7ari, que aponta supostas irregularidades","og_url":"https:\/\/brasilnoticias.org\/site\/erros-de-matematica-e-no-enquadramento-de-cotas-coletivo-denuncia-supostas-irregularidades-em-edital-de-cultura-em-camacari\/","og_site_name":"Brasil not\u00edcias","article_published_time":"2024-05-20T17:28:08+00:00","og_image":[{"width":1600,"height":752,"url":"https:\/\/brasilnoticias.org\/site\/wp-content\/uploads\/2024\/05\/150379erros-de-matematica-e-no-enquadramento-de-cotas-coletivo-denuncia-supostas-irregularidades-em-edital-de-cultura-em-camacari-3.jpg","type":"image\/jpeg"}],"author":"Reda\u00e7\u00e3o","twitter_card":"summary_large_image","twitter_misc":{"Escrito por":"Reda\u00e7\u00e3o","Tempo estimado de leitura":"1 minuto"},"schema":{"@context":"https:\/\/schema.org","@graph":[{"@type":"Article","@id":"https:\/\/brasilnoticias.org\/site\/erros-de-matematica-e-no-enquadramento-de-cotas-coletivo-denuncia-supostas-irregularidades-em-edital-de-cultura-em-camacari\/#article","isPartOf":{"@id":"https:\/\/brasilnoticias.org\/site\/erros-de-matematica-e-no-enquadramento-de-cotas-coletivo-denuncia-supostas-irregularidades-em-edital-de-cultura-em-camacari\/"},"author":{"name":"Reda\u00e7\u00e3o","@id":"https:\/\/brasilnoticias.org\/site\/#\/schema\/person\/03bbbfe6c7634ad18c26444ea39049fa"},"headline":"Erros de matem\u00e1tica e no enquadramento de cotas: coletivo denuncia supostas irregularidades em edital de Cultura em Cama\u00e7ari","datePublished":"2024-05-20T17:28:08+00:00","mainEntityOfPage":{"@id":"https:\/\/brasilnoticias.org\/site\/erros-de-matematica-e-no-enquadramento-de-cotas-coletivo-denuncia-supostas-irregularidades-em-edital-de-cultura-em-camacari\/"},"wordCount":735,"commentCount":0,"publisher":{"@id":"https:\/\/brasilnoticias.org\/site\/#organization"},"image":{"@id":"https:\/\/brasilnoticias.org\/site\/erros-de-matematica-e-no-enquadramento-de-cotas-coletivo-denuncia-supostas-irregularidades-em-edital-de-cultura-em-camacari\/#primaryimage"},"thumbnailUrl":"https:\/\/brasilnoticias.org\/site\/wp-content\/uploads\/2024\/05\/150379erros-de-matematica-e-no-enquadramento-de-cotas-coletivo-denuncia-supostas-irregularidades-em-edital-de-cultura-em-camacari-3.jpg","articleSection":["Not\u00edcias","\u00daltimas"],"inLanguage":"pt-PT","potentialAction":[{"@type":"CommentAction","name":"Comment","target":["https:\/\/brasilnoticias.org\/site\/erros-de-matematica-e-no-enquadramento-de-cotas-coletivo-denuncia-supostas-irregularidades-em-edital-de-cultura-em-camacari\/#respond"]}]},{"@type":"WebPage","@id":"https:\/\/brasilnoticias.org\/site\/erros-de-matematica-e-no-enquadramento-de-cotas-coletivo-denuncia-supostas-irregularidades-em-edital-de-cultura-em-camacari\/","url":"https:\/\/brasilnoticias.org\/site\/erros-de-matematica-e-no-enquadramento-de-cotas-coletivo-denuncia-supostas-irregularidades-em-edital-de-cultura-em-camacari\/","name":"Erros de matem\u00e1tica e no enquadramento de cotas: coletivo denuncia supostas irregularidades em edital de Cultura em Cama\u00e7ari - Brasil not\u00edcias","isPartOf":{"@id":"https:\/\/brasilnoticias.org\/site\/#website"},"primaryImageOfPage":{"@id":"https:\/\/brasilnoticias.org\/site\/erros-de-matematica-e-no-enquadramento-de-cotas-coletivo-denuncia-supostas-irregularidades-em-edital-de-cultura-em-camacari\/#primaryimage"},"image":{"@id":"https:\/\/brasilnoticias.org\/site\/erros-de-matematica-e-no-enquadramento-de-cotas-coletivo-denuncia-supostas-irregularidades-em-edital-de-cultura-em-camacari\/#primaryimage"},"thumbnailUrl":"https:\/\/brasilnoticias.org\/site\/wp-content\/uploads\/2024\/05\/150379erros-de-matematica-e-no-enquadramento-de-cotas-coletivo-denuncia-supostas-irregularidades-em-edital-de-cultura-em-camacari-3.jpg","datePublished":"2024-05-20T17:28:08+00:00","breadcrumb":{"@id":"https:\/\/brasilnoticias.org\/site\/erros-de-matematica-e-no-enquadramento-de-cotas-coletivo-denuncia-supostas-irregularidades-em-edital-de-cultura-em-camacari\/#breadcrumb"},"inLanguage":"pt-PT","potentialAction":[{"@type":"ReadAction","target":["https:\/\/brasilnoticias.org\/site\/erros-de-matematica-e-no-enquadramento-de-cotas-coletivo-denuncia-supostas-irregularidades-em-edital-de-cultura-em-camacari\/"]}]},{"@type":"ImageObject","inLanguage":"pt-PT","@id":"https:\/\/brasilnoticias.org\/site\/erros-de-matematica-e-no-enquadramento-de-cotas-coletivo-denuncia-supostas-irregularidades-em-edital-de-cultura-em-camacari\/#primaryimage","url":"https:\/\/brasilnoticias.org\/site\/wp-content\/uploads\/2024\/05\/150379erros-de-matematica-e-no-enquadramento-de-cotas-coletivo-denuncia-supostas-irregularidades-em-edital-de-cultura-em-camacari-3.jpg","contentUrl":"https:\/\/brasilnoticias.org\/site\/wp-content\/uploads\/2024\/05\/150379erros-de-matematica-e-no-enquadramento-de-cotas-coletivo-denuncia-supostas-irregularidades-em-edital-de-cultura-em-camacari-3.jpg","width":1600,"height":752},{"@type":"BreadcrumbList","@id":"https:\/\/brasilnoticias.org\/site\/erros-de-matematica-e-no-enquadramento-de-cotas-coletivo-denuncia-supostas-irregularidades-em-edital-de-cultura-em-camacari\/#breadcrumb","itemListElement":[{"@type":"ListItem","position":1,"name":"In\u00edcio","item":"https:\/\/brasilnoticias.org\/site\/"},{"@type":"ListItem","position":2,"name":"Erros de matem\u00e1tica e no enquadramento de cotas: coletivo denuncia supostas irregularidades em edital de Cultura em Cama\u00e7ari"}]},{"@type":"WebSite","@id":"https:\/\/brasilnoticias.org\/site\/#website","url":"https:\/\/brasilnoticias.org\/site\/","name":"Brasil not\u00edcias","description":"Brasil not\u00edcias","publisher":{"@id":"https:\/\/brasilnoticias.org\/site\/#organization"},"potentialAction":[{"@type":"SearchAction","target":{"@type":"EntryPoint","urlTemplate":"https:\/\/brasilnoticias.org\/site\/?s={search_term_string}"},"query-input":{"@type":"PropertyValueSpecification","valueRequired":true,"valueName":"search_term_string"}}],"inLanguage":"pt-PT"},{"@type":"Organization","@id":"https:\/\/brasilnoticias.org\/site\/#organization","name":"Brasil not\u00edcias","url":"https:\/\/brasilnoticias.org\/site\/","logo":{"@type":"ImageObject","inLanguage":"pt-PT","@id":"https:\/\/brasilnoticias.org\/site\/#\/schema\/logo\/image\/","url":"https:\/\/brasilnoticias.org\/site\/wp-content\/uploads\/2022\/05\/cropped-brasilnoticias-mini.jpg","contentUrl":"https:\/\/brasilnoticias.org\/site\/wp-content\/uploads\/2022\/05\/cropped-brasilnoticias-mini.jpg","width":314,"height":86,"caption":"Brasil not\u00edcias"},"image":{"@id":"https:\/\/brasilnoticias.org\/site\/#\/schema\/logo\/image\/"}},{"@type":"Person","@id":"https:\/\/brasilnoticias.org\/site\/#\/schema\/person\/03bbbfe6c7634ad18c26444ea39049fa","name":"Reda\u00e7\u00e3o","image":{"@type":"ImageObject","inLanguage":"pt-PT","@id":"https:\/\/brasilnoticias.org\/site\/#\/schema\/person\/image\/","url":"https:\/\/secure.gravatar.com\/avatar\/9ecaf7327a696cb23ad926fedded5f1f04d7049de9e445375d55b48c001a6e42?s=96&d=mm&r=g","contentUrl":"https:\/\/secure.gravatar.com\/avatar\/9ecaf7327a696cb23ad926fedded5f1f04d7049de9e445375d55b48c001a6e42?s=96&d=mm&r=g","caption":"Reda\u00e7\u00e3o"},"url":"https:\/\/brasilnoticias.org\/site\/author\/henrique\/"}]}},"_links":{"self":[{"href":"https:\/\/brasilnoticias.org\/site\/wp-json\/wp\/v2\/posts\/14164","targetHints":{"allow":["GET"]}}],"collection":[{"href":"https:\/\/brasilnoticias.org\/site\/wp-json\/wp\/v2\/posts"}],"about":[{"href":"https:\/\/brasilnoticias.org\/site\/wp-json\/wp\/v2\/types\/post"}],"author":[{"embeddable":true,"href":"https:\/\/brasilnoticias.org\/site\/wp-json\/wp\/v2\/users\/4"}],"replies":[{"embeddable":true,"href":"https:\/\/brasilnoticias.org\/site\/wp-json\/wp\/v2\/comments?post=14164"}],"version-history":[{"count":1,"href":"https:\/\/brasilnoticias.org\/site\/wp-json\/wp\/v2\/posts\/14164\/revisions"}],"predecessor-version":[{"id":14166,"href":"https:\/\/brasilnoticias.org\/site\/wp-json\/wp\/v2\/posts\/14164\/revisions\/14166"}],"wp:featuredmedia":[{"embeddable":true,"href":"https:\/\/brasilnoticias.org\/site\/wp-json\/wp\/v2\/media\/14165"}],"wp:attachment":[{"href":"https:\/\/brasilnoticias.org\/site\/wp-json\/wp\/v2\/media?parent=14164"}],"wp:term":[{"taxonomy":"category","embeddable":true,"href":"https:\/\/brasilnoticias.org\/site\/wp-json\/wp\/v2\/categories?post=14164"},{"taxonomy":"post_tag","embeddable":true,"href":"https:\/\/brasilnoticias.org\/site\/wp-json\/wp\/v2\/tags?post=14164"}],"curies":[{"name":"wp","href":"https:\/\/api.w.org\/{rel}","templated":true}]}}