{"id":14171,"date":"2024-05-21T21:25:36","date_gmt":"2024-05-22T00:25:36","guid":{"rendered":"https:\/\/brasilnoticias.org\/site\/?p=14171"},"modified":"2024-05-21T21:25:36","modified_gmt":"2024-05-22T00:25:36","slug":"apos-repercussao-negativa-trump-apaga-video-com-referencia-ao-regime-nazista","status":"publish","type":"post","link":"https:\/\/brasilnoticias.org\/site\/apos-repercussao-negativa-trump-apaga-video-com-referencia-ao-regime-nazista\/","title":{"rendered":"Ap\u00f3s repercuss\u00e3o negativa, Trump apaga v\u00eddeo com refer\u00eancia ao regime nazista"},"content":{"rendered":"<p>Publica\u00e7\u00e3o falava em &#8220;Reich&#8221;, termo frequentemente associada ao nazismo de Adolf Hitler<\/p>\n<p>O pr\u00e9-candidato presidencial republicano Donald Trump apagou um v\u00eddeo publicado em uma rede social que inclu\u00eda refer\u00eancia a um &#8220;Reich unificado&#8221;. O uso do termo, frequentemente associado ao regime nazista, gerou duras cr\u00edticas por parte do comit\u00ea de campanha do seu rival, o presidente democrata Joe Biden.<\/p>\n<p>Postado na tarde de segunda-feira (20), o clipe de 30 segundos j\u00e1 n\u00e3o estava mais dispon\u00edvel na plataforma nesta ter\u00e7a-feira (21). O v\u00eddeo retratava uma vis\u00e3o positiva para o pa\u00eds caso o ex-presidente derrote Biden na elei\u00e7\u00e3o de novembro, apresentando manchetes hipot\u00e9ticas de jornais sobre uma economia em expans\u00e3o e uma repress\u00e3o \u00e0 imigra\u00e7\u00e3o na fronteira sul dos EUA.<\/p>\n<p>Em dois momentos, o texto diz: \u201cA for\u00e7a industrial aumentou significativamente\u2026 impulsionada pela cria\u00e7\u00e3o de um Reich unificado\u201d. Nenhuma refer\u00eancia direta aos nazistas \u00e9 feita no clipe, mas a palavra \u201cReich\u201d \u00e9 comumente usada para se referir ao Terceiro Reich, o Estado da Alemanha nazista governado por Adolf Hitler (1933-1945).<\/p>\n<p>Foto: Gage Skidmore\/Flickr<br \/>\nPor: Metro1<\/p>\n","protected":false},"excerpt":{"rendered":"<p>Publica\u00e7\u00e3o falava em &#8220;Reich&#8221;, termo frequentemente associada ao nazismo de Adolf Hitler O pr\u00e9-candidato presidencial republicano Donald Trump apagou um<\/p>\n","protected":false},"author":4,"featured_media":14172,"comment_status":"open","ping_status":"open","sticky":false,"template":"","format":"standard","meta":{"colormag_page_container_layout":"default_layout","colormag_page_sidebar_layout":"default_layout","_FSMCFIC_featured_image_caption":"","_FSMCFIC_featured_image_nocaption":"","_FSMCFIC_featured_image_hide":"","footnotes":""},"categories":[6,1],"tags":[],"class_list":["post-14171","post","type-post","status-publish","format-standard","has-post-thumbnail","hentry","category-mundo","category-ultimas"],"yoast_head":"<!-- This site is optimized with the Yoast SEO plugin v27.1.1 - https:\/\/yoast.com\/product\/yoast-seo-wordpress\/ -->\n<title>Ap\u00f3s repercuss\u00e3o negativa, Trump apaga v\u00eddeo com refer\u00eancia ao regime nazista - Brasil not\u00edcias<\/title>\n<meta name=\"robots\" content=\"index, follow, max-snippet:-1, max-image-preview:large, max-video-preview:-1\" \/>\n<link rel=\"canonical\" href=\"https:\/\/brasilnoticias.org\/site\/apos-repercussao-negativa-trump-apaga-video-com-referencia-ao-regime-nazista\/\" \/>\n<meta property=\"og:locale\" content=\"pt_PT\" \/>\n<meta property=\"og:type\" content=\"article\" \/>\n<meta property=\"og:title\" content=\"Ap\u00f3s repercuss\u00e3o negativa, Trump apaga v\u00eddeo com refer\u00eancia ao regime nazista - Brasil not\u00edcias\" \/>\n<meta property=\"og:description\" content=\"Publica\u00e7\u00e3o falava em &#8220;Reich&#8221;, termo frequentemente associada ao nazismo de Adolf Hitler O pr\u00e9-candidato presidencial republicano Donald Trump apagou um\" \/>\n<meta property=\"og:url\" content=\"https:\/\/brasilnoticias.org\/site\/apos-repercussao-negativa-trump-apaga-video-com-referencia-ao-regime-nazista\/\" \/>\n<meta property=\"og:site_name\" content=\"Brasil not\u00edcias\" \/>\n<meta property=\"article:published_time\" content=\"2024-05-22T00:25:36+00:00\" \/>\n<meta property=\"og:image\" content=\"https:\/\/brasilnoticias.org\/site\/wp-content\/uploads\/2024\/05\/150459apos-repercussao-negativa-trump-apaga-video-com-referencia-ao-regime-nazista-3.jpg\" \/>\n\t<meta property=\"og:image:width\" content=\"1600\" \/>\n\t<meta property=\"og:image:height\" content=\"752\" \/>\n\t<meta property=\"og:image:type\" content=\"image\/jpeg\" \/>\n<meta name=\"author\" content=\"Reda\u00e7\u00e3o\" \/>\n<meta name=\"twitter:card\" content=\"summary_large_image\" \/>\n<meta name=\"twitter:label1\" content=\"Escrito por\" \/>\n\t<meta name=\"twitter:data1\" content=\"Reda\u00e7\u00e3o\" \/>\n\t<meta name=\"twitter:label2\" content=\"Tempo estimado de leitura\" \/>\n\t<meta name=\"twitter:data2\" content=\"1 minuto\" \/>\n<script type=\"application\/ld+json\" class=\"yoast-schema-graph\">{\"@context\":\"https:\/\/schema.org\",\"@graph\":[{\"@type\":\"Article\",\"@id\":\"https:\/\/brasilnoticias.org\/site\/apos-repercussao-negativa-trump-apaga-video-com-referencia-ao-regime-nazista\/#article\",\"isPartOf\":{\"@id\":\"https:\/\/brasilnoticias.org\/site\/apos-repercussao-negativa-trump-apaga-video-com-referencia-ao-regime-nazista\/\"},\"author\":{\"name\":\"Reda\u00e7\u00e3o\",\"@id\":\"https:\/\/brasilnoticias.org\/site\/#\/schema\/person\/03bbbfe6c7634ad18c26444ea39049fa\"},\"headline\":\"Ap\u00f3s repercuss\u00e3o negativa, Trump apaga v\u00eddeo com refer\u00eancia ao regime nazista\",\"datePublished\":\"2024-05-22T00:25:36+00:00\",\"mainEntityOfPage\":{\"@id\":\"https:\/\/brasilnoticias.org\/site\/apos-repercussao-negativa-trump-apaga-video-com-referencia-ao-regime-nazista\/\"},\"wordCount\":203,\"commentCount\":0,\"publisher\":{\"@id\":\"https:\/\/brasilnoticias.org\/site\/#organization\"},\"image\":{\"@id\":\"https:\/\/brasilnoticias.org\/site\/apos-repercussao-negativa-trump-apaga-video-com-referencia-ao-regime-nazista\/#primaryimage\"},\"thumbnailUrl\":\"https:\/\/brasilnoticias.org\/site\/wp-content\/uploads\/2024\/05\/150459apos-repercussao-negativa-trump-apaga-video-com-referencia-ao-regime-nazista-3.jpg\",\"articleSection\":[\"Mundo\",\"\u00daltimas\"],\"inLanguage\":\"pt-PT\",\"potentialAction\":[{\"@type\":\"CommentAction\",\"name\":\"Comment\",\"target\":[\"https:\/\/brasilnoticias.org\/site\/apos-repercussao-negativa-trump-apaga-video-com-referencia-ao-regime-nazista\/#respond\"]}]},{\"@type\":\"WebPage\",\"@id\":\"https:\/\/brasilnoticias.org\/site\/apos-repercussao-negativa-trump-apaga-video-com-referencia-ao-regime-nazista\/\",\"url\":\"https:\/\/brasilnoticias.org\/site\/apos-repercussao-negativa-trump-apaga-video-com-referencia-ao-regime-nazista\/\",\"name\":\"Ap\u00f3s repercuss\u00e3o negativa, Trump apaga v\u00eddeo com refer\u00eancia ao regime nazista - Brasil not\u00edcias\",\"isPartOf\":{\"@id\":\"https:\/\/brasilnoticias.org\/site\/#website\"},\"primaryImageOfPage\":{\"@id\":\"https:\/\/brasilnoticias.org\/site\/apos-repercussao-negativa-trump-apaga-video-com-referencia-ao-regime-nazista\/#primaryimage\"},\"image\":{\"@id\":\"https:\/\/brasilnoticias.org\/site\/apos-repercussao-negativa-trump-apaga-video-com-referencia-ao-regime-nazista\/#primaryimage\"},\"thumbnailUrl\":\"https:\/\/brasilnoticias.org\/site\/wp-content\/uploads\/2024\/05\/150459apos-repercussao-negativa-trump-apaga-video-com-referencia-ao-regime-nazista-3.jpg\",\"datePublished\":\"2024-05-22T00:25:36+00:00\",\"breadcrumb\":{\"@id\":\"https:\/\/brasilnoticias.org\/site\/apos-repercussao-negativa-trump-apaga-video-com-referencia-ao-regime-nazista\/#breadcrumb\"},\"inLanguage\":\"pt-PT\",\"potentialAction\":[{\"@type\":\"ReadAction\",\"target\":[\"https:\/\/brasilnoticias.org\/site\/apos-repercussao-negativa-trump-apaga-video-com-referencia-ao-regime-nazista\/\"]}]},{\"@type\":\"ImageObject\",\"inLanguage\":\"pt-PT\",\"@id\":\"https:\/\/brasilnoticias.org\/site\/apos-repercussao-negativa-trump-apaga-video-com-referencia-ao-regime-nazista\/#primaryimage\",\"url\":\"https:\/\/brasilnoticias.org\/site\/wp-content\/uploads\/2024\/05\/150459apos-repercussao-negativa-trump-apaga-video-com-referencia-ao-regime-nazista-3.jpg\",\"contentUrl\":\"https:\/\/brasilnoticias.org\/site\/wp-content\/uploads\/2024\/05\/150459apos-repercussao-negativa-trump-apaga-video-com-referencia-ao-regime-nazista-3.jpg\",\"width\":1600,\"height\":752},{\"@type\":\"BreadcrumbList\",\"@id\":\"https:\/\/brasilnoticias.org\/site\/apos-repercussao-negativa-trump-apaga-video-com-referencia-ao-regime-nazista\/#breadcrumb\",\"itemListElement\":[{\"@type\":\"ListItem\",\"position\":1,\"name\":\"In\u00edcio\",\"item\":\"https:\/\/brasilnoticias.org\/site\/\"},{\"@type\":\"ListItem\",\"position\":2,\"name\":\"Ap\u00f3s repercuss\u00e3o negativa, Trump apaga v\u00eddeo com refer\u00eancia ao regime nazista\"}]},{\"@type\":\"WebSite\",\"@id\":\"https:\/\/brasilnoticias.org\/site\/#website\",\"url\":\"https:\/\/brasilnoticias.org\/site\/\",\"name\":\"Brasil not\u00edcias\",\"description\":\"Brasil not\u00edcias\",\"publisher\":{\"@id\":\"https:\/\/brasilnoticias.org\/site\/#organization\"},\"potentialAction\":[{\"@type\":\"SearchAction\",\"target\":{\"@type\":\"EntryPoint\",\"urlTemplate\":\"https:\/\/brasilnoticias.org\/site\/?s={search_term_string}\"},\"query-input\":{\"@type\":\"PropertyValueSpecification\",\"valueRequired\":true,\"valueName\":\"search_term_string\"}}],\"inLanguage\":\"pt-PT\"},{\"@type\":\"Organization\",\"@id\":\"https:\/\/brasilnoticias.org\/site\/#organization\",\"name\":\"Brasil not\u00edcias\",\"url\":\"https:\/\/brasilnoticias.org\/site\/\",\"logo\":{\"@type\":\"ImageObject\",\"inLanguage\":\"pt-PT\",\"@id\":\"https:\/\/brasilnoticias.org\/site\/#\/schema\/logo\/image\/\",\"url\":\"https:\/\/brasilnoticias.org\/site\/wp-content\/uploads\/2022\/05\/cropped-brasilnoticias-mini.jpg\",\"contentUrl\":\"https:\/\/brasilnoticias.org\/site\/wp-content\/uploads\/2022\/05\/cropped-brasilnoticias-mini.jpg\",\"width\":314,\"height\":86,\"caption\":\"Brasil not\u00edcias\"},\"image\":{\"@id\":\"https:\/\/brasilnoticias.org\/site\/#\/schema\/logo\/image\/\"}},{\"@type\":\"Person\",\"@id\":\"https:\/\/brasilnoticias.org\/site\/#\/schema\/person\/03bbbfe6c7634ad18c26444ea39049fa\",\"name\":\"Reda\u00e7\u00e3o\",\"image\":{\"@type\":\"ImageObject\",\"inLanguage\":\"pt-PT\",\"@id\":\"https:\/\/brasilnoticias.org\/site\/#\/schema\/person\/image\/\",\"url\":\"https:\/\/secure.gravatar.com\/avatar\/9ecaf7327a696cb23ad926fedded5f1f04d7049de9e445375d55b48c001a6e42?s=96&d=mm&r=g\",\"contentUrl\":\"https:\/\/secure.gravatar.com\/avatar\/9ecaf7327a696cb23ad926fedded5f1f04d7049de9e445375d55b48c001a6e42?s=96&d=mm&r=g\",\"caption\":\"Reda\u00e7\u00e3o\"},\"url\":\"https:\/\/brasilnoticias.org\/site\/author\/henrique\/\"}]}<\/script>\n<!-- \/ Yoast SEO plugin. -->","yoast_head_json":{"title":"Ap\u00f3s repercuss\u00e3o negativa, Trump apaga v\u00eddeo com refer\u00eancia ao regime nazista - Brasil not\u00edcias","robots":{"index":"index","follow":"follow","max-snippet":"max-snippet:-1","max-image-preview":"max-image-preview:large","max-video-preview":"max-video-preview:-1"},"canonical":"https:\/\/brasilnoticias.org\/site\/apos-repercussao-negativa-trump-apaga-video-com-referencia-ao-regime-nazista\/","og_locale":"pt_PT","og_type":"article","og_title":"Ap\u00f3s repercuss\u00e3o negativa, Trump apaga v\u00eddeo com refer\u00eancia ao regime nazista - Brasil not\u00edcias","og_description":"Publica\u00e7\u00e3o falava em &#8220;Reich&#8221;, termo frequentemente associada ao nazismo de Adolf Hitler O pr\u00e9-candidato presidencial republicano Donald Trump apagou um","og_url":"https:\/\/brasilnoticias.org\/site\/apos-repercussao-negativa-trump-apaga-video-com-referencia-ao-regime-nazista\/","og_site_name":"Brasil not\u00edcias","article_published_time":"2024-05-22T00:25:36+00:00","og_image":[{"width":1600,"height":752,"url":"https:\/\/brasilnoticias.org\/site\/wp-content\/uploads\/2024\/05\/150459apos-repercussao-negativa-trump-apaga-video-com-referencia-ao-regime-nazista-3.jpg","type":"image\/jpeg"}],"author":"Reda\u00e7\u00e3o","twitter_card":"summary_large_image","twitter_misc":{"Escrito por":"Reda\u00e7\u00e3o","Tempo estimado de leitura":"1 minuto"},"schema":{"@context":"https:\/\/schema.org","@graph":[{"@type":"Article","@id":"https:\/\/brasilnoticias.org\/site\/apos-repercussao-negativa-trump-apaga-video-com-referencia-ao-regime-nazista\/#article","isPartOf":{"@id":"https:\/\/brasilnoticias.org\/site\/apos-repercussao-negativa-trump-apaga-video-com-referencia-ao-regime-nazista\/"},"author":{"name":"Reda\u00e7\u00e3o","@id":"https:\/\/brasilnoticias.org\/site\/#\/schema\/person\/03bbbfe6c7634ad18c26444ea39049fa"},"headline":"Ap\u00f3s repercuss\u00e3o negativa, Trump apaga v\u00eddeo com refer\u00eancia ao regime nazista","datePublished":"2024-05-22T00:25:36+00:00","mainEntityOfPage":{"@id":"https:\/\/brasilnoticias.org\/site\/apos-repercussao-negativa-trump-apaga-video-com-referencia-ao-regime-nazista\/"},"wordCount":203,"commentCount":0,"publisher":{"@id":"https:\/\/brasilnoticias.org\/site\/#organization"},"image":{"@id":"https:\/\/brasilnoticias.org\/site\/apos-repercussao-negativa-trump-apaga-video-com-referencia-ao-regime-nazista\/#primaryimage"},"thumbnailUrl":"https:\/\/brasilnoticias.org\/site\/wp-content\/uploads\/2024\/05\/150459apos-repercussao-negativa-trump-apaga-video-com-referencia-ao-regime-nazista-3.jpg","articleSection":["Mundo","\u00daltimas"],"inLanguage":"pt-PT","potentialAction":[{"@type":"CommentAction","name":"Comment","target":["https:\/\/brasilnoticias.org\/site\/apos-repercussao-negativa-trump-apaga-video-com-referencia-ao-regime-nazista\/#respond"]}]},{"@type":"WebPage","@id":"https:\/\/brasilnoticias.org\/site\/apos-repercussao-negativa-trump-apaga-video-com-referencia-ao-regime-nazista\/","url":"https:\/\/brasilnoticias.org\/site\/apos-repercussao-negativa-trump-apaga-video-com-referencia-ao-regime-nazista\/","name":"Ap\u00f3s repercuss\u00e3o negativa, Trump apaga v\u00eddeo com refer\u00eancia ao regime nazista - Brasil not\u00edcias","isPartOf":{"@id":"https:\/\/brasilnoticias.org\/site\/#website"},"primaryImageOfPage":{"@id":"https:\/\/brasilnoticias.org\/site\/apos-repercussao-negativa-trump-apaga-video-com-referencia-ao-regime-nazista\/#primaryimage"},"image":{"@id":"https:\/\/brasilnoticias.org\/site\/apos-repercussao-negativa-trump-apaga-video-com-referencia-ao-regime-nazista\/#primaryimage"},"thumbnailUrl":"https:\/\/brasilnoticias.org\/site\/wp-content\/uploads\/2024\/05\/150459apos-repercussao-negativa-trump-apaga-video-com-referencia-ao-regime-nazista-3.jpg","datePublished":"2024-05-22T00:25:36+00:00","breadcrumb":{"@id":"https:\/\/brasilnoticias.org\/site\/apos-repercussao-negativa-trump-apaga-video-com-referencia-ao-regime-nazista\/#breadcrumb"},"inLanguage":"pt-PT","potentialAction":[{"@type":"ReadAction","target":["https:\/\/brasilnoticias.org\/site\/apos-repercussao-negativa-trump-apaga-video-com-referencia-ao-regime-nazista\/"]}]},{"@type":"ImageObject","inLanguage":"pt-PT","@id":"https:\/\/brasilnoticias.org\/site\/apos-repercussao-negativa-trump-apaga-video-com-referencia-ao-regime-nazista\/#primaryimage","url":"https:\/\/brasilnoticias.org\/site\/wp-content\/uploads\/2024\/05\/150459apos-repercussao-negativa-trump-apaga-video-com-referencia-ao-regime-nazista-3.jpg","contentUrl":"https:\/\/brasilnoticias.org\/site\/wp-content\/uploads\/2024\/05\/150459apos-repercussao-negativa-trump-apaga-video-com-referencia-ao-regime-nazista-3.jpg","width":1600,"height":752},{"@type":"BreadcrumbList","@id":"https:\/\/brasilnoticias.org\/site\/apos-repercussao-negativa-trump-apaga-video-com-referencia-ao-regime-nazista\/#breadcrumb","itemListElement":[{"@type":"ListItem","position":1,"name":"In\u00edcio","item":"https:\/\/brasilnoticias.org\/site\/"},{"@type":"ListItem","position":2,"name":"Ap\u00f3s repercuss\u00e3o negativa, Trump apaga v\u00eddeo com refer\u00eancia ao regime nazista"}]},{"@type":"WebSite","@id":"https:\/\/brasilnoticias.org\/site\/#website","url":"https:\/\/brasilnoticias.org\/site\/","name":"Brasil not\u00edcias","description":"Brasil not\u00edcias","publisher":{"@id":"https:\/\/brasilnoticias.org\/site\/#organization"},"potentialAction":[{"@type":"SearchAction","target":{"@type":"EntryPoint","urlTemplate":"https:\/\/brasilnoticias.org\/site\/?s={search_term_string}"},"query-input":{"@type":"PropertyValueSpecification","valueRequired":true,"valueName":"search_term_string"}}],"inLanguage":"pt-PT"},{"@type":"Organization","@id":"https:\/\/brasilnoticias.org\/site\/#organization","name":"Brasil not\u00edcias","url":"https:\/\/brasilnoticias.org\/site\/","logo":{"@type":"ImageObject","inLanguage":"pt-PT","@id":"https:\/\/brasilnoticias.org\/site\/#\/schema\/logo\/image\/","url":"https:\/\/brasilnoticias.org\/site\/wp-content\/uploads\/2022\/05\/cropped-brasilnoticias-mini.jpg","contentUrl":"https:\/\/brasilnoticias.org\/site\/wp-content\/uploads\/2022\/05\/cropped-brasilnoticias-mini.jpg","width":314,"height":86,"caption":"Brasil not\u00edcias"},"image":{"@id":"https:\/\/brasilnoticias.org\/site\/#\/schema\/logo\/image\/"}},{"@type":"Person","@id":"https:\/\/brasilnoticias.org\/site\/#\/schema\/person\/03bbbfe6c7634ad18c26444ea39049fa","name":"Reda\u00e7\u00e3o","image":{"@type":"ImageObject","inLanguage":"pt-PT","@id":"https:\/\/brasilnoticias.org\/site\/#\/schema\/person\/image\/","url":"https:\/\/secure.gravatar.com\/avatar\/9ecaf7327a696cb23ad926fedded5f1f04d7049de9e445375d55b48c001a6e42?s=96&d=mm&r=g","contentUrl":"https:\/\/secure.gravatar.com\/avatar\/9ecaf7327a696cb23ad926fedded5f1f04d7049de9e445375d55b48c001a6e42?s=96&d=mm&r=g","caption":"Reda\u00e7\u00e3o"},"url":"https:\/\/brasilnoticias.org\/site\/author\/henrique\/"}]}},"_links":{"self":[{"href":"https:\/\/brasilnoticias.org\/site\/wp-json\/wp\/v2\/posts\/14171","targetHints":{"allow":["GET"]}}],"collection":[{"href":"https:\/\/brasilnoticias.org\/site\/wp-json\/wp\/v2\/posts"}],"about":[{"href":"https:\/\/brasilnoticias.org\/site\/wp-json\/wp\/v2\/types\/post"}],"author":[{"embeddable":true,"href":"https:\/\/brasilnoticias.org\/site\/wp-json\/wp\/v2\/users\/4"}],"replies":[{"embeddable":true,"href":"https:\/\/brasilnoticias.org\/site\/wp-json\/wp\/v2\/comments?post=14171"}],"version-history":[{"count":1,"href":"https:\/\/brasilnoticias.org\/site\/wp-json\/wp\/v2\/posts\/14171\/revisions"}],"predecessor-version":[{"id":14173,"href":"https:\/\/brasilnoticias.org\/site\/wp-json\/wp\/v2\/posts\/14171\/revisions\/14173"}],"wp:featuredmedia":[{"embeddable":true,"href":"https:\/\/brasilnoticias.org\/site\/wp-json\/wp\/v2\/media\/14172"}],"wp:attachment":[{"href":"https:\/\/brasilnoticias.org\/site\/wp-json\/wp\/v2\/media?parent=14171"}],"wp:term":[{"taxonomy":"category","embeddable":true,"href":"https:\/\/brasilnoticias.org\/site\/wp-json\/wp\/v2\/categories?post=14171"},{"taxonomy":"post_tag","embeddable":true,"href":"https:\/\/brasilnoticias.org\/site\/wp-json\/wp\/v2\/tags?post=14171"}],"curies":[{"name":"wp","href":"https:\/\/api.w.org\/{rel}","templated":true}]}}