{"id":14195,"date":"2024-05-22T22:39:54","date_gmt":"2024-05-23T01:39:54","guid":{"rendered":"https:\/\/brasilnoticias.org\/site\/?p=14195"},"modified":"2024-05-22T22:39:54","modified_gmt":"2024-05-23T01:39:54","slug":"parte-do-rs-entra-em-alerta-para-riscos-de-novas-inundacoes-devido-as-fortes-chuvas","status":"publish","type":"post","link":"https:\/\/brasilnoticias.org\/site\/parte-do-rs-entra-em-alerta-para-riscos-de-novas-inundacoes-devido-as-fortes-chuvas\/","title":{"rendered":"Parte do RS entra em alerta para riscos de novas inunda\u00e7\u00f5es devido \u00e0s fortes chuvas"},"content":{"rendered":"<p>O governador Eduardo Leite e a Defesa Civil pediram precau\u00e7\u00e3o, e a retirada de moradores de \u00e1reas de risco com anteced\u00eancia<\/p>\n<p>Os moradores do Rio Grande do Sul entraram em estado de alerta para as chuvas que podem atingir o estado, a partir desta quarta-feira (22) at\u00e9 o fim de semana. O pico de intensidade deve ocorrer nesta quinta-feira (23), com previs\u00e3o de precipita\u00e7\u00f5es volumosas de at\u00e9 150 mm, segundo informa\u00e7\u00f5es da Defesa Civil do estado. <\/p>\n<p>De acordo com a equipe de meteorologistas da Universidade Federal de Pelotas (Ufpel), os alagamentos devem aumentar novamente em decorr\u00eancia das chuvas e da \u00e1gua que vem da lagoa dos Patos, impulsionada pelo vento do nordeste.<\/p>\n<p>A prefeita de Pelotas, Paula Mascarenhas (PSDB), em uma transmiss\u00e3o nas redes sociais, disse que os n\u00edveis est\u00e3o \u201caltos, mas est\u00e1veis\u201d.<\/p>\n<p>Em Rio Grande, com o registro do aumento do n\u00edvel do lagoa dos Patos, os arredores do mercado p\u00fablico e diferentes vias da cidade foram bloqueados. Ao todo, 618 pessoas est\u00e3o em nove abrigos abertos, e h\u00e1 mais sete preparados para atendimento. <\/p>\n<p>Desde a segunda-feira (20), a regi\u00e3o est\u00e1 sob alerta do Centro Nacional de Monitoramento e Alertas de Desastres Naturais (Cemaden). O governador Eduardo Leite e a Defesa Civil pediram precau\u00e7\u00e3o, e a retirada de moradores de \u00e1reas de risco com anteced\u00eancia.<\/p>\n<p>Foto: Gustavo Mansur\/ Pal\u00e1cio Piratini<br \/>\nPor: Metro1 <\/p>\n","protected":false},"excerpt":{"rendered":"<p>O governador Eduardo Leite e a Defesa Civil pediram precau\u00e7\u00e3o, e a retirada de moradores de \u00e1reas de risco com<\/p>\n","protected":false},"author":4,"featured_media":14196,"comment_status":"open","ping_status":"open","sticky":false,"template":"","format":"standard","meta":{"colormag_page_container_layout":"default_layout","colormag_page_sidebar_layout":"default_layout","_FSMCFIC_featured_image_caption":"","_FSMCFIC_featured_image_nocaption":"","_FSMCFIC_featured_image_hide":"","footnotes":""},"categories":[2,1],"tags":[],"class_list":["post-14195","post","type-post","status-publish","format-standard","has-post-thumbnail","hentry","category-noticias","category-ultimas"],"yoast_head":"<!-- This site is optimized with the Yoast SEO plugin v27.1.1 - https:\/\/yoast.com\/product\/yoast-seo-wordpress\/ -->\n<title>Parte do RS entra em alerta para riscos de novas inunda\u00e7\u00f5es devido \u00e0s fortes chuvas - Brasil not\u00edcias<\/title>\n<meta name=\"robots\" content=\"index, follow, max-snippet:-1, max-image-preview:large, max-video-preview:-1\" \/>\n<link rel=\"canonical\" href=\"https:\/\/brasilnoticias.org\/site\/parte-do-rs-entra-em-alerta-para-riscos-de-novas-inundacoes-devido-as-fortes-chuvas\/\" \/>\n<meta property=\"og:locale\" content=\"pt_PT\" \/>\n<meta property=\"og:type\" content=\"article\" \/>\n<meta property=\"og:title\" content=\"Parte do RS entra em alerta para riscos de novas inunda\u00e7\u00f5es devido \u00e0s fortes chuvas - Brasil not\u00edcias\" \/>\n<meta property=\"og:description\" content=\"O governador Eduardo Leite e a Defesa Civil pediram precau\u00e7\u00e3o, e a retirada de moradores de \u00e1reas de risco com\" \/>\n<meta property=\"og:url\" content=\"https:\/\/brasilnoticias.org\/site\/parte-do-rs-entra-em-alerta-para-riscos-de-novas-inundacoes-devido-as-fortes-chuvas\/\" \/>\n<meta property=\"og:site_name\" content=\"Brasil not\u00edcias\" \/>\n<meta property=\"article:published_time\" content=\"2024-05-23T01:39:54+00:00\" \/>\n<meta property=\"og:image\" content=\"https:\/\/brasilnoticias.org\/site\/wp-content\/uploads\/2024\/05\/150525parte-do-rs-entra-em-alerta-para-riscos-de-novas-inundacoes-devido-as-fortes-chuvas-3.jpg\" \/>\n\t<meta property=\"og:image:width\" content=\"1600\" \/>\n\t<meta property=\"og:image:height\" content=\"752\" \/>\n\t<meta property=\"og:image:type\" content=\"image\/jpeg\" \/>\n<meta name=\"author\" content=\"Reda\u00e7\u00e3o\" \/>\n<meta name=\"twitter:card\" content=\"summary_large_image\" \/>\n<meta name=\"twitter:label1\" content=\"Escrito por\" \/>\n\t<meta name=\"twitter:data1\" content=\"Reda\u00e7\u00e3o\" \/>\n\t<meta name=\"twitter:label2\" content=\"Tempo estimado de leitura\" \/>\n\t<meta name=\"twitter:data2\" content=\"1 minuto\" \/>\n<script type=\"application\/ld+json\" class=\"yoast-schema-graph\">{\"@context\":\"https:\/\/schema.org\",\"@graph\":[{\"@type\":\"Article\",\"@id\":\"https:\/\/brasilnoticias.org\/site\/parte-do-rs-entra-em-alerta-para-riscos-de-novas-inundacoes-devido-as-fortes-chuvas\/#article\",\"isPartOf\":{\"@id\":\"https:\/\/brasilnoticias.org\/site\/parte-do-rs-entra-em-alerta-para-riscos-de-novas-inundacoes-devido-as-fortes-chuvas\/\"},\"author\":{\"name\":\"Reda\u00e7\u00e3o\",\"@id\":\"https:\/\/brasilnoticias.org\/site\/#\/schema\/person\/03bbbfe6c7634ad18c26444ea39049fa\"},\"headline\":\"Parte do RS entra em alerta para riscos de novas inunda\u00e7\u00f5es devido \u00e0s fortes chuvas\",\"datePublished\":\"2024-05-23T01:39:54+00:00\",\"mainEntityOfPage\":{\"@id\":\"https:\/\/brasilnoticias.org\/site\/parte-do-rs-entra-em-alerta-para-riscos-de-novas-inundacoes-devido-as-fortes-chuvas\/\"},\"wordCount\":251,\"commentCount\":0,\"publisher\":{\"@id\":\"https:\/\/brasilnoticias.org\/site\/#organization\"},\"image\":{\"@id\":\"https:\/\/brasilnoticias.org\/site\/parte-do-rs-entra-em-alerta-para-riscos-de-novas-inundacoes-devido-as-fortes-chuvas\/#primaryimage\"},\"thumbnailUrl\":\"https:\/\/brasilnoticias.org\/site\/wp-content\/uploads\/2024\/05\/150525parte-do-rs-entra-em-alerta-para-riscos-de-novas-inundacoes-devido-as-fortes-chuvas-3.jpg\",\"articleSection\":[\"Not\u00edcias\",\"\u00daltimas\"],\"inLanguage\":\"pt-PT\",\"potentialAction\":[{\"@type\":\"CommentAction\",\"name\":\"Comment\",\"target\":[\"https:\/\/brasilnoticias.org\/site\/parte-do-rs-entra-em-alerta-para-riscos-de-novas-inundacoes-devido-as-fortes-chuvas\/#respond\"]}]},{\"@type\":\"WebPage\",\"@id\":\"https:\/\/brasilnoticias.org\/site\/parte-do-rs-entra-em-alerta-para-riscos-de-novas-inundacoes-devido-as-fortes-chuvas\/\",\"url\":\"https:\/\/brasilnoticias.org\/site\/parte-do-rs-entra-em-alerta-para-riscos-de-novas-inundacoes-devido-as-fortes-chuvas\/\",\"name\":\"Parte do RS entra em alerta para riscos de novas inunda\u00e7\u00f5es devido \u00e0s fortes chuvas - Brasil not\u00edcias\",\"isPartOf\":{\"@id\":\"https:\/\/brasilnoticias.org\/site\/#website\"},\"primaryImageOfPage\":{\"@id\":\"https:\/\/brasilnoticias.org\/site\/parte-do-rs-entra-em-alerta-para-riscos-de-novas-inundacoes-devido-as-fortes-chuvas\/#primaryimage\"},\"image\":{\"@id\":\"https:\/\/brasilnoticias.org\/site\/parte-do-rs-entra-em-alerta-para-riscos-de-novas-inundacoes-devido-as-fortes-chuvas\/#primaryimage\"},\"thumbnailUrl\":\"https:\/\/brasilnoticias.org\/site\/wp-content\/uploads\/2024\/05\/150525parte-do-rs-entra-em-alerta-para-riscos-de-novas-inundacoes-devido-as-fortes-chuvas-3.jpg\",\"datePublished\":\"2024-05-23T01:39:54+00:00\",\"breadcrumb\":{\"@id\":\"https:\/\/brasilnoticias.org\/site\/parte-do-rs-entra-em-alerta-para-riscos-de-novas-inundacoes-devido-as-fortes-chuvas\/#breadcrumb\"},\"inLanguage\":\"pt-PT\",\"potentialAction\":[{\"@type\":\"ReadAction\",\"target\":[\"https:\/\/brasilnoticias.org\/site\/parte-do-rs-entra-em-alerta-para-riscos-de-novas-inundacoes-devido-as-fortes-chuvas\/\"]}]},{\"@type\":\"ImageObject\",\"inLanguage\":\"pt-PT\",\"@id\":\"https:\/\/brasilnoticias.org\/site\/parte-do-rs-entra-em-alerta-para-riscos-de-novas-inundacoes-devido-as-fortes-chuvas\/#primaryimage\",\"url\":\"https:\/\/brasilnoticias.org\/site\/wp-content\/uploads\/2024\/05\/150525parte-do-rs-entra-em-alerta-para-riscos-de-novas-inundacoes-devido-as-fortes-chuvas-3.jpg\",\"contentUrl\":\"https:\/\/brasilnoticias.org\/site\/wp-content\/uploads\/2024\/05\/150525parte-do-rs-entra-em-alerta-para-riscos-de-novas-inundacoes-devido-as-fortes-chuvas-3.jpg\",\"width\":1600,\"height\":752},{\"@type\":\"BreadcrumbList\",\"@id\":\"https:\/\/brasilnoticias.org\/site\/parte-do-rs-entra-em-alerta-para-riscos-de-novas-inundacoes-devido-as-fortes-chuvas\/#breadcrumb\",\"itemListElement\":[{\"@type\":\"ListItem\",\"position\":1,\"name\":\"In\u00edcio\",\"item\":\"https:\/\/brasilnoticias.org\/site\/\"},{\"@type\":\"ListItem\",\"position\":2,\"name\":\"Parte do RS entra em alerta para riscos de novas inunda\u00e7\u00f5es devido \u00e0s fortes chuvas\"}]},{\"@type\":\"WebSite\",\"@id\":\"https:\/\/brasilnoticias.org\/site\/#website\",\"url\":\"https:\/\/brasilnoticias.org\/site\/\",\"name\":\"Brasil not\u00edcias\",\"description\":\"Brasil not\u00edcias\",\"publisher\":{\"@id\":\"https:\/\/brasilnoticias.org\/site\/#organization\"},\"potentialAction\":[{\"@type\":\"SearchAction\",\"target\":{\"@type\":\"EntryPoint\",\"urlTemplate\":\"https:\/\/brasilnoticias.org\/site\/?s={search_term_string}\"},\"query-input\":{\"@type\":\"PropertyValueSpecification\",\"valueRequired\":true,\"valueName\":\"search_term_string\"}}],\"inLanguage\":\"pt-PT\"},{\"@type\":\"Organization\",\"@id\":\"https:\/\/brasilnoticias.org\/site\/#organization\",\"name\":\"Brasil not\u00edcias\",\"url\":\"https:\/\/brasilnoticias.org\/site\/\",\"logo\":{\"@type\":\"ImageObject\",\"inLanguage\":\"pt-PT\",\"@id\":\"https:\/\/brasilnoticias.org\/site\/#\/schema\/logo\/image\/\",\"url\":\"https:\/\/brasilnoticias.org\/site\/wp-content\/uploads\/2022\/05\/cropped-brasilnoticias-mini.jpg\",\"contentUrl\":\"https:\/\/brasilnoticias.org\/site\/wp-content\/uploads\/2022\/05\/cropped-brasilnoticias-mini.jpg\",\"width\":314,\"height\":86,\"caption\":\"Brasil not\u00edcias\"},\"image\":{\"@id\":\"https:\/\/brasilnoticias.org\/site\/#\/schema\/logo\/image\/\"}},{\"@type\":\"Person\",\"@id\":\"https:\/\/brasilnoticias.org\/site\/#\/schema\/person\/03bbbfe6c7634ad18c26444ea39049fa\",\"name\":\"Reda\u00e7\u00e3o\",\"image\":{\"@type\":\"ImageObject\",\"inLanguage\":\"pt-PT\",\"@id\":\"https:\/\/brasilnoticias.org\/site\/#\/schema\/person\/image\/\",\"url\":\"https:\/\/secure.gravatar.com\/avatar\/9ecaf7327a696cb23ad926fedded5f1f04d7049de9e445375d55b48c001a6e42?s=96&d=mm&r=g\",\"contentUrl\":\"https:\/\/secure.gravatar.com\/avatar\/9ecaf7327a696cb23ad926fedded5f1f04d7049de9e445375d55b48c001a6e42?s=96&d=mm&r=g\",\"caption\":\"Reda\u00e7\u00e3o\"},\"url\":\"https:\/\/brasilnoticias.org\/site\/author\/henrique\/\"}]}<\/script>\n<!-- \/ Yoast SEO plugin. -->","yoast_head_json":{"title":"Parte do RS entra em alerta para riscos de novas inunda\u00e7\u00f5es devido \u00e0s fortes chuvas - Brasil not\u00edcias","robots":{"index":"index","follow":"follow","max-snippet":"max-snippet:-1","max-image-preview":"max-image-preview:large","max-video-preview":"max-video-preview:-1"},"canonical":"https:\/\/brasilnoticias.org\/site\/parte-do-rs-entra-em-alerta-para-riscos-de-novas-inundacoes-devido-as-fortes-chuvas\/","og_locale":"pt_PT","og_type":"article","og_title":"Parte do RS entra em alerta para riscos de novas inunda\u00e7\u00f5es devido \u00e0s fortes chuvas - Brasil not\u00edcias","og_description":"O governador Eduardo Leite e a Defesa Civil pediram precau\u00e7\u00e3o, e a retirada de moradores de \u00e1reas de risco com","og_url":"https:\/\/brasilnoticias.org\/site\/parte-do-rs-entra-em-alerta-para-riscos-de-novas-inundacoes-devido-as-fortes-chuvas\/","og_site_name":"Brasil not\u00edcias","article_published_time":"2024-05-23T01:39:54+00:00","og_image":[{"width":1600,"height":752,"url":"https:\/\/brasilnoticias.org\/site\/wp-content\/uploads\/2024\/05\/150525parte-do-rs-entra-em-alerta-para-riscos-de-novas-inundacoes-devido-as-fortes-chuvas-3.jpg","type":"image\/jpeg"}],"author":"Reda\u00e7\u00e3o","twitter_card":"summary_large_image","twitter_misc":{"Escrito por":"Reda\u00e7\u00e3o","Tempo estimado de leitura":"1 minuto"},"schema":{"@context":"https:\/\/schema.org","@graph":[{"@type":"Article","@id":"https:\/\/brasilnoticias.org\/site\/parte-do-rs-entra-em-alerta-para-riscos-de-novas-inundacoes-devido-as-fortes-chuvas\/#article","isPartOf":{"@id":"https:\/\/brasilnoticias.org\/site\/parte-do-rs-entra-em-alerta-para-riscos-de-novas-inundacoes-devido-as-fortes-chuvas\/"},"author":{"name":"Reda\u00e7\u00e3o","@id":"https:\/\/brasilnoticias.org\/site\/#\/schema\/person\/03bbbfe6c7634ad18c26444ea39049fa"},"headline":"Parte do RS entra em alerta para riscos de novas inunda\u00e7\u00f5es devido \u00e0s fortes chuvas","datePublished":"2024-05-23T01:39:54+00:00","mainEntityOfPage":{"@id":"https:\/\/brasilnoticias.org\/site\/parte-do-rs-entra-em-alerta-para-riscos-de-novas-inundacoes-devido-as-fortes-chuvas\/"},"wordCount":251,"commentCount":0,"publisher":{"@id":"https:\/\/brasilnoticias.org\/site\/#organization"},"image":{"@id":"https:\/\/brasilnoticias.org\/site\/parte-do-rs-entra-em-alerta-para-riscos-de-novas-inundacoes-devido-as-fortes-chuvas\/#primaryimage"},"thumbnailUrl":"https:\/\/brasilnoticias.org\/site\/wp-content\/uploads\/2024\/05\/150525parte-do-rs-entra-em-alerta-para-riscos-de-novas-inundacoes-devido-as-fortes-chuvas-3.jpg","articleSection":["Not\u00edcias","\u00daltimas"],"inLanguage":"pt-PT","potentialAction":[{"@type":"CommentAction","name":"Comment","target":["https:\/\/brasilnoticias.org\/site\/parte-do-rs-entra-em-alerta-para-riscos-de-novas-inundacoes-devido-as-fortes-chuvas\/#respond"]}]},{"@type":"WebPage","@id":"https:\/\/brasilnoticias.org\/site\/parte-do-rs-entra-em-alerta-para-riscos-de-novas-inundacoes-devido-as-fortes-chuvas\/","url":"https:\/\/brasilnoticias.org\/site\/parte-do-rs-entra-em-alerta-para-riscos-de-novas-inundacoes-devido-as-fortes-chuvas\/","name":"Parte do RS entra em alerta para riscos de novas inunda\u00e7\u00f5es devido \u00e0s fortes chuvas - Brasil not\u00edcias","isPartOf":{"@id":"https:\/\/brasilnoticias.org\/site\/#website"},"primaryImageOfPage":{"@id":"https:\/\/brasilnoticias.org\/site\/parte-do-rs-entra-em-alerta-para-riscos-de-novas-inundacoes-devido-as-fortes-chuvas\/#primaryimage"},"image":{"@id":"https:\/\/brasilnoticias.org\/site\/parte-do-rs-entra-em-alerta-para-riscos-de-novas-inundacoes-devido-as-fortes-chuvas\/#primaryimage"},"thumbnailUrl":"https:\/\/brasilnoticias.org\/site\/wp-content\/uploads\/2024\/05\/150525parte-do-rs-entra-em-alerta-para-riscos-de-novas-inundacoes-devido-as-fortes-chuvas-3.jpg","datePublished":"2024-05-23T01:39:54+00:00","breadcrumb":{"@id":"https:\/\/brasilnoticias.org\/site\/parte-do-rs-entra-em-alerta-para-riscos-de-novas-inundacoes-devido-as-fortes-chuvas\/#breadcrumb"},"inLanguage":"pt-PT","potentialAction":[{"@type":"ReadAction","target":["https:\/\/brasilnoticias.org\/site\/parte-do-rs-entra-em-alerta-para-riscos-de-novas-inundacoes-devido-as-fortes-chuvas\/"]}]},{"@type":"ImageObject","inLanguage":"pt-PT","@id":"https:\/\/brasilnoticias.org\/site\/parte-do-rs-entra-em-alerta-para-riscos-de-novas-inundacoes-devido-as-fortes-chuvas\/#primaryimage","url":"https:\/\/brasilnoticias.org\/site\/wp-content\/uploads\/2024\/05\/150525parte-do-rs-entra-em-alerta-para-riscos-de-novas-inundacoes-devido-as-fortes-chuvas-3.jpg","contentUrl":"https:\/\/brasilnoticias.org\/site\/wp-content\/uploads\/2024\/05\/150525parte-do-rs-entra-em-alerta-para-riscos-de-novas-inundacoes-devido-as-fortes-chuvas-3.jpg","width":1600,"height":752},{"@type":"BreadcrumbList","@id":"https:\/\/brasilnoticias.org\/site\/parte-do-rs-entra-em-alerta-para-riscos-de-novas-inundacoes-devido-as-fortes-chuvas\/#breadcrumb","itemListElement":[{"@type":"ListItem","position":1,"name":"In\u00edcio","item":"https:\/\/brasilnoticias.org\/site\/"},{"@type":"ListItem","position":2,"name":"Parte do RS entra em alerta para riscos de novas inunda\u00e7\u00f5es devido \u00e0s fortes chuvas"}]},{"@type":"WebSite","@id":"https:\/\/brasilnoticias.org\/site\/#website","url":"https:\/\/brasilnoticias.org\/site\/","name":"Brasil not\u00edcias","description":"Brasil not\u00edcias","publisher":{"@id":"https:\/\/brasilnoticias.org\/site\/#organization"},"potentialAction":[{"@type":"SearchAction","target":{"@type":"EntryPoint","urlTemplate":"https:\/\/brasilnoticias.org\/site\/?s={search_term_string}"},"query-input":{"@type":"PropertyValueSpecification","valueRequired":true,"valueName":"search_term_string"}}],"inLanguage":"pt-PT"},{"@type":"Organization","@id":"https:\/\/brasilnoticias.org\/site\/#organization","name":"Brasil not\u00edcias","url":"https:\/\/brasilnoticias.org\/site\/","logo":{"@type":"ImageObject","inLanguage":"pt-PT","@id":"https:\/\/brasilnoticias.org\/site\/#\/schema\/logo\/image\/","url":"https:\/\/brasilnoticias.org\/site\/wp-content\/uploads\/2022\/05\/cropped-brasilnoticias-mini.jpg","contentUrl":"https:\/\/brasilnoticias.org\/site\/wp-content\/uploads\/2022\/05\/cropped-brasilnoticias-mini.jpg","width":314,"height":86,"caption":"Brasil not\u00edcias"},"image":{"@id":"https:\/\/brasilnoticias.org\/site\/#\/schema\/logo\/image\/"}},{"@type":"Person","@id":"https:\/\/brasilnoticias.org\/site\/#\/schema\/person\/03bbbfe6c7634ad18c26444ea39049fa","name":"Reda\u00e7\u00e3o","image":{"@type":"ImageObject","inLanguage":"pt-PT","@id":"https:\/\/brasilnoticias.org\/site\/#\/schema\/person\/image\/","url":"https:\/\/secure.gravatar.com\/avatar\/9ecaf7327a696cb23ad926fedded5f1f04d7049de9e445375d55b48c001a6e42?s=96&d=mm&r=g","contentUrl":"https:\/\/secure.gravatar.com\/avatar\/9ecaf7327a696cb23ad926fedded5f1f04d7049de9e445375d55b48c001a6e42?s=96&d=mm&r=g","caption":"Reda\u00e7\u00e3o"},"url":"https:\/\/brasilnoticias.org\/site\/author\/henrique\/"}]}},"_links":{"self":[{"href":"https:\/\/brasilnoticias.org\/site\/wp-json\/wp\/v2\/posts\/14195","targetHints":{"allow":["GET"]}}],"collection":[{"href":"https:\/\/brasilnoticias.org\/site\/wp-json\/wp\/v2\/posts"}],"about":[{"href":"https:\/\/brasilnoticias.org\/site\/wp-json\/wp\/v2\/types\/post"}],"author":[{"embeddable":true,"href":"https:\/\/brasilnoticias.org\/site\/wp-json\/wp\/v2\/users\/4"}],"replies":[{"embeddable":true,"href":"https:\/\/brasilnoticias.org\/site\/wp-json\/wp\/v2\/comments?post=14195"}],"version-history":[{"count":1,"href":"https:\/\/brasilnoticias.org\/site\/wp-json\/wp\/v2\/posts\/14195\/revisions"}],"predecessor-version":[{"id":14197,"href":"https:\/\/brasilnoticias.org\/site\/wp-json\/wp\/v2\/posts\/14195\/revisions\/14197"}],"wp:featuredmedia":[{"embeddable":true,"href":"https:\/\/brasilnoticias.org\/site\/wp-json\/wp\/v2\/media\/14196"}],"wp:attachment":[{"href":"https:\/\/brasilnoticias.org\/site\/wp-json\/wp\/v2\/media?parent=14195"}],"wp:term":[{"taxonomy":"category","embeddable":true,"href":"https:\/\/brasilnoticias.org\/site\/wp-json\/wp\/v2\/categories?post=14195"},{"taxonomy":"post_tag","embeddable":true,"href":"https:\/\/brasilnoticias.org\/site\/wp-json\/wp\/v2\/tags?post=14195"}],"curies":[{"name":"wp","href":"https:\/\/api.w.org\/{rel}","templated":true}]}}