{"id":14210,"date":"2024-05-22T22:47:42","date_gmt":"2024-05-23T01:47:42","guid":{"rendered":"https:\/\/brasilnoticias.org\/site\/?p=14210"},"modified":"2024-05-22T22:47:42","modified_gmt":"2024-05-23T01:47:42","slug":"vitoria-perde-para-o-botafogo-e-e-eliminado-da-copa-do-brasil","status":"publish","type":"post","link":"https:\/\/brasilnoticias.org\/site\/vitoria-perde-para-o-botafogo-e-e-eliminado-da-copa-do-brasil\/","title":{"rendered":"Vit\u00f3ria perde para o Botafogo e \u00e9 eliminado da Copa do Brasil"},"content":{"rendered":"<p>Luiz Henrique e J\u00fanior Santos marcaram para os visitantes e Daniel J\u00fanior descontou para o Le\u00e3o; partida terminou em 2 x 1 no Barrad\u00e3o<\/p>\n<p>Nem mesmo ter um novo t\u00e9cnico \u00e0 beira do campo fez com que o Vit\u00f3ria quebrasse o jejum de triunfos e conquistasse a classifica\u00e7\u00e3o na Copa do Brasil. Na estreia de Thiago Carpini, o Rubro-Negro perdeu para o Botafogo por 2 x 1 na noite desta quarta-feira (22) e foi eliminado do torneio nacional. No placar agregado, 3 x 1 para o time alvinegro no Barrad\u00e3o.<\/p>\n<p>O Le\u00e3o come\u00e7ou com bastante intensidade na partida para pressionar a sa\u00edda de bola do Fog\u00e3o. A partir dos 20 minutos, a equipe carioca subiu suas linhas e diminuiu o \u00edmpeto rubro-negro. No fim do primeiro tempo, os visitantes foram recompensados com um gol de Luiz Henrique.<\/p>\n<p>Na segunda etapa, o Botafogo aproveitou os espa\u00e7os deixados pelo Vit\u00f3ria e ampliou o marcador com J\u00fanior Santos. Depois, a partida se transformou em ataque contra defesa &#8211; o time baiano foi para cima e aos 32 minutos diminuiu o placar com gol de Daniel J\u00fanior. Por\u00e9m, ficaram faltando mais dois tentos para pelo menos levar a decis\u00e3o para os p\u00eanaltis.<\/p>\n<p>O Rubro-Negro volta a jogar no dia 1\u00ba de junho, quando recebe o Atl\u00e9tico-GO no Barrad\u00e3o. A bola rola \u00e0s 16h pela s\u00e9tima rodada do Brasileir\u00e3o. Ser\u00e1 a retomada do campeonato ap\u00f3s a paralisa\u00e7\u00e3o devido \u00e0s enchentes que atingiram o Rio Grande do Sul.<\/p>\n<p>O JOGO<\/p>\n<p>Primeiro tempo<\/p>\n<p>O jogo come\u00e7ou &#8220;pegado&#8221; no Barrad\u00e3o. Precisando reverter a desvantagem de 1 x 0, o Vit\u00f3ria foi para cima e pressionou a sa\u00edda de bola do Botafogo com muita intensidade e for\u00e7a f\u00edsica. Logo no in\u00edcio, Janderson desperdi\u00e7ou \u00f3tima chance de abrir o placar ao sair de cara e chutar em cima do goleiro John. A partir dos 20 minutos, o Fog\u00e3o subiu as linhas e diminuiu o \u00edmpeto rubro-negro. O lateral Dami\u00e1n Su\u00e1rez trouxe perigo pela direita e produziu duas boas chances para a equipe carioca, mas que n\u00e3o foram concretizadas por falta de capricho na hora da finaliza\u00e7\u00e3o. Quando parecia que a primeira etapa ia terminar sem bola na rede, Luiz Henrique apareceu na segunda trave para completar o cruzamento de Cuiabano e aumentar a vantagem no mata-mata para o Botafogo.<\/p>\n<p>Aos sete minutos, Matheuzinho deu \u00f3timo lan\u00e7amento para Janderson, que saiu de cara com John, mas n\u00e3o chegou &#8220;inteiro&#8221; para finalizar e bateu em cima do goleiro carioca.<\/p>\n<p>Quase! Aos 31, Dami\u00e1n Su\u00e1rez avan\u00e7ou pela direita e cruzou na \u00e1rea. Tch\u00ea Tch\u00ea fez o corta-luz e deixou com Luiz Henrique, que driblou o marcador e tentou o toque por cobertura, mas a bola passou por cima da meta. <\/p>\n<p>Dami\u00e1n roubou a bola de Dudu aos 38 minutos, tocou para Savarino e recebeu na frente. Por\u00e9m, o lateral ficou sem \u00e2ngulo e chutou na rede pelo lado de fora.<\/p>\n<p>Gol do Botafogo! Cuiabano cruzou rasteiro pela esquerda e a bola passou por todos os defensores rubro-negros. Na segunda trave, Luiz Henrique completou para abrir o placar no Barrad\u00e3o.<\/p>\n<p>Segundo tempo<\/p>\n<p>Assim como no primeiro tempo, o Vit\u00f3ria voltou do intervalo com o mesmo \u00edmpeto para reverter, dessa vez, uma desvantagem de dois gols. De novo, aos sete minutos, o Le\u00e3o teve boa chance para inaugurar o marcador, mas parou na \u00f3tima defesa do goleiro John. J\u00e1 o Botafogo recuou a marca\u00e7\u00e3o e em um contra-ataque puxado por Savarino aumentou o placar com gol de J\u00fanior Santos. Depois, Daniel J\u00fanior fez linda jogada individual e descontou para o Rubro-Negro. A partida seguiu com o Vit\u00f3ria tentando encurralar a equipe carioca no campo de defesa, mas faltou criatividade para produzir jogadas perigosas. Fim de jogo e festa dos visitantes.<\/p>\n<p>Aos sete minutos, Matheuzinho cobrou escanteio na cabe\u00e7a de Bruno Uvini, que subiu mais que todo mundo e testou firme, mas John pulou no cantinho para defender.<\/p>\n<p>Aos 15, Osvaldo avan\u00e7ou pela ponta direita e cruzou rasteiro para Janderson. O centroavante fez o piv\u00f4 e Daniel J\u00fanior chegou batendo, por\u00e9m, mandou por cima da meta. <\/p>\n<p>Gol do Botafogo! Aos 16 minutos, Savarino puxou contra-ataque e tocou para J\u00fanior Santos, que contou com o escorreg\u00e3o de Bruno Uvini, driblou Wagner Leonardo e bateu sem chance para Lucas Arcanjo.<\/p>\n<p>Gol do Vit\u00f3ria! Aos 32, Daniel J\u00fanior recebeu passe longo na ponta direita, se livrou de tr\u00eas marcadores e chutou forte para diminuir a vantagem do Fog\u00e3o.<\/p>\n<p>FICHA T\u00c9CNICA<\/p>\n<p>Vit\u00f3ria 1 x 2 Botafogo<br \/>\nCopa do Brasil &#8211; Terceira fase (volta)<br \/>\nLocal: Est\u00e1dio Barrad\u00e3o, em Salvador (BA)<br \/>\nData: 22\/05\/2023 (quarta-feira)<br \/>\nHor\u00e1rio: 19h<br \/>\n\u00c1rbitro: Rodrigo Jos\u00e9 Pereira de Lima (FIFA-PE)<br \/>\nAssistentes: Guilherme Dias Camilo (FIFA-MG) e Francisco Chaves Bezerra Junior (PE)<br \/>\nQuarto \u00e1rbitro: Deborah Cecilia Cruz Correia (FIFA-PE)<br \/>\nVAR: Rodolpho Toski Marques (FIFA-PR)<\/p>\n<p>Gols: Daniel J\u00fanior (Vit\u00f3ria) \/ Luiz Henrique e J\u00fanior Santos (Botafogo)<br \/>\nCart\u00f5es amarelos: Matheuzinho e Daniel J\u00fanior (Vit\u00f3ria) \/ Lucas Halter, John, Cuiabano, Tch\u00ea Tch\u00ea e Hugo (Botafogo) <\/p>\n<p>Vit\u00f3ria: Lucas Arcanjo; Zeca \u00a9 (L\u00e9o Naldi), Wagner Leonardo, Bruno Uvini e PK (Lucas Esteves); Rodrigo Andrade, Dudu e Matheuzinho (Daniel J\u00fanior); Iury Castilho, Janderson (Alerrandro) e Luiz Adriano (Osvaldo). T\u00e9cnico: Thiago Carpini<\/p>\n<p>Botafogo: John; Dami\u00e1n Su\u00e1rez (Mateo Ponte), Lucas Halter, Bastos e Cuiabano (Hugo); Danilo Barbosa (Gregore), Marlon Freitas e Tch\u00ea Tch\u00ea \u00a9 (Patrick de Paula); Luiz Henrique, Savarino (Fabiano) e J\u00fanior Santos. T\u00e9cnico: Artur Jorge<\/p>\n<p>Foto: V\u00edtor Silva\/Botafogo<br \/>\nPor: Jos\u00e9 Gabriel<\/p>\n","protected":false},"excerpt":{"rendered":"<p>Luiz Henrique e J\u00fanior Santos marcaram para os visitantes e Daniel J\u00fanior descontou para o Le\u00e3o; partida terminou em 2<\/p>\n","protected":false},"author":4,"featured_media":14211,"comment_status":"open","ping_status":"open","sticky":false,"template":"","format":"standard","meta":{"colormag_page_container_layout":"default_layout","colormag_page_sidebar_layout":"default_layout","_FSMCFIC_featured_image_caption":"","_FSMCFIC_featured_image_nocaption":"","_FSMCFIC_featured_image_hide":"","footnotes":""},"categories":[4,1],"tags":[],"class_list":["post-14210","post","type-post","status-publish","format-standard","has-post-thumbnail","hentry","category-esporte","category-ultimas"],"yoast_head":"<!-- This site is optimized with the Yoast SEO plugin v27.1.1 - https:\/\/yoast.com\/product\/yoast-seo-wordpress\/ -->\n<title>Vit\u00f3ria perde para o Botafogo e \u00e9 eliminado da Copa do Brasil - Brasil not\u00edcias<\/title>\n<meta name=\"robots\" content=\"index, follow, max-snippet:-1, max-image-preview:large, max-video-preview:-1\" \/>\n<link rel=\"canonical\" href=\"https:\/\/brasilnoticias.org\/site\/vitoria-perde-para-o-botafogo-e-e-eliminado-da-copa-do-brasil\/\" \/>\n<meta property=\"og:locale\" content=\"pt_PT\" \/>\n<meta property=\"og:type\" content=\"article\" \/>\n<meta property=\"og:title\" content=\"Vit\u00f3ria perde para o Botafogo e \u00e9 eliminado da Copa do Brasil - Brasil not\u00edcias\" \/>\n<meta property=\"og:description\" content=\"Luiz Henrique e J\u00fanior Santos marcaram para os visitantes e Daniel J\u00fanior descontou para o Le\u00e3o; partida terminou em 2\" \/>\n<meta property=\"og:url\" content=\"https:\/\/brasilnoticias.org\/site\/vitoria-perde-para-o-botafogo-e-e-eliminado-da-copa-do-brasil\/\" \/>\n<meta property=\"og:site_name\" content=\"Brasil not\u00edcias\" \/>\n<meta property=\"article:published_time\" content=\"2024-05-23T01:47:42+00:00\" \/>\n<meta property=\"og:image\" content=\"https:\/\/brasilnoticias.org\/site\/wp-content\/uploads\/2024\/05\/150531vitoria-perde-para-o-botafogo-e-e-eliminado-da-copa-do-brasil-3.jpg\" \/>\n\t<meta property=\"og:image:width\" content=\"1600\" \/>\n\t<meta property=\"og:image:height\" content=\"752\" \/>\n\t<meta property=\"og:image:type\" content=\"image\/jpeg\" \/>\n<meta name=\"author\" content=\"Reda\u00e7\u00e3o\" \/>\n<meta name=\"twitter:card\" content=\"summary_large_image\" \/>\n<meta name=\"twitter:label1\" content=\"Escrito por\" \/>\n\t<meta name=\"twitter:data1\" content=\"Reda\u00e7\u00e3o\" \/>\n<script type=\"application\/ld+json\" class=\"yoast-schema-graph\">{\"@context\":\"https:\/\/schema.org\",\"@graph\":[{\"@type\":\"Article\",\"@id\":\"https:\/\/brasilnoticias.org\/site\/vitoria-perde-para-o-botafogo-e-e-eliminado-da-copa-do-brasil\/#article\",\"isPartOf\":{\"@id\":\"https:\/\/brasilnoticias.org\/site\/vitoria-perde-para-o-botafogo-e-e-eliminado-da-copa-do-brasil\/\"},\"author\":{\"name\":\"Reda\u00e7\u00e3o\",\"@id\":\"https:\/\/brasilnoticias.org\/site\/#\/schema\/person\/03bbbfe6c7634ad18c26444ea39049fa\"},\"headline\":\"Vit\u00f3ria perde para o Botafogo e \u00e9 eliminado da Copa do Brasil\",\"datePublished\":\"2024-05-23T01:47:42+00:00\",\"mainEntityOfPage\":{\"@id\":\"https:\/\/brasilnoticias.org\/site\/vitoria-perde-para-o-botafogo-e-e-eliminado-da-copa-do-brasil\/\"},\"wordCount\":954,\"commentCount\":0,\"publisher\":{\"@id\":\"https:\/\/brasilnoticias.org\/site\/#organization\"},\"image\":{\"@id\":\"https:\/\/brasilnoticias.org\/site\/vitoria-perde-para-o-botafogo-e-e-eliminado-da-copa-do-brasil\/#primaryimage\"},\"thumbnailUrl\":\"https:\/\/brasilnoticias.org\/site\/wp-content\/uploads\/2024\/05\/150531vitoria-perde-para-o-botafogo-e-e-eliminado-da-copa-do-brasil-3.jpg\",\"articleSection\":[\"Esporte\",\"\u00daltimas\"],\"inLanguage\":\"pt-PT\",\"potentialAction\":[{\"@type\":\"CommentAction\",\"name\":\"Comment\",\"target\":[\"https:\/\/brasilnoticias.org\/site\/vitoria-perde-para-o-botafogo-e-e-eliminado-da-copa-do-brasil\/#respond\"]}]},{\"@type\":\"WebPage\",\"@id\":\"https:\/\/brasilnoticias.org\/site\/vitoria-perde-para-o-botafogo-e-e-eliminado-da-copa-do-brasil\/\",\"url\":\"https:\/\/brasilnoticias.org\/site\/vitoria-perde-para-o-botafogo-e-e-eliminado-da-copa-do-brasil\/\",\"name\":\"Vit\u00f3ria perde para o Botafogo e \u00e9 eliminado da Copa do Brasil - Brasil not\u00edcias\",\"isPartOf\":{\"@id\":\"https:\/\/brasilnoticias.org\/site\/#website\"},\"primaryImageOfPage\":{\"@id\":\"https:\/\/brasilnoticias.org\/site\/vitoria-perde-para-o-botafogo-e-e-eliminado-da-copa-do-brasil\/#primaryimage\"},\"image\":{\"@id\":\"https:\/\/brasilnoticias.org\/site\/vitoria-perde-para-o-botafogo-e-e-eliminado-da-copa-do-brasil\/#primaryimage\"},\"thumbnailUrl\":\"https:\/\/brasilnoticias.org\/site\/wp-content\/uploads\/2024\/05\/150531vitoria-perde-para-o-botafogo-e-e-eliminado-da-copa-do-brasil-3.jpg\",\"datePublished\":\"2024-05-23T01:47:42+00:00\",\"breadcrumb\":{\"@id\":\"https:\/\/brasilnoticias.org\/site\/vitoria-perde-para-o-botafogo-e-e-eliminado-da-copa-do-brasil\/#breadcrumb\"},\"inLanguage\":\"pt-PT\",\"potentialAction\":[{\"@type\":\"ReadAction\",\"target\":[\"https:\/\/brasilnoticias.org\/site\/vitoria-perde-para-o-botafogo-e-e-eliminado-da-copa-do-brasil\/\"]}]},{\"@type\":\"ImageObject\",\"inLanguage\":\"pt-PT\",\"@id\":\"https:\/\/brasilnoticias.org\/site\/vitoria-perde-para-o-botafogo-e-e-eliminado-da-copa-do-brasil\/#primaryimage\",\"url\":\"https:\/\/brasilnoticias.org\/site\/wp-content\/uploads\/2024\/05\/150531vitoria-perde-para-o-botafogo-e-e-eliminado-da-copa-do-brasil-3.jpg\",\"contentUrl\":\"https:\/\/brasilnoticias.org\/site\/wp-content\/uploads\/2024\/05\/150531vitoria-perde-para-o-botafogo-e-e-eliminado-da-copa-do-brasil-3.jpg\",\"width\":1600,\"height\":752},{\"@type\":\"BreadcrumbList\",\"@id\":\"https:\/\/brasilnoticias.org\/site\/vitoria-perde-para-o-botafogo-e-e-eliminado-da-copa-do-brasil\/#breadcrumb\",\"itemListElement\":[{\"@type\":\"ListItem\",\"position\":1,\"name\":\"In\u00edcio\",\"item\":\"https:\/\/brasilnoticias.org\/site\/\"},{\"@type\":\"ListItem\",\"position\":2,\"name\":\"Vit\u00f3ria perde para o Botafogo e \u00e9 eliminado da Copa do Brasil\"}]},{\"@type\":\"WebSite\",\"@id\":\"https:\/\/brasilnoticias.org\/site\/#website\",\"url\":\"https:\/\/brasilnoticias.org\/site\/\",\"name\":\"Brasil not\u00edcias\",\"description\":\"Brasil not\u00edcias\",\"publisher\":{\"@id\":\"https:\/\/brasilnoticias.org\/site\/#organization\"},\"potentialAction\":[{\"@type\":\"SearchAction\",\"target\":{\"@type\":\"EntryPoint\",\"urlTemplate\":\"https:\/\/brasilnoticias.org\/site\/?s={search_term_string}\"},\"query-input\":{\"@type\":\"PropertyValueSpecification\",\"valueRequired\":true,\"valueName\":\"search_term_string\"}}],\"inLanguage\":\"pt-PT\"},{\"@type\":\"Organization\",\"@id\":\"https:\/\/brasilnoticias.org\/site\/#organization\",\"name\":\"Brasil not\u00edcias\",\"url\":\"https:\/\/brasilnoticias.org\/site\/\",\"logo\":{\"@type\":\"ImageObject\",\"inLanguage\":\"pt-PT\",\"@id\":\"https:\/\/brasilnoticias.org\/site\/#\/schema\/logo\/image\/\",\"url\":\"https:\/\/brasilnoticias.org\/site\/wp-content\/uploads\/2022\/05\/cropped-brasilnoticias-mini.jpg\",\"contentUrl\":\"https:\/\/brasilnoticias.org\/site\/wp-content\/uploads\/2022\/05\/cropped-brasilnoticias-mini.jpg\",\"width\":314,\"height\":86,\"caption\":\"Brasil not\u00edcias\"},\"image\":{\"@id\":\"https:\/\/brasilnoticias.org\/site\/#\/schema\/logo\/image\/\"}},{\"@type\":\"Person\",\"@id\":\"https:\/\/brasilnoticias.org\/site\/#\/schema\/person\/03bbbfe6c7634ad18c26444ea39049fa\",\"name\":\"Reda\u00e7\u00e3o\",\"image\":{\"@type\":\"ImageObject\",\"inLanguage\":\"pt-PT\",\"@id\":\"https:\/\/brasilnoticias.org\/site\/#\/schema\/person\/image\/\",\"url\":\"https:\/\/secure.gravatar.com\/avatar\/9ecaf7327a696cb23ad926fedded5f1f04d7049de9e445375d55b48c001a6e42?s=96&d=mm&r=g\",\"contentUrl\":\"https:\/\/secure.gravatar.com\/avatar\/9ecaf7327a696cb23ad926fedded5f1f04d7049de9e445375d55b48c001a6e42?s=96&d=mm&r=g\",\"caption\":\"Reda\u00e7\u00e3o\"},\"url\":\"https:\/\/brasilnoticias.org\/site\/author\/henrique\/\"}]}<\/script>\n<!-- \/ Yoast SEO plugin. -->","yoast_head_json":{"title":"Vit\u00f3ria perde para o Botafogo e \u00e9 eliminado da Copa do Brasil - Brasil not\u00edcias","robots":{"index":"index","follow":"follow","max-snippet":"max-snippet:-1","max-image-preview":"max-image-preview:large","max-video-preview":"max-video-preview:-1"},"canonical":"https:\/\/brasilnoticias.org\/site\/vitoria-perde-para-o-botafogo-e-e-eliminado-da-copa-do-brasil\/","og_locale":"pt_PT","og_type":"article","og_title":"Vit\u00f3ria perde para o Botafogo e \u00e9 eliminado da Copa do Brasil - Brasil not\u00edcias","og_description":"Luiz Henrique e J\u00fanior Santos marcaram para os visitantes e Daniel J\u00fanior descontou para o Le\u00e3o; partida terminou em 2","og_url":"https:\/\/brasilnoticias.org\/site\/vitoria-perde-para-o-botafogo-e-e-eliminado-da-copa-do-brasil\/","og_site_name":"Brasil not\u00edcias","article_published_time":"2024-05-23T01:47:42+00:00","og_image":[{"width":1600,"height":752,"url":"https:\/\/brasilnoticias.org\/site\/wp-content\/uploads\/2024\/05\/150531vitoria-perde-para-o-botafogo-e-e-eliminado-da-copa-do-brasil-3.jpg","type":"image\/jpeg"}],"author":"Reda\u00e7\u00e3o","twitter_card":"summary_large_image","twitter_misc":{"Escrito por":"Reda\u00e7\u00e3o"},"schema":{"@context":"https:\/\/schema.org","@graph":[{"@type":"Article","@id":"https:\/\/brasilnoticias.org\/site\/vitoria-perde-para-o-botafogo-e-e-eliminado-da-copa-do-brasil\/#article","isPartOf":{"@id":"https:\/\/brasilnoticias.org\/site\/vitoria-perde-para-o-botafogo-e-e-eliminado-da-copa-do-brasil\/"},"author":{"name":"Reda\u00e7\u00e3o","@id":"https:\/\/brasilnoticias.org\/site\/#\/schema\/person\/03bbbfe6c7634ad18c26444ea39049fa"},"headline":"Vit\u00f3ria perde para o Botafogo e \u00e9 eliminado da Copa do Brasil","datePublished":"2024-05-23T01:47:42+00:00","mainEntityOfPage":{"@id":"https:\/\/brasilnoticias.org\/site\/vitoria-perde-para-o-botafogo-e-e-eliminado-da-copa-do-brasil\/"},"wordCount":954,"commentCount":0,"publisher":{"@id":"https:\/\/brasilnoticias.org\/site\/#organization"},"image":{"@id":"https:\/\/brasilnoticias.org\/site\/vitoria-perde-para-o-botafogo-e-e-eliminado-da-copa-do-brasil\/#primaryimage"},"thumbnailUrl":"https:\/\/brasilnoticias.org\/site\/wp-content\/uploads\/2024\/05\/150531vitoria-perde-para-o-botafogo-e-e-eliminado-da-copa-do-brasil-3.jpg","articleSection":["Esporte","\u00daltimas"],"inLanguage":"pt-PT","potentialAction":[{"@type":"CommentAction","name":"Comment","target":["https:\/\/brasilnoticias.org\/site\/vitoria-perde-para-o-botafogo-e-e-eliminado-da-copa-do-brasil\/#respond"]}]},{"@type":"WebPage","@id":"https:\/\/brasilnoticias.org\/site\/vitoria-perde-para-o-botafogo-e-e-eliminado-da-copa-do-brasil\/","url":"https:\/\/brasilnoticias.org\/site\/vitoria-perde-para-o-botafogo-e-e-eliminado-da-copa-do-brasil\/","name":"Vit\u00f3ria perde para o Botafogo e \u00e9 eliminado da Copa do Brasil - Brasil not\u00edcias","isPartOf":{"@id":"https:\/\/brasilnoticias.org\/site\/#website"},"primaryImageOfPage":{"@id":"https:\/\/brasilnoticias.org\/site\/vitoria-perde-para-o-botafogo-e-e-eliminado-da-copa-do-brasil\/#primaryimage"},"image":{"@id":"https:\/\/brasilnoticias.org\/site\/vitoria-perde-para-o-botafogo-e-e-eliminado-da-copa-do-brasil\/#primaryimage"},"thumbnailUrl":"https:\/\/brasilnoticias.org\/site\/wp-content\/uploads\/2024\/05\/150531vitoria-perde-para-o-botafogo-e-e-eliminado-da-copa-do-brasil-3.jpg","datePublished":"2024-05-23T01:47:42+00:00","breadcrumb":{"@id":"https:\/\/brasilnoticias.org\/site\/vitoria-perde-para-o-botafogo-e-e-eliminado-da-copa-do-brasil\/#breadcrumb"},"inLanguage":"pt-PT","potentialAction":[{"@type":"ReadAction","target":["https:\/\/brasilnoticias.org\/site\/vitoria-perde-para-o-botafogo-e-e-eliminado-da-copa-do-brasil\/"]}]},{"@type":"ImageObject","inLanguage":"pt-PT","@id":"https:\/\/brasilnoticias.org\/site\/vitoria-perde-para-o-botafogo-e-e-eliminado-da-copa-do-brasil\/#primaryimage","url":"https:\/\/brasilnoticias.org\/site\/wp-content\/uploads\/2024\/05\/150531vitoria-perde-para-o-botafogo-e-e-eliminado-da-copa-do-brasil-3.jpg","contentUrl":"https:\/\/brasilnoticias.org\/site\/wp-content\/uploads\/2024\/05\/150531vitoria-perde-para-o-botafogo-e-e-eliminado-da-copa-do-brasil-3.jpg","width":1600,"height":752},{"@type":"BreadcrumbList","@id":"https:\/\/brasilnoticias.org\/site\/vitoria-perde-para-o-botafogo-e-e-eliminado-da-copa-do-brasil\/#breadcrumb","itemListElement":[{"@type":"ListItem","position":1,"name":"In\u00edcio","item":"https:\/\/brasilnoticias.org\/site\/"},{"@type":"ListItem","position":2,"name":"Vit\u00f3ria perde para o Botafogo e \u00e9 eliminado da Copa do Brasil"}]},{"@type":"WebSite","@id":"https:\/\/brasilnoticias.org\/site\/#website","url":"https:\/\/brasilnoticias.org\/site\/","name":"Brasil not\u00edcias","description":"Brasil not\u00edcias","publisher":{"@id":"https:\/\/brasilnoticias.org\/site\/#organization"},"potentialAction":[{"@type":"SearchAction","target":{"@type":"EntryPoint","urlTemplate":"https:\/\/brasilnoticias.org\/site\/?s={search_term_string}"},"query-input":{"@type":"PropertyValueSpecification","valueRequired":true,"valueName":"search_term_string"}}],"inLanguage":"pt-PT"},{"@type":"Organization","@id":"https:\/\/brasilnoticias.org\/site\/#organization","name":"Brasil not\u00edcias","url":"https:\/\/brasilnoticias.org\/site\/","logo":{"@type":"ImageObject","inLanguage":"pt-PT","@id":"https:\/\/brasilnoticias.org\/site\/#\/schema\/logo\/image\/","url":"https:\/\/brasilnoticias.org\/site\/wp-content\/uploads\/2022\/05\/cropped-brasilnoticias-mini.jpg","contentUrl":"https:\/\/brasilnoticias.org\/site\/wp-content\/uploads\/2022\/05\/cropped-brasilnoticias-mini.jpg","width":314,"height":86,"caption":"Brasil not\u00edcias"},"image":{"@id":"https:\/\/brasilnoticias.org\/site\/#\/schema\/logo\/image\/"}},{"@type":"Person","@id":"https:\/\/brasilnoticias.org\/site\/#\/schema\/person\/03bbbfe6c7634ad18c26444ea39049fa","name":"Reda\u00e7\u00e3o","image":{"@type":"ImageObject","inLanguage":"pt-PT","@id":"https:\/\/brasilnoticias.org\/site\/#\/schema\/person\/image\/","url":"https:\/\/secure.gravatar.com\/avatar\/9ecaf7327a696cb23ad926fedded5f1f04d7049de9e445375d55b48c001a6e42?s=96&d=mm&r=g","contentUrl":"https:\/\/secure.gravatar.com\/avatar\/9ecaf7327a696cb23ad926fedded5f1f04d7049de9e445375d55b48c001a6e42?s=96&d=mm&r=g","caption":"Reda\u00e7\u00e3o"},"url":"https:\/\/brasilnoticias.org\/site\/author\/henrique\/"}]}},"_links":{"self":[{"href":"https:\/\/brasilnoticias.org\/site\/wp-json\/wp\/v2\/posts\/14210","targetHints":{"allow":["GET"]}}],"collection":[{"href":"https:\/\/brasilnoticias.org\/site\/wp-json\/wp\/v2\/posts"}],"about":[{"href":"https:\/\/brasilnoticias.org\/site\/wp-json\/wp\/v2\/types\/post"}],"author":[{"embeddable":true,"href":"https:\/\/brasilnoticias.org\/site\/wp-json\/wp\/v2\/users\/4"}],"replies":[{"embeddable":true,"href":"https:\/\/brasilnoticias.org\/site\/wp-json\/wp\/v2\/comments?post=14210"}],"version-history":[{"count":1,"href":"https:\/\/brasilnoticias.org\/site\/wp-json\/wp\/v2\/posts\/14210\/revisions"}],"predecessor-version":[{"id":14212,"href":"https:\/\/brasilnoticias.org\/site\/wp-json\/wp\/v2\/posts\/14210\/revisions\/14212"}],"wp:featuredmedia":[{"embeddable":true,"href":"https:\/\/brasilnoticias.org\/site\/wp-json\/wp\/v2\/media\/14211"}],"wp:attachment":[{"href":"https:\/\/brasilnoticias.org\/site\/wp-json\/wp\/v2\/media?parent=14210"}],"wp:term":[{"taxonomy":"category","embeddable":true,"href":"https:\/\/brasilnoticias.org\/site\/wp-json\/wp\/v2\/categories?post=14210"},{"taxonomy":"post_tag","embeddable":true,"href":"https:\/\/brasilnoticias.org\/site\/wp-json\/wp\/v2\/tags?post=14210"}],"curies":[{"name":"wp","href":"https:\/\/api.w.org\/{rel}","templated":true}]}}