{"id":1422,"date":"2022-09-11T15:54:33","date_gmt":"2022-09-11T18:54:33","guid":{"rendered":"https:\/\/brasilnoticias.org\/site\/?p=1422"},"modified":"2022-09-11T15:54:33","modified_gmt":"2022-09-11T18:54:33","slug":"com-flores-e-bandeira-corpo-de-elizabeth-ii-deixa-balmoral-em-direcao-a-edimburgo","status":"publish","type":"post","link":"https:\/\/brasilnoticias.org\/site\/com-flores-e-bandeira-corpo-de-elizabeth-ii-deixa-balmoral-em-direcao-a-edimburgo\/","title":{"rendered":"Com flores e bandeira, corpo de Elizabeth II deixa Balmoral em dire\u00e7\u00e3o a Edimburgo"},"content":{"rendered":"<p>Milhares de pessoas sa\u00edram \u00e0s ruas na Esc\u00f3cia e est\u00e3o a postos para acompanhar a jornada final de Elizabeth 2\u00aa neste domingo (11). O corpo saiu \u00e0s 10h07 (6h07 de Bras\u00edlia) do Castelo de Balmoral em dire\u00e7\u00e3o \u00e0 capital escocesa de Edimburgo.<\/p>\n<p>O caix\u00e3o de carvalho seguiu no primeiro carro de uma caravana de sete ve\u00edculos e passar\u00e1 por cidades como Aberdeen, Dundee e Perth, em uma viagem de 280 km que deve durar entre quatro e seis horas.<br \/>\nEstava coberto com a bandeira real, que traz um le\u00e3o vermelho sobre fundo amarelo, uma harpa amarelo sobre fundo azul e outros le\u00f5es amarelos em fundo vermelho. Uma coroa de flores brancas, cortadas dos jardins do castelo, descansava sobre o caix\u00e3o.<\/p>\n<p>Em Edimburgo, o caix\u00e3o ser\u00e1 recebido no Pal\u00e1cio de Holyrood, resid\u00eancia oficial da fam\u00edlia real na capital da Esc\u00f3cia. Nesta segunda (12), ser\u00e1 levado \u00e0 catedral, onde os escoceses poder\u00e3o fazer fila para ver a rainha. Na ter\u00e7a, segue de avi\u00e3o para Londres.<\/p>\n<p>A partir de quarta-feira (14), o caix\u00e3o de carvalho estar\u00e1 no pal\u00e1cio de Westminster, sede do Parlamento brit\u00e2nico, onde fica o famoso rel\u00f3gio Big Ben. Ele ficar\u00e1 exposto para visita p\u00fablica ali durante quatro dias, quando os londrinos poder\u00e3o entrar e render suas \u00faltimas homenagens.<\/p>\n<p>Na manh\u00e3 do dia 19,\u00a0<a href=\"https:\/\/www.bnews.com.br\/noticias\/mundo\/funeral-da-rainha-elizabeth-ii-e-marcado-para-o-dia-19-de-setembro.html\" target=\"_blank\" rel=\"noopener\">ele ser\u00e1 levado \u00e0 Abadia de Westminster para o funeral, que ser\u00e1 televisionado.<\/a>\u00a0Dois minutos de sil\u00eancio em todo o Reino Unido ser\u00e3o decretados. Em seguida, Elizabeth 2\u00aa ser\u00e1 enterrada no Castelo de Windsor, a oeste de Londres.<\/p>\n<p>S\u00edmbolo da monarquia, Elizabeth 2\u00aa ocupou o trono por sete d\u00e9cadas e morreu serenamente, segundo o comunicado oficial, na quinta-feira (8). A morte deu in\u00edcio a uma s\u00e9rie de protocolos e cerim\u00f4nias oficiais, no Reino Unido e em Estados associados a ele.<\/p>\n<p>Na manh\u00e3 deste s\u00e1bado, Charles 3\u00ba, 73, foi proclamado rei em cerim\u00f4nia no pal\u00e1cio de Saint James, em Londres. Monarca mais velho a assumir o trono brit\u00e2nico na hist\u00f3ria, ele deve fazer de seu reinado um per\u00edodo de transi\u00e7\u00e3o entre o da m\u00e3e, venerada pela dedica\u00e7\u00e3o ao servi\u00e7o p\u00fablico, e o do filho William, 40, visto como a moderniza\u00e7\u00e3o da realeza.<\/p>\n<p>&nbsp;<\/p>\n<p>&nbsp;<\/p>\n<p>&nbsp;<\/p>\n<p>&nbsp;<\/p>\n<p>&nbsp;<\/p>\n<p>Bnews<\/p>\n<p>&nbsp;<\/p>\n","protected":false},"excerpt":{"rendered":"<p>Milhares de pessoas sa\u00edram \u00e0s ruas na Esc\u00f3cia e est\u00e3o a postos para acompanhar a jornada final de Elizabeth 2\u00aa<\/p>\n","protected":false},"author":2,"featured_media":1423,"comment_status":"open","ping_status":"open","sticky":false,"template":"","format":"standard","meta":{"colormag_page_container_layout":"default_layout","colormag_page_sidebar_layout":"default_layout","_FSMCFIC_featured_image_caption":"","_FSMCFIC_featured_image_nocaption":"","_FSMCFIC_featured_image_hide":"","footnotes":""},"categories":[6,1],"tags":[],"class_list":["post-1422","post","type-post","status-publish","format-standard","has-post-thumbnail","hentry","category-mundo","category-ultimas"],"yoast_head":"<!-- This site is optimized with the Yoast SEO plugin v27.1.1 - https:\/\/yoast.com\/product\/yoast-seo-wordpress\/ -->\n<title>Com flores e bandeira, corpo de Elizabeth II deixa Balmoral em dire\u00e7\u00e3o a Edimburgo - Brasil not\u00edcias<\/title>\n<meta name=\"robots\" content=\"index, follow, max-snippet:-1, max-image-preview:large, max-video-preview:-1\" \/>\n<link rel=\"canonical\" href=\"https:\/\/brasilnoticias.org\/site\/com-flores-e-bandeira-corpo-de-elizabeth-ii-deixa-balmoral-em-direcao-a-edimburgo\/\" \/>\n<meta property=\"og:locale\" content=\"pt_PT\" \/>\n<meta property=\"og:type\" content=\"article\" \/>\n<meta property=\"og:title\" content=\"Com flores e bandeira, corpo de Elizabeth II deixa Balmoral em dire\u00e7\u00e3o a Edimburgo - Brasil not\u00edcias\" \/>\n<meta property=\"og:description\" content=\"Milhares de pessoas sa\u00edram \u00e0s ruas na Esc\u00f3cia e est\u00e3o a postos para acompanhar a jornada final de Elizabeth 2\u00aa\" \/>\n<meta property=\"og:url\" content=\"https:\/\/brasilnoticias.org\/site\/com-flores-e-bandeira-corpo-de-elizabeth-ii-deixa-balmoral-em-direcao-a-edimburgo\/\" \/>\n<meta property=\"og:site_name\" content=\"Brasil not\u00edcias\" \/>\n<meta property=\"article:published_time\" content=\"2022-09-11T18:54:33+00:00\" \/>\n<meta property=\"og:image\" content=\"https:\/\/brasilnoticias.org\/site\/wp-content\/uploads\/2022\/09\/eliza_widelg.jpg\" \/>\n\t<meta property=\"og:image:width\" content=\"800\" \/>\n\t<meta property=\"og:image:height\" content=\"450\" \/>\n\t<meta property=\"og:image:type\" content=\"image\/jpeg\" \/>\n<meta name=\"author\" content=\"Reda\u00e7\u00e3o\" \/>\n<meta name=\"twitter:card\" content=\"summary_large_image\" \/>\n<meta name=\"twitter:label1\" content=\"Escrito por\" \/>\n\t<meta name=\"twitter:data1\" content=\"Reda\u00e7\u00e3o\" \/>\n\t<meta name=\"twitter:label2\" content=\"Tempo estimado de leitura\" \/>\n\t<meta name=\"twitter:data2\" content=\"2 minutos\" \/>\n<script type=\"application\/ld+json\" class=\"yoast-schema-graph\">{\"@context\":\"https:\/\/schema.org\",\"@graph\":[{\"@type\":\"Article\",\"@id\":\"https:\/\/brasilnoticias.org\/site\/com-flores-e-bandeira-corpo-de-elizabeth-ii-deixa-balmoral-em-direcao-a-edimburgo\/#article\",\"isPartOf\":{\"@id\":\"https:\/\/brasilnoticias.org\/site\/com-flores-e-bandeira-corpo-de-elizabeth-ii-deixa-balmoral-em-direcao-a-edimburgo\/\"},\"author\":{\"name\":\"Reda\u00e7\u00e3o\",\"@id\":\"https:\/\/brasilnoticias.org\/site\/#\/schema\/person\/f609fa847b5314f1c8b983342f34c798\"},\"headline\":\"Com flores e bandeira, corpo de Elizabeth II deixa Balmoral em dire\u00e7\u00e3o a Edimburgo\",\"datePublished\":\"2022-09-11T18:54:33+00:00\",\"mainEntityOfPage\":{\"@id\":\"https:\/\/brasilnoticias.org\/site\/com-flores-e-bandeira-corpo-de-elizabeth-ii-deixa-balmoral-em-direcao-a-edimburgo\/\"},\"wordCount\":404,\"commentCount\":0,\"publisher\":{\"@id\":\"https:\/\/brasilnoticias.org\/site\/#organization\"},\"image\":{\"@id\":\"https:\/\/brasilnoticias.org\/site\/com-flores-e-bandeira-corpo-de-elizabeth-ii-deixa-balmoral-em-direcao-a-edimburgo\/#primaryimage\"},\"thumbnailUrl\":\"https:\/\/brasilnoticias.org\/site\/wp-content\/uploads\/2022\/09\/eliza_widelg.jpg\",\"articleSection\":[\"Mundo\",\"\u00daltimas\"],\"inLanguage\":\"pt-PT\",\"potentialAction\":[{\"@type\":\"CommentAction\",\"name\":\"Comment\",\"target\":[\"https:\/\/brasilnoticias.org\/site\/com-flores-e-bandeira-corpo-de-elizabeth-ii-deixa-balmoral-em-direcao-a-edimburgo\/#respond\"]}]},{\"@type\":\"WebPage\",\"@id\":\"https:\/\/brasilnoticias.org\/site\/com-flores-e-bandeira-corpo-de-elizabeth-ii-deixa-balmoral-em-direcao-a-edimburgo\/\",\"url\":\"https:\/\/brasilnoticias.org\/site\/com-flores-e-bandeira-corpo-de-elizabeth-ii-deixa-balmoral-em-direcao-a-edimburgo\/\",\"name\":\"Com flores e bandeira, corpo de Elizabeth II deixa Balmoral em dire\u00e7\u00e3o a Edimburgo - Brasil not\u00edcias\",\"isPartOf\":{\"@id\":\"https:\/\/brasilnoticias.org\/site\/#website\"},\"primaryImageOfPage\":{\"@id\":\"https:\/\/brasilnoticias.org\/site\/com-flores-e-bandeira-corpo-de-elizabeth-ii-deixa-balmoral-em-direcao-a-edimburgo\/#primaryimage\"},\"image\":{\"@id\":\"https:\/\/brasilnoticias.org\/site\/com-flores-e-bandeira-corpo-de-elizabeth-ii-deixa-balmoral-em-direcao-a-edimburgo\/#primaryimage\"},\"thumbnailUrl\":\"https:\/\/brasilnoticias.org\/site\/wp-content\/uploads\/2022\/09\/eliza_widelg.jpg\",\"datePublished\":\"2022-09-11T18:54:33+00:00\",\"breadcrumb\":{\"@id\":\"https:\/\/brasilnoticias.org\/site\/com-flores-e-bandeira-corpo-de-elizabeth-ii-deixa-balmoral-em-direcao-a-edimburgo\/#breadcrumb\"},\"inLanguage\":\"pt-PT\",\"potentialAction\":[{\"@type\":\"ReadAction\",\"target\":[\"https:\/\/brasilnoticias.org\/site\/com-flores-e-bandeira-corpo-de-elizabeth-ii-deixa-balmoral-em-direcao-a-edimburgo\/\"]}]},{\"@type\":\"ImageObject\",\"inLanguage\":\"pt-PT\",\"@id\":\"https:\/\/brasilnoticias.org\/site\/com-flores-e-bandeira-corpo-de-elizabeth-ii-deixa-balmoral-em-direcao-a-edimburgo\/#primaryimage\",\"url\":\"https:\/\/brasilnoticias.org\/site\/wp-content\/uploads\/2022\/09\/eliza_widelg.jpg\",\"contentUrl\":\"https:\/\/brasilnoticias.org\/site\/wp-content\/uploads\/2022\/09\/eliza_widelg.jpg\",\"width\":800,\"height\":450},{\"@type\":\"BreadcrumbList\",\"@id\":\"https:\/\/brasilnoticias.org\/site\/com-flores-e-bandeira-corpo-de-elizabeth-ii-deixa-balmoral-em-direcao-a-edimburgo\/#breadcrumb\",\"itemListElement\":[{\"@type\":\"ListItem\",\"position\":1,\"name\":\"In\u00edcio\",\"item\":\"https:\/\/brasilnoticias.org\/site\/\"},{\"@type\":\"ListItem\",\"position\":2,\"name\":\"Com flores e bandeira, corpo de Elizabeth II deixa Balmoral em dire\u00e7\u00e3o a Edimburgo\"}]},{\"@type\":\"WebSite\",\"@id\":\"https:\/\/brasilnoticias.org\/site\/#website\",\"url\":\"https:\/\/brasilnoticias.org\/site\/\",\"name\":\"Brasil not\u00edcias\",\"description\":\"Brasil not\u00edcias\",\"publisher\":{\"@id\":\"https:\/\/brasilnoticias.org\/site\/#organization\"},\"potentialAction\":[{\"@type\":\"SearchAction\",\"target\":{\"@type\":\"EntryPoint\",\"urlTemplate\":\"https:\/\/brasilnoticias.org\/site\/?s={search_term_string}\"},\"query-input\":{\"@type\":\"PropertyValueSpecification\",\"valueRequired\":true,\"valueName\":\"search_term_string\"}}],\"inLanguage\":\"pt-PT\"},{\"@type\":\"Organization\",\"@id\":\"https:\/\/brasilnoticias.org\/site\/#organization\",\"name\":\"Brasil not\u00edcias\",\"url\":\"https:\/\/brasilnoticias.org\/site\/\",\"logo\":{\"@type\":\"ImageObject\",\"inLanguage\":\"pt-PT\",\"@id\":\"https:\/\/brasilnoticias.org\/site\/#\/schema\/logo\/image\/\",\"url\":\"https:\/\/brasilnoticias.org\/site\/wp-content\/uploads\/2022\/05\/cropped-brasilnoticias-mini.jpg\",\"contentUrl\":\"https:\/\/brasilnoticias.org\/site\/wp-content\/uploads\/2022\/05\/cropped-brasilnoticias-mini.jpg\",\"width\":314,\"height\":86,\"caption\":\"Brasil not\u00edcias\"},\"image\":{\"@id\":\"https:\/\/brasilnoticias.org\/site\/#\/schema\/logo\/image\/\"}},{\"@type\":\"Person\",\"@id\":\"https:\/\/brasilnoticias.org\/site\/#\/schema\/person\/f609fa847b5314f1c8b983342f34c798\",\"name\":\"Reda\u00e7\u00e3o\",\"image\":{\"@type\":\"ImageObject\",\"inLanguage\":\"pt-PT\",\"@id\":\"https:\/\/brasilnoticias.org\/site\/#\/schema\/person\/image\/\",\"url\":\"https:\/\/secure.gravatar.com\/avatar\/447284c06c1ad8b46465a36de9cd0d8326b73387a22799b8b1ffb1fbcff2ed0c?s=96&d=mm&r=g\",\"contentUrl\":\"https:\/\/secure.gravatar.com\/avatar\/447284c06c1ad8b46465a36de9cd0d8326b73387a22799b8b1ffb1fbcff2ed0c?s=96&d=mm&r=g\",\"caption\":\"Reda\u00e7\u00e3o\"},\"url\":\"https:\/\/brasilnoticias.org\/site\/author\/redacao\/\"}]}<\/script>\n<!-- \/ Yoast SEO plugin. -->","yoast_head_json":{"title":"Com flores e bandeira, corpo de Elizabeth II deixa Balmoral em dire\u00e7\u00e3o a Edimburgo - Brasil not\u00edcias","robots":{"index":"index","follow":"follow","max-snippet":"max-snippet:-1","max-image-preview":"max-image-preview:large","max-video-preview":"max-video-preview:-1"},"canonical":"https:\/\/brasilnoticias.org\/site\/com-flores-e-bandeira-corpo-de-elizabeth-ii-deixa-balmoral-em-direcao-a-edimburgo\/","og_locale":"pt_PT","og_type":"article","og_title":"Com flores e bandeira, corpo de Elizabeth II deixa Balmoral em dire\u00e7\u00e3o a Edimburgo - Brasil not\u00edcias","og_description":"Milhares de pessoas sa\u00edram \u00e0s ruas na Esc\u00f3cia e est\u00e3o a postos para acompanhar a jornada final de Elizabeth 2\u00aa","og_url":"https:\/\/brasilnoticias.org\/site\/com-flores-e-bandeira-corpo-de-elizabeth-ii-deixa-balmoral-em-direcao-a-edimburgo\/","og_site_name":"Brasil not\u00edcias","article_published_time":"2022-09-11T18:54:33+00:00","og_image":[{"width":800,"height":450,"url":"https:\/\/brasilnoticias.org\/site\/wp-content\/uploads\/2022\/09\/eliza_widelg.jpg","type":"image\/jpeg"}],"author":"Reda\u00e7\u00e3o","twitter_card":"summary_large_image","twitter_misc":{"Escrito por":"Reda\u00e7\u00e3o","Tempo estimado de leitura":"2 minutos"},"schema":{"@context":"https:\/\/schema.org","@graph":[{"@type":"Article","@id":"https:\/\/brasilnoticias.org\/site\/com-flores-e-bandeira-corpo-de-elizabeth-ii-deixa-balmoral-em-direcao-a-edimburgo\/#article","isPartOf":{"@id":"https:\/\/brasilnoticias.org\/site\/com-flores-e-bandeira-corpo-de-elizabeth-ii-deixa-balmoral-em-direcao-a-edimburgo\/"},"author":{"name":"Reda\u00e7\u00e3o","@id":"https:\/\/brasilnoticias.org\/site\/#\/schema\/person\/f609fa847b5314f1c8b983342f34c798"},"headline":"Com flores e bandeira, corpo de Elizabeth II deixa Balmoral em dire\u00e7\u00e3o a Edimburgo","datePublished":"2022-09-11T18:54:33+00:00","mainEntityOfPage":{"@id":"https:\/\/brasilnoticias.org\/site\/com-flores-e-bandeira-corpo-de-elizabeth-ii-deixa-balmoral-em-direcao-a-edimburgo\/"},"wordCount":404,"commentCount":0,"publisher":{"@id":"https:\/\/brasilnoticias.org\/site\/#organization"},"image":{"@id":"https:\/\/brasilnoticias.org\/site\/com-flores-e-bandeira-corpo-de-elizabeth-ii-deixa-balmoral-em-direcao-a-edimburgo\/#primaryimage"},"thumbnailUrl":"https:\/\/brasilnoticias.org\/site\/wp-content\/uploads\/2022\/09\/eliza_widelg.jpg","articleSection":["Mundo","\u00daltimas"],"inLanguage":"pt-PT","potentialAction":[{"@type":"CommentAction","name":"Comment","target":["https:\/\/brasilnoticias.org\/site\/com-flores-e-bandeira-corpo-de-elizabeth-ii-deixa-balmoral-em-direcao-a-edimburgo\/#respond"]}]},{"@type":"WebPage","@id":"https:\/\/brasilnoticias.org\/site\/com-flores-e-bandeira-corpo-de-elizabeth-ii-deixa-balmoral-em-direcao-a-edimburgo\/","url":"https:\/\/brasilnoticias.org\/site\/com-flores-e-bandeira-corpo-de-elizabeth-ii-deixa-balmoral-em-direcao-a-edimburgo\/","name":"Com flores e bandeira, corpo de Elizabeth II deixa Balmoral em dire\u00e7\u00e3o a Edimburgo - Brasil not\u00edcias","isPartOf":{"@id":"https:\/\/brasilnoticias.org\/site\/#website"},"primaryImageOfPage":{"@id":"https:\/\/brasilnoticias.org\/site\/com-flores-e-bandeira-corpo-de-elizabeth-ii-deixa-balmoral-em-direcao-a-edimburgo\/#primaryimage"},"image":{"@id":"https:\/\/brasilnoticias.org\/site\/com-flores-e-bandeira-corpo-de-elizabeth-ii-deixa-balmoral-em-direcao-a-edimburgo\/#primaryimage"},"thumbnailUrl":"https:\/\/brasilnoticias.org\/site\/wp-content\/uploads\/2022\/09\/eliza_widelg.jpg","datePublished":"2022-09-11T18:54:33+00:00","breadcrumb":{"@id":"https:\/\/brasilnoticias.org\/site\/com-flores-e-bandeira-corpo-de-elizabeth-ii-deixa-balmoral-em-direcao-a-edimburgo\/#breadcrumb"},"inLanguage":"pt-PT","potentialAction":[{"@type":"ReadAction","target":["https:\/\/brasilnoticias.org\/site\/com-flores-e-bandeira-corpo-de-elizabeth-ii-deixa-balmoral-em-direcao-a-edimburgo\/"]}]},{"@type":"ImageObject","inLanguage":"pt-PT","@id":"https:\/\/brasilnoticias.org\/site\/com-flores-e-bandeira-corpo-de-elizabeth-ii-deixa-balmoral-em-direcao-a-edimburgo\/#primaryimage","url":"https:\/\/brasilnoticias.org\/site\/wp-content\/uploads\/2022\/09\/eliza_widelg.jpg","contentUrl":"https:\/\/brasilnoticias.org\/site\/wp-content\/uploads\/2022\/09\/eliza_widelg.jpg","width":800,"height":450},{"@type":"BreadcrumbList","@id":"https:\/\/brasilnoticias.org\/site\/com-flores-e-bandeira-corpo-de-elizabeth-ii-deixa-balmoral-em-direcao-a-edimburgo\/#breadcrumb","itemListElement":[{"@type":"ListItem","position":1,"name":"In\u00edcio","item":"https:\/\/brasilnoticias.org\/site\/"},{"@type":"ListItem","position":2,"name":"Com flores e bandeira, corpo de Elizabeth II deixa Balmoral em dire\u00e7\u00e3o a Edimburgo"}]},{"@type":"WebSite","@id":"https:\/\/brasilnoticias.org\/site\/#website","url":"https:\/\/brasilnoticias.org\/site\/","name":"Brasil not\u00edcias","description":"Brasil not\u00edcias","publisher":{"@id":"https:\/\/brasilnoticias.org\/site\/#organization"},"potentialAction":[{"@type":"SearchAction","target":{"@type":"EntryPoint","urlTemplate":"https:\/\/brasilnoticias.org\/site\/?s={search_term_string}"},"query-input":{"@type":"PropertyValueSpecification","valueRequired":true,"valueName":"search_term_string"}}],"inLanguage":"pt-PT"},{"@type":"Organization","@id":"https:\/\/brasilnoticias.org\/site\/#organization","name":"Brasil not\u00edcias","url":"https:\/\/brasilnoticias.org\/site\/","logo":{"@type":"ImageObject","inLanguage":"pt-PT","@id":"https:\/\/brasilnoticias.org\/site\/#\/schema\/logo\/image\/","url":"https:\/\/brasilnoticias.org\/site\/wp-content\/uploads\/2022\/05\/cropped-brasilnoticias-mini.jpg","contentUrl":"https:\/\/brasilnoticias.org\/site\/wp-content\/uploads\/2022\/05\/cropped-brasilnoticias-mini.jpg","width":314,"height":86,"caption":"Brasil not\u00edcias"},"image":{"@id":"https:\/\/brasilnoticias.org\/site\/#\/schema\/logo\/image\/"}},{"@type":"Person","@id":"https:\/\/brasilnoticias.org\/site\/#\/schema\/person\/f609fa847b5314f1c8b983342f34c798","name":"Reda\u00e7\u00e3o","image":{"@type":"ImageObject","inLanguage":"pt-PT","@id":"https:\/\/brasilnoticias.org\/site\/#\/schema\/person\/image\/","url":"https:\/\/secure.gravatar.com\/avatar\/447284c06c1ad8b46465a36de9cd0d8326b73387a22799b8b1ffb1fbcff2ed0c?s=96&d=mm&r=g","contentUrl":"https:\/\/secure.gravatar.com\/avatar\/447284c06c1ad8b46465a36de9cd0d8326b73387a22799b8b1ffb1fbcff2ed0c?s=96&d=mm&r=g","caption":"Reda\u00e7\u00e3o"},"url":"https:\/\/brasilnoticias.org\/site\/author\/redacao\/"}]}},"_links":{"self":[{"href":"https:\/\/brasilnoticias.org\/site\/wp-json\/wp\/v2\/posts\/1422","targetHints":{"allow":["GET"]}}],"collection":[{"href":"https:\/\/brasilnoticias.org\/site\/wp-json\/wp\/v2\/posts"}],"about":[{"href":"https:\/\/brasilnoticias.org\/site\/wp-json\/wp\/v2\/types\/post"}],"author":[{"embeddable":true,"href":"https:\/\/brasilnoticias.org\/site\/wp-json\/wp\/v2\/users\/2"}],"replies":[{"embeddable":true,"href":"https:\/\/brasilnoticias.org\/site\/wp-json\/wp\/v2\/comments?post=1422"}],"version-history":[{"count":1,"href":"https:\/\/brasilnoticias.org\/site\/wp-json\/wp\/v2\/posts\/1422\/revisions"}],"predecessor-version":[{"id":1424,"href":"https:\/\/brasilnoticias.org\/site\/wp-json\/wp\/v2\/posts\/1422\/revisions\/1424"}],"wp:featuredmedia":[{"embeddable":true,"href":"https:\/\/brasilnoticias.org\/site\/wp-json\/wp\/v2\/media\/1423"}],"wp:attachment":[{"href":"https:\/\/brasilnoticias.org\/site\/wp-json\/wp\/v2\/media?parent=1422"}],"wp:term":[{"taxonomy":"category","embeddable":true,"href":"https:\/\/brasilnoticias.org\/site\/wp-json\/wp\/v2\/categories?post=1422"},{"taxonomy":"post_tag","embeddable":true,"href":"https:\/\/brasilnoticias.org\/site\/wp-json\/wp\/v2\/tags?post=1422"}],"curies":[{"name":"wp","href":"https:\/\/api.w.org\/{rel}","templated":true}]}}