{"id":14220,"date":"2024-05-23T22:41:38","date_gmt":"2024-05-24T01:41:38","guid":{"rendered":"https:\/\/brasilnoticias.org\/site\/?p=14220"},"modified":"2024-05-23T22:41:38","modified_gmt":"2024-05-24T01:41:38","slug":"por-4-votos-a-3-tre-rj-absolve-claudio-castro-governador-do-rio-de-janeiro","status":"publish","type":"post","link":"https:\/\/brasilnoticias.org\/site\/por-4-votos-a-3-tre-rj-absolve-claudio-castro-governador-do-rio-de-janeiro\/","title":{"rendered":"Por 4 votos a 3, TRE-RJ absolve Cl\u00e1udio Castro, governador do Rio de Janeiro"},"content":{"rendered":"<p>O governador foi acusado de abuso de poder econ\u00f4mico e pol\u00edtico; cabe ainda recurso<\/p>\n<p>O Tribunal Regional Eleitoral do Rio de Janeiro (TRE-RJ) decidiu, na noite desta quinta-feira (23), absolver o governador do Rio de Janeiro, Cl\u00e1udio Castro (PL). Ele era acusado de abuso de poder econ\u00f4mico e pol\u00edtico durante o processo eleitoral de 2022 e podia ter o mandato cassado. <\/p>\n<p>Tamb\u00e9m foram absolvidos o vice-governador do estado, Thiago Pampolha (MDB), e o presidente da Assembleia Legislativa do Rio de Janeiro (Alerj), o deputado estadual Rodrigo Bacellar (PL). Eles foram acusados de desvios na Funda\u00e7\u00e3o Centro Estadual de Estat\u00edsticas, Pesquisas e Forma\u00e7\u00e3o de Servidores P\u00fablicos do Rio de Janeiro (Ceperj) e da Universidade Estadual do Rio de Janeiro (Uerj) durante a campanha eleitoral de 2022.<\/p>\n<p>Dos sete membros TRE-RJ, quatro divergiram do voto do relator, que havia sido favor\u00e1vel  \u00e0 perda de mandato do governador e dos outros acusados. Votaram pela absolvi\u00e7\u00e3o Marcello Granado, Gerardo Carnevale, Fernando Cabral e K\u00e1tia Junqueira. J\u00e1 Peterson Sim\u00f5es (relator), Daniela Bandeira e o presidente do tribunal, Henrique Carlos de Andrade Figueira foram a favor da condena\u00e7\u00e3o. <\/p>\n<p>A a\u00e7\u00e3o foi movida pela campanha de Marcelo Freixo. Ele e o Minist\u00e9rio P\u00fablico Eleitoral do Rio de Janeiro (MPE-RJ) j\u00e1 anunciaram que v\u00e3o recorrer da decis\u00e3o junto ao Tribunal Superior Eleitoral (TSE).<\/p>\n<p>Foto: Tomaz Silva\/Ag\u00eancia Brasil<br \/>\nPor: Metro1<\/p>\n","protected":false},"excerpt":{"rendered":"<p>O governador foi acusado de abuso de poder econ\u00f4mico e pol\u00edtico; cabe ainda recurso O Tribunal Regional Eleitoral do Rio<\/p>\n","protected":false},"author":4,"featured_media":14221,"comment_status":"open","ping_status":"open","sticky":false,"template":"","format":"standard","meta":{"colormag_page_container_layout":"default_layout","colormag_page_sidebar_layout":"default_layout","_FSMCFIC_featured_image_caption":"","_FSMCFIC_featured_image_nocaption":"","_FSMCFIC_featured_image_hide":"","footnotes":""},"categories":[5,1],"tags":[],"class_list":["post-14220","post","type-post","status-publish","format-standard","has-post-thumbnail","hentry","category-politica","category-ultimas"],"yoast_head":"<!-- This site is optimized with the Yoast SEO plugin v27.1.1 - https:\/\/yoast.com\/product\/yoast-seo-wordpress\/ -->\n<title>Por 4 votos a 3, TRE-RJ absolve Cl\u00e1udio Castro, governador do Rio de Janeiro - Brasil not\u00edcias<\/title>\n<meta name=\"robots\" content=\"index, follow, max-snippet:-1, max-image-preview:large, max-video-preview:-1\" \/>\n<link rel=\"canonical\" href=\"https:\/\/brasilnoticias.org\/site\/por-4-votos-a-3-tre-rj-absolve-claudio-castro-governador-do-rio-de-janeiro\/\" \/>\n<meta property=\"og:locale\" content=\"pt_PT\" \/>\n<meta property=\"og:type\" content=\"article\" \/>\n<meta property=\"og:title\" content=\"Por 4 votos a 3, TRE-RJ absolve Cl\u00e1udio Castro, governador do Rio de Janeiro - Brasil not\u00edcias\" \/>\n<meta property=\"og:description\" content=\"O governador foi acusado de abuso de poder econ\u00f4mico e pol\u00edtico; cabe ainda recurso O Tribunal Regional Eleitoral do Rio\" \/>\n<meta property=\"og:url\" content=\"https:\/\/brasilnoticias.org\/site\/por-4-votos-a-3-tre-rj-absolve-claudio-castro-governador-do-rio-de-janeiro\/\" \/>\n<meta property=\"og:site_name\" content=\"Brasil not\u00edcias\" \/>\n<meta property=\"article:published_time\" content=\"2024-05-24T01:41:38+00:00\" \/>\n<meta property=\"og:image\" content=\"https:\/\/brasilnoticias.org\/site\/wp-content\/uploads\/2024\/05\/150593por-4-votos-a-3-tre-rj-absolve-claudio-castro-governador-do-rio-de-janeiro-3.jpg\" \/>\n\t<meta property=\"og:image:width\" content=\"1600\" \/>\n\t<meta property=\"og:image:height\" content=\"752\" \/>\n\t<meta property=\"og:image:type\" content=\"image\/jpeg\" \/>\n<meta name=\"author\" content=\"Reda\u00e7\u00e3o\" \/>\n<meta name=\"twitter:card\" content=\"summary_large_image\" \/>\n<meta name=\"twitter:label1\" content=\"Escrito por\" \/>\n\t<meta name=\"twitter:data1\" content=\"Reda\u00e7\u00e3o\" \/>\n\t<meta name=\"twitter:label2\" content=\"Tempo estimado de leitura\" \/>\n\t<meta name=\"twitter:data2\" content=\"1 minuto\" \/>\n<script type=\"application\/ld+json\" class=\"yoast-schema-graph\">{\"@context\":\"https:\/\/schema.org\",\"@graph\":[{\"@type\":\"Article\",\"@id\":\"https:\/\/brasilnoticias.org\/site\/por-4-votos-a-3-tre-rj-absolve-claudio-castro-governador-do-rio-de-janeiro\/#article\",\"isPartOf\":{\"@id\":\"https:\/\/brasilnoticias.org\/site\/por-4-votos-a-3-tre-rj-absolve-claudio-castro-governador-do-rio-de-janeiro\/\"},\"author\":{\"name\":\"Reda\u00e7\u00e3o\",\"@id\":\"https:\/\/brasilnoticias.org\/site\/#\/schema\/person\/03bbbfe6c7634ad18c26444ea39049fa\"},\"headline\":\"Por 4 votos a 3, TRE-RJ absolve Cl\u00e1udio Castro, governador do Rio de Janeiro\",\"datePublished\":\"2024-05-24T01:41:38+00:00\",\"mainEntityOfPage\":{\"@id\":\"https:\/\/brasilnoticias.org\/site\/por-4-votos-a-3-tre-rj-absolve-claudio-castro-governador-do-rio-de-janeiro\/\"},\"wordCount\":252,\"commentCount\":0,\"publisher\":{\"@id\":\"https:\/\/brasilnoticias.org\/site\/#organization\"},\"image\":{\"@id\":\"https:\/\/brasilnoticias.org\/site\/por-4-votos-a-3-tre-rj-absolve-claudio-castro-governador-do-rio-de-janeiro\/#primaryimage\"},\"thumbnailUrl\":\"https:\/\/brasilnoticias.org\/site\/wp-content\/uploads\/2024\/05\/150593por-4-votos-a-3-tre-rj-absolve-claudio-castro-governador-do-rio-de-janeiro-3.jpg\",\"articleSection\":[\"Pol\u00edtica\",\"\u00daltimas\"],\"inLanguage\":\"pt-PT\",\"potentialAction\":[{\"@type\":\"CommentAction\",\"name\":\"Comment\",\"target\":[\"https:\/\/brasilnoticias.org\/site\/por-4-votos-a-3-tre-rj-absolve-claudio-castro-governador-do-rio-de-janeiro\/#respond\"]}]},{\"@type\":\"WebPage\",\"@id\":\"https:\/\/brasilnoticias.org\/site\/por-4-votos-a-3-tre-rj-absolve-claudio-castro-governador-do-rio-de-janeiro\/\",\"url\":\"https:\/\/brasilnoticias.org\/site\/por-4-votos-a-3-tre-rj-absolve-claudio-castro-governador-do-rio-de-janeiro\/\",\"name\":\"Por 4 votos a 3, TRE-RJ absolve Cl\u00e1udio Castro, governador do Rio de Janeiro - Brasil not\u00edcias\",\"isPartOf\":{\"@id\":\"https:\/\/brasilnoticias.org\/site\/#website\"},\"primaryImageOfPage\":{\"@id\":\"https:\/\/brasilnoticias.org\/site\/por-4-votos-a-3-tre-rj-absolve-claudio-castro-governador-do-rio-de-janeiro\/#primaryimage\"},\"image\":{\"@id\":\"https:\/\/brasilnoticias.org\/site\/por-4-votos-a-3-tre-rj-absolve-claudio-castro-governador-do-rio-de-janeiro\/#primaryimage\"},\"thumbnailUrl\":\"https:\/\/brasilnoticias.org\/site\/wp-content\/uploads\/2024\/05\/150593por-4-votos-a-3-tre-rj-absolve-claudio-castro-governador-do-rio-de-janeiro-3.jpg\",\"datePublished\":\"2024-05-24T01:41:38+00:00\",\"breadcrumb\":{\"@id\":\"https:\/\/brasilnoticias.org\/site\/por-4-votos-a-3-tre-rj-absolve-claudio-castro-governador-do-rio-de-janeiro\/#breadcrumb\"},\"inLanguage\":\"pt-PT\",\"potentialAction\":[{\"@type\":\"ReadAction\",\"target\":[\"https:\/\/brasilnoticias.org\/site\/por-4-votos-a-3-tre-rj-absolve-claudio-castro-governador-do-rio-de-janeiro\/\"]}]},{\"@type\":\"ImageObject\",\"inLanguage\":\"pt-PT\",\"@id\":\"https:\/\/brasilnoticias.org\/site\/por-4-votos-a-3-tre-rj-absolve-claudio-castro-governador-do-rio-de-janeiro\/#primaryimage\",\"url\":\"https:\/\/brasilnoticias.org\/site\/wp-content\/uploads\/2024\/05\/150593por-4-votos-a-3-tre-rj-absolve-claudio-castro-governador-do-rio-de-janeiro-3.jpg\",\"contentUrl\":\"https:\/\/brasilnoticias.org\/site\/wp-content\/uploads\/2024\/05\/150593por-4-votos-a-3-tre-rj-absolve-claudio-castro-governador-do-rio-de-janeiro-3.jpg\",\"width\":1600,\"height\":752},{\"@type\":\"BreadcrumbList\",\"@id\":\"https:\/\/brasilnoticias.org\/site\/por-4-votos-a-3-tre-rj-absolve-claudio-castro-governador-do-rio-de-janeiro\/#breadcrumb\",\"itemListElement\":[{\"@type\":\"ListItem\",\"position\":1,\"name\":\"In\u00edcio\",\"item\":\"https:\/\/brasilnoticias.org\/site\/\"},{\"@type\":\"ListItem\",\"position\":2,\"name\":\"Por 4 votos a 3, TRE-RJ absolve Cl\u00e1udio Castro, governador do Rio de Janeiro\"}]},{\"@type\":\"WebSite\",\"@id\":\"https:\/\/brasilnoticias.org\/site\/#website\",\"url\":\"https:\/\/brasilnoticias.org\/site\/\",\"name\":\"Brasil not\u00edcias\",\"description\":\"Brasil not\u00edcias\",\"publisher\":{\"@id\":\"https:\/\/brasilnoticias.org\/site\/#organization\"},\"potentialAction\":[{\"@type\":\"SearchAction\",\"target\":{\"@type\":\"EntryPoint\",\"urlTemplate\":\"https:\/\/brasilnoticias.org\/site\/?s={search_term_string}\"},\"query-input\":{\"@type\":\"PropertyValueSpecification\",\"valueRequired\":true,\"valueName\":\"search_term_string\"}}],\"inLanguage\":\"pt-PT\"},{\"@type\":\"Organization\",\"@id\":\"https:\/\/brasilnoticias.org\/site\/#organization\",\"name\":\"Brasil not\u00edcias\",\"url\":\"https:\/\/brasilnoticias.org\/site\/\",\"logo\":{\"@type\":\"ImageObject\",\"inLanguage\":\"pt-PT\",\"@id\":\"https:\/\/brasilnoticias.org\/site\/#\/schema\/logo\/image\/\",\"url\":\"https:\/\/brasilnoticias.org\/site\/wp-content\/uploads\/2022\/05\/cropped-brasilnoticias-mini.jpg\",\"contentUrl\":\"https:\/\/brasilnoticias.org\/site\/wp-content\/uploads\/2022\/05\/cropped-brasilnoticias-mini.jpg\",\"width\":314,\"height\":86,\"caption\":\"Brasil not\u00edcias\"},\"image\":{\"@id\":\"https:\/\/brasilnoticias.org\/site\/#\/schema\/logo\/image\/\"}},{\"@type\":\"Person\",\"@id\":\"https:\/\/brasilnoticias.org\/site\/#\/schema\/person\/03bbbfe6c7634ad18c26444ea39049fa\",\"name\":\"Reda\u00e7\u00e3o\",\"image\":{\"@type\":\"ImageObject\",\"inLanguage\":\"pt-PT\",\"@id\":\"https:\/\/brasilnoticias.org\/site\/#\/schema\/person\/image\/\",\"url\":\"https:\/\/secure.gravatar.com\/avatar\/9ecaf7327a696cb23ad926fedded5f1f04d7049de9e445375d55b48c001a6e42?s=96&d=mm&r=g\",\"contentUrl\":\"https:\/\/secure.gravatar.com\/avatar\/9ecaf7327a696cb23ad926fedded5f1f04d7049de9e445375d55b48c001a6e42?s=96&d=mm&r=g\",\"caption\":\"Reda\u00e7\u00e3o\"},\"url\":\"https:\/\/brasilnoticias.org\/site\/author\/henrique\/\"}]}<\/script>\n<!-- \/ Yoast SEO plugin. -->","yoast_head_json":{"title":"Por 4 votos a 3, TRE-RJ absolve Cl\u00e1udio Castro, governador do Rio de Janeiro - Brasil not\u00edcias","robots":{"index":"index","follow":"follow","max-snippet":"max-snippet:-1","max-image-preview":"max-image-preview:large","max-video-preview":"max-video-preview:-1"},"canonical":"https:\/\/brasilnoticias.org\/site\/por-4-votos-a-3-tre-rj-absolve-claudio-castro-governador-do-rio-de-janeiro\/","og_locale":"pt_PT","og_type":"article","og_title":"Por 4 votos a 3, TRE-RJ absolve Cl\u00e1udio Castro, governador do Rio de Janeiro - Brasil not\u00edcias","og_description":"O governador foi acusado de abuso de poder econ\u00f4mico e pol\u00edtico; cabe ainda recurso O Tribunal Regional Eleitoral do Rio","og_url":"https:\/\/brasilnoticias.org\/site\/por-4-votos-a-3-tre-rj-absolve-claudio-castro-governador-do-rio-de-janeiro\/","og_site_name":"Brasil not\u00edcias","article_published_time":"2024-05-24T01:41:38+00:00","og_image":[{"width":1600,"height":752,"url":"https:\/\/brasilnoticias.org\/site\/wp-content\/uploads\/2024\/05\/150593por-4-votos-a-3-tre-rj-absolve-claudio-castro-governador-do-rio-de-janeiro-3.jpg","type":"image\/jpeg"}],"author":"Reda\u00e7\u00e3o","twitter_card":"summary_large_image","twitter_misc":{"Escrito por":"Reda\u00e7\u00e3o","Tempo estimado de leitura":"1 minuto"},"schema":{"@context":"https:\/\/schema.org","@graph":[{"@type":"Article","@id":"https:\/\/brasilnoticias.org\/site\/por-4-votos-a-3-tre-rj-absolve-claudio-castro-governador-do-rio-de-janeiro\/#article","isPartOf":{"@id":"https:\/\/brasilnoticias.org\/site\/por-4-votos-a-3-tre-rj-absolve-claudio-castro-governador-do-rio-de-janeiro\/"},"author":{"name":"Reda\u00e7\u00e3o","@id":"https:\/\/brasilnoticias.org\/site\/#\/schema\/person\/03bbbfe6c7634ad18c26444ea39049fa"},"headline":"Por 4 votos a 3, TRE-RJ absolve Cl\u00e1udio Castro, governador do Rio de Janeiro","datePublished":"2024-05-24T01:41:38+00:00","mainEntityOfPage":{"@id":"https:\/\/brasilnoticias.org\/site\/por-4-votos-a-3-tre-rj-absolve-claudio-castro-governador-do-rio-de-janeiro\/"},"wordCount":252,"commentCount":0,"publisher":{"@id":"https:\/\/brasilnoticias.org\/site\/#organization"},"image":{"@id":"https:\/\/brasilnoticias.org\/site\/por-4-votos-a-3-tre-rj-absolve-claudio-castro-governador-do-rio-de-janeiro\/#primaryimage"},"thumbnailUrl":"https:\/\/brasilnoticias.org\/site\/wp-content\/uploads\/2024\/05\/150593por-4-votos-a-3-tre-rj-absolve-claudio-castro-governador-do-rio-de-janeiro-3.jpg","articleSection":["Pol\u00edtica","\u00daltimas"],"inLanguage":"pt-PT","potentialAction":[{"@type":"CommentAction","name":"Comment","target":["https:\/\/brasilnoticias.org\/site\/por-4-votos-a-3-tre-rj-absolve-claudio-castro-governador-do-rio-de-janeiro\/#respond"]}]},{"@type":"WebPage","@id":"https:\/\/brasilnoticias.org\/site\/por-4-votos-a-3-tre-rj-absolve-claudio-castro-governador-do-rio-de-janeiro\/","url":"https:\/\/brasilnoticias.org\/site\/por-4-votos-a-3-tre-rj-absolve-claudio-castro-governador-do-rio-de-janeiro\/","name":"Por 4 votos a 3, TRE-RJ absolve Cl\u00e1udio Castro, governador do Rio de Janeiro - Brasil not\u00edcias","isPartOf":{"@id":"https:\/\/brasilnoticias.org\/site\/#website"},"primaryImageOfPage":{"@id":"https:\/\/brasilnoticias.org\/site\/por-4-votos-a-3-tre-rj-absolve-claudio-castro-governador-do-rio-de-janeiro\/#primaryimage"},"image":{"@id":"https:\/\/brasilnoticias.org\/site\/por-4-votos-a-3-tre-rj-absolve-claudio-castro-governador-do-rio-de-janeiro\/#primaryimage"},"thumbnailUrl":"https:\/\/brasilnoticias.org\/site\/wp-content\/uploads\/2024\/05\/150593por-4-votos-a-3-tre-rj-absolve-claudio-castro-governador-do-rio-de-janeiro-3.jpg","datePublished":"2024-05-24T01:41:38+00:00","breadcrumb":{"@id":"https:\/\/brasilnoticias.org\/site\/por-4-votos-a-3-tre-rj-absolve-claudio-castro-governador-do-rio-de-janeiro\/#breadcrumb"},"inLanguage":"pt-PT","potentialAction":[{"@type":"ReadAction","target":["https:\/\/brasilnoticias.org\/site\/por-4-votos-a-3-tre-rj-absolve-claudio-castro-governador-do-rio-de-janeiro\/"]}]},{"@type":"ImageObject","inLanguage":"pt-PT","@id":"https:\/\/brasilnoticias.org\/site\/por-4-votos-a-3-tre-rj-absolve-claudio-castro-governador-do-rio-de-janeiro\/#primaryimage","url":"https:\/\/brasilnoticias.org\/site\/wp-content\/uploads\/2024\/05\/150593por-4-votos-a-3-tre-rj-absolve-claudio-castro-governador-do-rio-de-janeiro-3.jpg","contentUrl":"https:\/\/brasilnoticias.org\/site\/wp-content\/uploads\/2024\/05\/150593por-4-votos-a-3-tre-rj-absolve-claudio-castro-governador-do-rio-de-janeiro-3.jpg","width":1600,"height":752},{"@type":"BreadcrumbList","@id":"https:\/\/brasilnoticias.org\/site\/por-4-votos-a-3-tre-rj-absolve-claudio-castro-governador-do-rio-de-janeiro\/#breadcrumb","itemListElement":[{"@type":"ListItem","position":1,"name":"In\u00edcio","item":"https:\/\/brasilnoticias.org\/site\/"},{"@type":"ListItem","position":2,"name":"Por 4 votos a 3, TRE-RJ absolve Cl\u00e1udio Castro, governador do Rio de Janeiro"}]},{"@type":"WebSite","@id":"https:\/\/brasilnoticias.org\/site\/#website","url":"https:\/\/brasilnoticias.org\/site\/","name":"Brasil not\u00edcias","description":"Brasil not\u00edcias","publisher":{"@id":"https:\/\/brasilnoticias.org\/site\/#organization"},"potentialAction":[{"@type":"SearchAction","target":{"@type":"EntryPoint","urlTemplate":"https:\/\/brasilnoticias.org\/site\/?s={search_term_string}"},"query-input":{"@type":"PropertyValueSpecification","valueRequired":true,"valueName":"search_term_string"}}],"inLanguage":"pt-PT"},{"@type":"Organization","@id":"https:\/\/brasilnoticias.org\/site\/#organization","name":"Brasil not\u00edcias","url":"https:\/\/brasilnoticias.org\/site\/","logo":{"@type":"ImageObject","inLanguage":"pt-PT","@id":"https:\/\/brasilnoticias.org\/site\/#\/schema\/logo\/image\/","url":"https:\/\/brasilnoticias.org\/site\/wp-content\/uploads\/2022\/05\/cropped-brasilnoticias-mini.jpg","contentUrl":"https:\/\/brasilnoticias.org\/site\/wp-content\/uploads\/2022\/05\/cropped-brasilnoticias-mini.jpg","width":314,"height":86,"caption":"Brasil not\u00edcias"},"image":{"@id":"https:\/\/brasilnoticias.org\/site\/#\/schema\/logo\/image\/"}},{"@type":"Person","@id":"https:\/\/brasilnoticias.org\/site\/#\/schema\/person\/03bbbfe6c7634ad18c26444ea39049fa","name":"Reda\u00e7\u00e3o","image":{"@type":"ImageObject","inLanguage":"pt-PT","@id":"https:\/\/brasilnoticias.org\/site\/#\/schema\/person\/image\/","url":"https:\/\/secure.gravatar.com\/avatar\/9ecaf7327a696cb23ad926fedded5f1f04d7049de9e445375d55b48c001a6e42?s=96&d=mm&r=g","contentUrl":"https:\/\/secure.gravatar.com\/avatar\/9ecaf7327a696cb23ad926fedded5f1f04d7049de9e445375d55b48c001a6e42?s=96&d=mm&r=g","caption":"Reda\u00e7\u00e3o"},"url":"https:\/\/brasilnoticias.org\/site\/author\/henrique\/"}]}},"_links":{"self":[{"href":"https:\/\/brasilnoticias.org\/site\/wp-json\/wp\/v2\/posts\/14220","targetHints":{"allow":["GET"]}}],"collection":[{"href":"https:\/\/brasilnoticias.org\/site\/wp-json\/wp\/v2\/posts"}],"about":[{"href":"https:\/\/brasilnoticias.org\/site\/wp-json\/wp\/v2\/types\/post"}],"author":[{"embeddable":true,"href":"https:\/\/brasilnoticias.org\/site\/wp-json\/wp\/v2\/users\/4"}],"replies":[{"embeddable":true,"href":"https:\/\/brasilnoticias.org\/site\/wp-json\/wp\/v2\/comments?post=14220"}],"version-history":[{"count":1,"href":"https:\/\/brasilnoticias.org\/site\/wp-json\/wp\/v2\/posts\/14220\/revisions"}],"predecessor-version":[{"id":14222,"href":"https:\/\/brasilnoticias.org\/site\/wp-json\/wp\/v2\/posts\/14220\/revisions\/14222"}],"wp:featuredmedia":[{"embeddable":true,"href":"https:\/\/brasilnoticias.org\/site\/wp-json\/wp\/v2\/media\/14221"}],"wp:attachment":[{"href":"https:\/\/brasilnoticias.org\/site\/wp-json\/wp\/v2\/media?parent=14220"}],"wp:term":[{"taxonomy":"category","embeddable":true,"href":"https:\/\/brasilnoticias.org\/site\/wp-json\/wp\/v2\/categories?post=14220"},{"taxonomy":"post_tag","embeddable":true,"href":"https:\/\/brasilnoticias.org\/site\/wp-json\/wp\/v2\/tags?post=14220"}],"curies":[{"name":"wp","href":"https:\/\/api.w.org\/{rel}","templated":true}]}}