{"id":14223,"date":"2024-05-23T22:42:56","date_gmt":"2024-05-24T01:42:56","guid":{"rendered":"https:\/\/brasilnoticias.org\/site\/?p=14223"},"modified":"2024-05-23T22:42:56","modified_gmt":"2024-05-24T01:42:56","slug":"reuniao-de-pre-campanha-de-geraldo-jr-nesta-quinta-tera-veto-a-celulares-cameras-e-assessores","status":"publish","type":"post","link":"https:\/\/brasilnoticias.org\/site\/reuniao-de-pre-campanha-de-geraldo-jr-nesta-quinta-tera-veto-a-celulares-cameras-e-assessores\/","title":{"rendered":"Reuni\u00e3o de pr\u00e9-campanha de Geraldo Jr. nesta quinta ter\u00e1 veto a celulares, c\u00e2meras e assessores"},"content":{"rendered":"<p>Encontro convocado por L\u00eddice da Mata ser\u00e1 realizado a partir das 18h no Hotel Portobello, em Ondina; Wagner confirma presen\u00e7a<\/p>\n<p>O comando da pr\u00e9-candidatura do vice-governador Geraldo Jr. (MDB) a prefeito da capital se re\u00fane \u00e0s 18h de hoje com os principais l\u00edderes da base aliada no Hotel Portobello, em Ondina, para discutir os pr\u00f3ximos passos da campanha do emedebista. Em especial, as estrat\u00e9gias para mobilizar os partidos governistas e colocar o bloco de Geraldo Jr. na rua o quanto antes. De acordo com um dos l\u00edderes convocados para o encontro, todos foram avisados de que n\u00e3o ser\u00e1 permitida a entrada de aparelhos celulares, c\u00e2meras e assessores na \u00e1rea reservada para a reuni\u00e3o. <\/p>\n<p>Participar\u00e3o do encontro agendado pela deputada federal L\u00eddice da Mata (PSB), coordenadora geral da campanha de Geraldo Jr., o senador Jaques Wagner (PT), presidente de legendas da base e parlamentares que integram o conselho pol\u00edtico do Pal\u00e1cio de Ondina. O Metro1 n\u00e3o conseguiu confirmar at\u00e9 o momento se o governador Jer\u00f4nimo Rodrigues (PT) participar\u00e1 na reuni\u00e3o.  <\/p>\n<p>Conforme antecipado pela coluna Metropol\u00edtica na \u00faltima ter\u00e7a-feira (21), L\u00eddice convocou uma nova reuni\u00e3o para refor\u00e7ar a cobran\u00e7a por maior engajamento do governo e dos pesos-pesados da base ao candidato do grupo. Ela havia feito pedido no primeiro encontro, realizado no in\u00edcio da semana passada. Ao mesmo tempo, a inten\u00e7\u00e3o \u00e9 discutir o formato e o local do lan\u00e7amento da pr\u00e9-candidatura do vice-governador,  marcada para 6 de junho.<\/p>\n<p>L\u00eddice vai aproveitar a reuni\u00e3o para defender que o PT fa\u00e7a parte da coordena\u00e7\u00e3o do futuro comit\u00ea de campanha de Geraldo Jr. O objetivo, de acordo com lideran\u00e7as da base, \u00e9 refor\u00e7ar a ideia de que o partido decidiu abra\u00e7ar a candidatura do emedebista. A pr\u00f3pria entrada de Wagner no circuito foi atribu\u00edda aos planos da deputada para atrair a milit\u00e2ncia petista.<\/p>\n<p>Desde que assumiu a coordena\u00e7\u00e3o de campanha de Geraldo Jr., L\u00eddice vem concentrando esfor\u00e7o no planejamento da ofensiva para o duelo contra o prefeito Bruno Reis (Uni\u00e3o Brasil) e na defini\u00e7\u00e3o das a\u00e7\u00f5es priorit\u00e1rias antes do in\u00edcio do per\u00edodo eleitoral. A deputada tamb\u00e9m convidou o diretor-presidente da Companhia Baiana de Pesquisa Mineral (CBPM), Henrique Carballal, para ocupar um posto de destaque  na campanha. <\/p>\n<p>Vereador licenciado de Salvador, Carballal \u00e9 considerado pela parlamentar como pe\u00e7a fundamental na batalha pelo Pal\u00e1cio Thom\u00e9 de Souza, por possuir um grande trunfo: o conhecimento que tem sobre a din\u00e2mica do eleitorado da cidade e sobre o modus operandi dos advers\u00e1rios, de quem era aliado at\u00e9 migrar para a base do PT em 2022. <\/p>\n<p>Foto: Carlos Alberto\/Ascom<br \/>\nPor: Jairo Costa Jr.<\/p>\n","protected":false},"excerpt":{"rendered":"<p>Encontro convocado por L\u00eddice da Mata ser\u00e1 realizado a partir das 18h no Hotel Portobello, em Ondina; Wagner confirma presen\u00e7a<\/p>\n","protected":false},"author":4,"featured_media":14224,"comment_status":"open","ping_status":"open","sticky":false,"template":"","format":"standard","meta":{"colormag_page_container_layout":"default_layout","colormag_page_sidebar_layout":"default_layout","_FSMCFIC_featured_image_caption":"","_FSMCFIC_featured_image_nocaption":"","_FSMCFIC_featured_image_hide":"","footnotes":""},"categories":[5,1],"tags":[],"class_list":["post-14223","post","type-post","status-publish","format-standard","has-post-thumbnail","hentry","category-politica","category-ultimas"],"yoast_head":"<!-- This site is optimized with the Yoast SEO plugin v27.1.1 - https:\/\/yoast.com\/product\/yoast-seo-wordpress\/ -->\n<title>Reuni\u00e3o de pr\u00e9-campanha de Geraldo Jr. nesta quinta ter\u00e1 veto a celulares, c\u00e2meras e assessores - Brasil not\u00edcias<\/title>\n<meta name=\"robots\" content=\"index, follow, max-snippet:-1, max-image-preview:large, max-video-preview:-1\" \/>\n<link rel=\"canonical\" href=\"https:\/\/brasilnoticias.org\/site\/reuniao-de-pre-campanha-de-geraldo-jr-nesta-quinta-tera-veto-a-celulares-cameras-e-assessores\/\" \/>\n<meta property=\"og:locale\" content=\"pt_PT\" \/>\n<meta property=\"og:type\" content=\"article\" \/>\n<meta property=\"og:title\" content=\"Reuni\u00e3o de pr\u00e9-campanha de Geraldo Jr. nesta quinta ter\u00e1 veto a celulares, c\u00e2meras e assessores - Brasil not\u00edcias\" \/>\n<meta property=\"og:description\" content=\"Encontro convocado por L\u00eddice da Mata ser\u00e1 realizado a partir das 18h no Hotel Portobello, em Ondina; Wagner confirma presen\u00e7a\" \/>\n<meta property=\"og:url\" content=\"https:\/\/brasilnoticias.org\/site\/reuniao-de-pre-campanha-de-geraldo-jr-nesta-quinta-tera-veto-a-celulares-cameras-e-assessores\/\" \/>\n<meta property=\"og:site_name\" content=\"Brasil not\u00edcias\" \/>\n<meta property=\"article:published_time\" content=\"2024-05-24T01:42:56+00:00\" \/>\n<meta property=\"og:image\" content=\"https:\/\/brasilnoticias.org\/site\/wp-content\/uploads\/2024\/05\/150579reuniao-de-pre-campanha-de-geraldo-jr-nesta-quinta-tera-veto-a-celulares-cameras-e-assessores-3.jpg\" \/>\n\t<meta property=\"og:image:width\" content=\"1600\" \/>\n\t<meta property=\"og:image:height\" content=\"752\" \/>\n\t<meta property=\"og:image:type\" content=\"image\/jpeg\" \/>\n<meta name=\"author\" content=\"Reda\u00e7\u00e3o\" \/>\n<meta name=\"twitter:card\" content=\"summary_large_image\" \/>\n<meta name=\"twitter:label1\" content=\"Escrito por\" \/>\n\t<meta name=\"twitter:data1\" content=\"Reda\u00e7\u00e3o\" \/>\n\t<meta name=\"twitter:label2\" content=\"Tempo estimado de leitura\" \/>\n\t<meta name=\"twitter:data2\" content=\"1 minuto\" \/>\n<script type=\"application\/ld+json\" class=\"yoast-schema-graph\">{\"@context\":\"https:\/\/schema.org\",\"@graph\":[{\"@type\":\"Article\",\"@id\":\"https:\/\/brasilnoticias.org\/site\/reuniao-de-pre-campanha-de-geraldo-jr-nesta-quinta-tera-veto-a-celulares-cameras-e-assessores\/#article\",\"isPartOf\":{\"@id\":\"https:\/\/brasilnoticias.org\/site\/reuniao-de-pre-campanha-de-geraldo-jr-nesta-quinta-tera-veto-a-celulares-cameras-e-assessores\/\"},\"author\":{\"name\":\"Reda\u00e7\u00e3o\",\"@id\":\"https:\/\/brasilnoticias.org\/site\/#\/schema\/person\/03bbbfe6c7634ad18c26444ea39049fa\"},\"headline\":\"Reuni\u00e3o de pr\u00e9-campanha de Geraldo Jr. nesta quinta ter\u00e1 veto a celulares, c\u00e2meras e assessores\",\"datePublished\":\"2024-05-24T01:42:56+00:00\",\"mainEntityOfPage\":{\"@id\":\"https:\/\/brasilnoticias.org\/site\/reuniao-de-pre-campanha-de-geraldo-jr-nesta-quinta-tera-veto-a-celulares-cameras-e-assessores\/\"},\"wordCount\":489,\"commentCount\":0,\"publisher\":{\"@id\":\"https:\/\/brasilnoticias.org\/site\/#organization\"},\"image\":{\"@id\":\"https:\/\/brasilnoticias.org\/site\/reuniao-de-pre-campanha-de-geraldo-jr-nesta-quinta-tera-veto-a-celulares-cameras-e-assessores\/#primaryimage\"},\"thumbnailUrl\":\"https:\/\/brasilnoticias.org\/site\/wp-content\/uploads\/2024\/05\/150579reuniao-de-pre-campanha-de-geraldo-jr-nesta-quinta-tera-veto-a-celulares-cameras-e-assessores-3.jpg\",\"articleSection\":[\"Pol\u00edtica\",\"\u00daltimas\"],\"inLanguage\":\"pt-PT\",\"potentialAction\":[{\"@type\":\"CommentAction\",\"name\":\"Comment\",\"target\":[\"https:\/\/brasilnoticias.org\/site\/reuniao-de-pre-campanha-de-geraldo-jr-nesta-quinta-tera-veto-a-celulares-cameras-e-assessores\/#respond\"]}]},{\"@type\":\"WebPage\",\"@id\":\"https:\/\/brasilnoticias.org\/site\/reuniao-de-pre-campanha-de-geraldo-jr-nesta-quinta-tera-veto-a-celulares-cameras-e-assessores\/\",\"url\":\"https:\/\/brasilnoticias.org\/site\/reuniao-de-pre-campanha-de-geraldo-jr-nesta-quinta-tera-veto-a-celulares-cameras-e-assessores\/\",\"name\":\"Reuni\u00e3o de pr\u00e9-campanha de Geraldo Jr. nesta quinta ter\u00e1 veto a celulares, c\u00e2meras e assessores - Brasil not\u00edcias\",\"isPartOf\":{\"@id\":\"https:\/\/brasilnoticias.org\/site\/#website\"},\"primaryImageOfPage\":{\"@id\":\"https:\/\/brasilnoticias.org\/site\/reuniao-de-pre-campanha-de-geraldo-jr-nesta-quinta-tera-veto-a-celulares-cameras-e-assessores\/#primaryimage\"},\"image\":{\"@id\":\"https:\/\/brasilnoticias.org\/site\/reuniao-de-pre-campanha-de-geraldo-jr-nesta-quinta-tera-veto-a-celulares-cameras-e-assessores\/#primaryimage\"},\"thumbnailUrl\":\"https:\/\/brasilnoticias.org\/site\/wp-content\/uploads\/2024\/05\/150579reuniao-de-pre-campanha-de-geraldo-jr-nesta-quinta-tera-veto-a-celulares-cameras-e-assessores-3.jpg\",\"datePublished\":\"2024-05-24T01:42:56+00:00\",\"breadcrumb\":{\"@id\":\"https:\/\/brasilnoticias.org\/site\/reuniao-de-pre-campanha-de-geraldo-jr-nesta-quinta-tera-veto-a-celulares-cameras-e-assessores\/#breadcrumb\"},\"inLanguage\":\"pt-PT\",\"potentialAction\":[{\"@type\":\"ReadAction\",\"target\":[\"https:\/\/brasilnoticias.org\/site\/reuniao-de-pre-campanha-de-geraldo-jr-nesta-quinta-tera-veto-a-celulares-cameras-e-assessores\/\"]}]},{\"@type\":\"ImageObject\",\"inLanguage\":\"pt-PT\",\"@id\":\"https:\/\/brasilnoticias.org\/site\/reuniao-de-pre-campanha-de-geraldo-jr-nesta-quinta-tera-veto-a-celulares-cameras-e-assessores\/#primaryimage\",\"url\":\"https:\/\/brasilnoticias.org\/site\/wp-content\/uploads\/2024\/05\/150579reuniao-de-pre-campanha-de-geraldo-jr-nesta-quinta-tera-veto-a-celulares-cameras-e-assessores-3.jpg\",\"contentUrl\":\"https:\/\/brasilnoticias.org\/site\/wp-content\/uploads\/2024\/05\/150579reuniao-de-pre-campanha-de-geraldo-jr-nesta-quinta-tera-veto-a-celulares-cameras-e-assessores-3.jpg\",\"width\":1600,\"height\":752},{\"@type\":\"BreadcrumbList\",\"@id\":\"https:\/\/brasilnoticias.org\/site\/reuniao-de-pre-campanha-de-geraldo-jr-nesta-quinta-tera-veto-a-celulares-cameras-e-assessores\/#breadcrumb\",\"itemListElement\":[{\"@type\":\"ListItem\",\"position\":1,\"name\":\"In\u00edcio\",\"item\":\"https:\/\/brasilnoticias.org\/site\/\"},{\"@type\":\"ListItem\",\"position\":2,\"name\":\"Reuni\u00e3o de pr\u00e9-campanha de Geraldo Jr. nesta quinta ter\u00e1 veto a celulares, c\u00e2meras e assessores\"}]},{\"@type\":\"WebSite\",\"@id\":\"https:\/\/brasilnoticias.org\/site\/#website\",\"url\":\"https:\/\/brasilnoticias.org\/site\/\",\"name\":\"Brasil not\u00edcias\",\"description\":\"Brasil not\u00edcias\",\"publisher\":{\"@id\":\"https:\/\/brasilnoticias.org\/site\/#organization\"},\"potentialAction\":[{\"@type\":\"SearchAction\",\"target\":{\"@type\":\"EntryPoint\",\"urlTemplate\":\"https:\/\/brasilnoticias.org\/site\/?s={search_term_string}\"},\"query-input\":{\"@type\":\"PropertyValueSpecification\",\"valueRequired\":true,\"valueName\":\"search_term_string\"}}],\"inLanguage\":\"pt-PT\"},{\"@type\":\"Organization\",\"@id\":\"https:\/\/brasilnoticias.org\/site\/#organization\",\"name\":\"Brasil not\u00edcias\",\"url\":\"https:\/\/brasilnoticias.org\/site\/\",\"logo\":{\"@type\":\"ImageObject\",\"inLanguage\":\"pt-PT\",\"@id\":\"https:\/\/brasilnoticias.org\/site\/#\/schema\/logo\/image\/\",\"url\":\"https:\/\/brasilnoticias.org\/site\/wp-content\/uploads\/2022\/05\/cropped-brasilnoticias-mini.jpg\",\"contentUrl\":\"https:\/\/brasilnoticias.org\/site\/wp-content\/uploads\/2022\/05\/cropped-brasilnoticias-mini.jpg\",\"width\":314,\"height\":86,\"caption\":\"Brasil not\u00edcias\"},\"image\":{\"@id\":\"https:\/\/brasilnoticias.org\/site\/#\/schema\/logo\/image\/\"}},{\"@type\":\"Person\",\"@id\":\"https:\/\/brasilnoticias.org\/site\/#\/schema\/person\/03bbbfe6c7634ad18c26444ea39049fa\",\"name\":\"Reda\u00e7\u00e3o\",\"image\":{\"@type\":\"ImageObject\",\"inLanguage\":\"pt-PT\",\"@id\":\"https:\/\/brasilnoticias.org\/site\/#\/schema\/person\/image\/\",\"url\":\"https:\/\/secure.gravatar.com\/avatar\/9ecaf7327a696cb23ad926fedded5f1f04d7049de9e445375d55b48c001a6e42?s=96&d=mm&r=g\",\"contentUrl\":\"https:\/\/secure.gravatar.com\/avatar\/9ecaf7327a696cb23ad926fedded5f1f04d7049de9e445375d55b48c001a6e42?s=96&d=mm&r=g\",\"caption\":\"Reda\u00e7\u00e3o\"},\"url\":\"https:\/\/brasilnoticias.org\/site\/author\/henrique\/\"}]}<\/script>\n<!-- \/ Yoast SEO plugin. -->","yoast_head_json":{"title":"Reuni\u00e3o de pr\u00e9-campanha de Geraldo Jr. nesta quinta ter\u00e1 veto a celulares, c\u00e2meras e assessores - Brasil not\u00edcias","robots":{"index":"index","follow":"follow","max-snippet":"max-snippet:-1","max-image-preview":"max-image-preview:large","max-video-preview":"max-video-preview:-1"},"canonical":"https:\/\/brasilnoticias.org\/site\/reuniao-de-pre-campanha-de-geraldo-jr-nesta-quinta-tera-veto-a-celulares-cameras-e-assessores\/","og_locale":"pt_PT","og_type":"article","og_title":"Reuni\u00e3o de pr\u00e9-campanha de Geraldo Jr. nesta quinta ter\u00e1 veto a celulares, c\u00e2meras e assessores - Brasil not\u00edcias","og_description":"Encontro convocado por L\u00eddice da Mata ser\u00e1 realizado a partir das 18h no Hotel Portobello, em Ondina; Wagner confirma presen\u00e7a","og_url":"https:\/\/brasilnoticias.org\/site\/reuniao-de-pre-campanha-de-geraldo-jr-nesta-quinta-tera-veto-a-celulares-cameras-e-assessores\/","og_site_name":"Brasil not\u00edcias","article_published_time":"2024-05-24T01:42:56+00:00","og_image":[{"width":1600,"height":752,"url":"https:\/\/brasilnoticias.org\/site\/wp-content\/uploads\/2024\/05\/150579reuniao-de-pre-campanha-de-geraldo-jr-nesta-quinta-tera-veto-a-celulares-cameras-e-assessores-3.jpg","type":"image\/jpeg"}],"author":"Reda\u00e7\u00e3o","twitter_card":"summary_large_image","twitter_misc":{"Escrito por":"Reda\u00e7\u00e3o","Tempo estimado de leitura":"1 minuto"},"schema":{"@context":"https:\/\/schema.org","@graph":[{"@type":"Article","@id":"https:\/\/brasilnoticias.org\/site\/reuniao-de-pre-campanha-de-geraldo-jr-nesta-quinta-tera-veto-a-celulares-cameras-e-assessores\/#article","isPartOf":{"@id":"https:\/\/brasilnoticias.org\/site\/reuniao-de-pre-campanha-de-geraldo-jr-nesta-quinta-tera-veto-a-celulares-cameras-e-assessores\/"},"author":{"name":"Reda\u00e7\u00e3o","@id":"https:\/\/brasilnoticias.org\/site\/#\/schema\/person\/03bbbfe6c7634ad18c26444ea39049fa"},"headline":"Reuni\u00e3o de pr\u00e9-campanha de Geraldo Jr. nesta quinta ter\u00e1 veto a celulares, c\u00e2meras e assessores","datePublished":"2024-05-24T01:42:56+00:00","mainEntityOfPage":{"@id":"https:\/\/brasilnoticias.org\/site\/reuniao-de-pre-campanha-de-geraldo-jr-nesta-quinta-tera-veto-a-celulares-cameras-e-assessores\/"},"wordCount":489,"commentCount":0,"publisher":{"@id":"https:\/\/brasilnoticias.org\/site\/#organization"},"image":{"@id":"https:\/\/brasilnoticias.org\/site\/reuniao-de-pre-campanha-de-geraldo-jr-nesta-quinta-tera-veto-a-celulares-cameras-e-assessores\/#primaryimage"},"thumbnailUrl":"https:\/\/brasilnoticias.org\/site\/wp-content\/uploads\/2024\/05\/150579reuniao-de-pre-campanha-de-geraldo-jr-nesta-quinta-tera-veto-a-celulares-cameras-e-assessores-3.jpg","articleSection":["Pol\u00edtica","\u00daltimas"],"inLanguage":"pt-PT","potentialAction":[{"@type":"CommentAction","name":"Comment","target":["https:\/\/brasilnoticias.org\/site\/reuniao-de-pre-campanha-de-geraldo-jr-nesta-quinta-tera-veto-a-celulares-cameras-e-assessores\/#respond"]}]},{"@type":"WebPage","@id":"https:\/\/brasilnoticias.org\/site\/reuniao-de-pre-campanha-de-geraldo-jr-nesta-quinta-tera-veto-a-celulares-cameras-e-assessores\/","url":"https:\/\/brasilnoticias.org\/site\/reuniao-de-pre-campanha-de-geraldo-jr-nesta-quinta-tera-veto-a-celulares-cameras-e-assessores\/","name":"Reuni\u00e3o de pr\u00e9-campanha de Geraldo Jr. nesta quinta ter\u00e1 veto a celulares, c\u00e2meras e assessores - Brasil not\u00edcias","isPartOf":{"@id":"https:\/\/brasilnoticias.org\/site\/#website"},"primaryImageOfPage":{"@id":"https:\/\/brasilnoticias.org\/site\/reuniao-de-pre-campanha-de-geraldo-jr-nesta-quinta-tera-veto-a-celulares-cameras-e-assessores\/#primaryimage"},"image":{"@id":"https:\/\/brasilnoticias.org\/site\/reuniao-de-pre-campanha-de-geraldo-jr-nesta-quinta-tera-veto-a-celulares-cameras-e-assessores\/#primaryimage"},"thumbnailUrl":"https:\/\/brasilnoticias.org\/site\/wp-content\/uploads\/2024\/05\/150579reuniao-de-pre-campanha-de-geraldo-jr-nesta-quinta-tera-veto-a-celulares-cameras-e-assessores-3.jpg","datePublished":"2024-05-24T01:42:56+00:00","breadcrumb":{"@id":"https:\/\/brasilnoticias.org\/site\/reuniao-de-pre-campanha-de-geraldo-jr-nesta-quinta-tera-veto-a-celulares-cameras-e-assessores\/#breadcrumb"},"inLanguage":"pt-PT","potentialAction":[{"@type":"ReadAction","target":["https:\/\/brasilnoticias.org\/site\/reuniao-de-pre-campanha-de-geraldo-jr-nesta-quinta-tera-veto-a-celulares-cameras-e-assessores\/"]}]},{"@type":"ImageObject","inLanguage":"pt-PT","@id":"https:\/\/brasilnoticias.org\/site\/reuniao-de-pre-campanha-de-geraldo-jr-nesta-quinta-tera-veto-a-celulares-cameras-e-assessores\/#primaryimage","url":"https:\/\/brasilnoticias.org\/site\/wp-content\/uploads\/2024\/05\/150579reuniao-de-pre-campanha-de-geraldo-jr-nesta-quinta-tera-veto-a-celulares-cameras-e-assessores-3.jpg","contentUrl":"https:\/\/brasilnoticias.org\/site\/wp-content\/uploads\/2024\/05\/150579reuniao-de-pre-campanha-de-geraldo-jr-nesta-quinta-tera-veto-a-celulares-cameras-e-assessores-3.jpg","width":1600,"height":752},{"@type":"BreadcrumbList","@id":"https:\/\/brasilnoticias.org\/site\/reuniao-de-pre-campanha-de-geraldo-jr-nesta-quinta-tera-veto-a-celulares-cameras-e-assessores\/#breadcrumb","itemListElement":[{"@type":"ListItem","position":1,"name":"In\u00edcio","item":"https:\/\/brasilnoticias.org\/site\/"},{"@type":"ListItem","position":2,"name":"Reuni\u00e3o de pr\u00e9-campanha de Geraldo Jr. nesta quinta ter\u00e1 veto a celulares, c\u00e2meras e assessores"}]},{"@type":"WebSite","@id":"https:\/\/brasilnoticias.org\/site\/#website","url":"https:\/\/brasilnoticias.org\/site\/","name":"Brasil not\u00edcias","description":"Brasil not\u00edcias","publisher":{"@id":"https:\/\/brasilnoticias.org\/site\/#organization"},"potentialAction":[{"@type":"SearchAction","target":{"@type":"EntryPoint","urlTemplate":"https:\/\/brasilnoticias.org\/site\/?s={search_term_string}"},"query-input":{"@type":"PropertyValueSpecification","valueRequired":true,"valueName":"search_term_string"}}],"inLanguage":"pt-PT"},{"@type":"Organization","@id":"https:\/\/brasilnoticias.org\/site\/#organization","name":"Brasil not\u00edcias","url":"https:\/\/brasilnoticias.org\/site\/","logo":{"@type":"ImageObject","inLanguage":"pt-PT","@id":"https:\/\/brasilnoticias.org\/site\/#\/schema\/logo\/image\/","url":"https:\/\/brasilnoticias.org\/site\/wp-content\/uploads\/2022\/05\/cropped-brasilnoticias-mini.jpg","contentUrl":"https:\/\/brasilnoticias.org\/site\/wp-content\/uploads\/2022\/05\/cropped-brasilnoticias-mini.jpg","width":314,"height":86,"caption":"Brasil not\u00edcias"},"image":{"@id":"https:\/\/brasilnoticias.org\/site\/#\/schema\/logo\/image\/"}},{"@type":"Person","@id":"https:\/\/brasilnoticias.org\/site\/#\/schema\/person\/03bbbfe6c7634ad18c26444ea39049fa","name":"Reda\u00e7\u00e3o","image":{"@type":"ImageObject","inLanguage":"pt-PT","@id":"https:\/\/brasilnoticias.org\/site\/#\/schema\/person\/image\/","url":"https:\/\/secure.gravatar.com\/avatar\/9ecaf7327a696cb23ad926fedded5f1f04d7049de9e445375d55b48c001a6e42?s=96&d=mm&r=g","contentUrl":"https:\/\/secure.gravatar.com\/avatar\/9ecaf7327a696cb23ad926fedded5f1f04d7049de9e445375d55b48c001a6e42?s=96&d=mm&r=g","caption":"Reda\u00e7\u00e3o"},"url":"https:\/\/brasilnoticias.org\/site\/author\/henrique\/"}]}},"_links":{"self":[{"href":"https:\/\/brasilnoticias.org\/site\/wp-json\/wp\/v2\/posts\/14223","targetHints":{"allow":["GET"]}}],"collection":[{"href":"https:\/\/brasilnoticias.org\/site\/wp-json\/wp\/v2\/posts"}],"about":[{"href":"https:\/\/brasilnoticias.org\/site\/wp-json\/wp\/v2\/types\/post"}],"author":[{"embeddable":true,"href":"https:\/\/brasilnoticias.org\/site\/wp-json\/wp\/v2\/users\/4"}],"replies":[{"embeddable":true,"href":"https:\/\/brasilnoticias.org\/site\/wp-json\/wp\/v2\/comments?post=14223"}],"version-history":[{"count":1,"href":"https:\/\/brasilnoticias.org\/site\/wp-json\/wp\/v2\/posts\/14223\/revisions"}],"predecessor-version":[{"id":14225,"href":"https:\/\/brasilnoticias.org\/site\/wp-json\/wp\/v2\/posts\/14223\/revisions\/14225"}],"wp:featuredmedia":[{"embeddable":true,"href":"https:\/\/brasilnoticias.org\/site\/wp-json\/wp\/v2\/media\/14224"}],"wp:attachment":[{"href":"https:\/\/brasilnoticias.org\/site\/wp-json\/wp\/v2\/media?parent=14223"}],"wp:term":[{"taxonomy":"category","embeddable":true,"href":"https:\/\/brasilnoticias.org\/site\/wp-json\/wp\/v2\/categories?post=14223"},{"taxonomy":"post_tag","embeddable":true,"href":"https:\/\/brasilnoticias.org\/site\/wp-json\/wp\/v2\/tags?post=14223"}],"curies":[{"name":"wp","href":"https:\/\/api.w.org\/{rel}","templated":true}]}}