{"id":14226,"date":"2024-05-23T22:43:50","date_gmt":"2024-05-24T01:43:50","guid":{"rendered":"https:\/\/brasilnoticias.org\/site\/?p=14226"},"modified":"2024-05-23T22:43:50","modified_gmt":"2024-05-24T01:43:50","slug":"em-protesto-guardas-municipais-de-itabuna-ocupam-gabinete-do-prefeito","status":"publish","type":"post","link":"https:\/\/brasilnoticias.org\/site\/em-protesto-guardas-municipais-de-itabuna-ocupam-gabinete-do-prefeito\/","title":{"rendered":"Em protesto, guardas municipais de Itabuna ocupam gabinete do prefeito"},"content":{"rendered":"<p>A ocupa\u00e7\u00e3o no gabinete da prefeitura iniciou na \u00faltima quarta-feira (22)<\/p>\n<p>Na \u00faltima quarta-feira (22), um grupo de guardas municipais de Itabuna iniciou uma ocupa\u00e7\u00e3o no gabinete do prefeito Augusto Castro (PSD), reivindicando o cumprimento de um acordo referente \u00e0 implanta\u00e7\u00e3o do plano de carreira da categoria.<\/p>\n<p>O Metro1 teve acesso a um v\u00eddeo que mostra um grupo no local. Em determinado momento, um dos integrantes informa que as luzes do local foram apagadas. &#8220;Desligaram as luzes do gabinete, para n\u00e3o termos acesso, mas continuamos acampados aqui&#8221;, diz um dos ocupantes.<\/p>\n<p>O que diz a prefeitura?<\/p>\n<p>A prefeitura de Itabuna informou em nota que a Justi\u00e7a ordenou a sa\u00edda dos manifestantes da Guarda Civil Municipal, sob pena de aplica\u00e7\u00e3o de multa individual no valor de R$ 15 mil para cada manifestante e de R$ 50 mil para o Sindicato dos Guardas Civis do Estado da Bahia. <\/p>\n<p>A prefeitura destacou ainda que a administra\u00e7\u00e3o municipal est\u00e1 cumprindo a legisla\u00e7\u00e3o eleitoral que veda \u201cfazer, na circunscri\u00e7\u00e3o do pleito, revis\u00e3o geral da remunera\u00e7\u00e3o dos servidores p\u00fablicos que exceda a recomposi\u00e7\u00e3o da perda de seu poder aquisitivo ao longo do ano da elei\u00e7\u00e3o.\u201d<\/p>\n<p>&#8220;\u00c9 importante real\u00e7ar que no ano passado o Sindicato dos Guardas do Estado da Bahia pediu \u00e0 gest\u00e3o municipal a retirada do PCCR do Legislativo para reabrir rodada de negocia\u00e7\u00f5es, como registrada em ata, pedindo a manuten\u00e7\u00e3o apenas do reajuste salarial, por meio da Lei Municipal. Com isso, os GCMs perderam o prazo anterior \u00e0 veda\u00e7\u00e3o eleitoral que inadvertidamente contestam&#8221;, diz a nota.<\/p>\n<p>A reportagem procurou o Sindicato dos Guardas do Estado da Bahia para falar sobre o assunto, mas a entidade n\u00e3o se manifestou at\u00e9 a publica\u00e7\u00e3o desta mat\u00e9ria.<\/p>\n<p>Foto: Reprodu\u00e7\u00e3o\/Prefeitura de Itabuna<br \/>\nPor: Metro1<\/p>\n","protected":false},"excerpt":{"rendered":"<p>A ocupa\u00e7\u00e3o no gabinete da prefeitura iniciou na \u00faltima quarta-feira (22) Na \u00faltima quarta-feira (22), um grupo de guardas municipais<\/p>\n","protected":false},"author":4,"featured_media":14227,"comment_status":"open","ping_status":"open","sticky":false,"template":"","format":"standard","meta":{"colormag_page_container_layout":"default_layout","colormag_page_sidebar_layout":"default_layout","_FSMCFIC_featured_image_caption":"","_FSMCFIC_featured_image_nocaption":"","_FSMCFIC_featured_image_hide":"","footnotes":""},"categories":[2,1],"tags":[],"class_list":["post-14226","post","type-post","status-publish","format-standard","has-post-thumbnail","hentry","category-noticias","category-ultimas"],"yoast_head":"<!-- This site is optimized with the Yoast SEO plugin v27.1.1 - https:\/\/yoast.com\/product\/yoast-seo-wordpress\/ -->\n<title>Em protesto, guardas municipais de Itabuna ocupam gabinete do prefeito - Brasil not\u00edcias<\/title>\n<meta name=\"robots\" content=\"index, follow, max-snippet:-1, max-image-preview:large, max-video-preview:-1\" \/>\n<link rel=\"canonical\" href=\"https:\/\/brasilnoticias.org\/site\/em-protesto-guardas-municipais-de-itabuna-ocupam-gabinete-do-prefeito\/\" \/>\n<meta property=\"og:locale\" content=\"pt_PT\" \/>\n<meta property=\"og:type\" content=\"article\" \/>\n<meta property=\"og:title\" content=\"Em protesto, guardas municipais de Itabuna ocupam gabinete do prefeito - Brasil not\u00edcias\" \/>\n<meta property=\"og:description\" content=\"A ocupa\u00e7\u00e3o no gabinete da prefeitura iniciou na \u00faltima quarta-feira (22) Na \u00faltima quarta-feira (22), um grupo de guardas municipais\" \/>\n<meta property=\"og:url\" content=\"https:\/\/brasilnoticias.org\/site\/em-protesto-guardas-municipais-de-itabuna-ocupam-gabinete-do-prefeito\/\" \/>\n<meta property=\"og:site_name\" content=\"Brasil not\u00edcias\" \/>\n<meta property=\"article:published_time\" content=\"2024-05-24T01:43:50+00:00\" \/>\n<meta property=\"og:image\" content=\"https:\/\/brasilnoticias.org\/site\/wp-content\/uploads\/2024\/05\/150581em-protesto-guardas-municipais-de-itabuna-ocupam-gabinete-do-prefeito-3.jpg\" \/>\n\t<meta property=\"og:image:width\" content=\"1600\" \/>\n\t<meta property=\"og:image:height\" content=\"752\" \/>\n\t<meta property=\"og:image:type\" content=\"image\/jpeg\" \/>\n<meta name=\"author\" content=\"Reda\u00e7\u00e3o\" \/>\n<meta name=\"twitter:card\" content=\"summary_large_image\" \/>\n<meta name=\"twitter:label1\" content=\"Escrito por\" \/>\n\t<meta name=\"twitter:data1\" content=\"Reda\u00e7\u00e3o\" \/>\n\t<meta name=\"twitter:label2\" content=\"Tempo estimado de leitura\" \/>\n\t<meta name=\"twitter:data2\" content=\"1 minuto\" \/>\n<script type=\"application\/ld+json\" class=\"yoast-schema-graph\">{\"@context\":\"https:\/\/schema.org\",\"@graph\":[{\"@type\":\"Article\",\"@id\":\"https:\/\/brasilnoticias.org\/site\/em-protesto-guardas-municipais-de-itabuna-ocupam-gabinete-do-prefeito\/#article\",\"isPartOf\":{\"@id\":\"https:\/\/brasilnoticias.org\/site\/em-protesto-guardas-municipais-de-itabuna-ocupam-gabinete-do-prefeito\/\"},\"author\":{\"name\":\"Reda\u00e7\u00e3o\",\"@id\":\"https:\/\/brasilnoticias.org\/site\/#\/schema\/person\/03bbbfe6c7634ad18c26444ea39049fa\"},\"headline\":\"Em protesto, guardas municipais de Itabuna ocupam gabinete do prefeito\",\"datePublished\":\"2024-05-24T01:43:50+00:00\",\"mainEntityOfPage\":{\"@id\":\"https:\/\/brasilnoticias.org\/site\/em-protesto-guardas-municipais-de-itabuna-ocupam-gabinete-do-prefeito\/\"},\"wordCount\":313,\"commentCount\":0,\"publisher\":{\"@id\":\"https:\/\/brasilnoticias.org\/site\/#organization\"},\"image\":{\"@id\":\"https:\/\/brasilnoticias.org\/site\/em-protesto-guardas-municipais-de-itabuna-ocupam-gabinete-do-prefeito\/#primaryimage\"},\"thumbnailUrl\":\"https:\/\/brasilnoticias.org\/site\/wp-content\/uploads\/2024\/05\/150581em-protesto-guardas-municipais-de-itabuna-ocupam-gabinete-do-prefeito-3.jpg\",\"articleSection\":[\"Not\u00edcias\",\"\u00daltimas\"],\"inLanguage\":\"pt-PT\",\"potentialAction\":[{\"@type\":\"CommentAction\",\"name\":\"Comment\",\"target\":[\"https:\/\/brasilnoticias.org\/site\/em-protesto-guardas-municipais-de-itabuna-ocupam-gabinete-do-prefeito\/#respond\"]}]},{\"@type\":\"WebPage\",\"@id\":\"https:\/\/brasilnoticias.org\/site\/em-protesto-guardas-municipais-de-itabuna-ocupam-gabinete-do-prefeito\/\",\"url\":\"https:\/\/brasilnoticias.org\/site\/em-protesto-guardas-municipais-de-itabuna-ocupam-gabinete-do-prefeito\/\",\"name\":\"Em protesto, guardas municipais de Itabuna ocupam gabinete do prefeito - Brasil not\u00edcias\",\"isPartOf\":{\"@id\":\"https:\/\/brasilnoticias.org\/site\/#website\"},\"primaryImageOfPage\":{\"@id\":\"https:\/\/brasilnoticias.org\/site\/em-protesto-guardas-municipais-de-itabuna-ocupam-gabinete-do-prefeito\/#primaryimage\"},\"image\":{\"@id\":\"https:\/\/brasilnoticias.org\/site\/em-protesto-guardas-municipais-de-itabuna-ocupam-gabinete-do-prefeito\/#primaryimage\"},\"thumbnailUrl\":\"https:\/\/brasilnoticias.org\/site\/wp-content\/uploads\/2024\/05\/150581em-protesto-guardas-municipais-de-itabuna-ocupam-gabinete-do-prefeito-3.jpg\",\"datePublished\":\"2024-05-24T01:43:50+00:00\",\"breadcrumb\":{\"@id\":\"https:\/\/brasilnoticias.org\/site\/em-protesto-guardas-municipais-de-itabuna-ocupam-gabinete-do-prefeito\/#breadcrumb\"},\"inLanguage\":\"pt-PT\",\"potentialAction\":[{\"@type\":\"ReadAction\",\"target\":[\"https:\/\/brasilnoticias.org\/site\/em-protesto-guardas-municipais-de-itabuna-ocupam-gabinete-do-prefeito\/\"]}]},{\"@type\":\"ImageObject\",\"inLanguage\":\"pt-PT\",\"@id\":\"https:\/\/brasilnoticias.org\/site\/em-protesto-guardas-municipais-de-itabuna-ocupam-gabinete-do-prefeito\/#primaryimage\",\"url\":\"https:\/\/brasilnoticias.org\/site\/wp-content\/uploads\/2024\/05\/150581em-protesto-guardas-municipais-de-itabuna-ocupam-gabinete-do-prefeito-3.jpg\",\"contentUrl\":\"https:\/\/brasilnoticias.org\/site\/wp-content\/uploads\/2024\/05\/150581em-protesto-guardas-municipais-de-itabuna-ocupam-gabinete-do-prefeito-3.jpg\",\"width\":1600,\"height\":752},{\"@type\":\"BreadcrumbList\",\"@id\":\"https:\/\/brasilnoticias.org\/site\/em-protesto-guardas-municipais-de-itabuna-ocupam-gabinete-do-prefeito\/#breadcrumb\",\"itemListElement\":[{\"@type\":\"ListItem\",\"position\":1,\"name\":\"In\u00edcio\",\"item\":\"https:\/\/brasilnoticias.org\/site\/\"},{\"@type\":\"ListItem\",\"position\":2,\"name\":\"Em protesto, guardas municipais de Itabuna ocupam gabinete do prefeito\"}]},{\"@type\":\"WebSite\",\"@id\":\"https:\/\/brasilnoticias.org\/site\/#website\",\"url\":\"https:\/\/brasilnoticias.org\/site\/\",\"name\":\"Brasil not\u00edcias\",\"description\":\"Brasil not\u00edcias\",\"publisher\":{\"@id\":\"https:\/\/brasilnoticias.org\/site\/#organization\"},\"potentialAction\":[{\"@type\":\"SearchAction\",\"target\":{\"@type\":\"EntryPoint\",\"urlTemplate\":\"https:\/\/brasilnoticias.org\/site\/?s={search_term_string}\"},\"query-input\":{\"@type\":\"PropertyValueSpecification\",\"valueRequired\":true,\"valueName\":\"search_term_string\"}}],\"inLanguage\":\"pt-PT\"},{\"@type\":\"Organization\",\"@id\":\"https:\/\/brasilnoticias.org\/site\/#organization\",\"name\":\"Brasil not\u00edcias\",\"url\":\"https:\/\/brasilnoticias.org\/site\/\",\"logo\":{\"@type\":\"ImageObject\",\"inLanguage\":\"pt-PT\",\"@id\":\"https:\/\/brasilnoticias.org\/site\/#\/schema\/logo\/image\/\",\"url\":\"https:\/\/brasilnoticias.org\/site\/wp-content\/uploads\/2022\/05\/cropped-brasilnoticias-mini.jpg\",\"contentUrl\":\"https:\/\/brasilnoticias.org\/site\/wp-content\/uploads\/2022\/05\/cropped-brasilnoticias-mini.jpg\",\"width\":314,\"height\":86,\"caption\":\"Brasil not\u00edcias\"},\"image\":{\"@id\":\"https:\/\/brasilnoticias.org\/site\/#\/schema\/logo\/image\/\"}},{\"@type\":\"Person\",\"@id\":\"https:\/\/brasilnoticias.org\/site\/#\/schema\/person\/03bbbfe6c7634ad18c26444ea39049fa\",\"name\":\"Reda\u00e7\u00e3o\",\"image\":{\"@type\":\"ImageObject\",\"inLanguage\":\"pt-PT\",\"@id\":\"https:\/\/brasilnoticias.org\/site\/#\/schema\/person\/image\/\",\"url\":\"https:\/\/secure.gravatar.com\/avatar\/9ecaf7327a696cb23ad926fedded5f1f04d7049de9e445375d55b48c001a6e42?s=96&d=mm&r=g\",\"contentUrl\":\"https:\/\/secure.gravatar.com\/avatar\/9ecaf7327a696cb23ad926fedded5f1f04d7049de9e445375d55b48c001a6e42?s=96&d=mm&r=g\",\"caption\":\"Reda\u00e7\u00e3o\"},\"url\":\"https:\/\/brasilnoticias.org\/site\/author\/henrique\/\"}]}<\/script>\n<!-- \/ Yoast SEO plugin. -->","yoast_head_json":{"title":"Em protesto, guardas municipais de Itabuna ocupam gabinete do prefeito - Brasil not\u00edcias","robots":{"index":"index","follow":"follow","max-snippet":"max-snippet:-1","max-image-preview":"max-image-preview:large","max-video-preview":"max-video-preview:-1"},"canonical":"https:\/\/brasilnoticias.org\/site\/em-protesto-guardas-municipais-de-itabuna-ocupam-gabinete-do-prefeito\/","og_locale":"pt_PT","og_type":"article","og_title":"Em protesto, guardas municipais de Itabuna ocupam gabinete do prefeito - Brasil not\u00edcias","og_description":"A ocupa\u00e7\u00e3o no gabinete da prefeitura iniciou na \u00faltima quarta-feira (22) Na \u00faltima quarta-feira (22), um grupo de guardas municipais","og_url":"https:\/\/brasilnoticias.org\/site\/em-protesto-guardas-municipais-de-itabuna-ocupam-gabinete-do-prefeito\/","og_site_name":"Brasil not\u00edcias","article_published_time":"2024-05-24T01:43:50+00:00","og_image":[{"width":1600,"height":752,"url":"https:\/\/brasilnoticias.org\/site\/wp-content\/uploads\/2024\/05\/150581em-protesto-guardas-municipais-de-itabuna-ocupam-gabinete-do-prefeito-3.jpg","type":"image\/jpeg"}],"author":"Reda\u00e7\u00e3o","twitter_card":"summary_large_image","twitter_misc":{"Escrito por":"Reda\u00e7\u00e3o","Tempo estimado de leitura":"1 minuto"},"schema":{"@context":"https:\/\/schema.org","@graph":[{"@type":"Article","@id":"https:\/\/brasilnoticias.org\/site\/em-protesto-guardas-municipais-de-itabuna-ocupam-gabinete-do-prefeito\/#article","isPartOf":{"@id":"https:\/\/brasilnoticias.org\/site\/em-protesto-guardas-municipais-de-itabuna-ocupam-gabinete-do-prefeito\/"},"author":{"name":"Reda\u00e7\u00e3o","@id":"https:\/\/brasilnoticias.org\/site\/#\/schema\/person\/03bbbfe6c7634ad18c26444ea39049fa"},"headline":"Em protesto, guardas municipais de Itabuna ocupam gabinete do prefeito","datePublished":"2024-05-24T01:43:50+00:00","mainEntityOfPage":{"@id":"https:\/\/brasilnoticias.org\/site\/em-protesto-guardas-municipais-de-itabuna-ocupam-gabinete-do-prefeito\/"},"wordCount":313,"commentCount":0,"publisher":{"@id":"https:\/\/brasilnoticias.org\/site\/#organization"},"image":{"@id":"https:\/\/brasilnoticias.org\/site\/em-protesto-guardas-municipais-de-itabuna-ocupam-gabinete-do-prefeito\/#primaryimage"},"thumbnailUrl":"https:\/\/brasilnoticias.org\/site\/wp-content\/uploads\/2024\/05\/150581em-protesto-guardas-municipais-de-itabuna-ocupam-gabinete-do-prefeito-3.jpg","articleSection":["Not\u00edcias","\u00daltimas"],"inLanguage":"pt-PT","potentialAction":[{"@type":"CommentAction","name":"Comment","target":["https:\/\/brasilnoticias.org\/site\/em-protesto-guardas-municipais-de-itabuna-ocupam-gabinete-do-prefeito\/#respond"]}]},{"@type":"WebPage","@id":"https:\/\/brasilnoticias.org\/site\/em-protesto-guardas-municipais-de-itabuna-ocupam-gabinete-do-prefeito\/","url":"https:\/\/brasilnoticias.org\/site\/em-protesto-guardas-municipais-de-itabuna-ocupam-gabinete-do-prefeito\/","name":"Em protesto, guardas municipais de Itabuna ocupam gabinete do prefeito - Brasil not\u00edcias","isPartOf":{"@id":"https:\/\/brasilnoticias.org\/site\/#website"},"primaryImageOfPage":{"@id":"https:\/\/brasilnoticias.org\/site\/em-protesto-guardas-municipais-de-itabuna-ocupam-gabinete-do-prefeito\/#primaryimage"},"image":{"@id":"https:\/\/brasilnoticias.org\/site\/em-protesto-guardas-municipais-de-itabuna-ocupam-gabinete-do-prefeito\/#primaryimage"},"thumbnailUrl":"https:\/\/brasilnoticias.org\/site\/wp-content\/uploads\/2024\/05\/150581em-protesto-guardas-municipais-de-itabuna-ocupam-gabinete-do-prefeito-3.jpg","datePublished":"2024-05-24T01:43:50+00:00","breadcrumb":{"@id":"https:\/\/brasilnoticias.org\/site\/em-protesto-guardas-municipais-de-itabuna-ocupam-gabinete-do-prefeito\/#breadcrumb"},"inLanguage":"pt-PT","potentialAction":[{"@type":"ReadAction","target":["https:\/\/brasilnoticias.org\/site\/em-protesto-guardas-municipais-de-itabuna-ocupam-gabinete-do-prefeito\/"]}]},{"@type":"ImageObject","inLanguage":"pt-PT","@id":"https:\/\/brasilnoticias.org\/site\/em-protesto-guardas-municipais-de-itabuna-ocupam-gabinete-do-prefeito\/#primaryimage","url":"https:\/\/brasilnoticias.org\/site\/wp-content\/uploads\/2024\/05\/150581em-protesto-guardas-municipais-de-itabuna-ocupam-gabinete-do-prefeito-3.jpg","contentUrl":"https:\/\/brasilnoticias.org\/site\/wp-content\/uploads\/2024\/05\/150581em-protesto-guardas-municipais-de-itabuna-ocupam-gabinete-do-prefeito-3.jpg","width":1600,"height":752},{"@type":"BreadcrumbList","@id":"https:\/\/brasilnoticias.org\/site\/em-protesto-guardas-municipais-de-itabuna-ocupam-gabinete-do-prefeito\/#breadcrumb","itemListElement":[{"@type":"ListItem","position":1,"name":"In\u00edcio","item":"https:\/\/brasilnoticias.org\/site\/"},{"@type":"ListItem","position":2,"name":"Em protesto, guardas municipais de Itabuna ocupam gabinete do prefeito"}]},{"@type":"WebSite","@id":"https:\/\/brasilnoticias.org\/site\/#website","url":"https:\/\/brasilnoticias.org\/site\/","name":"Brasil not\u00edcias","description":"Brasil not\u00edcias","publisher":{"@id":"https:\/\/brasilnoticias.org\/site\/#organization"},"potentialAction":[{"@type":"SearchAction","target":{"@type":"EntryPoint","urlTemplate":"https:\/\/brasilnoticias.org\/site\/?s={search_term_string}"},"query-input":{"@type":"PropertyValueSpecification","valueRequired":true,"valueName":"search_term_string"}}],"inLanguage":"pt-PT"},{"@type":"Organization","@id":"https:\/\/brasilnoticias.org\/site\/#organization","name":"Brasil not\u00edcias","url":"https:\/\/brasilnoticias.org\/site\/","logo":{"@type":"ImageObject","inLanguage":"pt-PT","@id":"https:\/\/brasilnoticias.org\/site\/#\/schema\/logo\/image\/","url":"https:\/\/brasilnoticias.org\/site\/wp-content\/uploads\/2022\/05\/cropped-brasilnoticias-mini.jpg","contentUrl":"https:\/\/brasilnoticias.org\/site\/wp-content\/uploads\/2022\/05\/cropped-brasilnoticias-mini.jpg","width":314,"height":86,"caption":"Brasil not\u00edcias"},"image":{"@id":"https:\/\/brasilnoticias.org\/site\/#\/schema\/logo\/image\/"}},{"@type":"Person","@id":"https:\/\/brasilnoticias.org\/site\/#\/schema\/person\/03bbbfe6c7634ad18c26444ea39049fa","name":"Reda\u00e7\u00e3o","image":{"@type":"ImageObject","inLanguage":"pt-PT","@id":"https:\/\/brasilnoticias.org\/site\/#\/schema\/person\/image\/","url":"https:\/\/secure.gravatar.com\/avatar\/9ecaf7327a696cb23ad926fedded5f1f04d7049de9e445375d55b48c001a6e42?s=96&d=mm&r=g","contentUrl":"https:\/\/secure.gravatar.com\/avatar\/9ecaf7327a696cb23ad926fedded5f1f04d7049de9e445375d55b48c001a6e42?s=96&d=mm&r=g","caption":"Reda\u00e7\u00e3o"},"url":"https:\/\/brasilnoticias.org\/site\/author\/henrique\/"}]}},"_links":{"self":[{"href":"https:\/\/brasilnoticias.org\/site\/wp-json\/wp\/v2\/posts\/14226","targetHints":{"allow":["GET"]}}],"collection":[{"href":"https:\/\/brasilnoticias.org\/site\/wp-json\/wp\/v2\/posts"}],"about":[{"href":"https:\/\/brasilnoticias.org\/site\/wp-json\/wp\/v2\/types\/post"}],"author":[{"embeddable":true,"href":"https:\/\/brasilnoticias.org\/site\/wp-json\/wp\/v2\/users\/4"}],"replies":[{"embeddable":true,"href":"https:\/\/brasilnoticias.org\/site\/wp-json\/wp\/v2\/comments?post=14226"}],"version-history":[{"count":1,"href":"https:\/\/brasilnoticias.org\/site\/wp-json\/wp\/v2\/posts\/14226\/revisions"}],"predecessor-version":[{"id":14228,"href":"https:\/\/brasilnoticias.org\/site\/wp-json\/wp\/v2\/posts\/14226\/revisions\/14228"}],"wp:featuredmedia":[{"embeddable":true,"href":"https:\/\/brasilnoticias.org\/site\/wp-json\/wp\/v2\/media\/14227"}],"wp:attachment":[{"href":"https:\/\/brasilnoticias.org\/site\/wp-json\/wp\/v2\/media?parent=14226"}],"wp:term":[{"taxonomy":"category","embeddable":true,"href":"https:\/\/brasilnoticias.org\/site\/wp-json\/wp\/v2\/categories?post=14226"},{"taxonomy":"post_tag","embeddable":true,"href":"https:\/\/brasilnoticias.org\/site\/wp-json\/wp\/v2\/tags?post=14226"}],"curies":[{"name":"wp","href":"https:\/\/api.w.org\/{rel}","templated":true}]}}