{"id":14239,"date":"2024-05-23T22:51:30","date_gmt":"2024-05-24T01:51:30","guid":{"rendered":"https:\/\/brasilnoticias.org\/site\/?p=14239"},"modified":"2024-05-23T22:51:30","modified_gmt":"2024-05-24T01:51:30","slug":"taxa-da-blusinha-lula-diz-que-janja-e-a-filha-de-todo-mundo-compram-bugigangas-internacionais","status":"publish","type":"post","link":"https:\/\/brasilnoticias.org\/site\/taxa-da-blusinha-lula-diz-que-janja-e-a-filha-de-todo-mundo-compram-bugigangas-internacionais\/","title":{"rendered":"\u201cTaxa da blusinha\u201d: Lula diz que Janja e \u201ca filha de todo mundo\u201d compram \u201cbugigangas\u201d internacionais"},"content":{"rendered":"<p>Presidente tamb\u00e9m afirmou que, caso a taxa\u00e7\u00e3o seja aprovada pelo Congresso, a \u201ctend\u00eancia \u00e9 vetar\u201d<\/p>\n<p>O presidente Luiz In\u00e1cio Lula da Silva (PT) afirmou, nesta quinta-feira (23), que a filha de todo mundo compra \u201cbugigangas\u201d internacionais vendidas pelo e-commerce.<\/p>\n<p>\u201cQuando discuti com o [vice-presidente Geraldo] Alckmin, eu disse: \u2018Sua mulher compra, minha mulher compra, a filha do [presidente da C\u00e2mara, Arthur] Lira compra, a filha de todo mundo compra\u201d, disse Lula.<\/p>\n<p>O presidente ainda afirmou que, caso o Congresso aprove o projeto que taxa compras internacionais de at\u00e9 US$ 50, deve vetar. \u201cA tend\u00eancia \u00e9 vetar\u201d, disse o presidente, fazendo uma r\u00e1pida pausa, \u201cmas a tend\u00eancia pode ser negociar\u201d.<\/p>\n<p>Uma emenda foi inclu\u00edda no projeto de lei do Mover (novo regime automotivo) para acabar com a isen\u00e7\u00e3o existente hoje para compras em sites como Shein e Shopee. H\u00e1 forte press\u00e3o da ind\u00fastria e do varejo nacionais, que alegam a necessidade de \u201cisonomia tribut\u00e1ria\u201d.<\/p>\n<p>O presidente disse que n\u00e3o sabe se os produtos afetam realmente a ind\u00fastria nacional: \u201cQuem \u00e9 que compra essas coisas? S\u00e3o mulheres, a maioria, jovens e tem muita bugiganga. Eu nem sei se essas bugigangas competem com as coisas brasileiras. Nem sei\u201d.<\/p>\n<p>Lula lembrou que parte da classe m\u00e9dia que consegue viajar para o exterior tem isen\u00e7\u00e3o de 500 d\u00f3lares em free shoppings (lojas com isen\u00e7\u00e3o de impostos) e que a taxa\u00e7\u00e3o das importa\u00e7\u00e3o at\u00e9 US$ 50 pode prejudicar as pessoas mais pobres.<\/p>\n<p>\u201cVai proibir as pessoas pobres? Meninas, mo\u00e7as que querem comprar uma bugiganga, um negocio de cabelo, sabe? Ent\u00e3o o que n\u00f3s temos que tentar \u00e9 um jeito de n\u00e3o ajudar um prejudicando o outro. Mas tentar fazer uma coisa uniforme. N\u00f3s estamos dispostos a conversar e encontrar uma sa\u00edda.\u201d<\/p>\n<p>Foto: Ricardo Stuckert\/PR<br \/>\nCNN<\/p>\n","protected":false},"excerpt":{"rendered":"<p>Presidente tamb\u00e9m afirmou que, caso a taxa\u00e7\u00e3o seja aprovada pelo Congresso, a \u201ctend\u00eancia \u00e9 vetar\u201d O presidente Luiz In\u00e1cio Lula<\/p>\n","protected":false},"author":4,"featured_media":14240,"comment_status":"open","ping_status":"open","sticky":false,"template":"","format":"standard","meta":{"colormag_page_container_layout":"default_layout","colormag_page_sidebar_layout":"default_layout","_FSMCFIC_featured_image_caption":"","_FSMCFIC_featured_image_nocaption":"","_FSMCFIC_featured_image_hide":"","footnotes":""},"categories":[5,1],"tags":[],"class_list":["post-14239","post","type-post","status-publish","format-standard","has-post-thumbnail","hentry","category-politica","category-ultimas"],"yoast_head":"<!-- This site is optimized with the Yoast SEO plugin v27.1.1 - https:\/\/yoast.com\/product\/yoast-seo-wordpress\/ -->\n<title>\u201cTaxa da blusinha\u201d: Lula diz que Janja e \u201ca filha de todo mundo\u201d compram \u201cbugigangas\u201d internacionais - Brasil not\u00edcias<\/title>\n<meta name=\"robots\" content=\"index, follow, max-snippet:-1, max-image-preview:large, max-video-preview:-1\" \/>\n<link rel=\"canonical\" href=\"https:\/\/brasilnoticias.org\/site\/taxa-da-blusinha-lula-diz-que-janja-e-a-filha-de-todo-mundo-compram-bugigangas-internacionais\/\" \/>\n<meta property=\"og:locale\" content=\"pt_PT\" \/>\n<meta property=\"og:type\" content=\"article\" \/>\n<meta property=\"og:title\" content=\"\u201cTaxa da blusinha\u201d: Lula diz que Janja e \u201ca filha de todo mundo\u201d compram \u201cbugigangas\u201d internacionais - Brasil not\u00edcias\" \/>\n<meta property=\"og:description\" content=\"Presidente tamb\u00e9m afirmou que, caso a taxa\u00e7\u00e3o seja aprovada pelo Congresso, a \u201ctend\u00eancia \u00e9 vetar\u201d O presidente Luiz In\u00e1cio Lula\" \/>\n<meta property=\"og:url\" content=\"https:\/\/brasilnoticias.org\/site\/taxa-da-blusinha-lula-diz-que-janja-e-a-filha-de-todo-mundo-compram-bugigangas-internacionais\/\" \/>\n<meta property=\"og:site_name\" content=\"Brasil not\u00edcias\" \/>\n<meta property=\"article:published_time\" content=\"2024-05-24T01:51:30+00:00\" \/>\n<meta property=\"og:image\" content=\"https:\/\/brasilnoticias.org\/site\/wp-content\/uploads\/2024\/05\/lula-ricardo-stuckert-.jpg\" \/>\n\t<meta property=\"og:image:width\" content=\"740\" \/>\n\t<meta property=\"og:image:height\" content=\"470\" \/>\n\t<meta property=\"og:image:type\" content=\"image\/jpeg\" \/>\n<meta name=\"author\" content=\"Reda\u00e7\u00e3o\" \/>\n<meta name=\"twitter:card\" content=\"summary_large_image\" \/>\n<meta name=\"twitter:label1\" content=\"Escrito por\" \/>\n\t<meta name=\"twitter:data1\" content=\"Reda\u00e7\u00e3o\" \/>\n\t<meta name=\"twitter:label2\" content=\"Tempo estimado de leitura\" \/>\n\t<meta name=\"twitter:data2\" content=\"1 minuto\" \/>\n<script type=\"application\/ld+json\" class=\"yoast-schema-graph\">{\"@context\":\"https:\/\/schema.org\",\"@graph\":[{\"@type\":\"Article\",\"@id\":\"https:\/\/brasilnoticias.org\/site\/taxa-da-blusinha-lula-diz-que-janja-e-a-filha-de-todo-mundo-compram-bugigangas-internacionais\/#article\",\"isPartOf\":{\"@id\":\"https:\/\/brasilnoticias.org\/site\/taxa-da-blusinha-lula-diz-que-janja-e-a-filha-de-todo-mundo-compram-bugigangas-internacionais\/\"},\"author\":{\"name\":\"Reda\u00e7\u00e3o\",\"@id\":\"https:\/\/brasilnoticias.org\/site\/#\/schema\/person\/03bbbfe6c7634ad18c26444ea39049fa\"},\"headline\":\"\u201cTaxa da blusinha\u201d: Lula diz que Janja e \u201ca filha de todo mundo\u201d compram \u201cbugigangas\u201d internacionais\",\"datePublished\":\"2024-05-24T01:51:30+00:00\",\"mainEntityOfPage\":{\"@id\":\"https:\/\/brasilnoticias.org\/site\/taxa-da-blusinha-lula-diz-que-janja-e-a-filha-de-todo-mundo-compram-bugigangas-internacionais\/\"},\"wordCount\":326,\"commentCount\":0,\"publisher\":{\"@id\":\"https:\/\/brasilnoticias.org\/site\/#organization\"},\"image\":{\"@id\":\"https:\/\/brasilnoticias.org\/site\/taxa-da-blusinha-lula-diz-que-janja-e-a-filha-de-todo-mundo-compram-bugigangas-internacionais\/#primaryimage\"},\"thumbnailUrl\":\"https:\/\/brasilnoticias.org\/site\/wp-content\/uploads\/2024\/05\/lula-ricardo-stuckert-.jpg\",\"articleSection\":[\"Pol\u00edtica\",\"\u00daltimas\"],\"inLanguage\":\"pt-PT\",\"potentialAction\":[{\"@type\":\"CommentAction\",\"name\":\"Comment\",\"target\":[\"https:\/\/brasilnoticias.org\/site\/taxa-da-blusinha-lula-diz-que-janja-e-a-filha-de-todo-mundo-compram-bugigangas-internacionais\/#respond\"]}]},{\"@type\":\"WebPage\",\"@id\":\"https:\/\/brasilnoticias.org\/site\/taxa-da-blusinha-lula-diz-que-janja-e-a-filha-de-todo-mundo-compram-bugigangas-internacionais\/\",\"url\":\"https:\/\/brasilnoticias.org\/site\/taxa-da-blusinha-lula-diz-que-janja-e-a-filha-de-todo-mundo-compram-bugigangas-internacionais\/\",\"name\":\"\u201cTaxa da blusinha\u201d: Lula diz que Janja e \u201ca filha de todo mundo\u201d compram \u201cbugigangas\u201d internacionais - Brasil not\u00edcias\",\"isPartOf\":{\"@id\":\"https:\/\/brasilnoticias.org\/site\/#website\"},\"primaryImageOfPage\":{\"@id\":\"https:\/\/brasilnoticias.org\/site\/taxa-da-blusinha-lula-diz-que-janja-e-a-filha-de-todo-mundo-compram-bugigangas-internacionais\/#primaryimage\"},\"image\":{\"@id\":\"https:\/\/brasilnoticias.org\/site\/taxa-da-blusinha-lula-diz-que-janja-e-a-filha-de-todo-mundo-compram-bugigangas-internacionais\/#primaryimage\"},\"thumbnailUrl\":\"https:\/\/brasilnoticias.org\/site\/wp-content\/uploads\/2024\/05\/lula-ricardo-stuckert-.jpg\",\"datePublished\":\"2024-05-24T01:51:30+00:00\",\"breadcrumb\":{\"@id\":\"https:\/\/brasilnoticias.org\/site\/taxa-da-blusinha-lula-diz-que-janja-e-a-filha-de-todo-mundo-compram-bugigangas-internacionais\/#breadcrumb\"},\"inLanguage\":\"pt-PT\",\"potentialAction\":[{\"@type\":\"ReadAction\",\"target\":[\"https:\/\/brasilnoticias.org\/site\/taxa-da-blusinha-lula-diz-que-janja-e-a-filha-de-todo-mundo-compram-bugigangas-internacionais\/\"]}]},{\"@type\":\"ImageObject\",\"inLanguage\":\"pt-PT\",\"@id\":\"https:\/\/brasilnoticias.org\/site\/taxa-da-blusinha-lula-diz-que-janja-e-a-filha-de-todo-mundo-compram-bugigangas-internacionais\/#primaryimage\",\"url\":\"https:\/\/brasilnoticias.org\/site\/wp-content\/uploads\/2024\/05\/lula-ricardo-stuckert-.jpg\",\"contentUrl\":\"https:\/\/brasilnoticias.org\/site\/wp-content\/uploads\/2024\/05\/lula-ricardo-stuckert-.jpg\",\"width\":740,\"height\":470},{\"@type\":\"BreadcrumbList\",\"@id\":\"https:\/\/brasilnoticias.org\/site\/taxa-da-blusinha-lula-diz-que-janja-e-a-filha-de-todo-mundo-compram-bugigangas-internacionais\/#breadcrumb\",\"itemListElement\":[{\"@type\":\"ListItem\",\"position\":1,\"name\":\"In\u00edcio\",\"item\":\"https:\/\/brasilnoticias.org\/site\/\"},{\"@type\":\"ListItem\",\"position\":2,\"name\":\"\u201cTaxa da blusinha\u201d: Lula diz que Janja e \u201ca filha de todo mundo\u201d compram \u201cbugigangas\u201d internacionais\"}]},{\"@type\":\"WebSite\",\"@id\":\"https:\/\/brasilnoticias.org\/site\/#website\",\"url\":\"https:\/\/brasilnoticias.org\/site\/\",\"name\":\"Brasil not\u00edcias\",\"description\":\"Brasil not\u00edcias\",\"publisher\":{\"@id\":\"https:\/\/brasilnoticias.org\/site\/#organization\"},\"potentialAction\":[{\"@type\":\"SearchAction\",\"target\":{\"@type\":\"EntryPoint\",\"urlTemplate\":\"https:\/\/brasilnoticias.org\/site\/?s={search_term_string}\"},\"query-input\":{\"@type\":\"PropertyValueSpecification\",\"valueRequired\":true,\"valueName\":\"search_term_string\"}}],\"inLanguage\":\"pt-PT\"},{\"@type\":\"Organization\",\"@id\":\"https:\/\/brasilnoticias.org\/site\/#organization\",\"name\":\"Brasil not\u00edcias\",\"url\":\"https:\/\/brasilnoticias.org\/site\/\",\"logo\":{\"@type\":\"ImageObject\",\"inLanguage\":\"pt-PT\",\"@id\":\"https:\/\/brasilnoticias.org\/site\/#\/schema\/logo\/image\/\",\"url\":\"https:\/\/brasilnoticias.org\/site\/wp-content\/uploads\/2022\/05\/cropped-brasilnoticias-mini.jpg\",\"contentUrl\":\"https:\/\/brasilnoticias.org\/site\/wp-content\/uploads\/2022\/05\/cropped-brasilnoticias-mini.jpg\",\"width\":314,\"height\":86,\"caption\":\"Brasil not\u00edcias\"},\"image\":{\"@id\":\"https:\/\/brasilnoticias.org\/site\/#\/schema\/logo\/image\/\"}},{\"@type\":\"Person\",\"@id\":\"https:\/\/brasilnoticias.org\/site\/#\/schema\/person\/03bbbfe6c7634ad18c26444ea39049fa\",\"name\":\"Reda\u00e7\u00e3o\",\"image\":{\"@type\":\"ImageObject\",\"inLanguage\":\"pt-PT\",\"@id\":\"https:\/\/brasilnoticias.org\/site\/#\/schema\/person\/image\/\",\"url\":\"https:\/\/secure.gravatar.com\/avatar\/9ecaf7327a696cb23ad926fedded5f1f04d7049de9e445375d55b48c001a6e42?s=96&d=mm&r=g\",\"contentUrl\":\"https:\/\/secure.gravatar.com\/avatar\/9ecaf7327a696cb23ad926fedded5f1f04d7049de9e445375d55b48c001a6e42?s=96&d=mm&r=g\",\"caption\":\"Reda\u00e7\u00e3o\"},\"url\":\"https:\/\/brasilnoticias.org\/site\/author\/henrique\/\"}]}<\/script>\n<!-- \/ Yoast SEO plugin. -->","yoast_head_json":{"title":"\u201cTaxa da blusinha\u201d: Lula diz que Janja e \u201ca filha de todo mundo\u201d compram \u201cbugigangas\u201d internacionais - Brasil not\u00edcias","robots":{"index":"index","follow":"follow","max-snippet":"max-snippet:-1","max-image-preview":"max-image-preview:large","max-video-preview":"max-video-preview:-1"},"canonical":"https:\/\/brasilnoticias.org\/site\/taxa-da-blusinha-lula-diz-que-janja-e-a-filha-de-todo-mundo-compram-bugigangas-internacionais\/","og_locale":"pt_PT","og_type":"article","og_title":"\u201cTaxa da blusinha\u201d: Lula diz que Janja e \u201ca filha de todo mundo\u201d compram \u201cbugigangas\u201d internacionais - Brasil not\u00edcias","og_description":"Presidente tamb\u00e9m afirmou que, caso a taxa\u00e7\u00e3o seja aprovada pelo Congresso, a \u201ctend\u00eancia \u00e9 vetar\u201d O presidente Luiz In\u00e1cio Lula","og_url":"https:\/\/brasilnoticias.org\/site\/taxa-da-blusinha-lula-diz-que-janja-e-a-filha-de-todo-mundo-compram-bugigangas-internacionais\/","og_site_name":"Brasil not\u00edcias","article_published_time":"2024-05-24T01:51:30+00:00","og_image":[{"width":740,"height":470,"url":"https:\/\/brasilnoticias.org\/site\/wp-content\/uploads\/2024\/05\/lula-ricardo-stuckert-.jpg","type":"image\/jpeg"}],"author":"Reda\u00e7\u00e3o","twitter_card":"summary_large_image","twitter_misc":{"Escrito por":"Reda\u00e7\u00e3o","Tempo estimado de leitura":"1 minuto"},"schema":{"@context":"https:\/\/schema.org","@graph":[{"@type":"Article","@id":"https:\/\/brasilnoticias.org\/site\/taxa-da-blusinha-lula-diz-que-janja-e-a-filha-de-todo-mundo-compram-bugigangas-internacionais\/#article","isPartOf":{"@id":"https:\/\/brasilnoticias.org\/site\/taxa-da-blusinha-lula-diz-que-janja-e-a-filha-de-todo-mundo-compram-bugigangas-internacionais\/"},"author":{"name":"Reda\u00e7\u00e3o","@id":"https:\/\/brasilnoticias.org\/site\/#\/schema\/person\/03bbbfe6c7634ad18c26444ea39049fa"},"headline":"\u201cTaxa da blusinha\u201d: Lula diz que Janja e \u201ca filha de todo mundo\u201d compram \u201cbugigangas\u201d internacionais","datePublished":"2024-05-24T01:51:30+00:00","mainEntityOfPage":{"@id":"https:\/\/brasilnoticias.org\/site\/taxa-da-blusinha-lula-diz-que-janja-e-a-filha-de-todo-mundo-compram-bugigangas-internacionais\/"},"wordCount":326,"commentCount":0,"publisher":{"@id":"https:\/\/brasilnoticias.org\/site\/#organization"},"image":{"@id":"https:\/\/brasilnoticias.org\/site\/taxa-da-blusinha-lula-diz-que-janja-e-a-filha-de-todo-mundo-compram-bugigangas-internacionais\/#primaryimage"},"thumbnailUrl":"https:\/\/brasilnoticias.org\/site\/wp-content\/uploads\/2024\/05\/lula-ricardo-stuckert-.jpg","articleSection":["Pol\u00edtica","\u00daltimas"],"inLanguage":"pt-PT","potentialAction":[{"@type":"CommentAction","name":"Comment","target":["https:\/\/brasilnoticias.org\/site\/taxa-da-blusinha-lula-diz-que-janja-e-a-filha-de-todo-mundo-compram-bugigangas-internacionais\/#respond"]}]},{"@type":"WebPage","@id":"https:\/\/brasilnoticias.org\/site\/taxa-da-blusinha-lula-diz-que-janja-e-a-filha-de-todo-mundo-compram-bugigangas-internacionais\/","url":"https:\/\/brasilnoticias.org\/site\/taxa-da-blusinha-lula-diz-que-janja-e-a-filha-de-todo-mundo-compram-bugigangas-internacionais\/","name":"\u201cTaxa da blusinha\u201d: Lula diz que Janja e \u201ca filha de todo mundo\u201d compram \u201cbugigangas\u201d internacionais - Brasil not\u00edcias","isPartOf":{"@id":"https:\/\/brasilnoticias.org\/site\/#website"},"primaryImageOfPage":{"@id":"https:\/\/brasilnoticias.org\/site\/taxa-da-blusinha-lula-diz-que-janja-e-a-filha-de-todo-mundo-compram-bugigangas-internacionais\/#primaryimage"},"image":{"@id":"https:\/\/brasilnoticias.org\/site\/taxa-da-blusinha-lula-diz-que-janja-e-a-filha-de-todo-mundo-compram-bugigangas-internacionais\/#primaryimage"},"thumbnailUrl":"https:\/\/brasilnoticias.org\/site\/wp-content\/uploads\/2024\/05\/lula-ricardo-stuckert-.jpg","datePublished":"2024-05-24T01:51:30+00:00","breadcrumb":{"@id":"https:\/\/brasilnoticias.org\/site\/taxa-da-blusinha-lula-diz-que-janja-e-a-filha-de-todo-mundo-compram-bugigangas-internacionais\/#breadcrumb"},"inLanguage":"pt-PT","potentialAction":[{"@type":"ReadAction","target":["https:\/\/brasilnoticias.org\/site\/taxa-da-blusinha-lula-diz-que-janja-e-a-filha-de-todo-mundo-compram-bugigangas-internacionais\/"]}]},{"@type":"ImageObject","inLanguage":"pt-PT","@id":"https:\/\/brasilnoticias.org\/site\/taxa-da-blusinha-lula-diz-que-janja-e-a-filha-de-todo-mundo-compram-bugigangas-internacionais\/#primaryimage","url":"https:\/\/brasilnoticias.org\/site\/wp-content\/uploads\/2024\/05\/lula-ricardo-stuckert-.jpg","contentUrl":"https:\/\/brasilnoticias.org\/site\/wp-content\/uploads\/2024\/05\/lula-ricardo-stuckert-.jpg","width":740,"height":470},{"@type":"BreadcrumbList","@id":"https:\/\/brasilnoticias.org\/site\/taxa-da-blusinha-lula-diz-que-janja-e-a-filha-de-todo-mundo-compram-bugigangas-internacionais\/#breadcrumb","itemListElement":[{"@type":"ListItem","position":1,"name":"In\u00edcio","item":"https:\/\/brasilnoticias.org\/site\/"},{"@type":"ListItem","position":2,"name":"\u201cTaxa da blusinha\u201d: Lula diz que Janja e \u201ca filha de todo mundo\u201d compram \u201cbugigangas\u201d internacionais"}]},{"@type":"WebSite","@id":"https:\/\/brasilnoticias.org\/site\/#website","url":"https:\/\/brasilnoticias.org\/site\/","name":"Brasil not\u00edcias","description":"Brasil not\u00edcias","publisher":{"@id":"https:\/\/brasilnoticias.org\/site\/#organization"},"potentialAction":[{"@type":"SearchAction","target":{"@type":"EntryPoint","urlTemplate":"https:\/\/brasilnoticias.org\/site\/?s={search_term_string}"},"query-input":{"@type":"PropertyValueSpecification","valueRequired":true,"valueName":"search_term_string"}}],"inLanguage":"pt-PT"},{"@type":"Organization","@id":"https:\/\/brasilnoticias.org\/site\/#organization","name":"Brasil not\u00edcias","url":"https:\/\/brasilnoticias.org\/site\/","logo":{"@type":"ImageObject","inLanguage":"pt-PT","@id":"https:\/\/brasilnoticias.org\/site\/#\/schema\/logo\/image\/","url":"https:\/\/brasilnoticias.org\/site\/wp-content\/uploads\/2022\/05\/cropped-brasilnoticias-mini.jpg","contentUrl":"https:\/\/brasilnoticias.org\/site\/wp-content\/uploads\/2022\/05\/cropped-brasilnoticias-mini.jpg","width":314,"height":86,"caption":"Brasil not\u00edcias"},"image":{"@id":"https:\/\/brasilnoticias.org\/site\/#\/schema\/logo\/image\/"}},{"@type":"Person","@id":"https:\/\/brasilnoticias.org\/site\/#\/schema\/person\/03bbbfe6c7634ad18c26444ea39049fa","name":"Reda\u00e7\u00e3o","image":{"@type":"ImageObject","inLanguage":"pt-PT","@id":"https:\/\/brasilnoticias.org\/site\/#\/schema\/person\/image\/","url":"https:\/\/secure.gravatar.com\/avatar\/9ecaf7327a696cb23ad926fedded5f1f04d7049de9e445375d55b48c001a6e42?s=96&d=mm&r=g","contentUrl":"https:\/\/secure.gravatar.com\/avatar\/9ecaf7327a696cb23ad926fedded5f1f04d7049de9e445375d55b48c001a6e42?s=96&d=mm&r=g","caption":"Reda\u00e7\u00e3o"},"url":"https:\/\/brasilnoticias.org\/site\/author\/henrique\/"}]}},"_links":{"self":[{"href":"https:\/\/brasilnoticias.org\/site\/wp-json\/wp\/v2\/posts\/14239","targetHints":{"allow":["GET"]}}],"collection":[{"href":"https:\/\/brasilnoticias.org\/site\/wp-json\/wp\/v2\/posts"}],"about":[{"href":"https:\/\/brasilnoticias.org\/site\/wp-json\/wp\/v2\/types\/post"}],"author":[{"embeddable":true,"href":"https:\/\/brasilnoticias.org\/site\/wp-json\/wp\/v2\/users\/4"}],"replies":[{"embeddable":true,"href":"https:\/\/brasilnoticias.org\/site\/wp-json\/wp\/v2\/comments?post=14239"}],"version-history":[{"count":1,"href":"https:\/\/brasilnoticias.org\/site\/wp-json\/wp\/v2\/posts\/14239\/revisions"}],"predecessor-version":[{"id":14241,"href":"https:\/\/brasilnoticias.org\/site\/wp-json\/wp\/v2\/posts\/14239\/revisions\/14241"}],"wp:featuredmedia":[{"embeddable":true,"href":"https:\/\/brasilnoticias.org\/site\/wp-json\/wp\/v2\/media\/14240"}],"wp:attachment":[{"href":"https:\/\/brasilnoticias.org\/site\/wp-json\/wp\/v2\/media?parent=14239"}],"wp:term":[{"taxonomy":"category","embeddable":true,"href":"https:\/\/brasilnoticias.org\/site\/wp-json\/wp\/v2\/categories?post=14239"},{"taxonomy":"post_tag","embeddable":true,"href":"https:\/\/brasilnoticias.org\/site\/wp-json\/wp\/v2\/tags?post=14239"}],"curies":[{"name":"wp","href":"https:\/\/api.w.org\/{rel}","templated":true}]}}