{"id":14248,"date":"2024-05-25T19:47:42","date_gmt":"2024-05-25T22:47:42","guid":{"rendered":"https:\/\/brasilnoticias.org\/site\/?p=14248"},"modified":"2024-05-25T19:47:42","modified_gmt":"2024-05-25T22:47:42","slug":"prefeito-de-salvador-aguarda-acordo-entre-empresarios-e-rodoviarios-para-evitar-greve","status":"publish","type":"post","link":"https:\/\/brasilnoticias.org\/site\/prefeito-de-salvador-aguarda-acordo-entre-empresarios-e-rodoviarios-para-evitar-greve\/","title":{"rendered":"Prefeito de Salvador aguarda acordo entre empres\u00e1rios e rodovi\u00e1rios para evitar greve"},"content":{"rendered":"<p>Prefeito da capital espera que empres\u00e1rios e rodivi\u00e1rios entrem em consenso<\/p>\n<p>Neste s\u00e1bado (25), durante as homenagens concedidas ao Presidente do Benin, o prefeito Bruno Reis dialogou sobre a poss\u00edvel greve dos rodovi\u00e1rios. O prefeito destacou o papel de mediador que a prefeitura da capital tem feito nas negocia\u00e7\u00f5es entre empres\u00e1rios e rodovi\u00e1rios do setor de transporte p\u00fablico.<\/p>\n<p>Uma nova rodada de negocia\u00e7\u00f5es ser\u00e1 realizada na pr\u00f3xima segunda-feira (27). \u201cTenho muita esperan\u00e7a de que n\u00e3o ir\u00e1 ocorrer greve. Segunda-feira vai ter uma reuni\u00e3o de media\u00e7\u00e3o no TRT, ent\u00e3o espero que possa haver um acordo entre os rodovi\u00e1rios e patr\u00f5es. Ainda hoje vou conversar com os dois lados e espero que, caso n\u00e3o haja acordo, que a Justi\u00e7a possa resolver o mais breve poss\u00edvel, antes da quarta-feira para que n\u00e3o tenha paralisa\u00e7\u00e3o de qualquer linha de \u00f4nibus\u201d, afirmou Bruno Reis.<\/p>\n<p>Al\u00e9m disso, o prefeito comentou sobre a crise vivida, o mesmo disse que empres\u00e1rios est\u00e3o com dificuldade de arcar com as despesas do setor, e tamb\u00e9m recolher tributos. \u201cEsta semana, a prefeitura pagou parte do subs\u00eddio para que os empres\u00e1rios pudessem fazer o recolhimento do FGTS dos trabalhadores. Os empres\u00e1rios est\u00e3o \u2018vendendo o almo\u00e7o para comprar a janta\u2019 \u201c, destacou.<\/p>\n<p>O gestor da capital baiana informou que, caso a paralis\u00e7\u00e3o ocorra, a prefeitura tem ferramentas para diminuir os transtornos que poder\u00e3o ser causados a popula\u00e7\u00e3o. O mesmo acredita que haver\u00e1 concess\u00f5es de ambos os lados, e est\u00e1 otimista para que empres\u00e1rios e rodovi\u00e1rios se comprometam com o cidad\u00e3o.<\/p>\n<p>Foto: Divulga\u00e7\u00e3o<br \/>\nAratu On<\/p>\n","protected":false},"excerpt":{"rendered":"<p>Prefeito da capital espera que empres\u00e1rios e rodivi\u00e1rios entrem em consenso Neste s\u00e1bado (25), durante as homenagens concedidas ao Presidente<\/p>\n","protected":false},"author":4,"featured_media":14249,"comment_status":"open","ping_status":"open","sticky":false,"template":"","format":"standard","meta":{"colormag_page_container_layout":"default_layout","colormag_page_sidebar_layout":"default_layout","_FSMCFIC_featured_image_caption":"","_FSMCFIC_featured_image_nocaption":"","_FSMCFIC_featured_image_hide":"","footnotes":""},"categories":[2,1],"tags":[],"class_list":["post-14248","post","type-post","status-publish","format-standard","has-post-thumbnail","hentry","category-noticias","category-ultimas"],"yoast_head":"<!-- This site is optimized with the Yoast SEO plugin v27.1.1 - https:\/\/yoast.com\/product\/yoast-seo-wordpress\/ -->\n<title>Prefeito de Salvador aguarda acordo entre empres\u00e1rios e rodovi\u00e1rios para evitar greve - Brasil not\u00edcias<\/title>\n<meta name=\"robots\" content=\"index, follow, max-snippet:-1, max-image-preview:large, max-video-preview:-1\" \/>\n<link rel=\"canonical\" href=\"https:\/\/brasilnoticias.org\/site\/prefeito-de-salvador-aguarda-acordo-entre-empresarios-e-rodoviarios-para-evitar-greve\/\" \/>\n<meta property=\"og:locale\" content=\"pt_PT\" \/>\n<meta property=\"og:type\" content=\"article\" \/>\n<meta property=\"og:title\" content=\"Prefeito de Salvador aguarda acordo entre empres\u00e1rios e rodovi\u00e1rios para evitar greve - Brasil not\u00edcias\" \/>\n<meta property=\"og:description\" content=\"Prefeito da capital espera que empres\u00e1rios e rodivi\u00e1rios entrem em consenso Neste s\u00e1bado (25), durante as homenagens concedidas ao Presidente\" \/>\n<meta property=\"og:url\" content=\"https:\/\/brasilnoticias.org\/site\/prefeito-de-salvador-aguarda-acordo-entre-empresarios-e-rodoviarios-para-evitar-greve\/\" \/>\n<meta property=\"og:site_name\" content=\"Brasil not\u00edcias\" \/>\n<meta property=\"article:published_time\" content=\"2024-05-25T22:47:42+00:00\" \/>\n<meta property=\"og:image\" content=\"https:\/\/brasilnoticias.org\/site\/wp-content\/uploads\/2024\/05\/frota-onibus-960x500-1.jpeg\" \/>\n\t<meta property=\"og:image:width\" content=\"960\" \/>\n\t<meta property=\"og:image:height\" content=\"500\" \/>\n\t<meta property=\"og:image:type\" content=\"image\/jpeg\" \/>\n<meta name=\"author\" content=\"Reda\u00e7\u00e3o\" \/>\n<meta name=\"twitter:card\" content=\"summary_large_image\" \/>\n<meta name=\"twitter:label1\" content=\"Escrito por\" \/>\n\t<meta name=\"twitter:data1\" content=\"Reda\u00e7\u00e3o\" \/>\n\t<meta name=\"twitter:label2\" content=\"Tempo estimado de leitura\" \/>\n\t<meta name=\"twitter:data2\" content=\"1 minuto\" \/>\n<script type=\"application\/ld+json\" class=\"yoast-schema-graph\">{\"@context\":\"https:\/\/schema.org\",\"@graph\":[{\"@type\":\"Article\",\"@id\":\"https:\/\/brasilnoticias.org\/site\/prefeito-de-salvador-aguarda-acordo-entre-empresarios-e-rodoviarios-para-evitar-greve\/#article\",\"isPartOf\":{\"@id\":\"https:\/\/brasilnoticias.org\/site\/prefeito-de-salvador-aguarda-acordo-entre-empresarios-e-rodoviarios-para-evitar-greve\/\"},\"author\":{\"name\":\"Reda\u00e7\u00e3o\",\"@id\":\"https:\/\/brasilnoticias.org\/site\/#\/schema\/person\/03bbbfe6c7634ad18c26444ea39049fa\"},\"headline\":\"Prefeito de Salvador aguarda acordo entre empres\u00e1rios e rodovi\u00e1rios para evitar greve\",\"datePublished\":\"2024-05-25T22:47:42+00:00\",\"mainEntityOfPage\":{\"@id\":\"https:\/\/brasilnoticias.org\/site\/prefeito-de-salvador-aguarda-acordo-entre-empresarios-e-rodoviarios-para-evitar-greve\/\"},\"wordCount\":302,\"commentCount\":0,\"publisher\":{\"@id\":\"https:\/\/brasilnoticias.org\/site\/#organization\"},\"image\":{\"@id\":\"https:\/\/brasilnoticias.org\/site\/prefeito-de-salvador-aguarda-acordo-entre-empresarios-e-rodoviarios-para-evitar-greve\/#primaryimage\"},\"thumbnailUrl\":\"https:\/\/brasilnoticias.org\/site\/wp-content\/uploads\/2024\/05\/frota-onibus-960x500-1.jpeg\",\"articleSection\":[\"Not\u00edcias\",\"\u00daltimas\"],\"inLanguage\":\"pt-PT\",\"potentialAction\":[{\"@type\":\"CommentAction\",\"name\":\"Comment\",\"target\":[\"https:\/\/brasilnoticias.org\/site\/prefeito-de-salvador-aguarda-acordo-entre-empresarios-e-rodoviarios-para-evitar-greve\/#respond\"]}]},{\"@type\":\"WebPage\",\"@id\":\"https:\/\/brasilnoticias.org\/site\/prefeito-de-salvador-aguarda-acordo-entre-empresarios-e-rodoviarios-para-evitar-greve\/\",\"url\":\"https:\/\/brasilnoticias.org\/site\/prefeito-de-salvador-aguarda-acordo-entre-empresarios-e-rodoviarios-para-evitar-greve\/\",\"name\":\"Prefeito de Salvador aguarda acordo entre empres\u00e1rios e rodovi\u00e1rios para evitar greve - Brasil not\u00edcias\",\"isPartOf\":{\"@id\":\"https:\/\/brasilnoticias.org\/site\/#website\"},\"primaryImageOfPage\":{\"@id\":\"https:\/\/brasilnoticias.org\/site\/prefeito-de-salvador-aguarda-acordo-entre-empresarios-e-rodoviarios-para-evitar-greve\/#primaryimage\"},\"image\":{\"@id\":\"https:\/\/brasilnoticias.org\/site\/prefeito-de-salvador-aguarda-acordo-entre-empresarios-e-rodoviarios-para-evitar-greve\/#primaryimage\"},\"thumbnailUrl\":\"https:\/\/brasilnoticias.org\/site\/wp-content\/uploads\/2024\/05\/frota-onibus-960x500-1.jpeg\",\"datePublished\":\"2024-05-25T22:47:42+00:00\",\"breadcrumb\":{\"@id\":\"https:\/\/brasilnoticias.org\/site\/prefeito-de-salvador-aguarda-acordo-entre-empresarios-e-rodoviarios-para-evitar-greve\/#breadcrumb\"},\"inLanguage\":\"pt-PT\",\"potentialAction\":[{\"@type\":\"ReadAction\",\"target\":[\"https:\/\/brasilnoticias.org\/site\/prefeito-de-salvador-aguarda-acordo-entre-empresarios-e-rodoviarios-para-evitar-greve\/\"]}]},{\"@type\":\"ImageObject\",\"inLanguage\":\"pt-PT\",\"@id\":\"https:\/\/brasilnoticias.org\/site\/prefeito-de-salvador-aguarda-acordo-entre-empresarios-e-rodoviarios-para-evitar-greve\/#primaryimage\",\"url\":\"https:\/\/brasilnoticias.org\/site\/wp-content\/uploads\/2024\/05\/frota-onibus-960x500-1.jpeg\",\"contentUrl\":\"https:\/\/brasilnoticias.org\/site\/wp-content\/uploads\/2024\/05\/frota-onibus-960x500-1.jpeg\",\"width\":960,\"height\":500},{\"@type\":\"BreadcrumbList\",\"@id\":\"https:\/\/brasilnoticias.org\/site\/prefeito-de-salvador-aguarda-acordo-entre-empresarios-e-rodoviarios-para-evitar-greve\/#breadcrumb\",\"itemListElement\":[{\"@type\":\"ListItem\",\"position\":1,\"name\":\"In\u00edcio\",\"item\":\"https:\/\/brasilnoticias.org\/site\/\"},{\"@type\":\"ListItem\",\"position\":2,\"name\":\"Prefeito de Salvador aguarda acordo entre empres\u00e1rios e rodovi\u00e1rios para evitar greve\"}]},{\"@type\":\"WebSite\",\"@id\":\"https:\/\/brasilnoticias.org\/site\/#website\",\"url\":\"https:\/\/brasilnoticias.org\/site\/\",\"name\":\"Brasil not\u00edcias\",\"description\":\"Brasil not\u00edcias\",\"publisher\":{\"@id\":\"https:\/\/brasilnoticias.org\/site\/#organization\"},\"potentialAction\":[{\"@type\":\"SearchAction\",\"target\":{\"@type\":\"EntryPoint\",\"urlTemplate\":\"https:\/\/brasilnoticias.org\/site\/?s={search_term_string}\"},\"query-input\":{\"@type\":\"PropertyValueSpecification\",\"valueRequired\":true,\"valueName\":\"search_term_string\"}}],\"inLanguage\":\"pt-PT\"},{\"@type\":\"Organization\",\"@id\":\"https:\/\/brasilnoticias.org\/site\/#organization\",\"name\":\"Brasil not\u00edcias\",\"url\":\"https:\/\/brasilnoticias.org\/site\/\",\"logo\":{\"@type\":\"ImageObject\",\"inLanguage\":\"pt-PT\",\"@id\":\"https:\/\/brasilnoticias.org\/site\/#\/schema\/logo\/image\/\",\"url\":\"https:\/\/brasilnoticias.org\/site\/wp-content\/uploads\/2022\/05\/cropped-brasilnoticias-mini.jpg\",\"contentUrl\":\"https:\/\/brasilnoticias.org\/site\/wp-content\/uploads\/2022\/05\/cropped-brasilnoticias-mini.jpg\",\"width\":314,\"height\":86,\"caption\":\"Brasil not\u00edcias\"},\"image\":{\"@id\":\"https:\/\/brasilnoticias.org\/site\/#\/schema\/logo\/image\/\"}},{\"@type\":\"Person\",\"@id\":\"https:\/\/brasilnoticias.org\/site\/#\/schema\/person\/03bbbfe6c7634ad18c26444ea39049fa\",\"name\":\"Reda\u00e7\u00e3o\",\"image\":{\"@type\":\"ImageObject\",\"inLanguage\":\"pt-PT\",\"@id\":\"https:\/\/brasilnoticias.org\/site\/#\/schema\/person\/image\/\",\"url\":\"https:\/\/secure.gravatar.com\/avatar\/9ecaf7327a696cb23ad926fedded5f1f04d7049de9e445375d55b48c001a6e42?s=96&d=mm&r=g\",\"contentUrl\":\"https:\/\/secure.gravatar.com\/avatar\/9ecaf7327a696cb23ad926fedded5f1f04d7049de9e445375d55b48c001a6e42?s=96&d=mm&r=g\",\"caption\":\"Reda\u00e7\u00e3o\"},\"url\":\"https:\/\/brasilnoticias.org\/site\/author\/henrique\/\"}]}<\/script>\n<!-- \/ Yoast SEO plugin. -->","yoast_head_json":{"title":"Prefeito de Salvador aguarda acordo entre empres\u00e1rios e rodovi\u00e1rios para evitar greve - Brasil not\u00edcias","robots":{"index":"index","follow":"follow","max-snippet":"max-snippet:-1","max-image-preview":"max-image-preview:large","max-video-preview":"max-video-preview:-1"},"canonical":"https:\/\/brasilnoticias.org\/site\/prefeito-de-salvador-aguarda-acordo-entre-empresarios-e-rodoviarios-para-evitar-greve\/","og_locale":"pt_PT","og_type":"article","og_title":"Prefeito de Salvador aguarda acordo entre empres\u00e1rios e rodovi\u00e1rios para evitar greve - Brasil not\u00edcias","og_description":"Prefeito da capital espera que empres\u00e1rios e rodivi\u00e1rios entrem em consenso Neste s\u00e1bado (25), durante as homenagens concedidas ao Presidente","og_url":"https:\/\/brasilnoticias.org\/site\/prefeito-de-salvador-aguarda-acordo-entre-empresarios-e-rodoviarios-para-evitar-greve\/","og_site_name":"Brasil not\u00edcias","article_published_time":"2024-05-25T22:47:42+00:00","og_image":[{"width":960,"height":500,"url":"https:\/\/brasilnoticias.org\/site\/wp-content\/uploads\/2024\/05\/frota-onibus-960x500-1.jpeg","type":"image\/jpeg"}],"author":"Reda\u00e7\u00e3o","twitter_card":"summary_large_image","twitter_misc":{"Escrito por":"Reda\u00e7\u00e3o","Tempo estimado de leitura":"1 minuto"},"schema":{"@context":"https:\/\/schema.org","@graph":[{"@type":"Article","@id":"https:\/\/brasilnoticias.org\/site\/prefeito-de-salvador-aguarda-acordo-entre-empresarios-e-rodoviarios-para-evitar-greve\/#article","isPartOf":{"@id":"https:\/\/brasilnoticias.org\/site\/prefeito-de-salvador-aguarda-acordo-entre-empresarios-e-rodoviarios-para-evitar-greve\/"},"author":{"name":"Reda\u00e7\u00e3o","@id":"https:\/\/brasilnoticias.org\/site\/#\/schema\/person\/03bbbfe6c7634ad18c26444ea39049fa"},"headline":"Prefeito de Salvador aguarda acordo entre empres\u00e1rios e rodovi\u00e1rios para evitar greve","datePublished":"2024-05-25T22:47:42+00:00","mainEntityOfPage":{"@id":"https:\/\/brasilnoticias.org\/site\/prefeito-de-salvador-aguarda-acordo-entre-empresarios-e-rodoviarios-para-evitar-greve\/"},"wordCount":302,"commentCount":0,"publisher":{"@id":"https:\/\/brasilnoticias.org\/site\/#organization"},"image":{"@id":"https:\/\/brasilnoticias.org\/site\/prefeito-de-salvador-aguarda-acordo-entre-empresarios-e-rodoviarios-para-evitar-greve\/#primaryimage"},"thumbnailUrl":"https:\/\/brasilnoticias.org\/site\/wp-content\/uploads\/2024\/05\/frota-onibus-960x500-1.jpeg","articleSection":["Not\u00edcias","\u00daltimas"],"inLanguage":"pt-PT","potentialAction":[{"@type":"CommentAction","name":"Comment","target":["https:\/\/brasilnoticias.org\/site\/prefeito-de-salvador-aguarda-acordo-entre-empresarios-e-rodoviarios-para-evitar-greve\/#respond"]}]},{"@type":"WebPage","@id":"https:\/\/brasilnoticias.org\/site\/prefeito-de-salvador-aguarda-acordo-entre-empresarios-e-rodoviarios-para-evitar-greve\/","url":"https:\/\/brasilnoticias.org\/site\/prefeito-de-salvador-aguarda-acordo-entre-empresarios-e-rodoviarios-para-evitar-greve\/","name":"Prefeito de Salvador aguarda acordo entre empres\u00e1rios e rodovi\u00e1rios para evitar greve - Brasil not\u00edcias","isPartOf":{"@id":"https:\/\/brasilnoticias.org\/site\/#website"},"primaryImageOfPage":{"@id":"https:\/\/brasilnoticias.org\/site\/prefeito-de-salvador-aguarda-acordo-entre-empresarios-e-rodoviarios-para-evitar-greve\/#primaryimage"},"image":{"@id":"https:\/\/brasilnoticias.org\/site\/prefeito-de-salvador-aguarda-acordo-entre-empresarios-e-rodoviarios-para-evitar-greve\/#primaryimage"},"thumbnailUrl":"https:\/\/brasilnoticias.org\/site\/wp-content\/uploads\/2024\/05\/frota-onibus-960x500-1.jpeg","datePublished":"2024-05-25T22:47:42+00:00","breadcrumb":{"@id":"https:\/\/brasilnoticias.org\/site\/prefeito-de-salvador-aguarda-acordo-entre-empresarios-e-rodoviarios-para-evitar-greve\/#breadcrumb"},"inLanguage":"pt-PT","potentialAction":[{"@type":"ReadAction","target":["https:\/\/brasilnoticias.org\/site\/prefeito-de-salvador-aguarda-acordo-entre-empresarios-e-rodoviarios-para-evitar-greve\/"]}]},{"@type":"ImageObject","inLanguage":"pt-PT","@id":"https:\/\/brasilnoticias.org\/site\/prefeito-de-salvador-aguarda-acordo-entre-empresarios-e-rodoviarios-para-evitar-greve\/#primaryimage","url":"https:\/\/brasilnoticias.org\/site\/wp-content\/uploads\/2024\/05\/frota-onibus-960x500-1.jpeg","contentUrl":"https:\/\/brasilnoticias.org\/site\/wp-content\/uploads\/2024\/05\/frota-onibus-960x500-1.jpeg","width":960,"height":500},{"@type":"BreadcrumbList","@id":"https:\/\/brasilnoticias.org\/site\/prefeito-de-salvador-aguarda-acordo-entre-empresarios-e-rodoviarios-para-evitar-greve\/#breadcrumb","itemListElement":[{"@type":"ListItem","position":1,"name":"In\u00edcio","item":"https:\/\/brasilnoticias.org\/site\/"},{"@type":"ListItem","position":2,"name":"Prefeito de Salvador aguarda acordo entre empres\u00e1rios e rodovi\u00e1rios para evitar greve"}]},{"@type":"WebSite","@id":"https:\/\/brasilnoticias.org\/site\/#website","url":"https:\/\/brasilnoticias.org\/site\/","name":"Brasil not\u00edcias","description":"Brasil not\u00edcias","publisher":{"@id":"https:\/\/brasilnoticias.org\/site\/#organization"},"potentialAction":[{"@type":"SearchAction","target":{"@type":"EntryPoint","urlTemplate":"https:\/\/brasilnoticias.org\/site\/?s={search_term_string}"},"query-input":{"@type":"PropertyValueSpecification","valueRequired":true,"valueName":"search_term_string"}}],"inLanguage":"pt-PT"},{"@type":"Organization","@id":"https:\/\/brasilnoticias.org\/site\/#organization","name":"Brasil not\u00edcias","url":"https:\/\/brasilnoticias.org\/site\/","logo":{"@type":"ImageObject","inLanguage":"pt-PT","@id":"https:\/\/brasilnoticias.org\/site\/#\/schema\/logo\/image\/","url":"https:\/\/brasilnoticias.org\/site\/wp-content\/uploads\/2022\/05\/cropped-brasilnoticias-mini.jpg","contentUrl":"https:\/\/brasilnoticias.org\/site\/wp-content\/uploads\/2022\/05\/cropped-brasilnoticias-mini.jpg","width":314,"height":86,"caption":"Brasil not\u00edcias"},"image":{"@id":"https:\/\/brasilnoticias.org\/site\/#\/schema\/logo\/image\/"}},{"@type":"Person","@id":"https:\/\/brasilnoticias.org\/site\/#\/schema\/person\/03bbbfe6c7634ad18c26444ea39049fa","name":"Reda\u00e7\u00e3o","image":{"@type":"ImageObject","inLanguage":"pt-PT","@id":"https:\/\/brasilnoticias.org\/site\/#\/schema\/person\/image\/","url":"https:\/\/secure.gravatar.com\/avatar\/9ecaf7327a696cb23ad926fedded5f1f04d7049de9e445375d55b48c001a6e42?s=96&d=mm&r=g","contentUrl":"https:\/\/secure.gravatar.com\/avatar\/9ecaf7327a696cb23ad926fedded5f1f04d7049de9e445375d55b48c001a6e42?s=96&d=mm&r=g","caption":"Reda\u00e7\u00e3o"},"url":"https:\/\/brasilnoticias.org\/site\/author\/henrique\/"}]}},"_links":{"self":[{"href":"https:\/\/brasilnoticias.org\/site\/wp-json\/wp\/v2\/posts\/14248","targetHints":{"allow":["GET"]}}],"collection":[{"href":"https:\/\/brasilnoticias.org\/site\/wp-json\/wp\/v2\/posts"}],"about":[{"href":"https:\/\/brasilnoticias.org\/site\/wp-json\/wp\/v2\/types\/post"}],"author":[{"embeddable":true,"href":"https:\/\/brasilnoticias.org\/site\/wp-json\/wp\/v2\/users\/4"}],"replies":[{"embeddable":true,"href":"https:\/\/brasilnoticias.org\/site\/wp-json\/wp\/v2\/comments?post=14248"}],"version-history":[{"count":1,"href":"https:\/\/brasilnoticias.org\/site\/wp-json\/wp\/v2\/posts\/14248\/revisions"}],"predecessor-version":[{"id":14250,"href":"https:\/\/brasilnoticias.org\/site\/wp-json\/wp\/v2\/posts\/14248\/revisions\/14250"}],"wp:featuredmedia":[{"embeddable":true,"href":"https:\/\/brasilnoticias.org\/site\/wp-json\/wp\/v2\/media\/14249"}],"wp:attachment":[{"href":"https:\/\/brasilnoticias.org\/site\/wp-json\/wp\/v2\/media?parent=14248"}],"wp:term":[{"taxonomy":"category","embeddable":true,"href":"https:\/\/brasilnoticias.org\/site\/wp-json\/wp\/v2\/categories?post=14248"},{"taxonomy":"post_tag","embeddable":true,"href":"https:\/\/brasilnoticias.org\/site\/wp-json\/wp\/v2\/tags?post=14248"}],"curies":[{"name":"wp","href":"https:\/\/api.w.org\/{rel}","templated":true}]}}