{"id":14254,"date":"2024-05-25T19:50:56","date_gmt":"2024-05-25T22:50:56","guid":{"rendered":"https:\/\/brasilnoticias.org\/site\/?p=14254"},"modified":"2024-05-25T19:50:56","modified_gmt":"2024-05-25T22:50:56","slug":"brasil-encerra-mundial-de-atletismo-com-seis-medalhas","status":"publish","type":"post","link":"https:\/\/brasilnoticias.org\/site\/brasil-encerra-mundial-de-atletismo-com-seis-medalhas\/","title":{"rendered":"Brasil encerra Mundial de Atletismo com seis medalhas"},"content":{"rendered":"<p>Destaque foi o ouro do ga\u00facho Wallison Fortes<\/p>\n<p>O Brasil concluiu na manh\u00e3 deste s\u00e1bado (25), no est\u00e1dio Kobe Universiade Memorial Stadium, sua participa\u00e7\u00e3o no Mundial de Atletismo Paral\u00edmpico, conquistando mais seis medalhas. O grande destaque foi o ga\u00facho Wallison Fortes, que ganhou o ouro na prova dos 200 metros T64 (para amputados de membros inferiores com pr\u00f3tese).<\/p>\n<p>A equipe brasileira tamb\u00e9m brilhou com Thalita Simpl\u00edcio, que levou a prata, e Jerusa Geber, Lorraine Aguiar, Rayane Soares e Rodrigo Parreira, que conquistaram medalhas de bronze.<\/p>\n<p>Wallison Fortes, conseguiu, com este resultado, se qualificar para os Jogos de Paris, embora os atletas ainda aguardem a convoca\u00e7\u00e3o oficial do Comit\u00ea Paral\u00edmpico Brasileiro (CPB). Al\u00e9m do ouro de Wallison, Lorraine Aguiar, Rayane Soares e Rodrigo Parreira garantiram bronzes nas provas de 200 metros T12, 400 metros T13 e salto em dist\u00e2ncia T36, respectivamente.<\/p>\n<p>Com essas conquistas, o Brasil finalizou o Mundial de Kobe em segundo lugar no quadro geral de medalhas, acumulando um total de 42 (19 ouros, 12 pratas e 11 bronzes). A China liderou com 33 ouros, 30 pratas e 24 bronzes.<\/p>\n<p>Foto: Alessandra Cabral\/CPB<br \/>\nPor: Metro1 <\/p>\n","protected":false},"excerpt":{"rendered":"<p>Destaque foi o ouro do ga\u00facho Wallison Fortes O Brasil concluiu na manh\u00e3 deste s\u00e1bado (25), no est\u00e1dio Kobe Universiade<\/p>\n","protected":false},"author":4,"featured_media":14255,"comment_status":"open","ping_status":"open","sticky":false,"template":"","format":"standard","meta":{"colormag_page_container_layout":"default_layout","colormag_page_sidebar_layout":"default_layout","_FSMCFIC_featured_image_caption":"","_FSMCFIC_featured_image_nocaption":"","_FSMCFIC_featured_image_hide":"","footnotes":""},"categories":[4,1],"tags":[],"class_list":["post-14254","post","type-post","status-publish","format-standard","has-post-thumbnail","hentry","category-esporte","category-ultimas"],"yoast_head":"<!-- This site is optimized with the Yoast SEO plugin v27.1.1 - https:\/\/yoast.com\/product\/yoast-seo-wordpress\/ -->\n<title>Brasil encerra Mundial de Atletismo com seis medalhas - Brasil not\u00edcias<\/title>\n<meta name=\"robots\" content=\"index, follow, max-snippet:-1, max-image-preview:large, max-video-preview:-1\" \/>\n<link rel=\"canonical\" href=\"https:\/\/brasilnoticias.org\/site\/brasil-encerra-mundial-de-atletismo-com-seis-medalhas\/\" \/>\n<meta property=\"og:locale\" content=\"pt_PT\" \/>\n<meta property=\"og:type\" content=\"article\" \/>\n<meta property=\"og:title\" content=\"Brasil encerra Mundial de Atletismo com seis medalhas - Brasil not\u00edcias\" \/>\n<meta property=\"og:description\" content=\"Destaque foi o ouro do ga\u00facho Wallison Fortes O Brasil concluiu na manh\u00e3 deste s\u00e1bado (25), no est\u00e1dio Kobe Universiade\" \/>\n<meta property=\"og:url\" content=\"https:\/\/brasilnoticias.org\/site\/brasil-encerra-mundial-de-atletismo-com-seis-medalhas\/\" \/>\n<meta property=\"og:site_name\" content=\"Brasil not\u00edcias\" \/>\n<meta property=\"article:published_time\" content=\"2024-05-25T22:50:56+00:00\" \/>\n<meta property=\"og:image\" content=\"https:\/\/brasilnoticias.org\/site\/wp-content\/uploads\/2024\/05\/150669brasil-encerra-mundial-de-atletismo-com-seis-medalhas-3.jpg\" \/>\n\t<meta property=\"og:image:width\" content=\"1600\" \/>\n\t<meta property=\"og:image:height\" content=\"752\" \/>\n\t<meta property=\"og:image:type\" content=\"image\/jpeg\" \/>\n<meta name=\"author\" content=\"Reda\u00e7\u00e3o\" \/>\n<meta name=\"twitter:card\" content=\"summary_large_image\" \/>\n<meta name=\"twitter:label1\" content=\"Escrito por\" \/>\n\t<meta name=\"twitter:data1\" content=\"Reda\u00e7\u00e3o\" \/>\n<script type=\"application\/ld+json\" class=\"yoast-schema-graph\">{\"@context\":\"https:\/\/schema.org\",\"@graph\":[{\"@type\":\"Article\",\"@id\":\"https:\/\/brasilnoticias.org\/site\/brasil-encerra-mundial-de-atletismo-com-seis-medalhas\/#article\",\"isPartOf\":{\"@id\":\"https:\/\/brasilnoticias.org\/site\/brasil-encerra-mundial-de-atletismo-com-seis-medalhas\/\"},\"author\":{\"name\":\"Reda\u00e7\u00e3o\",\"@id\":\"https:\/\/brasilnoticias.org\/site\/#\/schema\/person\/03bbbfe6c7634ad18c26444ea39049fa\"},\"headline\":\"Brasil encerra Mundial de Atletismo com seis medalhas\",\"datePublished\":\"2024-05-25T22:50:56+00:00\",\"mainEntityOfPage\":{\"@id\":\"https:\/\/brasilnoticias.org\/site\/brasil-encerra-mundial-de-atletismo-com-seis-medalhas\/\"},\"wordCount\":197,\"commentCount\":0,\"publisher\":{\"@id\":\"https:\/\/brasilnoticias.org\/site\/#organization\"},\"image\":{\"@id\":\"https:\/\/brasilnoticias.org\/site\/brasil-encerra-mundial-de-atletismo-com-seis-medalhas\/#primaryimage\"},\"thumbnailUrl\":\"https:\/\/brasilnoticias.org\/site\/wp-content\/uploads\/2024\/05\/150669brasil-encerra-mundial-de-atletismo-com-seis-medalhas-3.jpg\",\"articleSection\":[\"Esporte\",\"\u00daltimas\"],\"inLanguage\":\"pt-PT\",\"potentialAction\":[{\"@type\":\"CommentAction\",\"name\":\"Comment\",\"target\":[\"https:\/\/brasilnoticias.org\/site\/brasil-encerra-mundial-de-atletismo-com-seis-medalhas\/#respond\"]}]},{\"@type\":\"WebPage\",\"@id\":\"https:\/\/brasilnoticias.org\/site\/brasil-encerra-mundial-de-atletismo-com-seis-medalhas\/\",\"url\":\"https:\/\/brasilnoticias.org\/site\/brasil-encerra-mundial-de-atletismo-com-seis-medalhas\/\",\"name\":\"Brasil encerra Mundial de Atletismo com seis medalhas - Brasil not\u00edcias\",\"isPartOf\":{\"@id\":\"https:\/\/brasilnoticias.org\/site\/#website\"},\"primaryImageOfPage\":{\"@id\":\"https:\/\/brasilnoticias.org\/site\/brasil-encerra-mundial-de-atletismo-com-seis-medalhas\/#primaryimage\"},\"image\":{\"@id\":\"https:\/\/brasilnoticias.org\/site\/brasil-encerra-mundial-de-atletismo-com-seis-medalhas\/#primaryimage\"},\"thumbnailUrl\":\"https:\/\/brasilnoticias.org\/site\/wp-content\/uploads\/2024\/05\/150669brasil-encerra-mundial-de-atletismo-com-seis-medalhas-3.jpg\",\"datePublished\":\"2024-05-25T22:50:56+00:00\",\"breadcrumb\":{\"@id\":\"https:\/\/brasilnoticias.org\/site\/brasil-encerra-mundial-de-atletismo-com-seis-medalhas\/#breadcrumb\"},\"inLanguage\":\"pt-PT\",\"potentialAction\":[{\"@type\":\"ReadAction\",\"target\":[\"https:\/\/brasilnoticias.org\/site\/brasil-encerra-mundial-de-atletismo-com-seis-medalhas\/\"]}]},{\"@type\":\"ImageObject\",\"inLanguage\":\"pt-PT\",\"@id\":\"https:\/\/brasilnoticias.org\/site\/brasil-encerra-mundial-de-atletismo-com-seis-medalhas\/#primaryimage\",\"url\":\"https:\/\/brasilnoticias.org\/site\/wp-content\/uploads\/2024\/05\/150669brasil-encerra-mundial-de-atletismo-com-seis-medalhas-3.jpg\",\"contentUrl\":\"https:\/\/brasilnoticias.org\/site\/wp-content\/uploads\/2024\/05\/150669brasil-encerra-mundial-de-atletismo-com-seis-medalhas-3.jpg\",\"width\":1600,\"height\":752},{\"@type\":\"BreadcrumbList\",\"@id\":\"https:\/\/brasilnoticias.org\/site\/brasil-encerra-mundial-de-atletismo-com-seis-medalhas\/#breadcrumb\",\"itemListElement\":[{\"@type\":\"ListItem\",\"position\":1,\"name\":\"In\u00edcio\",\"item\":\"https:\/\/brasilnoticias.org\/site\/\"},{\"@type\":\"ListItem\",\"position\":2,\"name\":\"Brasil encerra Mundial de Atletismo com seis medalhas\"}]},{\"@type\":\"WebSite\",\"@id\":\"https:\/\/brasilnoticias.org\/site\/#website\",\"url\":\"https:\/\/brasilnoticias.org\/site\/\",\"name\":\"Brasil not\u00edcias\",\"description\":\"Brasil not\u00edcias\",\"publisher\":{\"@id\":\"https:\/\/brasilnoticias.org\/site\/#organization\"},\"potentialAction\":[{\"@type\":\"SearchAction\",\"target\":{\"@type\":\"EntryPoint\",\"urlTemplate\":\"https:\/\/brasilnoticias.org\/site\/?s={search_term_string}\"},\"query-input\":{\"@type\":\"PropertyValueSpecification\",\"valueRequired\":true,\"valueName\":\"search_term_string\"}}],\"inLanguage\":\"pt-PT\"},{\"@type\":\"Organization\",\"@id\":\"https:\/\/brasilnoticias.org\/site\/#organization\",\"name\":\"Brasil not\u00edcias\",\"url\":\"https:\/\/brasilnoticias.org\/site\/\",\"logo\":{\"@type\":\"ImageObject\",\"inLanguage\":\"pt-PT\",\"@id\":\"https:\/\/brasilnoticias.org\/site\/#\/schema\/logo\/image\/\",\"url\":\"https:\/\/brasilnoticias.org\/site\/wp-content\/uploads\/2022\/05\/cropped-brasilnoticias-mini.jpg\",\"contentUrl\":\"https:\/\/brasilnoticias.org\/site\/wp-content\/uploads\/2022\/05\/cropped-brasilnoticias-mini.jpg\",\"width\":314,\"height\":86,\"caption\":\"Brasil not\u00edcias\"},\"image\":{\"@id\":\"https:\/\/brasilnoticias.org\/site\/#\/schema\/logo\/image\/\"}},{\"@type\":\"Person\",\"@id\":\"https:\/\/brasilnoticias.org\/site\/#\/schema\/person\/03bbbfe6c7634ad18c26444ea39049fa\",\"name\":\"Reda\u00e7\u00e3o\",\"image\":{\"@type\":\"ImageObject\",\"inLanguage\":\"pt-PT\",\"@id\":\"https:\/\/brasilnoticias.org\/site\/#\/schema\/person\/image\/\",\"url\":\"https:\/\/secure.gravatar.com\/avatar\/9ecaf7327a696cb23ad926fedded5f1f04d7049de9e445375d55b48c001a6e42?s=96&d=mm&r=g\",\"contentUrl\":\"https:\/\/secure.gravatar.com\/avatar\/9ecaf7327a696cb23ad926fedded5f1f04d7049de9e445375d55b48c001a6e42?s=96&d=mm&r=g\",\"caption\":\"Reda\u00e7\u00e3o\"},\"url\":\"https:\/\/brasilnoticias.org\/site\/author\/henrique\/\"}]}<\/script>\n<!-- \/ Yoast SEO plugin. -->","yoast_head_json":{"title":"Brasil encerra Mundial de Atletismo com seis medalhas - Brasil not\u00edcias","robots":{"index":"index","follow":"follow","max-snippet":"max-snippet:-1","max-image-preview":"max-image-preview:large","max-video-preview":"max-video-preview:-1"},"canonical":"https:\/\/brasilnoticias.org\/site\/brasil-encerra-mundial-de-atletismo-com-seis-medalhas\/","og_locale":"pt_PT","og_type":"article","og_title":"Brasil encerra Mundial de Atletismo com seis medalhas - Brasil not\u00edcias","og_description":"Destaque foi o ouro do ga\u00facho Wallison Fortes O Brasil concluiu na manh\u00e3 deste s\u00e1bado (25), no est\u00e1dio Kobe Universiade","og_url":"https:\/\/brasilnoticias.org\/site\/brasil-encerra-mundial-de-atletismo-com-seis-medalhas\/","og_site_name":"Brasil not\u00edcias","article_published_time":"2024-05-25T22:50:56+00:00","og_image":[{"width":1600,"height":752,"url":"https:\/\/brasilnoticias.org\/site\/wp-content\/uploads\/2024\/05\/150669brasil-encerra-mundial-de-atletismo-com-seis-medalhas-3.jpg","type":"image\/jpeg"}],"author":"Reda\u00e7\u00e3o","twitter_card":"summary_large_image","twitter_misc":{"Escrito por":"Reda\u00e7\u00e3o"},"schema":{"@context":"https:\/\/schema.org","@graph":[{"@type":"Article","@id":"https:\/\/brasilnoticias.org\/site\/brasil-encerra-mundial-de-atletismo-com-seis-medalhas\/#article","isPartOf":{"@id":"https:\/\/brasilnoticias.org\/site\/brasil-encerra-mundial-de-atletismo-com-seis-medalhas\/"},"author":{"name":"Reda\u00e7\u00e3o","@id":"https:\/\/brasilnoticias.org\/site\/#\/schema\/person\/03bbbfe6c7634ad18c26444ea39049fa"},"headline":"Brasil encerra Mundial de Atletismo com seis medalhas","datePublished":"2024-05-25T22:50:56+00:00","mainEntityOfPage":{"@id":"https:\/\/brasilnoticias.org\/site\/brasil-encerra-mundial-de-atletismo-com-seis-medalhas\/"},"wordCount":197,"commentCount":0,"publisher":{"@id":"https:\/\/brasilnoticias.org\/site\/#organization"},"image":{"@id":"https:\/\/brasilnoticias.org\/site\/brasil-encerra-mundial-de-atletismo-com-seis-medalhas\/#primaryimage"},"thumbnailUrl":"https:\/\/brasilnoticias.org\/site\/wp-content\/uploads\/2024\/05\/150669brasil-encerra-mundial-de-atletismo-com-seis-medalhas-3.jpg","articleSection":["Esporte","\u00daltimas"],"inLanguage":"pt-PT","potentialAction":[{"@type":"CommentAction","name":"Comment","target":["https:\/\/brasilnoticias.org\/site\/brasil-encerra-mundial-de-atletismo-com-seis-medalhas\/#respond"]}]},{"@type":"WebPage","@id":"https:\/\/brasilnoticias.org\/site\/brasil-encerra-mundial-de-atletismo-com-seis-medalhas\/","url":"https:\/\/brasilnoticias.org\/site\/brasil-encerra-mundial-de-atletismo-com-seis-medalhas\/","name":"Brasil encerra Mundial de Atletismo com seis medalhas - Brasil not\u00edcias","isPartOf":{"@id":"https:\/\/brasilnoticias.org\/site\/#website"},"primaryImageOfPage":{"@id":"https:\/\/brasilnoticias.org\/site\/brasil-encerra-mundial-de-atletismo-com-seis-medalhas\/#primaryimage"},"image":{"@id":"https:\/\/brasilnoticias.org\/site\/brasil-encerra-mundial-de-atletismo-com-seis-medalhas\/#primaryimage"},"thumbnailUrl":"https:\/\/brasilnoticias.org\/site\/wp-content\/uploads\/2024\/05\/150669brasil-encerra-mundial-de-atletismo-com-seis-medalhas-3.jpg","datePublished":"2024-05-25T22:50:56+00:00","breadcrumb":{"@id":"https:\/\/brasilnoticias.org\/site\/brasil-encerra-mundial-de-atletismo-com-seis-medalhas\/#breadcrumb"},"inLanguage":"pt-PT","potentialAction":[{"@type":"ReadAction","target":["https:\/\/brasilnoticias.org\/site\/brasil-encerra-mundial-de-atletismo-com-seis-medalhas\/"]}]},{"@type":"ImageObject","inLanguage":"pt-PT","@id":"https:\/\/brasilnoticias.org\/site\/brasil-encerra-mundial-de-atletismo-com-seis-medalhas\/#primaryimage","url":"https:\/\/brasilnoticias.org\/site\/wp-content\/uploads\/2024\/05\/150669brasil-encerra-mundial-de-atletismo-com-seis-medalhas-3.jpg","contentUrl":"https:\/\/brasilnoticias.org\/site\/wp-content\/uploads\/2024\/05\/150669brasil-encerra-mundial-de-atletismo-com-seis-medalhas-3.jpg","width":1600,"height":752},{"@type":"BreadcrumbList","@id":"https:\/\/brasilnoticias.org\/site\/brasil-encerra-mundial-de-atletismo-com-seis-medalhas\/#breadcrumb","itemListElement":[{"@type":"ListItem","position":1,"name":"In\u00edcio","item":"https:\/\/brasilnoticias.org\/site\/"},{"@type":"ListItem","position":2,"name":"Brasil encerra Mundial de Atletismo com seis medalhas"}]},{"@type":"WebSite","@id":"https:\/\/brasilnoticias.org\/site\/#website","url":"https:\/\/brasilnoticias.org\/site\/","name":"Brasil not\u00edcias","description":"Brasil not\u00edcias","publisher":{"@id":"https:\/\/brasilnoticias.org\/site\/#organization"},"potentialAction":[{"@type":"SearchAction","target":{"@type":"EntryPoint","urlTemplate":"https:\/\/brasilnoticias.org\/site\/?s={search_term_string}"},"query-input":{"@type":"PropertyValueSpecification","valueRequired":true,"valueName":"search_term_string"}}],"inLanguage":"pt-PT"},{"@type":"Organization","@id":"https:\/\/brasilnoticias.org\/site\/#organization","name":"Brasil not\u00edcias","url":"https:\/\/brasilnoticias.org\/site\/","logo":{"@type":"ImageObject","inLanguage":"pt-PT","@id":"https:\/\/brasilnoticias.org\/site\/#\/schema\/logo\/image\/","url":"https:\/\/brasilnoticias.org\/site\/wp-content\/uploads\/2022\/05\/cropped-brasilnoticias-mini.jpg","contentUrl":"https:\/\/brasilnoticias.org\/site\/wp-content\/uploads\/2022\/05\/cropped-brasilnoticias-mini.jpg","width":314,"height":86,"caption":"Brasil not\u00edcias"},"image":{"@id":"https:\/\/brasilnoticias.org\/site\/#\/schema\/logo\/image\/"}},{"@type":"Person","@id":"https:\/\/brasilnoticias.org\/site\/#\/schema\/person\/03bbbfe6c7634ad18c26444ea39049fa","name":"Reda\u00e7\u00e3o","image":{"@type":"ImageObject","inLanguage":"pt-PT","@id":"https:\/\/brasilnoticias.org\/site\/#\/schema\/person\/image\/","url":"https:\/\/secure.gravatar.com\/avatar\/9ecaf7327a696cb23ad926fedded5f1f04d7049de9e445375d55b48c001a6e42?s=96&d=mm&r=g","contentUrl":"https:\/\/secure.gravatar.com\/avatar\/9ecaf7327a696cb23ad926fedded5f1f04d7049de9e445375d55b48c001a6e42?s=96&d=mm&r=g","caption":"Reda\u00e7\u00e3o"},"url":"https:\/\/brasilnoticias.org\/site\/author\/henrique\/"}]}},"_links":{"self":[{"href":"https:\/\/brasilnoticias.org\/site\/wp-json\/wp\/v2\/posts\/14254","targetHints":{"allow":["GET"]}}],"collection":[{"href":"https:\/\/brasilnoticias.org\/site\/wp-json\/wp\/v2\/posts"}],"about":[{"href":"https:\/\/brasilnoticias.org\/site\/wp-json\/wp\/v2\/types\/post"}],"author":[{"embeddable":true,"href":"https:\/\/brasilnoticias.org\/site\/wp-json\/wp\/v2\/users\/4"}],"replies":[{"embeddable":true,"href":"https:\/\/brasilnoticias.org\/site\/wp-json\/wp\/v2\/comments?post=14254"}],"version-history":[{"count":1,"href":"https:\/\/brasilnoticias.org\/site\/wp-json\/wp\/v2\/posts\/14254\/revisions"}],"predecessor-version":[{"id":14256,"href":"https:\/\/brasilnoticias.org\/site\/wp-json\/wp\/v2\/posts\/14254\/revisions\/14256"}],"wp:featuredmedia":[{"embeddable":true,"href":"https:\/\/brasilnoticias.org\/site\/wp-json\/wp\/v2\/media\/14255"}],"wp:attachment":[{"href":"https:\/\/brasilnoticias.org\/site\/wp-json\/wp\/v2\/media?parent=14254"}],"wp:term":[{"taxonomy":"category","embeddable":true,"href":"https:\/\/brasilnoticias.org\/site\/wp-json\/wp\/v2\/categories?post=14254"},{"taxonomy":"post_tag","embeddable":true,"href":"https:\/\/brasilnoticias.org\/site\/wp-json\/wp\/v2\/tags?post=14254"}],"curies":[{"name":"wp","href":"https:\/\/api.w.org\/{rel}","templated":true}]}}