{"id":1426,"date":"2022-09-12T10:26:54","date_gmt":"2022-09-12T13:26:54","guid":{"rendered":"https:\/\/brasilnoticias.org\/site\/?p=1426"},"modified":"2022-09-12T10:26:54","modified_gmt":"2022-09-12T13:26:54","slug":"nova-presidente-do-stf-quer-tribunal-fora-do-foco-de-atencao-durante-as-eleicoes","status":"publish","type":"post","link":"https:\/\/brasilnoticias.org\/site\/nova-presidente-do-stf-quer-tribunal-fora-do-foco-de-atencao-durante-as-eleicoes\/","title":{"rendered":"Nova presidente do STF quer tribunal fora do foco de aten\u00e7\u00e3o durante as elei\u00e7\u00f5es"},"content":{"rendered":"<p>Com posse marcada para esta segunda-feira (12),\u00a0a\u00a0<a href=\"https:\/\/www.bnews.com.br\/tags\/rosa-weber\" target=\"_blank\" rel=\"noopener\">ministra Rosa Weber,<\/a>\u00a0que assume a presid\u00eancia do\u00a0STF (Supremo Tribunal Federal), pretende que os primeiros meses da sua gest\u00e3o n\u00e3o fiquem marcados por pol\u00eamicas que atraiam a corte para o centro das aten\u00e7\u00f5es.<\/p>\n<p>Qualificada desde sempre como uma ministra avessa aos holofotes, Rosa quer evitar que o STF vire palco de controv\u00e9rsias pelo menos at\u00e9 o fim das elei\u00e7\u00f5es.<\/p>\n<p>Apesar de sua discri\u00e7\u00e3o, ela tem sinalizado, por\u00e9m, que\u00a0eventuais ataques \u00e0 corte ou ao Judici\u00e1rio ser\u00e3o respondidos com firmeza.<\/p>\n<p>Nos \u00faltimos anos, o\u00a0presidente Jair Bolsonaro (PL)\u00a0e seus aliados t\u00eam elevado o tom contra os magistrados do Supremo.<\/p>\n<p>A cerim\u00f4nia de posse da pr\u00f3pria Rosa\u00a0teve que ser adiada para evitar que acontecesse na semana do 7 de Setembro, quando o mandat\u00e1rio insuflou atos com manifestantes que atacavam a corte.<\/p>\n<p>Para marcar a discri\u00e7\u00e3o com a qual pretende conduzir sua gest\u00e3o, Rosa planejou uma posse sem o tradicional coquetel e tamb\u00e9m sem jantar oferecido por associa\u00e7\u00f5es de magistrados.<\/p>\n<p>Mas para a cerim\u00f4nia foram chamados os principais nomes dos Tr\u00eas Poderes. S\u00e3o 1.300 pessoas convidadas, das quais 350 estar\u00e3o no plen\u00e1rio do Supremo.<\/p>\n<p>A lista inclui o atual e os ex-presidentes da Rep\u00fablica, os chefes do Legislativo, os candidatos ao Pal\u00e1cio do Planalto, os chefes e os integrantes dos tribunais superiores, al\u00e9m de parlamentares.<\/p>\n<p>Para marcar a impessoalidade da posse, ela deixou claro que os convidados foram chamados para o evento por meio do cerimonial.<\/p>\n<p>At\u00e9 a noite da sexta-feira (9), Bolsonaro e Luiz In\u00e1cio Lula da Silva (PT), advers\u00e1rios nas elei\u00e7\u00f5es e l\u00edderes nas pesquisas de inten\u00e7\u00e3o de voto, ainda n\u00e3o haviam confirmado presen\u00e7a.<\/p>\n<p>A ex-presidente Dilma Rousseff (PT), respons\u00e1vel pela indica\u00e7\u00e3o de Rosa Weber ao Supremo em 2011, informou que n\u00e3o poder\u00e1 comparecer.<\/p>\n<p>Est\u00e3o confirmados no evento os presidentes da C\u00e2mara e do Senado, Arthur Lira (PP-AL) e Rodrigo Pacheco (PSD-MG), do ex-presidente Jos\u00e9 Sarney (MDB) e do vice-presidente Hamilton Mour\u00e3o (Republicanos).<\/p>\n<p>Na pauta do Supremo, Rosa deve manter um planejamento diferente de seus dois \u00faltimos antecessores, Dias Toffoli e Luiz Fux.<\/p>\n<p>A ministra n\u00e3o tem a inten\u00e7\u00e3o de pautar com anteced\u00eancia os casos a serem julgados pelo tribunal nos pr\u00f3ximos meses.<\/p>\n<p>Decidir\u00e1, ao menos em um primeiro momento, com poucas semanas de antecipa\u00e7\u00e3o o que os 11 ministros do tribunal votar\u00e3o nas sess\u00f5es da corte.<\/p>\n<p>Assim que ela assumir, as a\u00e7\u00f5es que est\u00e3o atualmente sob a responsabilidade da ministra passar\u00e3o para Luiz Fux, antecessor dela na presid\u00eancia do tribunal.<\/p>\n<p>Caso ela decida manter em sua relatoria parte dessas a\u00e7\u00f5es, dever\u00e1 liber\u00e1-las para a pauta de julgamentos, mas isso n\u00e3o precisa acontecer imediatamente. Rosa, por\u00e9m, ainda n\u00e3o revelou se ir\u00e1 fazer isso em alguma delas.<\/p>\n<p>A ministra \u00e9, atualmente, respons\u00e1vel por casos de relev\u00e2ncia, como a a\u00e7\u00e3o que discute a legalidade do indulto da gra\u00e7a concedido por Bolsonaro ao deputado Daniel Silveira (PTB-RJ).<\/p>\n<p>Em abril, partidos de oposi\u00e7\u00e3o ao governo pediram \u00e0 corte a suspens\u00e3o do ato presidencial, que livrou Silveira da condena\u00e7\u00e3o de oito anos e nove meses por ataques verbais e amea\u00e7as a integrantes da corte.<\/p>\n<p>Ela tamb\u00e9m \u00e9 relatora das a\u00e7\u00f5es que questionam as chamadas emendas de relator, que t\u00eam sido manejadas por governistas com apoio do Pal\u00e1cio do Planalto \u00e0s v\u00e9speras de vota\u00e7\u00f5es importantes para o Executivo.<\/p>\n<p>H\u00e1 com ela, ainda, a\u00e7\u00e3o que pede a descriminaliza\u00e7\u00e3o do aborto nas 12 primeiras semanas de gesta\u00e7\u00e3o e a que questiona a tramita\u00e7\u00e3o da PEC (proposta de emenda \u00e0 Constitui\u00e7\u00e3o) dos Precat\u00f3rios, que d\u00e1 calote em d\u00edvidas judiciais reconhecidas pela Justi\u00e7a.<\/p>\n<p>A gest\u00e3o de Rosa no Supremo, onde a presid\u00eancia costuma durar dois anos, ser\u00e1 mais curta do que a de seus antecessores. Isso porque a ministra completa 75 anos em outubro do ano que vem e ter\u00e1 que se aposentar da carreira de magistrada.<\/p>\n<p>Pela praxe, seu sucessor como presidente ser\u00e1 Lu\u00eds Roberto Barroso, j\u00e1 que ele se tornar\u00e1 o ministro mais antigo que ainda n\u00e3o ocupou a presid\u00eancia.<\/p>\n<p>Parte da equipe de Fux ser\u00e1 mantida por Rosa, especialmente a chefia da seguran\u00e7a da corte, uma das preocupa\u00e7\u00f5es da ministra. Continuam Marcelo Schettini como secret\u00e1rio de seguran\u00e7a e Rog\u00e9rio Galloro, que \u00e9 ex-diretor-geral da Pol\u00edcia Federal, como assessor especial da presid\u00eancia.<\/p>\n<p>A Secretaria-Geral, respons\u00e1vel pela pauta do Supremo,\u00a0passar\u00e1 para Est\u00eav\u00e3o Waterloo, que ocupou o mesmo cargo quando a ministra presidiu o TSE (Tribunal Superior Eleitoral).<\/p>\n<p>A futura presidente do STF tamb\u00e9m tem tido conversas com o ex-ministro da Defesa Fernando Azevedo e Silva, general do Ex\u00e9rcito, a respeito da conjuntura atual e das For\u00e7as Armadas.<\/p>\n<p>O ex-ministro \u00e9 pr\u00f3ximo de integrantes do Supremo como Alexandre de Moraes e Dias Toffoli.<\/p>\n<p>Ela tamb\u00e9m tem se aconselhado com o ministro aposentado Celso de Mello.<\/p>\n<p>Apesar da avers\u00e3o a pol\u00eamicas, Rosa tem desde o ano passado elevado o tom de cr\u00edticas em a\u00e7\u00f5es relacionadas a Bolsonaro. Ela assumiu, por exemplo, a linha de frente no Supremo contra a atua\u00e7\u00e3o do governo no combate \u00e0 Covid.<\/p>\n<p>Era relatora do inqu\u00e9rito contra o presidente por suposta prevarica\u00e7\u00e3o diante das suspeitas na compra da vacina indiana Covaxin. Em mar\u00e7o, Rosa chegou\u00a0a negar um pedido da Procuradoria-Geral da Rep\u00fablica\u00a0para arquivar o inqu\u00e9rito do caso, mas, ap\u00f3s um novo pedido, acatou.<\/p>\n<p>Na \u00faltima quinta-feira (8), ela decidiu que o Supremo deve supervisionar o andamento de um pedido para que a PGR investigue Bolsonaro ap\u00f3s a apresenta\u00e7\u00e3o em que ele repetiu\u00a0teorias da conspira\u00e7\u00e3o sobre urnas eletr\u00f4nicas a embaixadores estrangeiros\u00a0no Pal\u00e1cio da Alvorada.<\/p>\n<p>&nbsp;<\/p>\n<p>&nbsp;<\/p>\n<p>&nbsp;<\/p>\n<p>Bnews<\/p>\n<p>&nbsp;<\/p>\n","protected":false},"excerpt":{"rendered":"<p>Com posse marcada para esta segunda-feira (12),\u00a0a\u00a0ministra Rosa Weber,\u00a0que assume a presid\u00eancia do\u00a0STF (Supremo Tribunal Federal), pretende que os primeiros<\/p>\n","protected":false},"author":2,"featured_media":1427,"comment_status":"open","ping_status":"open","sticky":false,"template":"","format":"standard","meta":{"colormag_page_container_layout":"default_layout","colormag_page_sidebar_layout":"default_layout","_FSMCFIC_featured_image_caption":"","_FSMCFIC_featured_image_nocaption":"","_FSMCFIC_featured_image_hide":"","footnotes":""},"categories":[5,1],"tags":[],"class_list":["post-1426","post","type-post","status-publish","format-standard","has-post-thumbnail","hentry","category-politica","category-ultimas"],"yoast_head":"<!-- This site is optimized with the Yoast SEO plugin v27.1.1 - https:\/\/yoast.com\/product\/yoast-seo-wordpress\/ -->\n<title>Nova presidente do STF quer tribunal fora do foco de aten\u00e7\u00e3o durante as elei\u00e7\u00f5es - Brasil not\u00edcias<\/title>\n<meta name=\"robots\" content=\"index, follow, max-snippet:-1, max-image-preview:large, max-video-preview:-1\" \/>\n<link rel=\"canonical\" href=\"https:\/\/brasilnoticias.org\/site\/nova-presidente-do-stf-quer-tribunal-fora-do-foco-de-atencao-durante-as-eleicoes\/\" \/>\n<meta property=\"og:locale\" content=\"pt_PT\" \/>\n<meta property=\"og:type\" content=\"article\" \/>\n<meta property=\"og:title\" content=\"Nova presidente do STF quer tribunal fora do foco de aten\u00e7\u00e3o durante as elei\u00e7\u00f5es - Brasil not\u00edcias\" \/>\n<meta property=\"og:description\" content=\"Com posse marcada para esta segunda-feira (12),\u00a0a\u00a0ministra Rosa Weber,\u00a0que assume a presid\u00eancia do\u00a0STF (Supremo Tribunal Federal), pretende que os primeiros\" \/>\n<meta property=\"og:url\" content=\"https:\/\/brasilnoticias.org\/site\/nova-presidente-do-stf-quer-tribunal-fora-do-foco-de-atencao-durante-as-eleicoes\/\" \/>\n<meta property=\"og:site_name\" content=\"Brasil not\u00edcias\" \/>\n<meta property=\"article:published_time\" content=\"2022-09-12T13:26:54+00:00\" \/>\n<meta property=\"og:image\" content=\"https:\/\/brasilnoticias.org\/site\/wp-content\/uploads\/2022\/09\/rosa-weber_widelg_widelg.jpg\" \/>\n\t<meta property=\"og:image:width\" content=\"800\" \/>\n\t<meta property=\"og:image:height\" content=\"450\" \/>\n\t<meta property=\"og:image:type\" content=\"image\/jpeg\" \/>\n<meta name=\"author\" content=\"Reda\u00e7\u00e3o\" \/>\n<meta name=\"twitter:card\" content=\"summary_large_image\" \/>\n<meta name=\"twitter:label1\" content=\"Escrito por\" \/>\n\t<meta name=\"twitter:data1\" content=\"Reda\u00e7\u00e3o\" \/>\n\t<meta name=\"twitter:label2\" content=\"Tempo estimado de leitura\" \/>\n\t<meta name=\"twitter:data2\" content=\"5 minutos\" \/>\n<script type=\"application\/ld+json\" class=\"yoast-schema-graph\">{\"@context\":\"https:\/\/schema.org\",\"@graph\":[{\"@type\":\"Article\",\"@id\":\"https:\/\/brasilnoticias.org\/site\/nova-presidente-do-stf-quer-tribunal-fora-do-foco-de-atencao-durante-as-eleicoes\/#article\",\"isPartOf\":{\"@id\":\"https:\/\/brasilnoticias.org\/site\/nova-presidente-do-stf-quer-tribunal-fora-do-foco-de-atencao-durante-as-eleicoes\/\"},\"author\":{\"name\":\"Reda\u00e7\u00e3o\",\"@id\":\"https:\/\/brasilnoticias.org\/site\/#\/schema\/person\/f609fa847b5314f1c8b983342f34c798\"},\"headline\":\"Nova presidente do STF quer tribunal fora do foco de aten\u00e7\u00e3o durante as elei\u00e7\u00f5es\",\"datePublished\":\"2022-09-12T13:26:54+00:00\",\"mainEntityOfPage\":{\"@id\":\"https:\/\/brasilnoticias.org\/site\/nova-presidente-do-stf-quer-tribunal-fora-do-foco-de-atencao-durante-as-eleicoes\/\"},\"wordCount\":1018,\"commentCount\":0,\"publisher\":{\"@id\":\"https:\/\/brasilnoticias.org\/site\/#organization\"},\"image\":{\"@id\":\"https:\/\/brasilnoticias.org\/site\/nova-presidente-do-stf-quer-tribunal-fora-do-foco-de-atencao-durante-as-eleicoes\/#primaryimage\"},\"thumbnailUrl\":\"https:\/\/brasilnoticias.org\/site\/wp-content\/uploads\/2022\/09\/rosa-weber_widelg_widelg.jpg\",\"articleSection\":[\"Pol\u00edtica\",\"\u00daltimas\"],\"inLanguage\":\"pt-PT\",\"potentialAction\":[{\"@type\":\"CommentAction\",\"name\":\"Comment\",\"target\":[\"https:\/\/brasilnoticias.org\/site\/nova-presidente-do-stf-quer-tribunal-fora-do-foco-de-atencao-durante-as-eleicoes\/#respond\"]}]},{\"@type\":\"WebPage\",\"@id\":\"https:\/\/brasilnoticias.org\/site\/nova-presidente-do-stf-quer-tribunal-fora-do-foco-de-atencao-durante-as-eleicoes\/\",\"url\":\"https:\/\/brasilnoticias.org\/site\/nova-presidente-do-stf-quer-tribunal-fora-do-foco-de-atencao-durante-as-eleicoes\/\",\"name\":\"Nova presidente do STF quer tribunal fora do foco de aten\u00e7\u00e3o durante as elei\u00e7\u00f5es - Brasil not\u00edcias\",\"isPartOf\":{\"@id\":\"https:\/\/brasilnoticias.org\/site\/#website\"},\"primaryImageOfPage\":{\"@id\":\"https:\/\/brasilnoticias.org\/site\/nova-presidente-do-stf-quer-tribunal-fora-do-foco-de-atencao-durante-as-eleicoes\/#primaryimage\"},\"image\":{\"@id\":\"https:\/\/brasilnoticias.org\/site\/nova-presidente-do-stf-quer-tribunal-fora-do-foco-de-atencao-durante-as-eleicoes\/#primaryimage\"},\"thumbnailUrl\":\"https:\/\/brasilnoticias.org\/site\/wp-content\/uploads\/2022\/09\/rosa-weber_widelg_widelg.jpg\",\"datePublished\":\"2022-09-12T13:26:54+00:00\",\"breadcrumb\":{\"@id\":\"https:\/\/brasilnoticias.org\/site\/nova-presidente-do-stf-quer-tribunal-fora-do-foco-de-atencao-durante-as-eleicoes\/#breadcrumb\"},\"inLanguage\":\"pt-PT\",\"potentialAction\":[{\"@type\":\"ReadAction\",\"target\":[\"https:\/\/brasilnoticias.org\/site\/nova-presidente-do-stf-quer-tribunal-fora-do-foco-de-atencao-durante-as-eleicoes\/\"]}]},{\"@type\":\"ImageObject\",\"inLanguage\":\"pt-PT\",\"@id\":\"https:\/\/brasilnoticias.org\/site\/nova-presidente-do-stf-quer-tribunal-fora-do-foco-de-atencao-durante-as-eleicoes\/#primaryimage\",\"url\":\"https:\/\/brasilnoticias.org\/site\/wp-content\/uploads\/2022\/09\/rosa-weber_widelg_widelg.jpg\",\"contentUrl\":\"https:\/\/brasilnoticias.org\/site\/wp-content\/uploads\/2022\/09\/rosa-weber_widelg_widelg.jpg\",\"width\":800,\"height\":450},{\"@type\":\"BreadcrumbList\",\"@id\":\"https:\/\/brasilnoticias.org\/site\/nova-presidente-do-stf-quer-tribunal-fora-do-foco-de-atencao-durante-as-eleicoes\/#breadcrumb\",\"itemListElement\":[{\"@type\":\"ListItem\",\"position\":1,\"name\":\"In\u00edcio\",\"item\":\"https:\/\/brasilnoticias.org\/site\/\"},{\"@type\":\"ListItem\",\"position\":2,\"name\":\"Nova presidente do STF quer tribunal fora do foco de aten\u00e7\u00e3o durante as elei\u00e7\u00f5es\"}]},{\"@type\":\"WebSite\",\"@id\":\"https:\/\/brasilnoticias.org\/site\/#website\",\"url\":\"https:\/\/brasilnoticias.org\/site\/\",\"name\":\"Brasil not\u00edcias\",\"description\":\"Brasil not\u00edcias\",\"publisher\":{\"@id\":\"https:\/\/brasilnoticias.org\/site\/#organization\"},\"potentialAction\":[{\"@type\":\"SearchAction\",\"target\":{\"@type\":\"EntryPoint\",\"urlTemplate\":\"https:\/\/brasilnoticias.org\/site\/?s={search_term_string}\"},\"query-input\":{\"@type\":\"PropertyValueSpecification\",\"valueRequired\":true,\"valueName\":\"search_term_string\"}}],\"inLanguage\":\"pt-PT\"},{\"@type\":\"Organization\",\"@id\":\"https:\/\/brasilnoticias.org\/site\/#organization\",\"name\":\"Brasil not\u00edcias\",\"url\":\"https:\/\/brasilnoticias.org\/site\/\",\"logo\":{\"@type\":\"ImageObject\",\"inLanguage\":\"pt-PT\",\"@id\":\"https:\/\/brasilnoticias.org\/site\/#\/schema\/logo\/image\/\",\"url\":\"https:\/\/brasilnoticias.org\/site\/wp-content\/uploads\/2022\/05\/cropped-brasilnoticias-mini.jpg\",\"contentUrl\":\"https:\/\/brasilnoticias.org\/site\/wp-content\/uploads\/2022\/05\/cropped-brasilnoticias-mini.jpg\",\"width\":314,\"height\":86,\"caption\":\"Brasil not\u00edcias\"},\"image\":{\"@id\":\"https:\/\/brasilnoticias.org\/site\/#\/schema\/logo\/image\/\"}},{\"@type\":\"Person\",\"@id\":\"https:\/\/brasilnoticias.org\/site\/#\/schema\/person\/f609fa847b5314f1c8b983342f34c798\",\"name\":\"Reda\u00e7\u00e3o\",\"image\":{\"@type\":\"ImageObject\",\"inLanguage\":\"pt-PT\",\"@id\":\"https:\/\/brasilnoticias.org\/site\/#\/schema\/person\/image\/\",\"url\":\"https:\/\/secure.gravatar.com\/avatar\/447284c06c1ad8b46465a36de9cd0d8326b73387a22799b8b1ffb1fbcff2ed0c?s=96&d=mm&r=g\",\"contentUrl\":\"https:\/\/secure.gravatar.com\/avatar\/447284c06c1ad8b46465a36de9cd0d8326b73387a22799b8b1ffb1fbcff2ed0c?s=96&d=mm&r=g\",\"caption\":\"Reda\u00e7\u00e3o\"},\"url\":\"https:\/\/brasilnoticias.org\/site\/author\/redacao\/\"}]}<\/script>\n<!-- \/ Yoast SEO plugin. -->","yoast_head_json":{"title":"Nova presidente do STF quer tribunal fora do foco de aten\u00e7\u00e3o durante as elei\u00e7\u00f5es - Brasil not\u00edcias","robots":{"index":"index","follow":"follow","max-snippet":"max-snippet:-1","max-image-preview":"max-image-preview:large","max-video-preview":"max-video-preview:-1"},"canonical":"https:\/\/brasilnoticias.org\/site\/nova-presidente-do-stf-quer-tribunal-fora-do-foco-de-atencao-durante-as-eleicoes\/","og_locale":"pt_PT","og_type":"article","og_title":"Nova presidente do STF quer tribunal fora do foco de aten\u00e7\u00e3o durante as elei\u00e7\u00f5es - Brasil not\u00edcias","og_description":"Com posse marcada para esta segunda-feira (12),\u00a0a\u00a0ministra Rosa Weber,\u00a0que assume a presid\u00eancia do\u00a0STF (Supremo Tribunal Federal), pretende que os primeiros","og_url":"https:\/\/brasilnoticias.org\/site\/nova-presidente-do-stf-quer-tribunal-fora-do-foco-de-atencao-durante-as-eleicoes\/","og_site_name":"Brasil not\u00edcias","article_published_time":"2022-09-12T13:26:54+00:00","og_image":[{"width":800,"height":450,"url":"https:\/\/brasilnoticias.org\/site\/wp-content\/uploads\/2022\/09\/rosa-weber_widelg_widelg.jpg","type":"image\/jpeg"}],"author":"Reda\u00e7\u00e3o","twitter_card":"summary_large_image","twitter_misc":{"Escrito por":"Reda\u00e7\u00e3o","Tempo estimado de leitura":"5 minutos"},"schema":{"@context":"https:\/\/schema.org","@graph":[{"@type":"Article","@id":"https:\/\/brasilnoticias.org\/site\/nova-presidente-do-stf-quer-tribunal-fora-do-foco-de-atencao-durante-as-eleicoes\/#article","isPartOf":{"@id":"https:\/\/brasilnoticias.org\/site\/nova-presidente-do-stf-quer-tribunal-fora-do-foco-de-atencao-durante-as-eleicoes\/"},"author":{"name":"Reda\u00e7\u00e3o","@id":"https:\/\/brasilnoticias.org\/site\/#\/schema\/person\/f609fa847b5314f1c8b983342f34c798"},"headline":"Nova presidente do STF quer tribunal fora do foco de aten\u00e7\u00e3o durante as elei\u00e7\u00f5es","datePublished":"2022-09-12T13:26:54+00:00","mainEntityOfPage":{"@id":"https:\/\/brasilnoticias.org\/site\/nova-presidente-do-stf-quer-tribunal-fora-do-foco-de-atencao-durante-as-eleicoes\/"},"wordCount":1018,"commentCount":0,"publisher":{"@id":"https:\/\/brasilnoticias.org\/site\/#organization"},"image":{"@id":"https:\/\/brasilnoticias.org\/site\/nova-presidente-do-stf-quer-tribunal-fora-do-foco-de-atencao-durante-as-eleicoes\/#primaryimage"},"thumbnailUrl":"https:\/\/brasilnoticias.org\/site\/wp-content\/uploads\/2022\/09\/rosa-weber_widelg_widelg.jpg","articleSection":["Pol\u00edtica","\u00daltimas"],"inLanguage":"pt-PT","potentialAction":[{"@type":"CommentAction","name":"Comment","target":["https:\/\/brasilnoticias.org\/site\/nova-presidente-do-stf-quer-tribunal-fora-do-foco-de-atencao-durante-as-eleicoes\/#respond"]}]},{"@type":"WebPage","@id":"https:\/\/brasilnoticias.org\/site\/nova-presidente-do-stf-quer-tribunal-fora-do-foco-de-atencao-durante-as-eleicoes\/","url":"https:\/\/brasilnoticias.org\/site\/nova-presidente-do-stf-quer-tribunal-fora-do-foco-de-atencao-durante-as-eleicoes\/","name":"Nova presidente do STF quer tribunal fora do foco de aten\u00e7\u00e3o durante as elei\u00e7\u00f5es - Brasil not\u00edcias","isPartOf":{"@id":"https:\/\/brasilnoticias.org\/site\/#website"},"primaryImageOfPage":{"@id":"https:\/\/brasilnoticias.org\/site\/nova-presidente-do-stf-quer-tribunal-fora-do-foco-de-atencao-durante-as-eleicoes\/#primaryimage"},"image":{"@id":"https:\/\/brasilnoticias.org\/site\/nova-presidente-do-stf-quer-tribunal-fora-do-foco-de-atencao-durante-as-eleicoes\/#primaryimage"},"thumbnailUrl":"https:\/\/brasilnoticias.org\/site\/wp-content\/uploads\/2022\/09\/rosa-weber_widelg_widelg.jpg","datePublished":"2022-09-12T13:26:54+00:00","breadcrumb":{"@id":"https:\/\/brasilnoticias.org\/site\/nova-presidente-do-stf-quer-tribunal-fora-do-foco-de-atencao-durante-as-eleicoes\/#breadcrumb"},"inLanguage":"pt-PT","potentialAction":[{"@type":"ReadAction","target":["https:\/\/brasilnoticias.org\/site\/nova-presidente-do-stf-quer-tribunal-fora-do-foco-de-atencao-durante-as-eleicoes\/"]}]},{"@type":"ImageObject","inLanguage":"pt-PT","@id":"https:\/\/brasilnoticias.org\/site\/nova-presidente-do-stf-quer-tribunal-fora-do-foco-de-atencao-durante-as-eleicoes\/#primaryimage","url":"https:\/\/brasilnoticias.org\/site\/wp-content\/uploads\/2022\/09\/rosa-weber_widelg_widelg.jpg","contentUrl":"https:\/\/brasilnoticias.org\/site\/wp-content\/uploads\/2022\/09\/rosa-weber_widelg_widelg.jpg","width":800,"height":450},{"@type":"BreadcrumbList","@id":"https:\/\/brasilnoticias.org\/site\/nova-presidente-do-stf-quer-tribunal-fora-do-foco-de-atencao-durante-as-eleicoes\/#breadcrumb","itemListElement":[{"@type":"ListItem","position":1,"name":"In\u00edcio","item":"https:\/\/brasilnoticias.org\/site\/"},{"@type":"ListItem","position":2,"name":"Nova presidente do STF quer tribunal fora do foco de aten\u00e7\u00e3o durante as elei\u00e7\u00f5es"}]},{"@type":"WebSite","@id":"https:\/\/brasilnoticias.org\/site\/#website","url":"https:\/\/brasilnoticias.org\/site\/","name":"Brasil not\u00edcias","description":"Brasil not\u00edcias","publisher":{"@id":"https:\/\/brasilnoticias.org\/site\/#organization"},"potentialAction":[{"@type":"SearchAction","target":{"@type":"EntryPoint","urlTemplate":"https:\/\/brasilnoticias.org\/site\/?s={search_term_string}"},"query-input":{"@type":"PropertyValueSpecification","valueRequired":true,"valueName":"search_term_string"}}],"inLanguage":"pt-PT"},{"@type":"Organization","@id":"https:\/\/brasilnoticias.org\/site\/#organization","name":"Brasil not\u00edcias","url":"https:\/\/brasilnoticias.org\/site\/","logo":{"@type":"ImageObject","inLanguage":"pt-PT","@id":"https:\/\/brasilnoticias.org\/site\/#\/schema\/logo\/image\/","url":"https:\/\/brasilnoticias.org\/site\/wp-content\/uploads\/2022\/05\/cropped-brasilnoticias-mini.jpg","contentUrl":"https:\/\/brasilnoticias.org\/site\/wp-content\/uploads\/2022\/05\/cropped-brasilnoticias-mini.jpg","width":314,"height":86,"caption":"Brasil not\u00edcias"},"image":{"@id":"https:\/\/brasilnoticias.org\/site\/#\/schema\/logo\/image\/"}},{"@type":"Person","@id":"https:\/\/brasilnoticias.org\/site\/#\/schema\/person\/f609fa847b5314f1c8b983342f34c798","name":"Reda\u00e7\u00e3o","image":{"@type":"ImageObject","inLanguage":"pt-PT","@id":"https:\/\/brasilnoticias.org\/site\/#\/schema\/person\/image\/","url":"https:\/\/secure.gravatar.com\/avatar\/447284c06c1ad8b46465a36de9cd0d8326b73387a22799b8b1ffb1fbcff2ed0c?s=96&d=mm&r=g","contentUrl":"https:\/\/secure.gravatar.com\/avatar\/447284c06c1ad8b46465a36de9cd0d8326b73387a22799b8b1ffb1fbcff2ed0c?s=96&d=mm&r=g","caption":"Reda\u00e7\u00e3o"},"url":"https:\/\/brasilnoticias.org\/site\/author\/redacao\/"}]}},"_links":{"self":[{"href":"https:\/\/brasilnoticias.org\/site\/wp-json\/wp\/v2\/posts\/1426","targetHints":{"allow":["GET"]}}],"collection":[{"href":"https:\/\/brasilnoticias.org\/site\/wp-json\/wp\/v2\/posts"}],"about":[{"href":"https:\/\/brasilnoticias.org\/site\/wp-json\/wp\/v2\/types\/post"}],"author":[{"embeddable":true,"href":"https:\/\/brasilnoticias.org\/site\/wp-json\/wp\/v2\/users\/2"}],"replies":[{"embeddable":true,"href":"https:\/\/brasilnoticias.org\/site\/wp-json\/wp\/v2\/comments?post=1426"}],"version-history":[{"count":1,"href":"https:\/\/brasilnoticias.org\/site\/wp-json\/wp\/v2\/posts\/1426\/revisions"}],"predecessor-version":[{"id":1428,"href":"https:\/\/brasilnoticias.org\/site\/wp-json\/wp\/v2\/posts\/1426\/revisions\/1428"}],"wp:featuredmedia":[{"embeddable":true,"href":"https:\/\/brasilnoticias.org\/site\/wp-json\/wp\/v2\/media\/1427"}],"wp:attachment":[{"href":"https:\/\/brasilnoticias.org\/site\/wp-json\/wp\/v2\/media?parent=1426"}],"wp:term":[{"taxonomy":"category","embeddable":true,"href":"https:\/\/brasilnoticias.org\/site\/wp-json\/wp\/v2\/categories?post=1426"},{"taxonomy":"post_tag","embeddable":true,"href":"https:\/\/brasilnoticias.org\/site\/wp-json\/wp\/v2\/tags?post=1426"}],"curies":[{"name":"wp","href":"https:\/\/api.w.org\/{rel}","templated":true}]}}