{"id":1429,"date":"2022-09-12T10:33:00","date_gmt":"2022-09-12T13:33:00","guid":{"rendered":"https:\/\/brasilnoticias.org\/site\/?p=1429"},"modified":"2022-09-12T10:33:00","modified_gmt":"2022-09-12T13:33:00","slug":"homem-e-acusado-de-assediar-psicologas-apos-se-passar-por-paciente","status":"publish","type":"post","link":"https:\/\/brasilnoticias.org\/site\/homem-e-acusado-de-assediar-psicologas-apos-se-passar-por-paciente\/","title":{"rendered":"Homem \u00e9 acusado de assediar psic\u00f3logas ap\u00f3s se passar por paciente"},"content":{"rendered":"<p>Um homem identificado como Lucas Silva Dornelles, 34 anos, da cidade de Bom Retiro do Sul (RS), \u00e9 investigado por importuna\u00e7\u00e3o sexual a mais de 70 mulheres, todas psic\u00f3logas. Os crimes ocorreram ao menos em 12 estados brasileiros.<\/p>\n<p>Uma das v\u00edtimas relatou ao Universa, que, inicialmente, Lucas entra em contato por meio das redes sociais, pede para marcar uma consulta online e assedia as profissionais. No Instagram, Lucas segue dezenas de psic\u00f3logas, todas mulheres e jovens. Se diz evang\u00e9lico e costuma postar mensagens de autoajuda, tais como: &#8220;N\u00e3o adianta olhar para o c\u00e9u com muita f\u00e9 e pouca luta&#8221;.<\/p>\n<p>De acordo com a reportagem, o suspeito age h\u00e1 cerca de um ano. Algumas das v\u00edtimas afirmam ter sido constrangidas por mensagens de cunho sexual, encerrando o contato em seguida. Outras psic\u00f3logas relataram que o homem teria se masturbado durante as sess\u00f5es.<\/p>\n<p>Uma das v\u00edtimas foi a psic\u00f3loga Let\u00edcia Martins de Oliveira, de 27 anos. Segundo a psic\u00f3loga, Lucas a procurou por meio do Instagram, dizendo que precisava de ajuda e pedindo para marcar uma consulta com urg\u00eancia.<\/p>\n<p>No primeiro contato, segundo a v\u00edtima, ele diz que tem uma defici\u00eancia e que precisava de atendimento online, para sensibilizar a psic\u00f3loga e conseguir uma abordagem mais r\u00e1pida.<\/p>\n<p>Na sess\u00e3o, Lucas teria pedido para ser atendido deitado, devido \u00e0 defici\u00eancia f\u00edsica. Ele posicionou a c\u00e2mera do celular de forma que mostrava apenas o seu rosto. Durante a conversa, se queixou de problemas sexuais e afirmou ter um &#8220;fetiche&#8221; que estava fora de controle. Let\u00edcia conta que notou, pelas express\u00f5es faciais, respira\u00e7\u00e3o ofegante e movimenta\u00e7\u00e3o de um dos bra\u00e7os, e que o homem parecia estar se masturbando.<\/p>\n<p>\u00c9 t\u00e3o constrangedor e chocante que voc\u00ea fica tentando entender se aquilo est\u00e1 acontecendo mesmo. Quando desliguei, me senti agredida, violentada e culpada&#8221;, relata a psic\u00f3loga. A &#8220;consulta&#8221; teria durado cerca de 30 minutos, e alguns dias depois, Let\u00edcia o atendeu novamente.<\/p>\n<p>Ainda de acordo com a reportagem, na segunda sess\u00e3o, Lucas narrou um sonho er\u00f3tico que teve com Let\u00edcia e come\u00e7ou a se masturbar. Ela ent\u00e3o encerrou a liga\u00e7\u00e3o. O homem n\u00e3o pagou nenhum dos dois atendimentos e chegou a insistir com ela, por mensagem, para que continuassem conversando apenas sobre sexo. Foi ent\u00e3o que ela decidiu fazer a den\u00fancia.<\/p>\n<p>V\u00edtimas em 12 estados<br \/>\nA delegada respons\u00e1vel pela investiga\u00e7\u00e3o do caso \u00e9 Wanessa Miranda Ferreira, da 3\u00aa DDM (Delegacia de Defesa da Mulher) de S\u00e3o Paulo. Segundo a autoridade policial, a investiga\u00e7\u00e3o ainda est\u00e1 em andamento e ainda n\u00e3o \u00e9 poss\u00edvel afirmar que se trata de importuna\u00e7\u00e3o sexual, uma vez que o inqu\u00e9rito n\u00e3o foi conclu\u00eddo.<\/p>\n<p>Dornelles j\u00e1 teria feito v\u00edtimas em 12 estados diferentes, o que, de acordo com a delegada, dificulta as investiga\u00e7\u00f5es. At\u00e9 o momento, o caso est\u00e1 com o Minist\u00e9rio P\u00fablico de S\u00e3o Paulo, onde foi feita a primeira den\u00fancia, a de Let\u00edcia.<\/p>\n<p>Outra v\u00edtima, a psic\u00f3loga Liliany Souza, de 37 anos, de Bras\u00edlia, tamb\u00e9m foi contatada pela internet pelo mesmo suspeito, h\u00e1 cerca de seis meses. Ela identificou rapidamente o comportamento estranho e encerrou contato com o homem, que passou ent\u00e3o a agredi-la por mensagens.<\/p>\n<p>&#8220;Recebi uma mensagem em um domingo \u00e0 noite de um homem pedindo atendimento online com urg\u00eancia. Ele falava que tinha uma defici\u00eancia, que tinha dificuldade em ser olhado e que estava mal, precisando ser ouvido imediatamente. E ele come\u00e7ou, ent\u00e3o, a fazer liga\u00e7\u00f5es por \u00e1udio e v\u00eddeo. N\u00e3o atendi. Escrevi que n\u00e3o poderia atend\u00ea-lo naquela hora, que n\u00e3o funciona assim, que se ele quisesse a gente agendava uma sess\u00e3o durante a semana&#8221;, relata Liliany.<\/p>\n<p>Segundo o relato, o homem continuou insistindo, ela disse que ele precisava reservar um hor\u00e1rio e fazer o pagamento antes da sess\u00e3o. Ele imediatamente come\u00e7ou a ofender com palavras de baixo cal\u00e3o. \u2018Bota bunda e tetas de fora para atrair clientes. Capaz que eu ia por dinheiro fora com psic\u00f3loga. S\u00f3 ia te pagar porque voc\u00ea \u00e9 gata\u2019&#8221;, teria dito o homem.<\/p>\n<p>No dia seguinte, Liliany relatou a hist\u00f3ria em seu perfil no Instagram e se surpreendeu com a rea\u00e7\u00e3o em massa de v\u00e1rias colegas de profiss\u00e3o, dizendo terem sido assediadas ou contatadas pelo mesmo homem.<\/p>\n<p>&nbsp;<\/p>\n<p>&nbsp;<\/p>\n<p>&nbsp;<\/p>\n<p>&nbsp;<\/p>\n<p>&nbsp;<\/p>\n<p>Bnews<\/p>\n","protected":false},"excerpt":{"rendered":"<p>Um homem identificado como Lucas Silva Dornelles, 34 anos, da cidade de Bom Retiro do Sul (RS), \u00e9 investigado por<\/p>\n","protected":false},"author":2,"featured_media":1431,"comment_status":"open","ping_status":"open","sticky":false,"template":"","format":"standard","meta":{"colormag_page_container_layout":"default_layout","colormag_page_sidebar_layout":"default_layout","_FSMCFIC_featured_image_caption":"","_FSMCFIC_featured_image_nocaption":"","_FSMCFIC_featured_image_hide":"","footnotes":""},"categories":[3,1],"tags":[],"class_list":["post-1429","post","type-post","status-publish","format-standard","has-post-thumbnail","hentry","category-policia","category-ultimas"],"yoast_head":"<!-- This site is optimized with the Yoast SEO plugin v27.1.1 - https:\/\/yoast.com\/product\/yoast-seo-wordpress\/ -->\n<title>Homem \u00e9 acusado de assediar psic\u00f3logas ap\u00f3s se passar por paciente - Brasil not\u00edcias<\/title>\n<meta name=\"robots\" content=\"index, follow, max-snippet:-1, max-image-preview:large, max-video-preview:-1\" \/>\n<link rel=\"canonical\" href=\"https:\/\/brasilnoticias.org\/site\/homem-e-acusado-de-assediar-psicologas-apos-se-passar-por-paciente\/\" \/>\n<meta property=\"og:locale\" content=\"pt_PT\" \/>\n<meta property=\"og:type\" content=\"article\" \/>\n<meta property=\"og:title\" content=\"Homem \u00e9 acusado de assediar psic\u00f3logas ap\u00f3s se passar por paciente - Brasil not\u00edcias\" \/>\n<meta property=\"og:description\" content=\"Um homem identificado como Lucas Silva Dornelles, 34 anos, da cidade de Bom Retiro do Sul (RS), \u00e9 investigado por\" \/>\n<meta property=\"og:url\" content=\"https:\/\/brasilnoticias.org\/site\/homem-e-acusado-de-assediar-psicologas-apos-se-passar-por-paciente\/\" \/>\n<meta property=\"og:site_name\" content=\"Brasil not\u00edcias\" \/>\n<meta property=\"article:published_time\" content=\"2022-09-12T13:33:00+00:00\" \/>\n<meta property=\"og:image\" content=\"https:\/\/brasilnoticias.org\/site\/wp-content\/uploads\/2022\/09\/homem_e_acusado_de_assediar_mais_de_70_psicologas_apos_se_passar_por_paciente_widelg-1.jpg\" \/>\n\t<meta property=\"og:image:width\" content=\"800\" \/>\n\t<meta property=\"og:image:height\" content=\"450\" \/>\n\t<meta property=\"og:image:type\" content=\"image\/jpeg\" \/>\n<meta name=\"author\" content=\"Reda\u00e7\u00e3o\" \/>\n<meta name=\"twitter:card\" content=\"summary_large_image\" \/>\n<meta name=\"twitter:label1\" content=\"Escrito por\" \/>\n\t<meta name=\"twitter:data1\" content=\"Reda\u00e7\u00e3o\" \/>\n\t<meta name=\"twitter:label2\" content=\"Tempo estimado de leitura\" \/>\n\t<meta name=\"twitter:data2\" content=\"4 minutos\" \/>\n<script type=\"application\/ld+json\" class=\"yoast-schema-graph\">{\"@context\":\"https:\/\/schema.org\",\"@graph\":[{\"@type\":\"Article\",\"@id\":\"https:\/\/brasilnoticias.org\/site\/homem-e-acusado-de-assediar-psicologas-apos-se-passar-por-paciente\/#article\",\"isPartOf\":{\"@id\":\"https:\/\/brasilnoticias.org\/site\/homem-e-acusado-de-assediar-psicologas-apos-se-passar-por-paciente\/\"},\"author\":{\"name\":\"Reda\u00e7\u00e3o\",\"@id\":\"https:\/\/brasilnoticias.org\/site\/#\/schema\/person\/f609fa847b5314f1c8b983342f34c798\"},\"headline\":\"Homem \u00e9 acusado de assediar psic\u00f3logas ap\u00f3s se passar por paciente\",\"datePublished\":\"2022-09-12T13:33:00+00:00\",\"mainEntityOfPage\":{\"@id\":\"https:\/\/brasilnoticias.org\/site\/homem-e-acusado-de-assediar-psicologas-apos-se-passar-por-paciente\/\"},\"wordCount\":769,\"commentCount\":0,\"publisher\":{\"@id\":\"https:\/\/brasilnoticias.org\/site\/#organization\"},\"image\":{\"@id\":\"https:\/\/brasilnoticias.org\/site\/homem-e-acusado-de-assediar-psicologas-apos-se-passar-por-paciente\/#primaryimage\"},\"thumbnailUrl\":\"https:\/\/brasilnoticias.org\/site\/wp-content\/uploads\/2022\/09\/homem_e_acusado_de_assediar_mais_de_70_psicologas_apos_se_passar_por_paciente_widelg-1.jpg\",\"articleSection\":[\"Pol\u00edcia\",\"\u00daltimas\"],\"inLanguage\":\"pt-PT\",\"potentialAction\":[{\"@type\":\"CommentAction\",\"name\":\"Comment\",\"target\":[\"https:\/\/brasilnoticias.org\/site\/homem-e-acusado-de-assediar-psicologas-apos-se-passar-por-paciente\/#respond\"]}]},{\"@type\":\"WebPage\",\"@id\":\"https:\/\/brasilnoticias.org\/site\/homem-e-acusado-de-assediar-psicologas-apos-se-passar-por-paciente\/\",\"url\":\"https:\/\/brasilnoticias.org\/site\/homem-e-acusado-de-assediar-psicologas-apos-se-passar-por-paciente\/\",\"name\":\"Homem \u00e9 acusado de assediar psic\u00f3logas ap\u00f3s se passar por paciente - Brasil not\u00edcias\",\"isPartOf\":{\"@id\":\"https:\/\/brasilnoticias.org\/site\/#website\"},\"primaryImageOfPage\":{\"@id\":\"https:\/\/brasilnoticias.org\/site\/homem-e-acusado-de-assediar-psicologas-apos-se-passar-por-paciente\/#primaryimage\"},\"image\":{\"@id\":\"https:\/\/brasilnoticias.org\/site\/homem-e-acusado-de-assediar-psicologas-apos-se-passar-por-paciente\/#primaryimage\"},\"thumbnailUrl\":\"https:\/\/brasilnoticias.org\/site\/wp-content\/uploads\/2022\/09\/homem_e_acusado_de_assediar_mais_de_70_psicologas_apos_se_passar_por_paciente_widelg-1.jpg\",\"datePublished\":\"2022-09-12T13:33:00+00:00\",\"breadcrumb\":{\"@id\":\"https:\/\/brasilnoticias.org\/site\/homem-e-acusado-de-assediar-psicologas-apos-se-passar-por-paciente\/#breadcrumb\"},\"inLanguage\":\"pt-PT\",\"potentialAction\":[{\"@type\":\"ReadAction\",\"target\":[\"https:\/\/brasilnoticias.org\/site\/homem-e-acusado-de-assediar-psicologas-apos-se-passar-por-paciente\/\"]}]},{\"@type\":\"ImageObject\",\"inLanguage\":\"pt-PT\",\"@id\":\"https:\/\/brasilnoticias.org\/site\/homem-e-acusado-de-assediar-psicologas-apos-se-passar-por-paciente\/#primaryimage\",\"url\":\"https:\/\/brasilnoticias.org\/site\/wp-content\/uploads\/2022\/09\/homem_e_acusado_de_assediar_mais_de_70_psicologas_apos_se_passar_por_paciente_widelg-1.jpg\",\"contentUrl\":\"https:\/\/brasilnoticias.org\/site\/wp-content\/uploads\/2022\/09\/homem_e_acusado_de_assediar_mais_de_70_psicologas_apos_se_passar_por_paciente_widelg-1.jpg\",\"width\":800,\"height\":450},{\"@type\":\"BreadcrumbList\",\"@id\":\"https:\/\/brasilnoticias.org\/site\/homem-e-acusado-de-assediar-psicologas-apos-se-passar-por-paciente\/#breadcrumb\",\"itemListElement\":[{\"@type\":\"ListItem\",\"position\":1,\"name\":\"In\u00edcio\",\"item\":\"https:\/\/brasilnoticias.org\/site\/\"},{\"@type\":\"ListItem\",\"position\":2,\"name\":\"Homem \u00e9 acusado de assediar psic\u00f3logas ap\u00f3s se passar por paciente\"}]},{\"@type\":\"WebSite\",\"@id\":\"https:\/\/brasilnoticias.org\/site\/#website\",\"url\":\"https:\/\/brasilnoticias.org\/site\/\",\"name\":\"Brasil not\u00edcias\",\"description\":\"Brasil not\u00edcias\",\"publisher\":{\"@id\":\"https:\/\/brasilnoticias.org\/site\/#organization\"},\"potentialAction\":[{\"@type\":\"SearchAction\",\"target\":{\"@type\":\"EntryPoint\",\"urlTemplate\":\"https:\/\/brasilnoticias.org\/site\/?s={search_term_string}\"},\"query-input\":{\"@type\":\"PropertyValueSpecification\",\"valueRequired\":true,\"valueName\":\"search_term_string\"}}],\"inLanguage\":\"pt-PT\"},{\"@type\":\"Organization\",\"@id\":\"https:\/\/brasilnoticias.org\/site\/#organization\",\"name\":\"Brasil not\u00edcias\",\"url\":\"https:\/\/brasilnoticias.org\/site\/\",\"logo\":{\"@type\":\"ImageObject\",\"inLanguage\":\"pt-PT\",\"@id\":\"https:\/\/brasilnoticias.org\/site\/#\/schema\/logo\/image\/\",\"url\":\"https:\/\/brasilnoticias.org\/site\/wp-content\/uploads\/2022\/05\/cropped-brasilnoticias-mini.jpg\",\"contentUrl\":\"https:\/\/brasilnoticias.org\/site\/wp-content\/uploads\/2022\/05\/cropped-brasilnoticias-mini.jpg\",\"width\":314,\"height\":86,\"caption\":\"Brasil not\u00edcias\"},\"image\":{\"@id\":\"https:\/\/brasilnoticias.org\/site\/#\/schema\/logo\/image\/\"}},{\"@type\":\"Person\",\"@id\":\"https:\/\/brasilnoticias.org\/site\/#\/schema\/person\/f609fa847b5314f1c8b983342f34c798\",\"name\":\"Reda\u00e7\u00e3o\",\"image\":{\"@type\":\"ImageObject\",\"inLanguage\":\"pt-PT\",\"@id\":\"https:\/\/brasilnoticias.org\/site\/#\/schema\/person\/image\/\",\"url\":\"https:\/\/secure.gravatar.com\/avatar\/447284c06c1ad8b46465a36de9cd0d8326b73387a22799b8b1ffb1fbcff2ed0c?s=96&d=mm&r=g\",\"contentUrl\":\"https:\/\/secure.gravatar.com\/avatar\/447284c06c1ad8b46465a36de9cd0d8326b73387a22799b8b1ffb1fbcff2ed0c?s=96&d=mm&r=g\",\"caption\":\"Reda\u00e7\u00e3o\"},\"url\":\"https:\/\/brasilnoticias.org\/site\/author\/redacao\/\"}]}<\/script>\n<!-- \/ Yoast SEO plugin. -->","yoast_head_json":{"title":"Homem \u00e9 acusado de assediar psic\u00f3logas ap\u00f3s se passar por paciente - Brasil not\u00edcias","robots":{"index":"index","follow":"follow","max-snippet":"max-snippet:-1","max-image-preview":"max-image-preview:large","max-video-preview":"max-video-preview:-1"},"canonical":"https:\/\/brasilnoticias.org\/site\/homem-e-acusado-de-assediar-psicologas-apos-se-passar-por-paciente\/","og_locale":"pt_PT","og_type":"article","og_title":"Homem \u00e9 acusado de assediar psic\u00f3logas ap\u00f3s se passar por paciente - Brasil not\u00edcias","og_description":"Um homem identificado como Lucas Silva Dornelles, 34 anos, da cidade de Bom Retiro do Sul (RS), \u00e9 investigado por","og_url":"https:\/\/brasilnoticias.org\/site\/homem-e-acusado-de-assediar-psicologas-apos-se-passar-por-paciente\/","og_site_name":"Brasil not\u00edcias","article_published_time":"2022-09-12T13:33:00+00:00","og_image":[{"width":800,"height":450,"url":"https:\/\/brasilnoticias.org\/site\/wp-content\/uploads\/2022\/09\/homem_e_acusado_de_assediar_mais_de_70_psicologas_apos_se_passar_por_paciente_widelg-1.jpg","type":"image\/jpeg"}],"author":"Reda\u00e7\u00e3o","twitter_card":"summary_large_image","twitter_misc":{"Escrito por":"Reda\u00e7\u00e3o","Tempo estimado de leitura":"4 minutos"},"schema":{"@context":"https:\/\/schema.org","@graph":[{"@type":"Article","@id":"https:\/\/brasilnoticias.org\/site\/homem-e-acusado-de-assediar-psicologas-apos-se-passar-por-paciente\/#article","isPartOf":{"@id":"https:\/\/brasilnoticias.org\/site\/homem-e-acusado-de-assediar-psicologas-apos-se-passar-por-paciente\/"},"author":{"name":"Reda\u00e7\u00e3o","@id":"https:\/\/brasilnoticias.org\/site\/#\/schema\/person\/f609fa847b5314f1c8b983342f34c798"},"headline":"Homem \u00e9 acusado de assediar psic\u00f3logas ap\u00f3s se passar por paciente","datePublished":"2022-09-12T13:33:00+00:00","mainEntityOfPage":{"@id":"https:\/\/brasilnoticias.org\/site\/homem-e-acusado-de-assediar-psicologas-apos-se-passar-por-paciente\/"},"wordCount":769,"commentCount":0,"publisher":{"@id":"https:\/\/brasilnoticias.org\/site\/#organization"},"image":{"@id":"https:\/\/brasilnoticias.org\/site\/homem-e-acusado-de-assediar-psicologas-apos-se-passar-por-paciente\/#primaryimage"},"thumbnailUrl":"https:\/\/brasilnoticias.org\/site\/wp-content\/uploads\/2022\/09\/homem_e_acusado_de_assediar_mais_de_70_psicologas_apos_se_passar_por_paciente_widelg-1.jpg","articleSection":["Pol\u00edcia","\u00daltimas"],"inLanguage":"pt-PT","potentialAction":[{"@type":"CommentAction","name":"Comment","target":["https:\/\/brasilnoticias.org\/site\/homem-e-acusado-de-assediar-psicologas-apos-se-passar-por-paciente\/#respond"]}]},{"@type":"WebPage","@id":"https:\/\/brasilnoticias.org\/site\/homem-e-acusado-de-assediar-psicologas-apos-se-passar-por-paciente\/","url":"https:\/\/brasilnoticias.org\/site\/homem-e-acusado-de-assediar-psicologas-apos-se-passar-por-paciente\/","name":"Homem \u00e9 acusado de assediar psic\u00f3logas ap\u00f3s se passar por paciente - Brasil not\u00edcias","isPartOf":{"@id":"https:\/\/brasilnoticias.org\/site\/#website"},"primaryImageOfPage":{"@id":"https:\/\/brasilnoticias.org\/site\/homem-e-acusado-de-assediar-psicologas-apos-se-passar-por-paciente\/#primaryimage"},"image":{"@id":"https:\/\/brasilnoticias.org\/site\/homem-e-acusado-de-assediar-psicologas-apos-se-passar-por-paciente\/#primaryimage"},"thumbnailUrl":"https:\/\/brasilnoticias.org\/site\/wp-content\/uploads\/2022\/09\/homem_e_acusado_de_assediar_mais_de_70_psicologas_apos_se_passar_por_paciente_widelg-1.jpg","datePublished":"2022-09-12T13:33:00+00:00","breadcrumb":{"@id":"https:\/\/brasilnoticias.org\/site\/homem-e-acusado-de-assediar-psicologas-apos-se-passar-por-paciente\/#breadcrumb"},"inLanguage":"pt-PT","potentialAction":[{"@type":"ReadAction","target":["https:\/\/brasilnoticias.org\/site\/homem-e-acusado-de-assediar-psicologas-apos-se-passar-por-paciente\/"]}]},{"@type":"ImageObject","inLanguage":"pt-PT","@id":"https:\/\/brasilnoticias.org\/site\/homem-e-acusado-de-assediar-psicologas-apos-se-passar-por-paciente\/#primaryimage","url":"https:\/\/brasilnoticias.org\/site\/wp-content\/uploads\/2022\/09\/homem_e_acusado_de_assediar_mais_de_70_psicologas_apos_se_passar_por_paciente_widelg-1.jpg","contentUrl":"https:\/\/brasilnoticias.org\/site\/wp-content\/uploads\/2022\/09\/homem_e_acusado_de_assediar_mais_de_70_psicologas_apos_se_passar_por_paciente_widelg-1.jpg","width":800,"height":450},{"@type":"BreadcrumbList","@id":"https:\/\/brasilnoticias.org\/site\/homem-e-acusado-de-assediar-psicologas-apos-se-passar-por-paciente\/#breadcrumb","itemListElement":[{"@type":"ListItem","position":1,"name":"In\u00edcio","item":"https:\/\/brasilnoticias.org\/site\/"},{"@type":"ListItem","position":2,"name":"Homem \u00e9 acusado de assediar psic\u00f3logas ap\u00f3s se passar por paciente"}]},{"@type":"WebSite","@id":"https:\/\/brasilnoticias.org\/site\/#website","url":"https:\/\/brasilnoticias.org\/site\/","name":"Brasil not\u00edcias","description":"Brasil not\u00edcias","publisher":{"@id":"https:\/\/brasilnoticias.org\/site\/#organization"},"potentialAction":[{"@type":"SearchAction","target":{"@type":"EntryPoint","urlTemplate":"https:\/\/brasilnoticias.org\/site\/?s={search_term_string}"},"query-input":{"@type":"PropertyValueSpecification","valueRequired":true,"valueName":"search_term_string"}}],"inLanguage":"pt-PT"},{"@type":"Organization","@id":"https:\/\/brasilnoticias.org\/site\/#organization","name":"Brasil not\u00edcias","url":"https:\/\/brasilnoticias.org\/site\/","logo":{"@type":"ImageObject","inLanguage":"pt-PT","@id":"https:\/\/brasilnoticias.org\/site\/#\/schema\/logo\/image\/","url":"https:\/\/brasilnoticias.org\/site\/wp-content\/uploads\/2022\/05\/cropped-brasilnoticias-mini.jpg","contentUrl":"https:\/\/brasilnoticias.org\/site\/wp-content\/uploads\/2022\/05\/cropped-brasilnoticias-mini.jpg","width":314,"height":86,"caption":"Brasil not\u00edcias"},"image":{"@id":"https:\/\/brasilnoticias.org\/site\/#\/schema\/logo\/image\/"}},{"@type":"Person","@id":"https:\/\/brasilnoticias.org\/site\/#\/schema\/person\/f609fa847b5314f1c8b983342f34c798","name":"Reda\u00e7\u00e3o","image":{"@type":"ImageObject","inLanguage":"pt-PT","@id":"https:\/\/brasilnoticias.org\/site\/#\/schema\/person\/image\/","url":"https:\/\/secure.gravatar.com\/avatar\/447284c06c1ad8b46465a36de9cd0d8326b73387a22799b8b1ffb1fbcff2ed0c?s=96&d=mm&r=g","contentUrl":"https:\/\/secure.gravatar.com\/avatar\/447284c06c1ad8b46465a36de9cd0d8326b73387a22799b8b1ffb1fbcff2ed0c?s=96&d=mm&r=g","caption":"Reda\u00e7\u00e3o"},"url":"https:\/\/brasilnoticias.org\/site\/author\/redacao\/"}]}},"_links":{"self":[{"href":"https:\/\/brasilnoticias.org\/site\/wp-json\/wp\/v2\/posts\/1429","targetHints":{"allow":["GET"]}}],"collection":[{"href":"https:\/\/brasilnoticias.org\/site\/wp-json\/wp\/v2\/posts"}],"about":[{"href":"https:\/\/brasilnoticias.org\/site\/wp-json\/wp\/v2\/types\/post"}],"author":[{"embeddable":true,"href":"https:\/\/brasilnoticias.org\/site\/wp-json\/wp\/v2\/users\/2"}],"replies":[{"embeddable":true,"href":"https:\/\/brasilnoticias.org\/site\/wp-json\/wp\/v2\/comments?post=1429"}],"version-history":[{"count":1,"href":"https:\/\/brasilnoticias.org\/site\/wp-json\/wp\/v2\/posts\/1429\/revisions"}],"predecessor-version":[{"id":1432,"href":"https:\/\/brasilnoticias.org\/site\/wp-json\/wp\/v2\/posts\/1429\/revisions\/1432"}],"wp:featuredmedia":[{"embeddable":true,"href":"https:\/\/brasilnoticias.org\/site\/wp-json\/wp\/v2\/media\/1431"}],"wp:attachment":[{"href":"https:\/\/brasilnoticias.org\/site\/wp-json\/wp\/v2\/media?parent=1429"}],"wp:term":[{"taxonomy":"category","embeddable":true,"href":"https:\/\/brasilnoticias.org\/site\/wp-json\/wp\/v2\/categories?post=1429"},{"taxonomy":"post_tag","embeddable":true,"href":"https:\/\/brasilnoticias.org\/site\/wp-json\/wp\/v2\/tags?post=1429"}],"curies":[{"name":"wp","href":"https:\/\/api.w.org\/{rel}","templated":true}]}}