{"id":14323,"date":"2024-05-30T11:03:57","date_gmt":"2024-05-30T14:03:57","guid":{"rendered":"https:\/\/brasilnoticias.org\/site\/?p=14323"},"modified":"2024-05-30T11:03:57","modified_gmt":"2024-05-30T14:03:57","slug":"confira-o-funcionamento-dos-orgaos-municipais-no-feriado-de-corpus-christi","status":"publish","type":"post","link":"https:\/\/brasilnoticias.org\/site\/confira-o-funcionamento-dos-orgaos-municipais-no-feriado-de-corpus-christi\/","title":{"rendered":"Confira o funcionamento dos \u00f3rg\u00e3os municipais no feriado de Corpus Christi"},"content":{"rendered":"<p>Devido ao feriado de Corpus Christi, nesta quinta-feira (30), e o ponto facultativo na sexta-feira (31), o expediente nas reparti\u00e7\u00f5es p\u00fablicas municipais ter\u00e1 o funcionamento retomado na segunda-feira (3). No entanto, os servi\u00e7os essenciais para a popula\u00e7\u00e3o ser\u00e3o mantidos durante o per\u00edodo.<\/p>\n<p>Tr\u00e2nsito <\/p>\n<p>Durante o feriado, os agentes da Superintend\u00eancia de Tr\u00e2nsito de Salvador (Transalvador) atuar\u00e3o normalmente nas ruas. O N\u00facleo de Opera\u00e7\u00e3o Assistida (NOA) tamb\u00e9m vai monitorar o tr\u00e1fego 24h durante todo o per\u00edodo, por meio das c\u00e2meras de videomonitoramento, auxiliando as equipes que estar\u00e3o em rondas. As blitzes de Lei Seca tamb\u00e9m ser\u00e3o realizadas normalmente.<\/p>\n<p>Nos casos de notifica\u00e7\u00f5es com vencimentos nos dias 30 e 31 de maio, a data limite ser\u00e1 prorrogada automaticamente para o primeiro dia \u00fatil seguinte. Os setores de libera\u00e7\u00e3o de ve\u00edculos custodiados n\u00e3o funcionam na quinta, voltando os atendimentos na sexta-feira das 9h \u00e0s 17h, e no s\u00e1bado tamb\u00e9m h\u00e1 atendimentos das 9h \u00e0s 12h e das 14h \u00e0s 16h.<\/p>\n<p>Com\u00e9rcio informal &#8211; A Secretaria Municipal de Ordem P\u00fablica (Semop) seguir\u00e1 com a\u00e7\u00f5es de ordenamento do com\u00e9rcio informal na cidade durante o feriado.<\/p>\n<p>J\u00e1 a Secretaria Municipal de Inova\u00e7\u00e3o e Tecnologia (Semit) e a Companhia de Governan\u00e7a Eletr\u00f4nica de Salvador (Cogel) dar\u00e3o suporte t\u00e9cnico aos servi\u00e7os prestados ao cidad\u00e3o, a exemplo da plataforma Salvador Digital, al\u00e9m de diversos sites e sistemas municipais.<\/p>\n<p>Fazenda \u2013 Todos os postos de atendimento presencial da Secretaria Municipal da Fazenda (Sefaz) estar\u00e3o fechados na quinta-feira (30). No entanto, os postos localizados na rede SAC, especificamente, funcionar\u00e3o normalmente na sexta-feira (31). Durante todo o feriado, a popula\u00e7\u00e3o poder\u00e1 solicitar os servi\u00e7os pelo Formul\u00e1rio de Atendimento (FAS), pelo site.<\/p>\n<p>Assist\u00eancia \u00e0 mulher \u2013 Espa\u00e7os geridos pela Secretaria Municipal de Pol\u00edticas para Mulheres, Inf\u00e2ncia e Juventude (SPMJ), o Centro de Atendimento \u00e0 Mulher Soteropolitana Irm\u00e3 Dulce (Camsid), na Ribeira, e a Casa da Mulher Brasileira, no Caminho das \u00c1rvores, funcionar\u00e3o normalmente em esquema 24h.<\/p>\n<p>Guarda Municipal \u2013 A Guarda Civil Municipal (GCM) manter\u00e1 agentes de plant\u00e3o, realizando a\u00e7\u00f5es de prote\u00e7\u00e3o dos equipamentos p\u00fablicos e fiscaliza\u00e7\u00e3o dos servi\u00e7os municipais.<\/p>\n<p>Salvamar \u2013 A Coordenadoria de Salvamento Mar\u00edtimo (Salvamar) atuar\u00e1 no feriad\u00e3o com refor\u00e7o no efetivo, em especial nesta quinta-feira (30) e no domingo (2), com amplia\u00e7\u00e3o do efetivo nas praias. Em todos dos dias, o \u00f3rg\u00e3o seguir\u00e1 com todos os postos ativados, al\u00e9m de rondas e, em caso de necessidade, utiliza\u00e7\u00e3o dos quadriciclos e motos aqu\u00e1ticas para salvamento.<\/p>\n<p>Estabelecimentos e polui\u00e7\u00e3o sonora \u2013 A Secretaria Municipal de Desenvolvimento Urbano (Sedur) ir\u00e1 intensificar a fiscaliza\u00e7\u00e3o no feriado, em regime de plant\u00e3o, com o objetivo de fiscalizar a regularidade dos estabelecimentos comerciais e eventos em Salvador. O \u00f3rg\u00e3o tamb\u00e9m realiza opera\u00e7\u00f5es de combate \u00e0 polui\u00e7\u00e3o sonora, publicidade e constru\u00e7\u00e3o irregular. As den\u00fancias de polui\u00e7\u00e3o sonora devem ser feitas atrav\u00e9s do Fala Salvador 156 ou pelo Aplicativo Sonora Salvador. Na quinta (30) e na sexta-feira (31), o atendimento presencial est\u00e1 suspenso.<\/p>\n<p>Limpeza \u2013 A Empresa de Limpeza Urbana de Salvador (Limpurb) far\u00e1 a coleta regular de res\u00edduos na cidade durante o feriado.<\/p>\n<p>Ouvidoria \u2013 A Ouvidoria Geral do Munic\u00edpio (OGM) segue com o registro de atendimento das demandas dos cidad\u00e3os em esquema 24h, atrav\u00e9s do telefone 156 ou no portal.<\/p>\n<p>Manuten\u00e7\u00e3o \u2013 O setor administrativo da Secretaria de Manuten\u00e7\u00e3o da Cidade (Seman) n\u00e3o funcionar\u00e1, mas equipes estar\u00e3o dispon\u00edveis para atendimentos emergenciais, dentro da Opera\u00e7\u00e3o Chuva.<\/p>\n<p>Desal \u2013 Equipes da Companhia de Desenvolvimento Urbano de Salvador ir\u00e3o atuar at\u00e9 domingo (5), em car\u00e1ter de plant\u00e3o, em diversas pra\u00e7as em constru\u00e7\u00e3o e recupera\u00e7\u00e3o, al\u00e9m do complexo de passarelas do BRT.<\/p>\n<p>Espa\u00e7os culturais \u2013 A Casa do Rio Vermelho, Cidade da M\u00fasica da Bahia, Casa do Benin, Casa do Carnaval e espa\u00e7os Pierre Verger da Fotografia Baiana e Caryb\u00e9 das Artes n\u00e3o funcionar\u00e3o no dia 1\u00ba de maio, retornando \u00e0s atividades na quinta-feira (2), \u00e0s 10h.<\/p>\n<p>Hospital Veterin\u00e1rio e parques \u2013 O Hospital Veterin\u00e1rio de Salvador estar\u00e1 fechado no dia 30, abrindo normalmente dia 31. Os parques t\u00eam funcionamento normal no dia 30 e 31, sendo que o Jardim Bot\u00e2nico funcionar\u00e1 das 8h \u00e0s 14h no s\u00e1bado (1\u00ba). <\/p>\n<p>Assist\u00eancia social \u2013 Os t\u00e9cnicos do Servi\u00e7o Especializado em Abordagem Social (Seas) da Secretaria Municipal de Promo\u00e7\u00e3o Social, Combate \u00e0 Pobreza, Esporte e Lazer (Sempre), que realizam busca ativa de fam\u00edlias e indiv\u00edduos em situa\u00e7\u00e3o de risco pessoal e \/ou social, e identificam nos territ\u00f3rios a incid\u00eancia de trabalho infantil, explora\u00e7\u00e3o sexual de crian\u00e7as e adolescentes, situa\u00e7\u00e3o de rua, dentre outros, estar\u00e3o atuando no per\u00edodo, bem das Unidades de Acolhimento Institucional (UAI).<\/p>\n<p>Foto: Bruno Concha\/Secom PMS<br \/>\nPor: Metro1<\/p>\n","protected":false},"excerpt":{"rendered":"<p>Devido ao feriado de Corpus Christi, nesta quinta-feira (30), e o ponto facultativo na sexta-feira (31), o expediente nas reparti\u00e7\u00f5es<\/p>\n","protected":false},"author":4,"featured_media":14324,"comment_status":"open","ping_status":"open","sticky":false,"template":"","format":"standard","meta":{"colormag_page_container_layout":"default_layout","colormag_page_sidebar_layout":"default_layout","_FSMCFIC_featured_image_caption":"","_FSMCFIC_featured_image_nocaption":"","_FSMCFIC_featured_image_hide":"","footnotes":""},"categories":[2,1],"tags":[],"class_list":["post-14323","post","type-post","status-publish","format-standard","has-post-thumbnail","hentry","category-noticias","category-ultimas"],"yoast_head":"<!-- This site is optimized with the Yoast SEO plugin v27.1.1 - https:\/\/yoast.com\/product\/yoast-seo-wordpress\/ -->\n<title>Confira o funcionamento dos \u00f3rg\u00e3os municipais no feriado de Corpus Christi - Brasil not\u00edcias<\/title>\n<meta name=\"robots\" content=\"index, follow, max-snippet:-1, max-image-preview:large, max-video-preview:-1\" \/>\n<link rel=\"canonical\" href=\"https:\/\/brasilnoticias.org\/site\/confira-o-funcionamento-dos-orgaos-municipais-no-feriado-de-corpus-christi\/\" \/>\n<meta property=\"og:locale\" content=\"pt_PT\" \/>\n<meta property=\"og:type\" content=\"article\" \/>\n<meta property=\"og:title\" content=\"Confira o funcionamento dos \u00f3rg\u00e3os municipais no feriado de Corpus Christi - Brasil not\u00edcias\" \/>\n<meta property=\"og:description\" content=\"Devido ao feriado de Corpus Christi, nesta quinta-feira (30), e o ponto facultativo na sexta-feira (31), o expediente nas reparti\u00e7\u00f5es\" \/>\n<meta property=\"og:url\" content=\"https:\/\/brasilnoticias.org\/site\/confira-o-funcionamento-dos-orgaos-municipais-no-feriado-de-corpus-christi\/\" \/>\n<meta property=\"og:site_name\" content=\"Brasil not\u00edcias\" \/>\n<meta property=\"article:published_time\" content=\"2024-05-30T14:03:57+00:00\" \/>\n<meta property=\"og:image\" content=\"https:\/\/brasilnoticias.org\/site\/wp-content\/uploads\/2024\/05\/150879confira-o-funcionamento-dos-orgaos-municipais-no-feriado-de-corpus-christi-3.jpg\" \/>\n\t<meta property=\"og:image:width\" content=\"1600\" \/>\n\t<meta property=\"og:image:height\" content=\"752\" \/>\n\t<meta property=\"og:image:type\" content=\"image\/jpeg\" \/>\n<meta name=\"author\" content=\"Reda\u00e7\u00e3o\" \/>\n<meta name=\"twitter:card\" content=\"summary_large_image\" \/>\n<meta name=\"twitter:label1\" content=\"Escrito por\" \/>\n\t<meta name=\"twitter:data1\" content=\"Reda\u00e7\u00e3o\" \/>\n\t<meta name=\"twitter:label2\" content=\"Tempo estimado de leitura\" \/>\n\t<meta name=\"twitter:data2\" content=\"1 minuto\" \/>\n<script type=\"application\/ld+json\" class=\"yoast-schema-graph\">{\"@context\":\"https:\/\/schema.org\",\"@graph\":[{\"@type\":\"Article\",\"@id\":\"https:\/\/brasilnoticias.org\/site\/confira-o-funcionamento-dos-orgaos-municipais-no-feriado-de-corpus-christi\/#article\",\"isPartOf\":{\"@id\":\"https:\/\/brasilnoticias.org\/site\/confira-o-funcionamento-dos-orgaos-municipais-no-feriado-de-corpus-christi\/\"},\"author\":{\"name\":\"Reda\u00e7\u00e3o\",\"@id\":\"https:\/\/brasilnoticias.org\/site\/#\/schema\/person\/03bbbfe6c7634ad18c26444ea39049fa\"},\"headline\":\"Confira o funcionamento dos \u00f3rg\u00e3os municipais no feriado de Corpus Christi\",\"datePublished\":\"2024-05-30T14:03:57+00:00\",\"mainEntityOfPage\":{\"@id\":\"https:\/\/brasilnoticias.org\/site\/confira-o-funcionamento-dos-orgaos-municipais-no-feriado-de-corpus-christi\/\"},\"wordCount\":836,\"commentCount\":0,\"publisher\":{\"@id\":\"https:\/\/brasilnoticias.org\/site\/#organization\"},\"image\":{\"@id\":\"https:\/\/brasilnoticias.org\/site\/confira-o-funcionamento-dos-orgaos-municipais-no-feriado-de-corpus-christi\/#primaryimage\"},\"thumbnailUrl\":\"https:\/\/brasilnoticias.org\/site\/wp-content\/uploads\/2024\/05\/150879confira-o-funcionamento-dos-orgaos-municipais-no-feriado-de-corpus-christi-3.jpg\",\"articleSection\":[\"Not\u00edcias\",\"\u00daltimas\"],\"inLanguage\":\"pt-PT\",\"potentialAction\":[{\"@type\":\"CommentAction\",\"name\":\"Comment\",\"target\":[\"https:\/\/brasilnoticias.org\/site\/confira-o-funcionamento-dos-orgaos-municipais-no-feriado-de-corpus-christi\/#respond\"]}]},{\"@type\":\"WebPage\",\"@id\":\"https:\/\/brasilnoticias.org\/site\/confira-o-funcionamento-dos-orgaos-municipais-no-feriado-de-corpus-christi\/\",\"url\":\"https:\/\/brasilnoticias.org\/site\/confira-o-funcionamento-dos-orgaos-municipais-no-feriado-de-corpus-christi\/\",\"name\":\"Confira o funcionamento dos \u00f3rg\u00e3os municipais no feriado de Corpus Christi - Brasil not\u00edcias\",\"isPartOf\":{\"@id\":\"https:\/\/brasilnoticias.org\/site\/#website\"},\"primaryImageOfPage\":{\"@id\":\"https:\/\/brasilnoticias.org\/site\/confira-o-funcionamento-dos-orgaos-municipais-no-feriado-de-corpus-christi\/#primaryimage\"},\"image\":{\"@id\":\"https:\/\/brasilnoticias.org\/site\/confira-o-funcionamento-dos-orgaos-municipais-no-feriado-de-corpus-christi\/#primaryimage\"},\"thumbnailUrl\":\"https:\/\/brasilnoticias.org\/site\/wp-content\/uploads\/2024\/05\/150879confira-o-funcionamento-dos-orgaos-municipais-no-feriado-de-corpus-christi-3.jpg\",\"datePublished\":\"2024-05-30T14:03:57+00:00\",\"breadcrumb\":{\"@id\":\"https:\/\/brasilnoticias.org\/site\/confira-o-funcionamento-dos-orgaos-municipais-no-feriado-de-corpus-christi\/#breadcrumb\"},\"inLanguage\":\"pt-PT\",\"potentialAction\":[{\"@type\":\"ReadAction\",\"target\":[\"https:\/\/brasilnoticias.org\/site\/confira-o-funcionamento-dos-orgaos-municipais-no-feriado-de-corpus-christi\/\"]}]},{\"@type\":\"ImageObject\",\"inLanguage\":\"pt-PT\",\"@id\":\"https:\/\/brasilnoticias.org\/site\/confira-o-funcionamento-dos-orgaos-municipais-no-feriado-de-corpus-christi\/#primaryimage\",\"url\":\"https:\/\/brasilnoticias.org\/site\/wp-content\/uploads\/2024\/05\/150879confira-o-funcionamento-dos-orgaos-municipais-no-feriado-de-corpus-christi-3.jpg\",\"contentUrl\":\"https:\/\/brasilnoticias.org\/site\/wp-content\/uploads\/2024\/05\/150879confira-o-funcionamento-dos-orgaos-municipais-no-feriado-de-corpus-christi-3.jpg\",\"width\":1600,\"height\":752},{\"@type\":\"BreadcrumbList\",\"@id\":\"https:\/\/brasilnoticias.org\/site\/confira-o-funcionamento-dos-orgaos-municipais-no-feriado-de-corpus-christi\/#breadcrumb\",\"itemListElement\":[{\"@type\":\"ListItem\",\"position\":1,\"name\":\"In\u00edcio\",\"item\":\"https:\/\/brasilnoticias.org\/site\/\"},{\"@type\":\"ListItem\",\"position\":2,\"name\":\"Confira o funcionamento dos \u00f3rg\u00e3os municipais no feriado de Corpus Christi\"}]},{\"@type\":\"WebSite\",\"@id\":\"https:\/\/brasilnoticias.org\/site\/#website\",\"url\":\"https:\/\/brasilnoticias.org\/site\/\",\"name\":\"Brasil not\u00edcias\",\"description\":\"Brasil not\u00edcias\",\"publisher\":{\"@id\":\"https:\/\/brasilnoticias.org\/site\/#organization\"},\"potentialAction\":[{\"@type\":\"SearchAction\",\"target\":{\"@type\":\"EntryPoint\",\"urlTemplate\":\"https:\/\/brasilnoticias.org\/site\/?s={search_term_string}\"},\"query-input\":{\"@type\":\"PropertyValueSpecification\",\"valueRequired\":true,\"valueName\":\"search_term_string\"}}],\"inLanguage\":\"pt-PT\"},{\"@type\":\"Organization\",\"@id\":\"https:\/\/brasilnoticias.org\/site\/#organization\",\"name\":\"Brasil not\u00edcias\",\"url\":\"https:\/\/brasilnoticias.org\/site\/\",\"logo\":{\"@type\":\"ImageObject\",\"inLanguage\":\"pt-PT\",\"@id\":\"https:\/\/brasilnoticias.org\/site\/#\/schema\/logo\/image\/\",\"url\":\"https:\/\/brasilnoticias.org\/site\/wp-content\/uploads\/2022\/05\/cropped-brasilnoticias-mini.jpg\",\"contentUrl\":\"https:\/\/brasilnoticias.org\/site\/wp-content\/uploads\/2022\/05\/cropped-brasilnoticias-mini.jpg\",\"width\":314,\"height\":86,\"caption\":\"Brasil not\u00edcias\"},\"image\":{\"@id\":\"https:\/\/brasilnoticias.org\/site\/#\/schema\/logo\/image\/\"}},{\"@type\":\"Person\",\"@id\":\"https:\/\/brasilnoticias.org\/site\/#\/schema\/person\/03bbbfe6c7634ad18c26444ea39049fa\",\"name\":\"Reda\u00e7\u00e3o\",\"image\":{\"@type\":\"ImageObject\",\"inLanguage\":\"pt-PT\",\"@id\":\"https:\/\/brasilnoticias.org\/site\/#\/schema\/person\/image\/\",\"url\":\"https:\/\/secure.gravatar.com\/avatar\/9ecaf7327a696cb23ad926fedded5f1f04d7049de9e445375d55b48c001a6e42?s=96&d=mm&r=g\",\"contentUrl\":\"https:\/\/secure.gravatar.com\/avatar\/9ecaf7327a696cb23ad926fedded5f1f04d7049de9e445375d55b48c001a6e42?s=96&d=mm&r=g\",\"caption\":\"Reda\u00e7\u00e3o\"},\"url\":\"https:\/\/brasilnoticias.org\/site\/author\/henrique\/\"}]}<\/script>\n<!-- \/ Yoast SEO plugin. -->","yoast_head_json":{"title":"Confira o funcionamento dos \u00f3rg\u00e3os municipais no feriado de Corpus Christi - Brasil not\u00edcias","robots":{"index":"index","follow":"follow","max-snippet":"max-snippet:-1","max-image-preview":"max-image-preview:large","max-video-preview":"max-video-preview:-1"},"canonical":"https:\/\/brasilnoticias.org\/site\/confira-o-funcionamento-dos-orgaos-municipais-no-feriado-de-corpus-christi\/","og_locale":"pt_PT","og_type":"article","og_title":"Confira o funcionamento dos \u00f3rg\u00e3os municipais no feriado de Corpus Christi - Brasil not\u00edcias","og_description":"Devido ao feriado de Corpus Christi, nesta quinta-feira (30), e o ponto facultativo na sexta-feira (31), o expediente nas reparti\u00e7\u00f5es","og_url":"https:\/\/brasilnoticias.org\/site\/confira-o-funcionamento-dos-orgaos-municipais-no-feriado-de-corpus-christi\/","og_site_name":"Brasil not\u00edcias","article_published_time":"2024-05-30T14:03:57+00:00","og_image":[{"width":1600,"height":752,"url":"https:\/\/brasilnoticias.org\/site\/wp-content\/uploads\/2024\/05\/150879confira-o-funcionamento-dos-orgaos-municipais-no-feriado-de-corpus-christi-3.jpg","type":"image\/jpeg"}],"author":"Reda\u00e7\u00e3o","twitter_card":"summary_large_image","twitter_misc":{"Escrito por":"Reda\u00e7\u00e3o","Tempo estimado de leitura":"1 minuto"},"schema":{"@context":"https:\/\/schema.org","@graph":[{"@type":"Article","@id":"https:\/\/brasilnoticias.org\/site\/confira-o-funcionamento-dos-orgaos-municipais-no-feriado-de-corpus-christi\/#article","isPartOf":{"@id":"https:\/\/brasilnoticias.org\/site\/confira-o-funcionamento-dos-orgaos-municipais-no-feriado-de-corpus-christi\/"},"author":{"name":"Reda\u00e7\u00e3o","@id":"https:\/\/brasilnoticias.org\/site\/#\/schema\/person\/03bbbfe6c7634ad18c26444ea39049fa"},"headline":"Confira o funcionamento dos \u00f3rg\u00e3os municipais no feriado de Corpus Christi","datePublished":"2024-05-30T14:03:57+00:00","mainEntityOfPage":{"@id":"https:\/\/brasilnoticias.org\/site\/confira-o-funcionamento-dos-orgaos-municipais-no-feriado-de-corpus-christi\/"},"wordCount":836,"commentCount":0,"publisher":{"@id":"https:\/\/brasilnoticias.org\/site\/#organization"},"image":{"@id":"https:\/\/brasilnoticias.org\/site\/confira-o-funcionamento-dos-orgaos-municipais-no-feriado-de-corpus-christi\/#primaryimage"},"thumbnailUrl":"https:\/\/brasilnoticias.org\/site\/wp-content\/uploads\/2024\/05\/150879confira-o-funcionamento-dos-orgaos-municipais-no-feriado-de-corpus-christi-3.jpg","articleSection":["Not\u00edcias","\u00daltimas"],"inLanguage":"pt-PT","potentialAction":[{"@type":"CommentAction","name":"Comment","target":["https:\/\/brasilnoticias.org\/site\/confira-o-funcionamento-dos-orgaos-municipais-no-feriado-de-corpus-christi\/#respond"]}]},{"@type":"WebPage","@id":"https:\/\/brasilnoticias.org\/site\/confira-o-funcionamento-dos-orgaos-municipais-no-feriado-de-corpus-christi\/","url":"https:\/\/brasilnoticias.org\/site\/confira-o-funcionamento-dos-orgaos-municipais-no-feriado-de-corpus-christi\/","name":"Confira o funcionamento dos \u00f3rg\u00e3os municipais no feriado de Corpus Christi - Brasil not\u00edcias","isPartOf":{"@id":"https:\/\/brasilnoticias.org\/site\/#website"},"primaryImageOfPage":{"@id":"https:\/\/brasilnoticias.org\/site\/confira-o-funcionamento-dos-orgaos-municipais-no-feriado-de-corpus-christi\/#primaryimage"},"image":{"@id":"https:\/\/brasilnoticias.org\/site\/confira-o-funcionamento-dos-orgaos-municipais-no-feriado-de-corpus-christi\/#primaryimage"},"thumbnailUrl":"https:\/\/brasilnoticias.org\/site\/wp-content\/uploads\/2024\/05\/150879confira-o-funcionamento-dos-orgaos-municipais-no-feriado-de-corpus-christi-3.jpg","datePublished":"2024-05-30T14:03:57+00:00","breadcrumb":{"@id":"https:\/\/brasilnoticias.org\/site\/confira-o-funcionamento-dos-orgaos-municipais-no-feriado-de-corpus-christi\/#breadcrumb"},"inLanguage":"pt-PT","potentialAction":[{"@type":"ReadAction","target":["https:\/\/brasilnoticias.org\/site\/confira-o-funcionamento-dos-orgaos-municipais-no-feriado-de-corpus-christi\/"]}]},{"@type":"ImageObject","inLanguage":"pt-PT","@id":"https:\/\/brasilnoticias.org\/site\/confira-o-funcionamento-dos-orgaos-municipais-no-feriado-de-corpus-christi\/#primaryimage","url":"https:\/\/brasilnoticias.org\/site\/wp-content\/uploads\/2024\/05\/150879confira-o-funcionamento-dos-orgaos-municipais-no-feriado-de-corpus-christi-3.jpg","contentUrl":"https:\/\/brasilnoticias.org\/site\/wp-content\/uploads\/2024\/05\/150879confira-o-funcionamento-dos-orgaos-municipais-no-feriado-de-corpus-christi-3.jpg","width":1600,"height":752},{"@type":"BreadcrumbList","@id":"https:\/\/brasilnoticias.org\/site\/confira-o-funcionamento-dos-orgaos-municipais-no-feriado-de-corpus-christi\/#breadcrumb","itemListElement":[{"@type":"ListItem","position":1,"name":"In\u00edcio","item":"https:\/\/brasilnoticias.org\/site\/"},{"@type":"ListItem","position":2,"name":"Confira o funcionamento dos \u00f3rg\u00e3os municipais no feriado de Corpus Christi"}]},{"@type":"WebSite","@id":"https:\/\/brasilnoticias.org\/site\/#website","url":"https:\/\/brasilnoticias.org\/site\/","name":"Brasil not\u00edcias","description":"Brasil not\u00edcias","publisher":{"@id":"https:\/\/brasilnoticias.org\/site\/#organization"},"potentialAction":[{"@type":"SearchAction","target":{"@type":"EntryPoint","urlTemplate":"https:\/\/brasilnoticias.org\/site\/?s={search_term_string}"},"query-input":{"@type":"PropertyValueSpecification","valueRequired":true,"valueName":"search_term_string"}}],"inLanguage":"pt-PT"},{"@type":"Organization","@id":"https:\/\/brasilnoticias.org\/site\/#organization","name":"Brasil not\u00edcias","url":"https:\/\/brasilnoticias.org\/site\/","logo":{"@type":"ImageObject","inLanguage":"pt-PT","@id":"https:\/\/brasilnoticias.org\/site\/#\/schema\/logo\/image\/","url":"https:\/\/brasilnoticias.org\/site\/wp-content\/uploads\/2022\/05\/cropped-brasilnoticias-mini.jpg","contentUrl":"https:\/\/brasilnoticias.org\/site\/wp-content\/uploads\/2022\/05\/cropped-brasilnoticias-mini.jpg","width":314,"height":86,"caption":"Brasil not\u00edcias"},"image":{"@id":"https:\/\/brasilnoticias.org\/site\/#\/schema\/logo\/image\/"}},{"@type":"Person","@id":"https:\/\/brasilnoticias.org\/site\/#\/schema\/person\/03bbbfe6c7634ad18c26444ea39049fa","name":"Reda\u00e7\u00e3o","image":{"@type":"ImageObject","inLanguage":"pt-PT","@id":"https:\/\/brasilnoticias.org\/site\/#\/schema\/person\/image\/","url":"https:\/\/secure.gravatar.com\/avatar\/9ecaf7327a696cb23ad926fedded5f1f04d7049de9e445375d55b48c001a6e42?s=96&d=mm&r=g","contentUrl":"https:\/\/secure.gravatar.com\/avatar\/9ecaf7327a696cb23ad926fedded5f1f04d7049de9e445375d55b48c001a6e42?s=96&d=mm&r=g","caption":"Reda\u00e7\u00e3o"},"url":"https:\/\/brasilnoticias.org\/site\/author\/henrique\/"}]}},"_links":{"self":[{"href":"https:\/\/brasilnoticias.org\/site\/wp-json\/wp\/v2\/posts\/14323","targetHints":{"allow":["GET"]}}],"collection":[{"href":"https:\/\/brasilnoticias.org\/site\/wp-json\/wp\/v2\/posts"}],"about":[{"href":"https:\/\/brasilnoticias.org\/site\/wp-json\/wp\/v2\/types\/post"}],"author":[{"embeddable":true,"href":"https:\/\/brasilnoticias.org\/site\/wp-json\/wp\/v2\/users\/4"}],"replies":[{"embeddable":true,"href":"https:\/\/brasilnoticias.org\/site\/wp-json\/wp\/v2\/comments?post=14323"}],"version-history":[{"count":1,"href":"https:\/\/brasilnoticias.org\/site\/wp-json\/wp\/v2\/posts\/14323\/revisions"}],"predecessor-version":[{"id":14325,"href":"https:\/\/brasilnoticias.org\/site\/wp-json\/wp\/v2\/posts\/14323\/revisions\/14325"}],"wp:featuredmedia":[{"embeddable":true,"href":"https:\/\/brasilnoticias.org\/site\/wp-json\/wp\/v2\/media\/14324"}],"wp:attachment":[{"href":"https:\/\/brasilnoticias.org\/site\/wp-json\/wp\/v2\/media?parent=14323"}],"wp:term":[{"taxonomy":"category","embeddable":true,"href":"https:\/\/brasilnoticias.org\/site\/wp-json\/wp\/v2\/categories?post=14323"},{"taxonomy":"post_tag","embeddable":true,"href":"https:\/\/brasilnoticias.org\/site\/wp-json\/wp\/v2\/tags?post=14323"}],"curies":[{"name":"wp","href":"https:\/\/api.w.org\/{rel}","templated":true}]}}