{"id":14337,"date":"2024-05-31T16:55:09","date_gmt":"2024-05-31T19:55:09","guid":{"rendered":"https:\/\/brasilnoticias.org\/site\/?p=14337"},"modified":"2024-05-31T16:55:09","modified_gmt":"2024-05-31T19:55:09","slug":"motocicletas-sao-recuperadas-pela-policia-civil-em-lauro-de-freitas","status":"publish","type":"post","link":"https:\/\/brasilnoticias.org\/site\/motocicletas-sao-recuperadas-pela-policia-civil-em-lauro-de-freitas\/","title":{"rendered":"Motocicletas s\u00e3o recuperadas pela Pol\u00edcia Civil em Lauro de Freitas"},"content":{"rendered":"<p>R\u00e1dios comunicadores, emuls\u00e3o explosiva, celulares, carregadores para pistola, gandola e pinos vazios para acondicionar coca\u00edna tamb\u00e9m foram apreendidos durante a a\u00e7\u00e3o<\/p>\n<p>Policiais da Delegacia de Repress\u00e3o a Furtos e Roubos de Ve\u00edculos (DRFRV) de Salvador recuperaram, na quinta-feira (30\/5), na localidade de Areia Branca, no munic\u00edpio de Lauro de Freitas, duas motocicletas roubadas com sinais de adultera\u00e7\u00e3o no chassi e no motor.<\/p>\n<p>A a\u00e7\u00e3o policial, que foi desenvolvida com o objetivo de localizar suspeitos pelos crimes de furtos e roubos de ve\u00edculos, identificou dois homens, que fugiram ao avistar os policiais.<\/p>\n<p>A dupla tamb\u00e9m deixou para tr\u00e1s uma mochila contendo sete r\u00e1dios comunicadores, uma emuls\u00e3o explosiva, quatro aparelhos celulares, cinco carregadores para pistola, uma gandola camuflada do ex\u00e9rcito brasileiro e pinos vazios para acondicionar coca\u00edna.<\/p>\n<p>A\u00e7\u00f5es de intelig\u00eancia ser\u00e3o realizadas para identificar e localizar os suspeitos. Os materiais apreendidos foram encaminhados para a per\u00edcia do DPT (Departamento de Pol\u00edcia T\u00e9cnica).<\/p>\n<p>Foto: Divulga\u00e7\u00e3o &#8211; Ascom\/PC<br \/>\nAratu On<\/p>\n","protected":false},"excerpt":{"rendered":"<p>R\u00e1dios comunicadores, emuls\u00e3o explosiva, celulares, carregadores para pistola, gandola e pinos vazios para acondicionar coca\u00edna tamb\u00e9m foram apreendidos durante a<\/p>\n","protected":false},"author":4,"featured_media":14338,"comment_status":"open","ping_status":"open","sticky":false,"template":"","format":"standard","meta":{"colormag_page_container_layout":"default_layout","colormag_page_sidebar_layout":"default_layout","_FSMCFIC_featured_image_caption":"","_FSMCFIC_featured_image_nocaption":"","_FSMCFIC_featured_image_hide":"","footnotes":""},"categories":[3,1],"tags":[],"class_list":["post-14337","post","type-post","status-publish","format-standard","has-post-thumbnail","hentry","category-policia","category-ultimas"],"yoast_head":"<!-- This site is optimized with the Yoast SEO plugin v27.1.1 - https:\/\/yoast.com\/product\/yoast-seo-wordpress\/ -->\n<title>Motocicletas s\u00e3o recuperadas pela Pol\u00edcia Civil em Lauro de Freitas - Brasil not\u00edcias<\/title>\n<meta name=\"robots\" content=\"index, follow, max-snippet:-1, max-image-preview:large, max-video-preview:-1\" \/>\n<link rel=\"canonical\" href=\"https:\/\/brasilnoticias.org\/site\/motocicletas-sao-recuperadas-pela-policia-civil-em-lauro-de-freitas\/\" \/>\n<meta property=\"og:locale\" content=\"pt_PT\" \/>\n<meta property=\"og:type\" content=\"article\" \/>\n<meta property=\"og:title\" content=\"Motocicletas s\u00e3o recuperadas pela Pol\u00edcia Civil em Lauro de Freitas - Brasil not\u00edcias\" \/>\n<meta property=\"og:description\" content=\"R\u00e1dios comunicadores, emuls\u00e3o explosiva, celulares, carregadores para pistola, gandola e pinos vazios para acondicionar coca\u00edna tamb\u00e9m foram apreendidos durante a\" \/>\n<meta property=\"og:url\" content=\"https:\/\/brasilnoticias.org\/site\/motocicletas-sao-recuperadas-pela-policia-civil-em-lauro-de-freitas\/\" \/>\n<meta property=\"og:site_name\" content=\"Brasil not\u00edcias\" \/>\n<meta property=\"article:published_time\" content=\"2024-05-31T19:55:09+00:00\" \/>\n<meta property=\"og:image\" content=\"https:\/\/brasilnoticias.org\/site\/wp-content\/uploads\/2024\/05\/WhatsApp-Image-2024-05-31-at-15.53.05-960x500-1.jpeg\" \/>\n\t<meta property=\"og:image:width\" content=\"960\" \/>\n\t<meta property=\"og:image:height\" content=\"500\" \/>\n\t<meta property=\"og:image:type\" content=\"image\/jpeg\" \/>\n<meta name=\"author\" content=\"Reda\u00e7\u00e3o\" \/>\n<meta name=\"twitter:card\" content=\"summary_large_image\" \/>\n<meta name=\"twitter:label1\" content=\"Escrito por\" \/>\n\t<meta name=\"twitter:data1\" content=\"Reda\u00e7\u00e3o\" \/>\n\t<meta name=\"twitter:label2\" content=\"Tempo estimado de leitura\" \/>\n\t<meta name=\"twitter:data2\" content=\"1 minuto\" \/>\n<script type=\"application\/ld+json\" class=\"yoast-schema-graph\">{\"@context\":\"https:\/\/schema.org\",\"@graph\":[{\"@type\":\"Article\",\"@id\":\"https:\/\/brasilnoticias.org\/site\/motocicletas-sao-recuperadas-pela-policia-civil-em-lauro-de-freitas\/#article\",\"isPartOf\":{\"@id\":\"https:\/\/brasilnoticias.org\/site\/motocicletas-sao-recuperadas-pela-policia-civil-em-lauro-de-freitas\/\"},\"author\":{\"name\":\"Reda\u00e7\u00e3o\",\"@id\":\"https:\/\/brasilnoticias.org\/site\/#\/schema\/person\/03bbbfe6c7634ad18c26444ea39049fa\"},\"headline\":\"Motocicletas s\u00e3o recuperadas pela Pol\u00edcia Civil em Lauro de Freitas\",\"datePublished\":\"2024-05-31T19:55:09+00:00\",\"mainEntityOfPage\":{\"@id\":\"https:\/\/brasilnoticias.org\/site\/motocicletas-sao-recuperadas-pela-policia-civil-em-lauro-de-freitas\/\"},\"wordCount\":192,\"commentCount\":0,\"publisher\":{\"@id\":\"https:\/\/brasilnoticias.org\/site\/#organization\"},\"image\":{\"@id\":\"https:\/\/brasilnoticias.org\/site\/motocicletas-sao-recuperadas-pela-policia-civil-em-lauro-de-freitas\/#primaryimage\"},\"thumbnailUrl\":\"https:\/\/brasilnoticias.org\/site\/wp-content\/uploads\/2024\/05\/WhatsApp-Image-2024-05-31-at-15.53.05-960x500-1.jpeg\",\"articleSection\":[\"Pol\u00edcia\",\"\u00daltimas\"],\"inLanguage\":\"pt-PT\",\"potentialAction\":[{\"@type\":\"CommentAction\",\"name\":\"Comment\",\"target\":[\"https:\/\/brasilnoticias.org\/site\/motocicletas-sao-recuperadas-pela-policia-civil-em-lauro-de-freitas\/#respond\"]}]},{\"@type\":\"WebPage\",\"@id\":\"https:\/\/brasilnoticias.org\/site\/motocicletas-sao-recuperadas-pela-policia-civil-em-lauro-de-freitas\/\",\"url\":\"https:\/\/brasilnoticias.org\/site\/motocicletas-sao-recuperadas-pela-policia-civil-em-lauro-de-freitas\/\",\"name\":\"Motocicletas s\u00e3o recuperadas pela Pol\u00edcia Civil em Lauro de Freitas - Brasil not\u00edcias\",\"isPartOf\":{\"@id\":\"https:\/\/brasilnoticias.org\/site\/#website\"},\"primaryImageOfPage\":{\"@id\":\"https:\/\/brasilnoticias.org\/site\/motocicletas-sao-recuperadas-pela-policia-civil-em-lauro-de-freitas\/#primaryimage\"},\"image\":{\"@id\":\"https:\/\/brasilnoticias.org\/site\/motocicletas-sao-recuperadas-pela-policia-civil-em-lauro-de-freitas\/#primaryimage\"},\"thumbnailUrl\":\"https:\/\/brasilnoticias.org\/site\/wp-content\/uploads\/2024\/05\/WhatsApp-Image-2024-05-31-at-15.53.05-960x500-1.jpeg\",\"datePublished\":\"2024-05-31T19:55:09+00:00\",\"breadcrumb\":{\"@id\":\"https:\/\/brasilnoticias.org\/site\/motocicletas-sao-recuperadas-pela-policia-civil-em-lauro-de-freitas\/#breadcrumb\"},\"inLanguage\":\"pt-PT\",\"potentialAction\":[{\"@type\":\"ReadAction\",\"target\":[\"https:\/\/brasilnoticias.org\/site\/motocicletas-sao-recuperadas-pela-policia-civil-em-lauro-de-freitas\/\"]}]},{\"@type\":\"ImageObject\",\"inLanguage\":\"pt-PT\",\"@id\":\"https:\/\/brasilnoticias.org\/site\/motocicletas-sao-recuperadas-pela-policia-civil-em-lauro-de-freitas\/#primaryimage\",\"url\":\"https:\/\/brasilnoticias.org\/site\/wp-content\/uploads\/2024\/05\/WhatsApp-Image-2024-05-31-at-15.53.05-960x500-1.jpeg\",\"contentUrl\":\"https:\/\/brasilnoticias.org\/site\/wp-content\/uploads\/2024\/05\/WhatsApp-Image-2024-05-31-at-15.53.05-960x500-1.jpeg\",\"width\":960,\"height\":500},{\"@type\":\"BreadcrumbList\",\"@id\":\"https:\/\/brasilnoticias.org\/site\/motocicletas-sao-recuperadas-pela-policia-civil-em-lauro-de-freitas\/#breadcrumb\",\"itemListElement\":[{\"@type\":\"ListItem\",\"position\":1,\"name\":\"In\u00edcio\",\"item\":\"https:\/\/brasilnoticias.org\/site\/\"},{\"@type\":\"ListItem\",\"position\":2,\"name\":\"Motocicletas s\u00e3o recuperadas pela Pol\u00edcia Civil em Lauro de Freitas\"}]},{\"@type\":\"WebSite\",\"@id\":\"https:\/\/brasilnoticias.org\/site\/#website\",\"url\":\"https:\/\/brasilnoticias.org\/site\/\",\"name\":\"Brasil not\u00edcias\",\"description\":\"Brasil not\u00edcias\",\"publisher\":{\"@id\":\"https:\/\/brasilnoticias.org\/site\/#organization\"},\"potentialAction\":[{\"@type\":\"SearchAction\",\"target\":{\"@type\":\"EntryPoint\",\"urlTemplate\":\"https:\/\/brasilnoticias.org\/site\/?s={search_term_string}\"},\"query-input\":{\"@type\":\"PropertyValueSpecification\",\"valueRequired\":true,\"valueName\":\"search_term_string\"}}],\"inLanguage\":\"pt-PT\"},{\"@type\":\"Organization\",\"@id\":\"https:\/\/brasilnoticias.org\/site\/#organization\",\"name\":\"Brasil not\u00edcias\",\"url\":\"https:\/\/brasilnoticias.org\/site\/\",\"logo\":{\"@type\":\"ImageObject\",\"inLanguage\":\"pt-PT\",\"@id\":\"https:\/\/brasilnoticias.org\/site\/#\/schema\/logo\/image\/\",\"url\":\"https:\/\/brasilnoticias.org\/site\/wp-content\/uploads\/2022\/05\/cropped-brasilnoticias-mini.jpg\",\"contentUrl\":\"https:\/\/brasilnoticias.org\/site\/wp-content\/uploads\/2022\/05\/cropped-brasilnoticias-mini.jpg\",\"width\":314,\"height\":86,\"caption\":\"Brasil not\u00edcias\"},\"image\":{\"@id\":\"https:\/\/brasilnoticias.org\/site\/#\/schema\/logo\/image\/\"}},{\"@type\":\"Person\",\"@id\":\"https:\/\/brasilnoticias.org\/site\/#\/schema\/person\/03bbbfe6c7634ad18c26444ea39049fa\",\"name\":\"Reda\u00e7\u00e3o\",\"image\":{\"@type\":\"ImageObject\",\"inLanguage\":\"pt-PT\",\"@id\":\"https:\/\/brasilnoticias.org\/site\/#\/schema\/person\/image\/\",\"url\":\"https:\/\/secure.gravatar.com\/avatar\/9ecaf7327a696cb23ad926fedded5f1f04d7049de9e445375d55b48c001a6e42?s=96&d=mm&r=g\",\"contentUrl\":\"https:\/\/secure.gravatar.com\/avatar\/9ecaf7327a696cb23ad926fedded5f1f04d7049de9e445375d55b48c001a6e42?s=96&d=mm&r=g\",\"caption\":\"Reda\u00e7\u00e3o\"},\"url\":\"https:\/\/brasilnoticias.org\/site\/author\/henrique\/\"}]}<\/script>\n<!-- \/ Yoast SEO plugin. -->","yoast_head_json":{"title":"Motocicletas s\u00e3o recuperadas pela Pol\u00edcia Civil em Lauro de Freitas - Brasil not\u00edcias","robots":{"index":"index","follow":"follow","max-snippet":"max-snippet:-1","max-image-preview":"max-image-preview:large","max-video-preview":"max-video-preview:-1"},"canonical":"https:\/\/brasilnoticias.org\/site\/motocicletas-sao-recuperadas-pela-policia-civil-em-lauro-de-freitas\/","og_locale":"pt_PT","og_type":"article","og_title":"Motocicletas s\u00e3o recuperadas pela Pol\u00edcia Civil em Lauro de Freitas - Brasil not\u00edcias","og_description":"R\u00e1dios comunicadores, emuls\u00e3o explosiva, celulares, carregadores para pistola, gandola e pinos vazios para acondicionar coca\u00edna tamb\u00e9m foram apreendidos durante a","og_url":"https:\/\/brasilnoticias.org\/site\/motocicletas-sao-recuperadas-pela-policia-civil-em-lauro-de-freitas\/","og_site_name":"Brasil not\u00edcias","article_published_time":"2024-05-31T19:55:09+00:00","og_image":[{"width":960,"height":500,"url":"https:\/\/brasilnoticias.org\/site\/wp-content\/uploads\/2024\/05\/WhatsApp-Image-2024-05-31-at-15.53.05-960x500-1.jpeg","type":"image\/jpeg"}],"author":"Reda\u00e7\u00e3o","twitter_card":"summary_large_image","twitter_misc":{"Escrito por":"Reda\u00e7\u00e3o","Tempo estimado de leitura":"1 minuto"},"schema":{"@context":"https:\/\/schema.org","@graph":[{"@type":"Article","@id":"https:\/\/brasilnoticias.org\/site\/motocicletas-sao-recuperadas-pela-policia-civil-em-lauro-de-freitas\/#article","isPartOf":{"@id":"https:\/\/brasilnoticias.org\/site\/motocicletas-sao-recuperadas-pela-policia-civil-em-lauro-de-freitas\/"},"author":{"name":"Reda\u00e7\u00e3o","@id":"https:\/\/brasilnoticias.org\/site\/#\/schema\/person\/03bbbfe6c7634ad18c26444ea39049fa"},"headline":"Motocicletas s\u00e3o recuperadas pela Pol\u00edcia Civil em Lauro de Freitas","datePublished":"2024-05-31T19:55:09+00:00","mainEntityOfPage":{"@id":"https:\/\/brasilnoticias.org\/site\/motocicletas-sao-recuperadas-pela-policia-civil-em-lauro-de-freitas\/"},"wordCount":192,"commentCount":0,"publisher":{"@id":"https:\/\/brasilnoticias.org\/site\/#organization"},"image":{"@id":"https:\/\/brasilnoticias.org\/site\/motocicletas-sao-recuperadas-pela-policia-civil-em-lauro-de-freitas\/#primaryimage"},"thumbnailUrl":"https:\/\/brasilnoticias.org\/site\/wp-content\/uploads\/2024\/05\/WhatsApp-Image-2024-05-31-at-15.53.05-960x500-1.jpeg","articleSection":["Pol\u00edcia","\u00daltimas"],"inLanguage":"pt-PT","potentialAction":[{"@type":"CommentAction","name":"Comment","target":["https:\/\/brasilnoticias.org\/site\/motocicletas-sao-recuperadas-pela-policia-civil-em-lauro-de-freitas\/#respond"]}]},{"@type":"WebPage","@id":"https:\/\/brasilnoticias.org\/site\/motocicletas-sao-recuperadas-pela-policia-civil-em-lauro-de-freitas\/","url":"https:\/\/brasilnoticias.org\/site\/motocicletas-sao-recuperadas-pela-policia-civil-em-lauro-de-freitas\/","name":"Motocicletas s\u00e3o recuperadas pela Pol\u00edcia Civil em Lauro de Freitas - Brasil not\u00edcias","isPartOf":{"@id":"https:\/\/brasilnoticias.org\/site\/#website"},"primaryImageOfPage":{"@id":"https:\/\/brasilnoticias.org\/site\/motocicletas-sao-recuperadas-pela-policia-civil-em-lauro-de-freitas\/#primaryimage"},"image":{"@id":"https:\/\/brasilnoticias.org\/site\/motocicletas-sao-recuperadas-pela-policia-civil-em-lauro-de-freitas\/#primaryimage"},"thumbnailUrl":"https:\/\/brasilnoticias.org\/site\/wp-content\/uploads\/2024\/05\/WhatsApp-Image-2024-05-31-at-15.53.05-960x500-1.jpeg","datePublished":"2024-05-31T19:55:09+00:00","breadcrumb":{"@id":"https:\/\/brasilnoticias.org\/site\/motocicletas-sao-recuperadas-pela-policia-civil-em-lauro-de-freitas\/#breadcrumb"},"inLanguage":"pt-PT","potentialAction":[{"@type":"ReadAction","target":["https:\/\/brasilnoticias.org\/site\/motocicletas-sao-recuperadas-pela-policia-civil-em-lauro-de-freitas\/"]}]},{"@type":"ImageObject","inLanguage":"pt-PT","@id":"https:\/\/brasilnoticias.org\/site\/motocicletas-sao-recuperadas-pela-policia-civil-em-lauro-de-freitas\/#primaryimage","url":"https:\/\/brasilnoticias.org\/site\/wp-content\/uploads\/2024\/05\/WhatsApp-Image-2024-05-31-at-15.53.05-960x500-1.jpeg","contentUrl":"https:\/\/brasilnoticias.org\/site\/wp-content\/uploads\/2024\/05\/WhatsApp-Image-2024-05-31-at-15.53.05-960x500-1.jpeg","width":960,"height":500},{"@type":"BreadcrumbList","@id":"https:\/\/brasilnoticias.org\/site\/motocicletas-sao-recuperadas-pela-policia-civil-em-lauro-de-freitas\/#breadcrumb","itemListElement":[{"@type":"ListItem","position":1,"name":"In\u00edcio","item":"https:\/\/brasilnoticias.org\/site\/"},{"@type":"ListItem","position":2,"name":"Motocicletas s\u00e3o recuperadas pela Pol\u00edcia Civil em Lauro de Freitas"}]},{"@type":"WebSite","@id":"https:\/\/brasilnoticias.org\/site\/#website","url":"https:\/\/brasilnoticias.org\/site\/","name":"Brasil not\u00edcias","description":"Brasil not\u00edcias","publisher":{"@id":"https:\/\/brasilnoticias.org\/site\/#organization"},"potentialAction":[{"@type":"SearchAction","target":{"@type":"EntryPoint","urlTemplate":"https:\/\/brasilnoticias.org\/site\/?s={search_term_string}"},"query-input":{"@type":"PropertyValueSpecification","valueRequired":true,"valueName":"search_term_string"}}],"inLanguage":"pt-PT"},{"@type":"Organization","@id":"https:\/\/brasilnoticias.org\/site\/#organization","name":"Brasil not\u00edcias","url":"https:\/\/brasilnoticias.org\/site\/","logo":{"@type":"ImageObject","inLanguage":"pt-PT","@id":"https:\/\/brasilnoticias.org\/site\/#\/schema\/logo\/image\/","url":"https:\/\/brasilnoticias.org\/site\/wp-content\/uploads\/2022\/05\/cropped-brasilnoticias-mini.jpg","contentUrl":"https:\/\/brasilnoticias.org\/site\/wp-content\/uploads\/2022\/05\/cropped-brasilnoticias-mini.jpg","width":314,"height":86,"caption":"Brasil not\u00edcias"},"image":{"@id":"https:\/\/brasilnoticias.org\/site\/#\/schema\/logo\/image\/"}},{"@type":"Person","@id":"https:\/\/brasilnoticias.org\/site\/#\/schema\/person\/03bbbfe6c7634ad18c26444ea39049fa","name":"Reda\u00e7\u00e3o","image":{"@type":"ImageObject","inLanguage":"pt-PT","@id":"https:\/\/brasilnoticias.org\/site\/#\/schema\/person\/image\/","url":"https:\/\/secure.gravatar.com\/avatar\/9ecaf7327a696cb23ad926fedded5f1f04d7049de9e445375d55b48c001a6e42?s=96&d=mm&r=g","contentUrl":"https:\/\/secure.gravatar.com\/avatar\/9ecaf7327a696cb23ad926fedded5f1f04d7049de9e445375d55b48c001a6e42?s=96&d=mm&r=g","caption":"Reda\u00e7\u00e3o"},"url":"https:\/\/brasilnoticias.org\/site\/author\/henrique\/"}]}},"_links":{"self":[{"href":"https:\/\/brasilnoticias.org\/site\/wp-json\/wp\/v2\/posts\/14337","targetHints":{"allow":["GET"]}}],"collection":[{"href":"https:\/\/brasilnoticias.org\/site\/wp-json\/wp\/v2\/posts"}],"about":[{"href":"https:\/\/brasilnoticias.org\/site\/wp-json\/wp\/v2\/types\/post"}],"author":[{"embeddable":true,"href":"https:\/\/brasilnoticias.org\/site\/wp-json\/wp\/v2\/users\/4"}],"replies":[{"embeddable":true,"href":"https:\/\/brasilnoticias.org\/site\/wp-json\/wp\/v2\/comments?post=14337"}],"version-history":[{"count":1,"href":"https:\/\/brasilnoticias.org\/site\/wp-json\/wp\/v2\/posts\/14337\/revisions"}],"predecessor-version":[{"id":14339,"href":"https:\/\/brasilnoticias.org\/site\/wp-json\/wp\/v2\/posts\/14337\/revisions\/14339"}],"wp:featuredmedia":[{"embeddable":true,"href":"https:\/\/brasilnoticias.org\/site\/wp-json\/wp\/v2\/media\/14338"}],"wp:attachment":[{"href":"https:\/\/brasilnoticias.org\/site\/wp-json\/wp\/v2\/media?parent=14337"}],"wp:term":[{"taxonomy":"category","embeddable":true,"href":"https:\/\/brasilnoticias.org\/site\/wp-json\/wp\/v2\/categories?post=14337"},{"taxonomy":"post_tag","embeddable":true,"href":"https:\/\/brasilnoticias.org\/site\/wp-json\/wp\/v2\/tags?post=14337"}],"curies":[{"name":"wp","href":"https:\/\/api.w.org\/{rel}","templated":true}]}}