{"id":1436,"date":"2022-09-12T10:41:48","date_gmt":"2022-09-12T13:41:48","guid":{"rendered":"https:\/\/brasilnoticias.org\/site\/?p=1436"},"modified":"2022-09-12T10:41:48","modified_gmt":"2022-09-12T13:41:48","slug":"multidao-recebe-corpo-de-elizabeth-ii-em-edimburgo-apos-cortejo-de-seis-horas","status":"publish","type":"post","link":"https:\/\/brasilnoticias.org\/site\/multidao-recebe-corpo-de-elizabeth-ii-em-edimburgo-apos-cortejo-de-seis-horas\/","title":{"rendered":"Multid\u00e3o recebe corpo de Elizabeth II em Edimburgo ap\u00f3s cortejo de seis horas"},"content":{"rendered":"<p>Milhares de pessoas sa\u00edram \u00e0s ruas na Esc\u00f3cia para acompanhar a jornada final de Elizabeth 2\u00aa neste domingo (11). O corpo saiu \u00e0s 10h07 (6h07 de Bras\u00edlia) do Castelo de Balmoral e chegou cerca de seis horas depois ao Pal\u00e1cio de Holyrood, resid\u00eancia oficial da fam\u00edlia real em Edimburgo, a capital escocesa.<\/p>\n<p>O<a href=\"https:\/\/www.bnews.com.br\/noticias\/mundo\/com-flores-e-bandeira-corpo-de-elizabeth-2-deixa-balmoral-em-direcao-a-edimburgo.html\" target=\"_blank\" rel=\"noopener\">\u00a0caix\u00e3o de carvalho seguiu no primeiro carro de uma caravana de sete ve\u00edculos e passou por cidades como Aberdeen, Dundee e Perth, em uma viagem de 280 km.<\/a>\u00a0No trajeto, o cortejo fez paradas para que mais pessoas pudessem se despedir da monarca. Uma multid\u00e3o aplaudiu a chegada do corpo a Edimburgo.<\/p>\n<p>O caix\u00e3o da rainha estava coberto com a bandeira real, que traz um le\u00e3o vermelho sobre fundo amarelo, uma harpa amarelo sobre fundo azul e outros le\u00f5es amarelos em fundo vermelho. Uma coroa de flores brancas, cortadas dos jardins do castelo, descansava sobre o caix\u00e3o.<\/p>\n<p>S\u00edmbolo da monarquia, Elizabeth 2\u00aa ocupou o trono por sete d\u00e9cadas e morreu serenamente, segundo o comunicado oficial, na quinta-feira (8). A morte deu in\u00edcio a uma s\u00e9rie de protocolos e cerim\u00f4nias oficiais, no Reino Unido e em Estados associados a ele.<\/p>\n<p>Na manh\u00e3 deste s\u00e1bado, Charles 3\u00ba, 73, foi proclamado rei em cerim\u00f4nia no pal\u00e1cio de Saint James, em Londres. Monarca mais velho a assumir o trono brit\u00e2nico na hist\u00f3ria, ele deve fazer de seu reinado um per\u00edodo de transi\u00e7\u00e3o entre o da m\u00e3e, venerada pela dedica\u00e7\u00e3o ao servi\u00e7o p\u00fablico, e o do filho William, 40, visto como a moderniza\u00e7\u00e3o da realeza.<\/p>\n<p>Proclama\u00e7\u00f5es similares \u00e0 de s\u00e1bado continuam sendo feitas neste domingo. Em Edimburgo, a capital da Esc\u00f3cia, o rei Charles 3\u00ba foi proclamado em cerim\u00f4nia com trompetistas e tiros de canh\u00e3o. Pr\u00f3ximo do local houve um protesto antimonarquista, e pelo menos uma manifestante foi detida pela pol\u00edcia.<\/p>\n<p>Cerim\u00f4nias tamb\u00e9m ocorreram em Belfast, na Irlanda do Norte, e em Cardiff, no Pa\u00eds de Gales. Al\u00e9m dos pa\u00edses do Reino Unido, Nova Zel\u00e2ndia, Austr\u00e1lia e Canad\u00e1 tamb\u00e9m realizaram celebra\u00e7\u00f5es para proclamar Charles 3\u00ba rei.<\/p>\n<p>O monarca cumpre agenda oficial em Londres neste domingo. Ao chegar no Pal\u00e1cio de Buckingham, Charles acenou para multid\u00e3o que se re\u00fane em frente ao local.<\/p>\n<p>A oeste de Londres, nos arredores do Castelo de Windsor, William e Harry prestaram homenagens \u00e0 rainha neste s\u00e1bado. Eles estavam acompanhados das esposas -Kate e Meghan- numa reuni\u00e3o que n\u00e3o era vista h\u00e1 pelo menos dois anos.<\/p>\n<p>Os dois pr\u00edncipes estariam com a rela\u00e7\u00e3o estremecida desde o afastamento do ca\u00e7ula. Harry hoje vive nos EUA e, no ano passado, deu uma arrasadora entrevista com a mulher, em que Meghan fez acusa\u00e7\u00f5es de racismo na realeza. Parte da imprensa viu no encontro deste s\u00e1bado uma possibilidade de reaproxima\u00e7\u00e3o.<\/p>\n<p>O pr\u00edncipe William, agora primeiro na linha sucess\u00f3ria do trono, emitiu nota dizendo que pretende honrar a mem\u00f3ria da av\u00f3 apoiando o pai, o rei, &#8220;de todas as formas poss\u00edveis&#8221;.<\/p>\n<p>Doningo (11)<br \/>\n6h (de Bras\u00edlia): O caix\u00e3o com o corpo da rainha Elizabeth 2\u00aa foi transportado do Castelo de Balmoral, na Esc\u00f3cia, para Edimburgo, a capital do pa\u00eds. A viagem, de carro, durou aproximadamente seis horas. L\u00e1, o caix\u00e3o foi levado ao Pal\u00e1cio de Holyrood, resid\u00eancia oficial da fam\u00edlia real.<\/p>\n<p>Segunda (12)<br \/>\nO corpo da rainha ser\u00e1 levado em prociss\u00e3o at\u00e9 \u00e0 Catedral de St Giles, tamb\u00e9m em Edimburgo. Haver\u00e1 uma cerim\u00f4nia no local, e o caix\u00e3o deve ficar exposto ao p\u00fablico durante 24 horas.<\/p>\n<p>Ter\u00e7a (13)<br \/>\na partir das 13h (de Bras\u00edlia): Um carro funer\u00e1rio levar\u00e1 o caix\u00e3o ao aeroporto de Edimburgo. De l\u00e1, ser\u00e1 transportado em um voo de 55 minutos para Londres. Guardas de honra saudar\u00e3o a partida da Esc\u00f3cia e a chegada \u00e0 Inglaterra.<\/p>\n<p>Na capital inglesa, o corpo da rainha ser\u00e1 levado ao Pal\u00e1cio de Buckingham, onde haver\u00e1 ora\u00e7\u00f5es com a presen\u00e7a de membros da fam\u00edlia real.<\/p>\n<p>Quarta (14)<br \/>\nA Coroa Imperial do Estado, um dos maiores s\u00edmbolos da monarquia brit\u00e2nica, e uma coroa de flores ser\u00e3o colocadas sobre o caix\u00e3o.<\/p>\n<p>10h22 (de Bras\u00edlia): Uma prociss\u00e3o com membros da fam\u00edlia real levar\u00e1 o caix\u00e3o do Pal\u00e1cio de Buckingham ao Pal\u00e1cio de Westminster, sede do Parlamento.<\/p>\n<p>11h (de Bras\u00edlia): O caix\u00e3o deve chegar a Westminster, onde ser\u00e1 recebido pelo arcebispo de Canterbury, Justin Welby. O local ser\u00e1 aberto ao p\u00fablico para visita durante cinco dias, mas n\u00e3o se sabem detalhes de quando isso come\u00e7a.<\/p>\n<p>Segunda (19)<br \/>\nO caix\u00e3o com o corpo da rainha ser\u00e1 transportado do Pal\u00e1cio de Westminster at\u00e9 a abadia, onde acontecer\u00e1 o funeral. O trajeto a p\u00e9 ser\u00e1 acompanhado por membros da fam\u00edlia real. Ap\u00f3s o servi\u00e7o, a rainha ser\u00e1 enterrada no Castelo de Windsor, a oeste de Londres.<\/p>\n<p>&nbsp;<\/p>\n<p>&nbsp;<\/p>\n<p>&nbsp;<\/p>\n<p>&nbsp;<\/p>\n<p>Bnews<\/p>\n","protected":false},"excerpt":{"rendered":"<p>Milhares de pessoas sa\u00edram \u00e0s ruas na Esc\u00f3cia para acompanhar a jornada final de Elizabeth 2\u00aa neste domingo (11). O<\/p>\n","protected":false},"author":2,"featured_media":1438,"comment_status":"open","ping_status":"open","sticky":false,"template":"","format":"standard","meta":{"colormag_page_container_layout":"default_layout","colormag_page_sidebar_layout":"default_layout","_FSMCFIC_featured_image_caption":"","_FSMCFIC_featured_image_nocaption":"","_FSMCFIC_featured_image_hide":"","footnotes":""},"categories":[6,1],"tags":[],"class_list":["post-1436","post","type-post","status-publish","format-standard","has-post-thumbnail","hentry","category-mundo","category-ultimas"],"yoast_head":"<!-- This site is optimized with the Yoast SEO plugin v27.1.1 - https:\/\/yoast.com\/product\/yoast-seo-wordpress\/ -->\n<title>Multid\u00e3o recebe corpo de Elizabeth II em Edimburgo ap\u00f3s cortejo de seis horas - Brasil not\u00edcias<\/title>\n<meta name=\"robots\" content=\"index, follow, max-snippet:-1, max-image-preview:large, max-video-preview:-1\" \/>\n<link rel=\"canonical\" href=\"https:\/\/brasilnoticias.org\/site\/multidao-recebe-corpo-de-elizabeth-ii-em-edimburgo-apos-cortejo-de-seis-horas\/\" \/>\n<meta property=\"og:locale\" content=\"pt_PT\" \/>\n<meta property=\"og:type\" content=\"article\" \/>\n<meta property=\"og:title\" content=\"Multid\u00e3o recebe corpo de Elizabeth II em Edimburgo ap\u00f3s cortejo de seis horas - Brasil not\u00edcias\" \/>\n<meta property=\"og:description\" content=\"Milhares de pessoas sa\u00edram \u00e0s ruas na Esc\u00f3cia para acompanhar a jornada final de Elizabeth 2\u00aa neste domingo (11). O\" \/>\n<meta property=\"og:url\" content=\"https:\/\/brasilnoticias.org\/site\/multidao-recebe-corpo-de-elizabeth-ii-em-edimburgo-apos-cortejo-de-seis-horas\/\" \/>\n<meta property=\"og:site_name\" content=\"Brasil not\u00edcias\" \/>\n<meta property=\"article:published_time\" content=\"2022-09-12T13:41:48+00:00\" \/>\n<meta property=\"og:image\" content=\"https:\/\/brasilnoticias.org\/site\/wp-content\/uploads\/2022\/09\/1662911584631e04605d7f9_1662911584_3x2_rt_widelg-1.jpg\" \/>\n\t<meta property=\"og:image:width\" content=\"800\" \/>\n\t<meta property=\"og:image:height\" content=\"450\" \/>\n\t<meta property=\"og:image:type\" content=\"image\/jpeg\" \/>\n<meta name=\"author\" content=\"Reda\u00e7\u00e3o\" \/>\n<meta name=\"twitter:card\" content=\"summary_large_image\" \/>\n<meta name=\"twitter:label1\" content=\"Escrito por\" \/>\n\t<meta name=\"twitter:data1\" content=\"Reda\u00e7\u00e3o\" \/>\n\t<meta name=\"twitter:label2\" content=\"Tempo estimado de leitura\" \/>\n\t<meta name=\"twitter:data2\" content=\"4 minutos\" \/>\n<script type=\"application\/ld+json\" class=\"yoast-schema-graph\">{\"@context\":\"https:\/\/schema.org\",\"@graph\":[{\"@type\":\"Article\",\"@id\":\"https:\/\/brasilnoticias.org\/site\/multidao-recebe-corpo-de-elizabeth-ii-em-edimburgo-apos-cortejo-de-seis-horas\/#article\",\"isPartOf\":{\"@id\":\"https:\/\/brasilnoticias.org\/site\/multidao-recebe-corpo-de-elizabeth-ii-em-edimburgo-apos-cortejo-de-seis-horas\/\"},\"author\":{\"name\":\"Reda\u00e7\u00e3o\",\"@id\":\"https:\/\/brasilnoticias.org\/site\/#\/schema\/person\/f609fa847b5314f1c8b983342f34c798\"},\"headline\":\"Multid\u00e3o recebe corpo de Elizabeth II em Edimburgo ap\u00f3s cortejo de seis horas\",\"datePublished\":\"2022-09-12T13:41:48+00:00\",\"mainEntityOfPage\":{\"@id\":\"https:\/\/brasilnoticias.org\/site\/multidao-recebe-corpo-de-elizabeth-ii-em-edimburgo-apos-cortejo-de-seis-horas\/\"},\"wordCount\":867,\"commentCount\":0,\"publisher\":{\"@id\":\"https:\/\/brasilnoticias.org\/site\/#organization\"},\"image\":{\"@id\":\"https:\/\/brasilnoticias.org\/site\/multidao-recebe-corpo-de-elizabeth-ii-em-edimburgo-apos-cortejo-de-seis-horas\/#primaryimage\"},\"thumbnailUrl\":\"https:\/\/brasilnoticias.org\/site\/wp-content\/uploads\/2022\/09\/1662911584631e04605d7f9_1662911584_3x2_rt_widelg-1.jpg\",\"articleSection\":[\"Mundo\",\"\u00daltimas\"],\"inLanguage\":\"pt-PT\",\"potentialAction\":[{\"@type\":\"CommentAction\",\"name\":\"Comment\",\"target\":[\"https:\/\/brasilnoticias.org\/site\/multidao-recebe-corpo-de-elizabeth-ii-em-edimburgo-apos-cortejo-de-seis-horas\/#respond\"]}]},{\"@type\":\"WebPage\",\"@id\":\"https:\/\/brasilnoticias.org\/site\/multidao-recebe-corpo-de-elizabeth-ii-em-edimburgo-apos-cortejo-de-seis-horas\/\",\"url\":\"https:\/\/brasilnoticias.org\/site\/multidao-recebe-corpo-de-elizabeth-ii-em-edimburgo-apos-cortejo-de-seis-horas\/\",\"name\":\"Multid\u00e3o recebe corpo de Elizabeth II em Edimburgo ap\u00f3s cortejo de seis horas - Brasil not\u00edcias\",\"isPartOf\":{\"@id\":\"https:\/\/brasilnoticias.org\/site\/#website\"},\"primaryImageOfPage\":{\"@id\":\"https:\/\/brasilnoticias.org\/site\/multidao-recebe-corpo-de-elizabeth-ii-em-edimburgo-apos-cortejo-de-seis-horas\/#primaryimage\"},\"image\":{\"@id\":\"https:\/\/brasilnoticias.org\/site\/multidao-recebe-corpo-de-elizabeth-ii-em-edimburgo-apos-cortejo-de-seis-horas\/#primaryimage\"},\"thumbnailUrl\":\"https:\/\/brasilnoticias.org\/site\/wp-content\/uploads\/2022\/09\/1662911584631e04605d7f9_1662911584_3x2_rt_widelg-1.jpg\",\"datePublished\":\"2022-09-12T13:41:48+00:00\",\"breadcrumb\":{\"@id\":\"https:\/\/brasilnoticias.org\/site\/multidao-recebe-corpo-de-elizabeth-ii-em-edimburgo-apos-cortejo-de-seis-horas\/#breadcrumb\"},\"inLanguage\":\"pt-PT\",\"potentialAction\":[{\"@type\":\"ReadAction\",\"target\":[\"https:\/\/brasilnoticias.org\/site\/multidao-recebe-corpo-de-elizabeth-ii-em-edimburgo-apos-cortejo-de-seis-horas\/\"]}]},{\"@type\":\"ImageObject\",\"inLanguage\":\"pt-PT\",\"@id\":\"https:\/\/brasilnoticias.org\/site\/multidao-recebe-corpo-de-elizabeth-ii-em-edimburgo-apos-cortejo-de-seis-horas\/#primaryimage\",\"url\":\"https:\/\/brasilnoticias.org\/site\/wp-content\/uploads\/2022\/09\/1662911584631e04605d7f9_1662911584_3x2_rt_widelg-1.jpg\",\"contentUrl\":\"https:\/\/brasilnoticias.org\/site\/wp-content\/uploads\/2022\/09\/1662911584631e04605d7f9_1662911584_3x2_rt_widelg-1.jpg\",\"width\":800,\"height\":450},{\"@type\":\"BreadcrumbList\",\"@id\":\"https:\/\/brasilnoticias.org\/site\/multidao-recebe-corpo-de-elizabeth-ii-em-edimburgo-apos-cortejo-de-seis-horas\/#breadcrumb\",\"itemListElement\":[{\"@type\":\"ListItem\",\"position\":1,\"name\":\"In\u00edcio\",\"item\":\"https:\/\/brasilnoticias.org\/site\/\"},{\"@type\":\"ListItem\",\"position\":2,\"name\":\"Multid\u00e3o recebe corpo de Elizabeth II em Edimburgo ap\u00f3s cortejo de seis horas\"}]},{\"@type\":\"WebSite\",\"@id\":\"https:\/\/brasilnoticias.org\/site\/#website\",\"url\":\"https:\/\/brasilnoticias.org\/site\/\",\"name\":\"Brasil not\u00edcias\",\"description\":\"Brasil not\u00edcias\",\"publisher\":{\"@id\":\"https:\/\/brasilnoticias.org\/site\/#organization\"},\"potentialAction\":[{\"@type\":\"SearchAction\",\"target\":{\"@type\":\"EntryPoint\",\"urlTemplate\":\"https:\/\/brasilnoticias.org\/site\/?s={search_term_string}\"},\"query-input\":{\"@type\":\"PropertyValueSpecification\",\"valueRequired\":true,\"valueName\":\"search_term_string\"}}],\"inLanguage\":\"pt-PT\"},{\"@type\":\"Organization\",\"@id\":\"https:\/\/brasilnoticias.org\/site\/#organization\",\"name\":\"Brasil not\u00edcias\",\"url\":\"https:\/\/brasilnoticias.org\/site\/\",\"logo\":{\"@type\":\"ImageObject\",\"inLanguage\":\"pt-PT\",\"@id\":\"https:\/\/brasilnoticias.org\/site\/#\/schema\/logo\/image\/\",\"url\":\"https:\/\/brasilnoticias.org\/site\/wp-content\/uploads\/2022\/05\/cropped-brasilnoticias-mini.jpg\",\"contentUrl\":\"https:\/\/brasilnoticias.org\/site\/wp-content\/uploads\/2022\/05\/cropped-brasilnoticias-mini.jpg\",\"width\":314,\"height\":86,\"caption\":\"Brasil not\u00edcias\"},\"image\":{\"@id\":\"https:\/\/brasilnoticias.org\/site\/#\/schema\/logo\/image\/\"}},{\"@type\":\"Person\",\"@id\":\"https:\/\/brasilnoticias.org\/site\/#\/schema\/person\/f609fa847b5314f1c8b983342f34c798\",\"name\":\"Reda\u00e7\u00e3o\",\"image\":{\"@type\":\"ImageObject\",\"inLanguage\":\"pt-PT\",\"@id\":\"https:\/\/brasilnoticias.org\/site\/#\/schema\/person\/image\/\",\"url\":\"https:\/\/secure.gravatar.com\/avatar\/447284c06c1ad8b46465a36de9cd0d8326b73387a22799b8b1ffb1fbcff2ed0c?s=96&d=mm&r=g\",\"contentUrl\":\"https:\/\/secure.gravatar.com\/avatar\/447284c06c1ad8b46465a36de9cd0d8326b73387a22799b8b1ffb1fbcff2ed0c?s=96&d=mm&r=g\",\"caption\":\"Reda\u00e7\u00e3o\"},\"url\":\"https:\/\/brasilnoticias.org\/site\/author\/redacao\/\"}]}<\/script>\n<!-- \/ Yoast SEO plugin. -->","yoast_head_json":{"title":"Multid\u00e3o recebe corpo de Elizabeth II em Edimburgo ap\u00f3s cortejo de seis horas - Brasil not\u00edcias","robots":{"index":"index","follow":"follow","max-snippet":"max-snippet:-1","max-image-preview":"max-image-preview:large","max-video-preview":"max-video-preview:-1"},"canonical":"https:\/\/brasilnoticias.org\/site\/multidao-recebe-corpo-de-elizabeth-ii-em-edimburgo-apos-cortejo-de-seis-horas\/","og_locale":"pt_PT","og_type":"article","og_title":"Multid\u00e3o recebe corpo de Elizabeth II em Edimburgo ap\u00f3s cortejo de seis horas - Brasil not\u00edcias","og_description":"Milhares de pessoas sa\u00edram \u00e0s ruas na Esc\u00f3cia para acompanhar a jornada final de Elizabeth 2\u00aa neste domingo (11). O","og_url":"https:\/\/brasilnoticias.org\/site\/multidao-recebe-corpo-de-elizabeth-ii-em-edimburgo-apos-cortejo-de-seis-horas\/","og_site_name":"Brasil not\u00edcias","article_published_time":"2022-09-12T13:41:48+00:00","og_image":[{"width":800,"height":450,"url":"https:\/\/brasilnoticias.org\/site\/wp-content\/uploads\/2022\/09\/1662911584631e04605d7f9_1662911584_3x2_rt_widelg-1.jpg","type":"image\/jpeg"}],"author":"Reda\u00e7\u00e3o","twitter_card":"summary_large_image","twitter_misc":{"Escrito por":"Reda\u00e7\u00e3o","Tempo estimado de leitura":"4 minutos"},"schema":{"@context":"https:\/\/schema.org","@graph":[{"@type":"Article","@id":"https:\/\/brasilnoticias.org\/site\/multidao-recebe-corpo-de-elizabeth-ii-em-edimburgo-apos-cortejo-de-seis-horas\/#article","isPartOf":{"@id":"https:\/\/brasilnoticias.org\/site\/multidao-recebe-corpo-de-elizabeth-ii-em-edimburgo-apos-cortejo-de-seis-horas\/"},"author":{"name":"Reda\u00e7\u00e3o","@id":"https:\/\/brasilnoticias.org\/site\/#\/schema\/person\/f609fa847b5314f1c8b983342f34c798"},"headline":"Multid\u00e3o recebe corpo de Elizabeth II em Edimburgo ap\u00f3s cortejo de seis horas","datePublished":"2022-09-12T13:41:48+00:00","mainEntityOfPage":{"@id":"https:\/\/brasilnoticias.org\/site\/multidao-recebe-corpo-de-elizabeth-ii-em-edimburgo-apos-cortejo-de-seis-horas\/"},"wordCount":867,"commentCount":0,"publisher":{"@id":"https:\/\/brasilnoticias.org\/site\/#organization"},"image":{"@id":"https:\/\/brasilnoticias.org\/site\/multidao-recebe-corpo-de-elizabeth-ii-em-edimburgo-apos-cortejo-de-seis-horas\/#primaryimage"},"thumbnailUrl":"https:\/\/brasilnoticias.org\/site\/wp-content\/uploads\/2022\/09\/1662911584631e04605d7f9_1662911584_3x2_rt_widelg-1.jpg","articleSection":["Mundo","\u00daltimas"],"inLanguage":"pt-PT","potentialAction":[{"@type":"CommentAction","name":"Comment","target":["https:\/\/brasilnoticias.org\/site\/multidao-recebe-corpo-de-elizabeth-ii-em-edimburgo-apos-cortejo-de-seis-horas\/#respond"]}]},{"@type":"WebPage","@id":"https:\/\/brasilnoticias.org\/site\/multidao-recebe-corpo-de-elizabeth-ii-em-edimburgo-apos-cortejo-de-seis-horas\/","url":"https:\/\/brasilnoticias.org\/site\/multidao-recebe-corpo-de-elizabeth-ii-em-edimburgo-apos-cortejo-de-seis-horas\/","name":"Multid\u00e3o recebe corpo de Elizabeth II em Edimburgo ap\u00f3s cortejo de seis horas - Brasil not\u00edcias","isPartOf":{"@id":"https:\/\/brasilnoticias.org\/site\/#website"},"primaryImageOfPage":{"@id":"https:\/\/brasilnoticias.org\/site\/multidao-recebe-corpo-de-elizabeth-ii-em-edimburgo-apos-cortejo-de-seis-horas\/#primaryimage"},"image":{"@id":"https:\/\/brasilnoticias.org\/site\/multidao-recebe-corpo-de-elizabeth-ii-em-edimburgo-apos-cortejo-de-seis-horas\/#primaryimage"},"thumbnailUrl":"https:\/\/brasilnoticias.org\/site\/wp-content\/uploads\/2022\/09\/1662911584631e04605d7f9_1662911584_3x2_rt_widelg-1.jpg","datePublished":"2022-09-12T13:41:48+00:00","breadcrumb":{"@id":"https:\/\/brasilnoticias.org\/site\/multidao-recebe-corpo-de-elizabeth-ii-em-edimburgo-apos-cortejo-de-seis-horas\/#breadcrumb"},"inLanguage":"pt-PT","potentialAction":[{"@type":"ReadAction","target":["https:\/\/brasilnoticias.org\/site\/multidao-recebe-corpo-de-elizabeth-ii-em-edimburgo-apos-cortejo-de-seis-horas\/"]}]},{"@type":"ImageObject","inLanguage":"pt-PT","@id":"https:\/\/brasilnoticias.org\/site\/multidao-recebe-corpo-de-elizabeth-ii-em-edimburgo-apos-cortejo-de-seis-horas\/#primaryimage","url":"https:\/\/brasilnoticias.org\/site\/wp-content\/uploads\/2022\/09\/1662911584631e04605d7f9_1662911584_3x2_rt_widelg-1.jpg","contentUrl":"https:\/\/brasilnoticias.org\/site\/wp-content\/uploads\/2022\/09\/1662911584631e04605d7f9_1662911584_3x2_rt_widelg-1.jpg","width":800,"height":450},{"@type":"BreadcrumbList","@id":"https:\/\/brasilnoticias.org\/site\/multidao-recebe-corpo-de-elizabeth-ii-em-edimburgo-apos-cortejo-de-seis-horas\/#breadcrumb","itemListElement":[{"@type":"ListItem","position":1,"name":"In\u00edcio","item":"https:\/\/brasilnoticias.org\/site\/"},{"@type":"ListItem","position":2,"name":"Multid\u00e3o recebe corpo de Elizabeth II em Edimburgo ap\u00f3s cortejo de seis horas"}]},{"@type":"WebSite","@id":"https:\/\/brasilnoticias.org\/site\/#website","url":"https:\/\/brasilnoticias.org\/site\/","name":"Brasil not\u00edcias","description":"Brasil not\u00edcias","publisher":{"@id":"https:\/\/brasilnoticias.org\/site\/#organization"},"potentialAction":[{"@type":"SearchAction","target":{"@type":"EntryPoint","urlTemplate":"https:\/\/brasilnoticias.org\/site\/?s={search_term_string}"},"query-input":{"@type":"PropertyValueSpecification","valueRequired":true,"valueName":"search_term_string"}}],"inLanguage":"pt-PT"},{"@type":"Organization","@id":"https:\/\/brasilnoticias.org\/site\/#organization","name":"Brasil not\u00edcias","url":"https:\/\/brasilnoticias.org\/site\/","logo":{"@type":"ImageObject","inLanguage":"pt-PT","@id":"https:\/\/brasilnoticias.org\/site\/#\/schema\/logo\/image\/","url":"https:\/\/brasilnoticias.org\/site\/wp-content\/uploads\/2022\/05\/cropped-brasilnoticias-mini.jpg","contentUrl":"https:\/\/brasilnoticias.org\/site\/wp-content\/uploads\/2022\/05\/cropped-brasilnoticias-mini.jpg","width":314,"height":86,"caption":"Brasil not\u00edcias"},"image":{"@id":"https:\/\/brasilnoticias.org\/site\/#\/schema\/logo\/image\/"}},{"@type":"Person","@id":"https:\/\/brasilnoticias.org\/site\/#\/schema\/person\/f609fa847b5314f1c8b983342f34c798","name":"Reda\u00e7\u00e3o","image":{"@type":"ImageObject","inLanguage":"pt-PT","@id":"https:\/\/brasilnoticias.org\/site\/#\/schema\/person\/image\/","url":"https:\/\/secure.gravatar.com\/avatar\/447284c06c1ad8b46465a36de9cd0d8326b73387a22799b8b1ffb1fbcff2ed0c?s=96&d=mm&r=g","contentUrl":"https:\/\/secure.gravatar.com\/avatar\/447284c06c1ad8b46465a36de9cd0d8326b73387a22799b8b1ffb1fbcff2ed0c?s=96&d=mm&r=g","caption":"Reda\u00e7\u00e3o"},"url":"https:\/\/brasilnoticias.org\/site\/author\/redacao\/"}]}},"_links":{"self":[{"href":"https:\/\/brasilnoticias.org\/site\/wp-json\/wp\/v2\/posts\/1436","targetHints":{"allow":["GET"]}}],"collection":[{"href":"https:\/\/brasilnoticias.org\/site\/wp-json\/wp\/v2\/posts"}],"about":[{"href":"https:\/\/brasilnoticias.org\/site\/wp-json\/wp\/v2\/types\/post"}],"author":[{"embeddable":true,"href":"https:\/\/brasilnoticias.org\/site\/wp-json\/wp\/v2\/users\/2"}],"replies":[{"embeddable":true,"href":"https:\/\/brasilnoticias.org\/site\/wp-json\/wp\/v2\/comments?post=1436"}],"version-history":[{"count":1,"href":"https:\/\/brasilnoticias.org\/site\/wp-json\/wp\/v2\/posts\/1436\/revisions"}],"predecessor-version":[{"id":1439,"href":"https:\/\/brasilnoticias.org\/site\/wp-json\/wp\/v2\/posts\/1436\/revisions\/1439"}],"wp:featuredmedia":[{"embeddable":true,"href":"https:\/\/brasilnoticias.org\/site\/wp-json\/wp\/v2\/media\/1438"}],"wp:attachment":[{"href":"https:\/\/brasilnoticias.org\/site\/wp-json\/wp\/v2\/media?parent=1436"}],"wp:term":[{"taxonomy":"category","embeddable":true,"href":"https:\/\/brasilnoticias.org\/site\/wp-json\/wp\/v2\/categories?post=1436"},{"taxonomy":"post_tag","embeddable":true,"href":"https:\/\/brasilnoticias.org\/site\/wp-json\/wp\/v2\/tags?post=1436"}],"curies":[{"name":"wp","href":"https:\/\/api.w.org\/{rel}","templated":true}]}}