{"id":14380,"date":"2024-06-01T19:04:16","date_gmt":"2024-06-01T22:04:16","guid":{"rendered":"https:\/\/brasilnoticias.org\/site\/?p=14380"},"modified":"2024-06-01T19:04:16","modified_gmt":"2024-06-01T22:04:16","slug":"partido-de-mandela-nao-alcanca-maioria-simples-de-votos-pela-primeira-vez-desde-fim-do-apartheid","status":"publish","type":"post","link":"https:\/\/brasilnoticias.org\/site\/partido-de-mandela-nao-alcanca-maioria-simples-de-votos-pela-primeira-vez-desde-fim-do-apartheid\/","title":{"rendered":"Partido de Mandela n\u00e3o alcan\u00e7a maioria simples de votos pela primeira vez desde fim do Apartheid"},"content":{"rendered":"<p>A diminui\u00e7\u00e3o nos votos \u00e9 justificada pela insatisfa\u00e7\u00e3o popular com a estagna\u00e7\u00e3o da economia, aumento do desemprego e da pobreza e as frequentes quedas de energia el\u00e9trica no pa\u00eds<\/p>\n<p>O partido ao qual pertencia Nelson Mandela, o Congresso Nacional Africano (ANC, na sigla em ingl\u00eas), n\u00e3o conseguiu alcan\u00e7ar a maioria simples dos votos nas elei\u00e7\u00f5es da \u00c1frica do Sul pela primeira vez desde o fim do Apartheid. No poder h\u00e1 30 anos, de acordo com informa\u00e7\u00e3o da Reuters, o ANC possui at\u00e9 o momento 40,29% dos votos, sendo que 98% das urnas j\u00e1 foram apuradas neste s\u00e1bado (1\u00b0).<\/p>\n<p>Em 2019, na \u00faltima elei\u00e7\u00e3o presidencial sul-africana, o partido havia conseguido 57,5% dos eleitores, uma diferen\u00e7a significativa do cen\u00e1rio atual. O que justifica a diminui\u00e7\u00e3o nos votos \u00e9 a insatisfa\u00e7\u00e3o popular com a estagna\u00e7\u00e3o da economia, aumento do desemprego e da pobreza e as frequentes quedas de energia el\u00e9trica no pa\u00eds.<\/p>\n<p>Atr\u00e1s do ANC est\u00e1 o principal opositor, a Alian\u00e7a Democr\u00e1tica (DA), partido neoliberal, de minoria branca, com 21,63%. Em seguida, vem o partido Umkhonto We Sizwe (MK), que, criado h\u00e1 seis meses e liderado pelo ex-chefe do ANC e ex-presidente Jacob Zuma, acumula 14,61%.<\/p>\n<p>O balan\u00e7o final dos votos \u00e9 previsto para este domingo (2) e determinar\u00e1 o n\u00famero de assentos que as legendas ocupar\u00e3o na Assembleia Geral, que elege o pr\u00f3ximo presidente.<\/p>\n<p>Foto: Reprodu\u00e7\u00e3o I Wirestock\/Freepick<br \/>\nPor: Metro1<\/p>\n","protected":false},"excerpt":{"rendered":"<p>A diminui\u00e7\u00e3o nos votos \u00e9 justificada pela insatisfa\u00e7\u00e3o popular com a estagna\u00e7\u00e3o da economia, aumento do desemprego e da pobreza<\/p>\n","protected":false},"author":4,"featured_media":14381,"comment_status":"open","ping_status":"open","sticky":false,"template":"","format":"standard","meta":{"colormag_page_container_layout":"default_layout","colormag_page_sidebar_layout":"default_layout","_FSMCFIC_featured_image_caption":"","_FSMCFIC_featured_image_nocaption":"","_FSMCFIC_featured_image_hide":"","footnotes":""},"categories":[6,1],"tags":[],"class_list":["post-14380","post","type-post","status-publish","format-standard","has-post-thumbnail","hentry","category-mundo","category-ultimas"],"yoast_head":"<!-- This site is optimized with the Yoast SEO plugin v27.1.1 - https:\/\/yoast.com\/product\/yoast-seo-wordpress\/ -->\n<title>Partido de Mandela n\u00e3o alcan\u00e7a maioria simples de votos pela primeira vez desde fim do Apartheid - Brasil not\u00edcias<\/title>\n<meta name=\"robots\" content=\"index, follow, max-snippet:-1, max-image-preview:large, max-video-preview:-1\" \/>\n<link rel=\"canonical\" href=\"https:\/\/brasilnoticias.org\/site\/partido-de-mandela-nao-alcanca-maioria-simples-de-votos-pela-primeira-vez-desde-fim-do-apartheid\/\" \/>\n<meta property=\"og:locale\" content=\"pt_PT\" \/>\n<meta property=\"og:type\" content=\"article\" \/>\n<meta property=\"og:title\" content=\"Partido de Mandela n\u00e3o alcan\u00e7a maioria simples de votos pela primeira vez desde fim do Apartheid - Brasil not\u00edcias\" \/>\n<meta property=\"og:description\" content=\"A diminui\u00e7\u00e3o nos votos \u00e9 justificada pela insatisfa\u00e7\u00e3o popular com a estagna\u00e7\u00e3o da economia, aumento do desemprego e da pobreza\" \/>\n<meta property=\"og:url\" content=\"https:\/\/brasilnoticias.org\/site\/partido-de-mandela-nao-alcanca-maioria-simples-de-votos-pela-primeira-vez-desde-fim-do-apartheid\/\" \/>\n<meta property=\"og:site_name\" content=\"Brasil not\u00edcias\" \/>\n<meta property=\"article:published_time\" content=\"2024-06-01T22:04:16+00:00\" \/>\n<meta property=\"og:image\" content=\"https:\/\/brasilnoticias.org\/site\/wp-content\/uploads\/2024\/06\/150971partido-de-mandela-nao-alcanca-maioria-simples-de-votos-pela-primeira-vez-desde-fim-do-apartheid-3.jpg\" \/>\n\t<meta property=\"og:image:width\" content=\"1600\" \/>\n\t<meta property=\"og:image:height\" content=\"752\" \/>\n\t<meta property=\"og:image:type\" content=\"image\/jpeg\" \/>\n<meta name=\"author\" content=\"Reda\u00e7\u00e3o\" \/>\n<meta name=\"twitter:card\" content=\"summary_large_image\" \/>\n<meta name=\"twitter:label1\" content=\"Escrito por\" \/>\n\t<meta name=\"twitter:data1\" content=\"Reda\u00e7\u00e3o\" \/>\n\t<meta name=\"twitter:label2\" content=\"Tempo estimado de leitura\" \/>\n\t<meta name=\"twitter:data2\" content=\"1 minuto\" \/>\n<script type=\"application\/ld+json\" class=\"yoast-schema-graph\">{\"@context\":\"https:\/\/schema.org\",\"@graph\":[{\"@type\":\"Article\",\"@id\":\"https:\/\/brasilnoticias.org\/site\/partido-de-mandela-nao-alcanca-maioria-simples-de-votos-pela-primeira-vez-desde-fim-do-apartheid\/#article\",\"isPartOf\":{\"@id\":\"https:\/\/brasilnoticias.org\/site\/partido-de-mandela-nao-alcanca-maioria-simples-de-votos-pela-primeira-vez-desde-fim-do-apartheid\/\"},\"author\":{\"name\":\"Reda\u00e7\u00e3o\",\"@id\":\"https:\/\/brasilnoticias.org\/site\/#\/schema\/person\/03bbbfe6c7634ad18c26444ea39049fa\"},\"headline\":\"Partido de Mandela n\u00e3o alcan\u00e7a maioria simples de votos pela primeira vez desde fim do Apartheid\",\"datePublished\":\"2024-06-01T22:04:16+00:00\",\"mainEntityOfPage\":{\"@id\":\"https:\/\/brasilnoticias.org\/site\/partido-de-mandela-nao-alcanca-maioria-simples-de-votos-pela-primeira-vez-desde-fim-do-apartheid\/\"},\"wordCount\":262,\"commentCount\":0,\"publisher\":{\"@id\":\"https:\/\/brasilnoticias.org\/site\/#organization\"},\"image\":{\"@id\":\"https:\/\/brasilnoticias.org\/site\/partido-de-mandela-nao-alcanca-maioria-simples-de-votos-pela-primeira-vez-desde-fim-do-apartheid\/#primaryimage\"},\"thumbnailUrl\":\"https:\/\/brasilnoticias.org\/site\/wp-content\/uploads\/2024\/06\/150971partido-de-mandela-nao-alcanca-maioria-simples-de-votos-pela-primeira-vez-desde-fim-do-apartheid-3.jpg\",\"articleSection\":[\"Mundo\",\"\u00daltimas\"],\"inLanguage\":\"pt-PT\",\"potentialAction\":[{\"@type\":\"CommentAction\",\"name\":\"Comment\",\"target\":[\"https:\/\/brasilnoticias.org\/site\/partido-de-mandela-nao-alcanca-maioria-simples-de-votos-pela-primeira-vez-desde-fim-do-apartheid\/#respond\"]}]},{\"@type\":\"WebPage\",\"@id\":\"https:\/\/brasilnoticias.org\/site\/partido-de-mandela-nao-alcanca-maioria-simples-de-votos-pela-primeira-vez-desde-fim-do-apartheid\/\",\"url\":\"https:\/\/brasilnoticias.org\/site\/partido-de-mandela-nao-alcanca-maioria-simples-de-votos-pela-primeira-vez-desde-fim-do-apartheid\/\",\"name\":\"Partido de Mandela n\u00e3o alcan\u00e7a maioria simples de votos pela primeira vez desde fim do Apartheid - Brasil not\u00edcias\",\"isPartOf\":{\"@id\":\"https:\/\/brasilnoticias.org\/site\/#website\"},\"primaryImageOfPage\":{\"@id\":\"https:\/\/brasilnoticias.org\/site\/partido-de-mandela-nao-alcanca-maioria-simples-de-votos-pela-primeira-vez-desde-fim-do-apartheid\/#primaryimage\"},\"image\":{\"@id\":\"https:\/\/brasilnoticias.org\/site\/partido-de-mandela-nao-alcanca-maioria-simples-de-votos-pela-primeira-vez-desde-fim-do-apartheid\/#primaryimage\"},\"thumbnailUrl\":\"https:\/\/brasilnoticias.org\/site\/wp-content\/uploads\/2024\/06\/150971partido-de-mandela-nao-alcanca-maioria-simples-de-votos-pela-primeira-vez-desde-fim-do-apartheid-3.jpg\",\"datePublished\":\"2024-06-01T22:04:16+00:00\",\"breadcrumb\":{\"@id\":\"https:\/\/brasilnoticias.org\/site\/partido-de-mandela-nao-alcanca-maioria-simples-de-votos-pela-primeira-vez-desde-fim-do-apartheid\/#breadcrumb\"},\"inLanguage\":\"pt-PT\",\"potentialAction\":[{\"@type\":\"ReadAction\",\"target\":[\"https:\/\/brasilnoticias.org\/site\/partido-de-mandela-nao-alcanca-maioria-simples-de-votos-pela-primeira-vez-desde-fim-do-apartheid\/\"]}]},{\"@type\":\"ImageObject\",\"inLanguage\":\"pt-PT\",\"@id\":\"https:\/\/brasilnoticias.org\/site\/partido-de-mandela-nao-alcanca-maioria-simples-de-votos-pela-primeira-vez-desde-fim-do-apartheid\/#primaryimage\",\"url\":\"https:\/\/brasilnoticias.org\/site\/wp-content\/uploads\/2024\/06\/150971partido-de-mandela-nao-alcanca-maioria-simples-de-votos-pela-primeira-vez-desde-fim-do-apartheid-3.jpg\",\"contentUrl\":\"https:\/\/brasilnoticias.org\/site\/wp-content\/uploads\/2024\/06\/150971partido-de-mandela-nao-alcanca-maioria-simples-de-votos-pela-primeira-vez-desde-fim-do-apartheid-3.jpg\",\"width\":1600,\"height\":752},{\"@type\":\"BreadcrumbList\",\"@id\":\"https:\/\/brasilnoticias.org\/site\/partido-de-mandela-nao-alcanca-maioria-simples-de-votos-pela-primeira-vez-desde-fim-do-apartheid\/#breadcrumb\",\"itemListElement\":[{\"@type\":\"ListItem\",\"position\":1,\"name\":\"In\u00edcio\",\"item\":\"https:\/\/brasilnoticias.org\/site\/\"},{\"@type\":\"ListItem\",\"position\":2,\"name\":\"Partido de Mandela n\u00e3o alcan\u00e7a maioria simples de votos pela primeira vez desde fim do Apartheid\"}]},{\"@type\":\"WebSite\",\"@id\":\"https:\/\/brasilnoticias.org\/site\/#website\",\"url\":\"https:\/\/brasilnoticias.org\/site\/\",\"name\":\"Brasil not\u00edcias\",\"description\":\"Brasil not\u00edcias\",\"publisher\":{\"@id\":\"https:\/\/brasilnoticias.org\/site\/#organization\"},\"potentialAction\":[{\"@type\":\"SearchAction\",\"target\":{\"@type\":\"EntryPoint\",\"urlTemplate\":\"https:\/\/brasilnoticias.org\/site\/?s={search_term_string}\"},\"query-input\":{\"@type\":\"PropertyValueSpecification\",\"valueRequired\":true,\"valueName\":\"search_term_string\"}}],\"inLanguage\":\"pt-PT\"},{\"@type\":\"Organization\",\"@id\":\"https:\/\/brasilnoticias.org\/site\/#organization\",\"name\":\"Brasil not\u00edcias\",\"url\":\"https:\/\/brasilnoticias.org\/site\/\",\"logo\":{\"@type\":\"ImageObject\",\"inLanguage\":\"pt-PT\",\"@id\":\"https:\/\/brasilnoticias.org\/site\/#\/schema\/logo\/image\/\",\"url\":\"https:\/\/brasilnoticias.org\/site\/wp-content\/uploads\/2022\/05\/cropped-brasilnoticias-mini.jpg\",\"contentUrl\":\"https:\/\/brasilnoticias.org\/site\/wp-content\/uploads\/2022\/05\/cropped-brasilnoticias-mini.jpg\",\"width\":314,\"height\":86,\"caption\":\"Brasil not\u00edcias\"},\"image\":{\"@id\":\"https:\/\/brasilnoticias.org\/site\/#\/schema\/logo\/image\/\"}},{\"@type\":\"Person\",\"@id\":\"https:\/\/brasilnoticias.org\/site\/#\/schema\/person\/03bbbfe6c7634ad18c26444ea39049fa\",\"name\":\"Reda\u00e7\u00e3o\",\"image\":{\"@type\":\"ImageObject\",\"inLanguage\":\"pt-PT\",\"@id\":\"https:\/\/brasilnoticias.org\/site\/#\/schema\/person\/image\/\",\"url\":\"https:\/\/secure.gravatar.com\/avatar\/9ecaf7327a696cb23ad926fedded5f1f04d7049de9e445375d55b48c001a6e42?s=96&d=mm&r=g\",\"contentUrl\":\"https:\/\/secure.gravatar.com\/avatar\/9ecaf7327a696cb23ad926fedded5f1f04d7049de9e445375d55b48c001a6e42?s=96&d=mm&r=g\",\"caption\":\"Reda\u00e7\u00e3o\"},\"url\":\"https:\/\/brasilnoticias.org\/site\/author\/henrique\/\"}]}<\/script>\n<!-- \/ Yoast SEO plugin. -->","yoast_head_json":{"title":"Partido de Mandela n\u00e3o alcan\u00e7a maioria simples de votos pela primeira vez desde fim do Apartheid - Brasil not\u00edcias","robots":{"index":"index","follow":"follow","max-snippet":"max-snippet:-1","max-image-preview":"max-image-preview:large","max-video-preview":"max-video-preview:-1"},"canonical":"https:\/\/brasilnoticias.org\/site\/partido-de-mandela-nao-alcanca-maioria-simples-de-votos-pela-primeira-vez-desde-fim-do-apartheid\/","og_locale":"pt_PT","og_type":"article","og_title":"Partido de Mandela n\u00e3o alcan\u00e7a maioria simples de votos pela primeira vez desde fim do Apartheid - Brasil not\u00edcias","og_description":"A diminui\u00e7\u00e3o nos votos \u00e9 justificada pela insatisfa\u00e7\u00e3o popular com a estagna\u00e7\u00e3o da economia, aumento do desemprego e da pobreza","og_url":"https:\/\/brasilnoticias.org\/site\/partido-de-mandela-nao-alcanca-maioria-simples-de-votos-pela-primeira-vez-desde-fim-do-apartheid\/","og_site_name":"Brasil not\u00edcias","article_published_time":"2024-06-01T22:04:16+00:00","og_image":[{"width":1600,"height":752,"url":"https:\/\/brasilnoticias.org\/site\/wp-content\/uploads\/2024\/06\/150971partido-de-mandela-nao-alcanca-maioria-simples-de-votos-pela-primeira-vez-desde-fim-do-apartheid-3.jpg","type":"image\/jpeg"}],"author":"Reda\u00e7\u00e3o","twitter_card":"summary_large_image","twitter_misc":{"Escrito por":"Reda\u00e7\u00e3o","Tempo estimado de leitura":"1 minuto"},"schema":{"@context":"https:\/\/schema.org","@graph":[{"@type":"Article","@id":"https:\/\/brasilnoticias.org\/site\/partido-de-mandela-nao-alcanca-maioria-simples-de-votos-pela-primeira-vez-desde-fim-do-apartheid\/#article","isPartOf":{"@id":"https:\/\/brasilnoticias.org\/site\/partido-de-mandela-nao-alcanca-maioria-simples-de-votos-pela-primeira-vez-desde-fim-do-apartheid\/"},"author":{"name":"Reda\u00e7\u00e3o","@id":"https:\/\/brasilnoticias.org\/site\/#\/schema\/person\/03bbbfe6c7634ad18c26444ea39049fa"},"headline":"Partido de Mandela n\u00e3o alcan\u00e7a maioria simples de votos pela primeira vez desde fim do Apartheid","datePublished":"2024-06-01T22:04:16+00:00","mainEntityOfPage":{"@id":"https:\/\/brasilnoticias.org\/site\/partido-de-mandela-nao-alcanca-maioria-simples-de-votos-pela-primeira-vez-desde-fim-do-apartheid\/"},"wordCount":262,"commentCount":0,"publisher":{"@id":"https:\/\/brasilnoticias.org\/site\/#organization"},"image":{"@id":"https:\/\/brasilnoticias.org\/site\/partido-de-mandela-nao-alcanca-maioria-simples-de-votos-pela-primeira-vez-desde-fim-do-apartheid\/#primaryimage"},"thumbnailUrl":"https:\/\/brasilnoticias.org\/site\/wp-content\/uploads\/2024\/06\/150971partido-de-mandela-nao-alcanca-maioria-simples-de-votos-pela-primeira-vez-desde-fim-do-apartheid-3.jpg","articleSection":["Mundo","\u00daltimas"],"inLanguage":"pt-PT","potentialAction":[{"@type":"CommentAction","name":"Comment","target":["https:\/\/brasilnoticias.org\/site\/partido-de-mandela-nao-alcanca-maioria-simples-de-votos-pela-primeira-vez-desde-fim-do-apartheid\/#respond"]}]},{"@type":"WebPage","@id":"https:\/\/brasilnoticias.org\/site\/partido-de-mandela-nao-alcanca-maioria-simples-de-votos-pela-primeira-vez-desde-fim-do-apartheid\/","url":"https:\/\/brasilnoticias.org\/site\/partido-de-mandela-nao-alcanca-maioria-simples-de-votos-pela-primeira-vez-desde-fim-do-apartheid\/","name":"Partido de Mandela n\u00e3o alcan\u00e7a maioria simples de votos pela primeira vez desde fim do Apartheid - Brasil not\u00edcias","isPartOf":{"@id":"https:\/\/brasilnoticias.org\/site\/#website"},"primaryImageOfPage":{"@id":"https:\/\/brasilnoticias.org\/site\/partido-de-mandela-nao-alcanca-maioria-simples-de-votos-pela-primeira-vez-desde-fim-do-apartheid\/#primaryimage"},"image":{"@id":"https:\/\/brasilnoticias.org\/site\/partido-de-mandela-nao-alcanca-maioria-simples-de-votos-pela-primeira-vez-desde-fim-do-apartheid\/#primaryimage"},"thumbnailUrl":"https:\/\/brasilnoticias.org\/site\/wp-content\/uploads\/2024\/06\/150971partido-de-mandela-nao-alcanca-maioria-simples-de-votos-pela-primeira-vez-desde-fim-do-apartheid-3.jpg","datePublished":"2024-06-01T22:04:16+00:00","breadcrumb":{"@id":"https:\/\/brasilnoticias.org\/site\/partido-de-mandela-nao-alcanca-maioria-simples-de-votos-pela-primeira-vez-desde-fim-do-apartheid\/#breadcrumb"},"inLanguage":"pt-PT","potentialAction":[{"@type":"ReadAction","target":["https:\/\/brasilnoticias.org\/site\/partido-de-mandela-nao-alcanca-maioria-simples-de-votos-pela-primeira-vez-desde-fim-do-apartheid\/"]}]},{"@type":"ImageObject","inLanguage":"pt-PT","@id":"https:\/\/brasilnoticias.org\/site\/partido-de-mandela-nao-alcanca-maioria-simples-de-votos-pela-primeira-vez-desde-fim-do-apartheid\/#primaryimage","url":"https:\/\/brasilnoticias.org\/site\/wp-content\/uploads\/2024\/06\/150971partido-de-mandela-nao-alcanca-maioria-simples-de-votos-pela-primeira-vez-desde-fim-do-apartheid-3.jpg","contentUrl":"https:\/\/brasilnoticias.org\/site\/wp-content\/uploads\/2024\/06\/150971partido-de-mandela-nao-alcanca-maioria-simples-de-votos-pela-primeira-vez-desde-fim-do-apartheid-3.jpg","width":1600,"height":752},{"@type":"BreadcrumbList","@id":"https:\/\/brasilnoticias.org\/site\/partido-de-mandela-nao-alcanca-maioria-simples-de-votos-pela-primeira-vez-desde-fim-do-apartheid\/#breadcrumb","itemListElement":[{"@type":"ListItem","position":1,"name":"In\u00edcio","item":"https:\/\/brasilnoticias.org\/site\/"},{"@type":"ListItem","position":2,"name":"Partido de Mandela n\u00e3o alcan\u00e7a maioria simples de votos pela primeira vez desde fim do Apartheid"}]},{"@type":"WebSite","@id":"https:\/\/brasilnoticias.org\/site\/#website","url":"https:\/\/brasilnoticias.org\/site\/","name":"Brasil not\u00edcias","description":"Brasil not\u00edcias","publisher":{"@id":"https:\/\/brasilnoticias.org\/site\/#organization"},"potentialAction":[{"@type":"SearchAction","target":{"@type":"EntryPoint","urlTemplate":"https:\/\/brasilnoticias.org\/site\/?s={search_term_string}"},"query-input":{"@type":"PropertyValueSpecification","valueRequired":true,"valueName":"search_term_string"}}],"inLanguage":"pt-PT"},{"@type":"Organization","@id":"https:\/\/brasilnoticias.org\/site\/#organization","name":"Brasil not\u00edcias","url":"https:\/\/brasilnoticias.org\/site\/","logo":{"@type":"ImageObject","inLanguage":"pt-PT","@id":"https:\/\/brasilnoticias.org\/site\/#\/schema\/logo\/image\/","url":"https:\/\/brasilnoticias.org\/site\/wp-content\/uploads\/2022\/05\/cropped-brasilnoticias-mini.jpg","contentUrl":"https:\/\/brasilnoticias.org\/site\/wp-content\/uploads\/2022\/05\/cropped-brasilnoticias-mini.jpg","width":314,"height":86,"caption":"Brasil not\u00edcias"},"image":{"@id":"https:\/\/brasilnoticias.org\/site\/#\/schema\/logo\/image\/"}},{"@type":"Person","@id":"https:\/\/brasilnoticias.org\/site\/#\/schema\/person\/03bbbfe6c7634ad18c26444ea39049fa","name":"Reda\u00e7\u00e3o","image":{"@type":"ImageObject","inLanguage":"pt-PT","@id":"https:\/\/brasilnoticias.org\/site\/#\/schema\/person\/image\/","url":"https:\/\/secure.gravatar.com\/avatar\/9ecaf7327a696cb23ad926fedded5f1f04d7049de9e445375d55b48c001a6e42?s=96&d=mm&r=g","contentUrl":"https:\/\/secure.gravatar.com\/avatar\/9ecaf7327a696cb23ad926fedded5f1f04d7049de9e445375d55b48c001a6e42?s=96&d=mm&r=g","caption":"Reda\u00e7\u00e3o"},"url":"https:\/\/brasilnoticias.org\/site\/author\/henrique\/"}]}},"_links":{"self":[{"href":"https:\/\/brasilnoticias.org\/site\/wp-json\/wp\/v2\/posts\/14380","targetHints":{"allow":["GET"]}}],"collection":[{"href":"https:\/\/brasilnoticias.org\/site\/wp-json\/wp\/v2\/posts"}],"about":[{"href":"https:\/\/brasilnoticias.org\/site\/wp-json\/wp\/v2\/types\/post"}],"author":[{"embeddable":true,"href":"https:\/\/brasilnoticias.org\/site\/wp-json\/wp\/v2\/users\/4"}],"replies":[{"embeddable":true,"href":"https:\/\/brasilnoticias.org\/site\/wp-json\/wp\/v2\/comments?post=14380"}],"version-history":[{"count":1,"href":"https:\/\/brasilnoticias.org\/site\/wp-json\/wp\/v2\/posts\/14380\/revisions"}],"predecessor-version":[{"id":14382,"href":"https:\/\/brasilnoticias.org\/site\/wp-json\/wp\/v2\/posts\/14380\/revisions\/14382"}],"wp:featuredmedia":[{"embeddable":true,"href":"https:\/\/brasilnoticias.org\/site\/wp-json\/wp\/v2\/media\/14381"}],"wp:attachment":[{"href":"https:\/\/brasilnoticias.org\/site\/wp-json\/wp\/v2\/media?parent=14380"}],"wp:term":[{"taxonomy":"category","embeddable":true,"href":"https:\/\/brasilnoticias.org\/site\/wp-json\/wp\/v2\/categories?post=14380"},{"taxonomy":"post_tag","embeddable":true,"href":"https:\/\/brasilnoticias.org\/site\/wp-json\/wp\/v2\/tags?post=14380"}],"curies":[{"name":"wp","href":"https:\/\/api.w.org\/{rel}","templated":true}]}}