{"id":14383,"date":"2024-06-01T19:05:47","date_gmt":"2024-06-01T22:05:47","guid":{"rendered":"https:\/\/brasilnoticias.org\/site\/?p=14383"},"modified":"2024-06-01T19:05:47","modified_gmt":"2024-06-01T22:05:47","slug":"a-gente-precisa-diversificar-a-producao-tirar-do-produtor-a-opcao-de-so-plantar-soja-milho-algodao-diz-ministro-da-agricultura","status":"publish","type":"post","link":"https:\/\/brasilnoticias.org\/site\/a-gente-precisa-diversificar-a-producao-tirar-do-produtor-a-opcao-de-so-plantar-soja-milho-algodao-diz-ministro-da-agricultura\/","title":{"rendered":"&#8220;A gente [precisa] diversificar a produ\u00e7\u00e3o, tirar do produtor a op\u00e7\u00e3o de s\u00f3 plantar soja, milho, algod\u00e3o&#8221;, diz ministro da Agricultura"},"content":{"rendered":"<p>O esquema visa o armazenamento, com a forma\u00e7\u00e3o de estoques p\u00fablicos, que garantam a seguran\u00e7a em casos de desastres clim\u00e1ticos, como o do Rio Grande do Sul &#8211; que colocou em pauta o poss\u00edvel desabastecimento de arroz<\/p>\n<p>O ministro da Agricultura, Carlos F\u00e1varo, afirmou que o pr\u00f3ximo Plano Safra prop\u00f5e a diversifica\u00e7\u00e3o no plantio, apostando nos itens b\u00e1sicos da alimenta\u00e7\u00e3o brasileira. O esquema visa o armazenamento, com a forma\u00e7\u00e3o de estoques p\u00fablicos, que garantam a seguran\u00e7a em casos de desastres clim\u00e1ticos, como o do Rio Grande do Sul &#8211; que colocou em pauta o poss\u00edvel desabastecimento de arroz.<\/p>\n<p>&#8220;A gente [precisa] diversificar a nossa produ\u00e7\u00e3o, tirar do produtor a op\u00e7\u00e3o de s\u00f3 plantar soja, milho, algod\u00e3o&#8221;, afirmou o ministro em entrevista ao G1.<\/p>\n<p>&#8220;N\u00f3s vamos lan\u00e7ar contratos de op\u00e7\u00f5es para esses produtos que s\u00e3o a base da alimenta\u00e7\u00e3o brasileira. \u00c9 o arroz, feij\u00e3o, trigo, a mandioca. E o milho \u2013 l\u00f3gico, se transformando em carnes [o milho serve como ra\u00e7\u00e3o para os animais]&#8221;, disse F\u00e1varo.<\/p>\n<p>No contrato de op\u00e7\u00f5es abordado por F\u00e1varo, o produtor que decidir pelo acordo tem o direito de vender a safra ao Estado, no futuro, por um valor determinado anteriormente. <\/p>\n<p>&#8220;\u00c9 o governo ajudando ter equil\u00edbrio&#8230;e com n\u00fameros modestos. N\u00e3o \u00e9 voltar ao tempo que tinha super estoques p\u00fablicos, onde o grande comprador concorrente \u00e9 o poder p\u00fablico. [&#8230;] N\u00e3o \u00e9 esse o objetivo, mas \u00e9 a presen\u00e7a do Estado para manter o equil\u00edbrio e o abastecimento&#8221;, explicou o ministro.<\/p>\n<p>Caso o mercado esteja pagando mais que o valor determinado pelo governo tempos atr\u00e1s, o agricultor tem a liberdade de fechar neg\u00f3cio com a empresa privada. Por\u00e9m, se a ind\u00fastria estiver pagando menos na safra, o produtor tem a seguran\u00e7a de que o governo ir\u00e1 comprar a colheita dele pelo pre\u00e7o previamente estipulado.<\/p>\n<p>Foto: Pedro Fran\u00e7a\/Ag\u00eancia Senado<br \/>\nPor: Metro1 <\/p>\n","protected":false},"excerpt":{"rendered":"<p>O esquema visa o armazenamento, com a forma\u00e7\u00e3o de estoques p\u00fablicos, que garantam a seguran\u00e7a em casos de desastres clim\u00e1ticos,<\/p>\n","protected":false},"author":4,"featured_media":14384,"comment_status":"open","ping_status":"open","sticky":false,"template":"","format":"standard","meta":{"colormag_page_container_layout":"default_layout","colormag_page_sidebar_layout":"default_layout","_FSMCFIC_featured_image_caption":"","_FSMCFIC_featured_image_nocaption":"","_FSMCFIC_featured_image_hide":"","footnotes":""},"categories":[5,1],"tags":[],"class_list":["post-14383","post","type-post","status-publish","format-standard","has-post-thumbnail","hentry","category-politica","category-ultimas"],"yoast_head":"<!-- This site is optimized with the Yoast SEO plugin v27.1.1 - https:\/\/yoast.com\/product\/yoast-seo-wordpress\/ -->\n<title>&quot;A gente [precisa] diversificar a produ\u00e7\u00e3o, tirar do produtor a op\u00e7\u00e3o de s\u00f3 plantar soja, milho, algod\u00e3o&quot;, diz ministro da Agricultura - Brasil not\u00edcias<\/title>\n<meta name=\"robots\" content=\"index, follow, max-snippet:-1, max-image-preview:large, max-video-preview:-1\" \/>\n<link rel=\"canonical\" href=\"https:\/\/brasilnoticias.org\/site\/a-gente-precisa-diversificar-a-producao-tirar-do-produtor-a-opcao-de-so-plantar-soja-milho-algodao-diz-ministro-da-agricultura\/\" \/>\n<meta property=\"og:locale\" content=\"pt_PT\" \/>\n<meta property=\"og:type\" content=\"article\" \/>\n<meta property=\"og:title\" content=\"&quot;A gente [precisa] diversificar a produ\u00e7\u00e3o, tirar do produtor a op\u00e7\u00e3o de s\u00f3 plantar soja, milho, algod\u00e3o&quot;, diz ministro da Agricultura - Brasil not\u00edcias\" \/>\n<meta property=\"og:description\" content=\"O esquema visa o armazenamento, com a forma\u00e7\u00e3o de estoques p\u00fablicos, que garantam a seguran\u00e7a em casos de desastres clim\u00e1ticos,\" \/>\n<meta property=\"og:url\" content=\"https:\/\/brasilnoticias.org\/site\/a-gente-precisa-diversificar-a-producao-tirar-do-produtor-a-opcao-de-so-plantar-soja-milho-algodao-diz-ministro-da-agricultura\/\" \/>\n<meta property=\"og:site_name\" content=\"Brasil not\u00edcias\" \/>\n<meta property=\"article:published_time\" content=\"2024-06-01T22:05:47+00:00\" \/>\n<meta property=\"og:image\" content=\"https:\/\/brasilnoticias.org\/site\/wp-content\/uploads\/2024\/06\/150976a-gente-precisa-diversificar-a-producao-tirar-do-produtor-a-opcao-de-so-plantar-soja-milho-algodao-diz-ministro-da-agricultura-3.jpg\" \/>\n\t<meta property=\"og:image:width\" content=\"1600\" \/>\n\t<meta property=\"og:image:height\" content=\"752\" \/>\n\t<meta property=\"og:image:type\" content=\"image\/jpeg\" \/>\n<meta name=\"author\" content=\"Reda\u00e7\u00e3o\" \/>\n<meta name=\"twitter:card\" content=\"summary_large_image\" \/>\n<meta name=\"twitter:label1\" content=\"Escrito por\" \/>\n\t<meta name=\"twitter:data1\" content=\"Reda\u00e7\u00e3o\" \/>\n\t<meta name=\"twitter:label2\" content=\"Tempo estimado de leitura\" \/>\n\t<meta name=\"twitter:data2\" content=\"1 minuto\" \/>\n<script type=\"application\/ld+json\" class=\"yoast-schema-graph\">{\"@context\":\"https:\/\/schema.org\",\"@graph\":[{\"@type\":\"Article\",\"@id\":\"https:\/\/brasilnoticias.org\/site\/a-gente-precisa-diversificar-a-producao-tirar-do-produtor-a-opcao-de-so-plantar-soja-milho-algodao-diz-ministro-da-agricultura\/#article\",\"isPartOf\":{\"@id\":\"https:\/\/brasilnoticias.org\/site\/a-gente-precisa-diversificar-a-producao-tirar-do-produtor-a-opcao-de-so-plantar-soja-milho-algodao-diz-ministro-da-agricultura\/\"},\"author\":{\"name\":\"Reda\u00e7\u00e3o\",\"@id\":\"https:\/\/brasilnoticias.org\/site\/#\/schema\/person\/03bbbfe6c7634ad18c26444ea39049fa\"},\"headline\":\"&#8220;A gente [precisa] diversificar a produ\u00e7\u00e3o, tirar do produtor a op\u00e7\u00e3o de s\u00f3 plantar soja, milho, algod\u00e3o&#8221;, diz ministro da Agricultura\",\"datePublished\":\"2024-06-01T22:05:47+00:00\",\"mainEntityOfPage\":{\"@id\":\"https:\/\/brasilnoticias.org\/site\/a-gente-precisa-diversificar-a-producao-tirar-do-produtor-a-opcao-de-so-plantar-soja-milho-algodao-diz-ministro-da-agricultura\/\"},\"wordCount\":367,\"commentCount\":0,\"publisher\":{\"@id\":\"https:\/\/brasilnoticias.org\/site\/#organization\"},\"image\":{\"@id\":\"https:\/\/brasilnoticias.org\/site\/a-gente-precisa-diversificar-a-producao-tirar-do-produtor-a-opcao-de-so-plantar-soja-milho-algodao-diz-ministro-da-agricultura\/#primaryimage\"},\"thumbnailUrl\":\"https:\/\/brasilnoticias.org\/site\/wp-content\/uploads\/2024\/06\/150976a-gente-precisa-diversificar-a-producao-tirar-do-produtor-a-opcao-de-so-plantar-soja-milho-algodao-diz-ministro-da-agricultura-3.jpg\",\"articleSection\":[\"Pol\u00edtica\",\"\u00daltimas\"],\"inLanguage\":\"pt-PT\",\"potentialAction\":[{\"@type\":\"CommentAction\",\"name\":\"Comment\",\"target\":[\"https:\/\/brasilnoticias.org\/site\/a-gente-precisa-diversificar-a-producao-tirar-do-produtor-a-opcao-de-so-plantar-soja-milho-algodao-diz-ministro-da-agricultura\/#respond\"]}]},{\"@type\":\"WebPage\",\"@id\":\"https:\/\/brasilnoticias.org\/site\/a-gente-precisa-diversificar-a-producao-tirar-do-produtor-a-opcao-de-so-plantar-soja-milho-algodao-diz-ministro-da-agricultura\/\",\"url\":\"https:\/\/brasilnoticias.org\/site\/a-gente-precisa-diversificar-a-producao-tirar-do-produtor-a-opcao-de-so-plantar-soja-milho-algodao-diz-ministro-da-agricultura\/\",\"name\":\"\\\"A gente [precisa] diversificar a produ\u00e7\u00e3o, tirar do produtor a op\u00e7\u00e3o de s\u00f3 plantar soja, milho, algod\u00e3o\\\", diz ministro da Agricultura - Brasil not\u00edcias\",\"isPartOf\":{\"@id\":\"https:\/\/brasilnoticias.org\/site\/#website\"},\"primaryImageOfPage\":{\"@id\":\"https:\/\/brasilnoticias.org\/site\/a-gente-precisa-diversificar-a-producao-tirar-do-produtor-a-opcao-de-so-plantar-soja-milho-algodao-diz-ministro-da-agricultura\/#primaryimage\"},\"image\":{\"@id\":\"https:\/\/brasilnoticias.org\/site\/a-gente-precisa-diversificar-a-producao-tirar-do-produtor-a-opcao-de-so-plantar-soja-milho-algodao-diz-ministro-da-agricultura\/#primaryimage\"},\"thumbnailUrl\":\"https:\/\/brasilnoticias.org\/site\/wp-content\/uploads\/2024\/06\/150976a-gente-precisa-diversificar-a-producao-tirar-do-produtor-a-opcao-de-so-plantar-soja-milho-algodao-diz-ministro-da-agricultura-3.jpg\",\"datePublished\":\"2024-06-01T22:05:47+00:00\",\"breadcrumb\":{\"@id\":\"https:\/\/brasilnoticias.org\/site\/a-gente-precisa-diversificar-a-producao-tirar-do-produtor-a-opcao-de-so-plantar-soja-milho-algodao-diz-ministro-da-agricultura\/#breadcrumb\"},\"inLanguage\":\"pt-PT\",\"potentialAction\":[{\"@type\":\"ReadAction\",\"target\":[\"https:\/\/brasilnoticias.org\/site\/a-gente-precisa-diversificar-a-producao-tirar-do-produtor-a-opcao-de-so-plantar-soja-milho-algodao-diz-ministro-da-agricultura\/\"]}]},{\"@type\":\"ImageObject\",\"inLanguage\":\"pt-PT\",\"@id\":\"https:\/\/brasilnoticias.org\/site\/a-gente-precisa-diversificar-a-producao-tirar-do-produtor-a-opcao-de-so-plantar-soja-milho-algodao-diz-ministro-da-agricultura\/#primaryimage\",\"url\":\"https:\/\/brasilnoticias.org\/site\/wp-content\/uploads\/2024\/06\/150976a-gente-precisa-diversificar-a-producao-tirar-do-produtor-a-opcao-de-so-plantar-soja-milho-algodao-diz-ministro-da-agricultura-3.jpg\",\"contentUrl\":\"https:\/\/brasilnoticias.org\/site\/wp-content\/uploads\/2024\/06\/150976a-gente-precisa-diversificar-a-producao-tirar-do-produtor-a-opcao-de-so-plantar-soja-milho-algodao-diz-ministro-da-agricultura-3.jpg\",\"width\":1600,\"height\":752},{\"@type\":\"BreadcrumbList\",\"@id\":\"https:\/\/brasilnoticias.org\/site\/a-gente-precisa-diversificar-a-producao-tirar-do-produtor-a-opcao-de-so-plantar-soja-milho-algodao-diz-ministro-da-agricultura\/#breadcrumb\",\"itemListElement\":[{\"@type\":\"ListItem\",\"position\":1,\"name\":\"In\u00edcio\",\"item\":\"https:\/\/brasilnoticias.org\/site\/\"},{\"@type\":\"ListItem\",\"position\":2,\"name\":\"&#8220;A gente [precisa] diversificar a produ\u00e7\u00e3o, tirar do produtor a op\u00e7\u00e3o de s\u00f3 plantar soja, milho, algod\u00e3o&#8221;, diz ministro da Agricultura\"}]},{\"@type\":\"WebSite\",\"@id\":\"https:\/\/brasilnoticias.org\/site\/#website\",\"url\":\"https:\/\/brasilnoticias.org\/site\/\",\"name\":\"Brasil not\u00edcias\",\"description\":\"Brasil not\u00edcias\",\"publisher\":{\"@id\":\"https:\/\/brasilnoticias.org\/site\/#organization\"},\"potentialAction\":[{\"@type\":\"SearchAction\",\"target\":{\"@type\":\"EntryPoint\",\"urlTemplate\":\"https:\/\/brasilnoticias.org\/site\/?s={search_term_string}\"},\"query-input\":{\"@type\":\"PropertyValueSpecification\",\"valueRequired\":true,\"valueName\":\"search_term_string\"}}],\"inLanguage\":\"pt-PT\"},{\"@type\":\"Organization\",\"@id\":\"https:\/\/brasilnoticias.org\/site\/#organization\",\"name\":\"Brasil not\u00edcias\",\"url\":\"https:\/\/brasilnoticias.org\/site\/\",\"logo\":{\"@type\":\"ImageObject\",\"inLanguage\":\"pt-PT\",\"@id\":\"https:\/\/brasilnoticias.org\/site\/#\/schema\/logo\/image\/\",\"url\":\"https:\/\/brasilnoticias.org\/site\/wp-content\/uploads\/2022\/05\/cropped-brasilnoticias-mini.jpg\",\"contentUrl\":\"https:\/\/brasilnoticias.org\/site\/wp-content\/uploads\/2022\/05\/cropped-brasilnoticias-mini.jpg\",\"width\":314,\"height\":86,\"caption\":\"Brasil not\u00edcias\"},\"image\":{\"@id\":\"https:\/\/brasilnoticias.org\/site\/#\/schema\/logo\/image\/\"}},{\"@type\":\"Person\",\"@id\":\"https:\/\/brasilnoticias.org\/site\/#\/schema\/person\/03bbbfe6c7634ad18c26444ea39049fa\",\"name\":\"Reda\u00e7\u00e3o\",\"image\":{\"@type\":\"ImageObject\",\"inLanguage\":\"pt-PT\",\"@id\":\"https:\/\/brasilnoticias.org\/site\/#\/schema\/person\/image\/\",\"url\":\"https:\/\/secure.gravatar.com\/avatar\/9ecaf7327a696cb23ad926fedded5f1f04d7049de9e445375d55b48c001a6e42?s=96&d=mm&r=g\",\"contentUrl\":\"https:\/\/secure.gravatar.com\/avatar\/9ecaf7327a696cb23ad926fedded5f1f04d7049de9e445375d55b48c001a6e42?s=96&d=mm&r=g\",\"caption\":\"Reda\u00e7\u00e3o\"},\"url\":\"https:\/\/brasilnoticias.org\/site\/author\/henrique\/\"}]}<\/script>\n<!-- \/ Yoast SEO plugin. -->","yoast_head_json":{"title":"\"A gente [precisa] diversificar a produ\u00e7\u00e3o, tirar do produtor a op\u00e7\u00e3o de s\u00f3 plantar soja, milho, algod\u00e3o\", diz ministro da Agricultura - Brasil not\u00edcias","robots":{"index":"index","follow":"follow","max-snippet":"max-snippet:-1","max-image-preview":"max-image-preview:large","max-video-preview":"max-video-preview:-1"},"canonical":"https:\/\/brasilnoticias.org\/site\/a-gente-precisa-diversificar-a-producao-tirar-do-produtor-a-opcao-de-so-plantar-soja-milho-algodao-diz-ministro-da-agricultura\/","og_locale":"pt_PT","og_type":"article","og_title":"\"A gente [precisa] diversificar a produ\u00e7\u00e3o, tirar do produtor a op\u00e7\u00e3o de s\u00f3 plantar soja, milho, algod\u00e3o\", diz ministro da Agricultura - Brasil not\u00edcias","og_description":"O esquema visa o armazenamento, com a forma\u00e7\u00e3o de estoques p\u00fablicos, que garantam a seguran\u00e7a em casos de desastres clim\u00e1ticos,","og_url":"https:\/\/brasilnoticias.org\/site\/a-gente-precisa-diversificar-a-producao-tirar-do-produtor-a-opcao-de-so-plantar-soja-milho-algodao-diz-ministro-da-agricultura\/","og_site_name":"Brasil not\u00edcias","article_published_time":"2024-06-01T22:05:47+00:00","og_image":[{"width":1600,"height":752,"url":"https:\/\/brasilnoticias.org\/site\/wp-content\/uploads\/2024\/06\/150976a-gente-precisa-diversificar-a-producao-tirar-do-produtor-a-opcao-de-so-plantar-soja-milho-algodao-diz-ministro-da-agricultura-3.jpg","type":"image\/jpeg"}],"author":"Reda\u00e7\u00e3o","twitter_card":"summary_large_image","twitter_misc":{"Escrito por":"Reda\u00e7\u00e3o","Tempo estimado de leitura":"1 minuto"},"schema":{"@context":"https:\/\/schema.org","@graph":[{"@type":"Article","@id":"https:\/\/brasilnoticias.org\/site\/a-gente-precisa-diversificar-a-producao-tirar-do-produtor-a-opcao-de-so-plantar-soja-milho-algodao-diz-ministro-da-agricultura\/#article","isPartOf":{"@id":"https:\/\/brasilnoticias.org\/site\/a-gente-precisa-diversificar-a-producao-tirar-do-produtor-a-opcao-de-so-plantar-soja-milho-algodao-diz-ministro-da-agricultura\/"},"author":{"name":"Reda\u00e7\u00e3o","@id":"https:\/\/brasilnoticias.org\/site\/#\/schema\/person\/03bbbfe6c7634ad18c26444ea39049fa"},"headline":"&#8220;A gente [precisa] diversificar a produ\u00e7\u00e3o, tirar do produtor a op\u00e7\u00e3o de s\u00f3 plantar soja, milho, algod\u00e3o&#8221;, diz ministro da Agricultura","datePublished":"2024-06-01T22:05:47+00:00","mainEntityOfPage":{"@id":"https:\/\/brasilnoticias.org\/site\/a-gente-precisa-diversificar-a-producao-tirar-do-produtor-a-opcao-de-so-plantar-soja-milho-algodao-diz-ministro-da-agricultura\/"},"wordCount":367,"commentCount":0,"publisher":{"@id":"https:\/\/brasilnoticias.org\/site\/#organization"},"image":{"@id":"https:\/\/brasilnoticias.org\/site\/a-gente-precisa-diversificar-a-producao-tirar-do-produtor-a-opcao-de-so-plantar-soja-milho-algodao-diz-ministro-da-agricultura\/#primaryimage"},"thumbnailUrl":"https:\/\/brasilnoticias.org\/site\/wp-content\/uploads\/2024\/06\/150976a-gente-precisa-diversificar-a-producao-tirar-do-produtor-a-opcao-de-so-plantar-soja-milho-algodao-diz-ministro-da-agricultura-3.jpg","articleSection":["Pol\u00edtica","\u00daltimas"],"inLanguage":"pt-PT","potentialAction":[{"@type":"CommentAction","name":"Comment","target":["https:\/\/brasilnoticias.org\/site\/a-gente-precisa-diversificar-a-producao-tirar-do-produtor-a-opcao-de-so-plantar-soja-milho-algodao-diz-ministro-da-agricultura\/#respond"]}]},{"@type":"WebPage","@id":"https:\/\/brasilnoticias.org\/site\/a-gente-precisa-diversificar-a-producao-tirar-do-produtor-a-opcao-de-so-plantar-soja-milho-algodao-diz-ministro-da-agricultura\/","url":"https:\/\/brasilnoticias.org\/site\/a-gente-precisa-diversificar-a-producao-tirar-do-produtor-a-opcao-de-so-plantar-soja-milho-algodao-diz-ministro-da-agricultura\/","name":"\"A gente [precisa] diversificar a produ\u00e7\u00e3o, tirar do produtor a op\u00e7\u00e3o de s\u00f3 plantar soja, milho, algod\u00e3o\", diz ministro da Agricultura - Brasil not\u00edcias","isPartOf":{"@id":"https:\/\/brasilnoticias.org\/site\/#website"},"primaryImageOfPage":{"@id":"https:\/\/brasilnoticias.org\/site\/a-gente-precisa-diversificar-a-producao-tirar-do-produtor-a-opcao-de-so-plantar-soja-milho-algodao-diz-ministro-da-agricultura\/#primaryimage"},"image":{"@id":"https:\/\/brasilnoticias.org\/site\/a-gente-precisa-diversificar-a-producao-tirar-do-produtor-a-opcao-de-so-plantar-soja-milho-algodao-diz-ministro-da-agricultura\/#primaryimage"},"thumbnailUrl":"https:\/\/brasilnoticias.org\/site\/wp-content\/uploads\/2024\/06\/150976a-gente-precisa-diversificar-a-producao-tirar-do-produtor-a-opcao-de-so-plantar-soja-milho-algodao-diz-ministro-da-agricultura-3.jpg","datePublished":"2024-06-01T22:05:47+00:00","breadcrumb":{"@id":"https:\/\/brasilnoticias.org\/site\/a-gente-precisa-diversificar-a-producao-tirar-do-produtor-a-opcao-de-so-plantar-soja-milho-algodao-diz-ministro-da-agricultura\/#breadcrumb"},"inLanguage":"pt-PT","potentialAction":[{"@type":"ReadAction","target":["https:\/\/brasilnoticias.org\/site\/a-gente-precisa-diversificar-a-producao-tirar-do-produtor-a-opcao-de-so-plantar-soja-milho-algodao-diz-ministro-da-agricultura\/"]}]},{"@type":"ImageObject","inLanguage":"pt-PT","@id":"https:\/\/brasilnoticias.org\/site\/a-gente-precisa-diversificar-a-producao-tirar-do-produtor-a-opcao-de-so-plantar-soja-milho-algodao-diz-ministro-da-agricultura\/#primaryimage","url":"https:\/\/brasilnoticias.org\/site\/wp-content\/uploads\/2024\/06\/150976a-gente-precisa-diversificar-a-producao-tirar-do-produtor-a-opcao-de-so-plantar-soja-milho-algodao-diz-ministro-da-agricultura-3.jpg","contentUrl":"https:\/\/brasilnoticias.org\/site\/wp-content\/uploads\/2024\/06\/150976a-gente-precisa-diversificar-a-producao-tirar-do-produtor-a-opcao-de-so-plantar-soja-milho-algodao-diz-ministro-da-agricultura-3.jpg","width":1600,"height":752},{"@type":"BreadcrumbList","@id":"https:\/\/brasilnoticias.org\/site\/a-gente-precisa-diversificar-a-producao-tirar-do-produtor-a-opcao-de-so-plantar-soja-milho-algodao-diz-ministro-da-agricultura\/#breadcrumb","itemListElement":[{"@type":"ListItem","position":1,"name":"In\u00edcio","item":"https:\/\/brasilnoticias.org\/site\/"},{"@type":"ListItem","position":2,"name":"&#8220;A gente [precisa] diversificar a produ\u00e7\u00e3o, tirar do produtor a op\u00e7\u00e3o de s\u00f3 plantar soja, milho, algod\u00e3o&#8221;, diz ministro da Agricultura"}]},{"@type":"WebSite","@id":"https:\/\/brasilnoticias.org\/site\/#website","url":"https:\/\/brasilnoticias.org\/site\/","name":"Brasil not\u00edcias","description":"Brasil not\u00edcias","publisher":{"@id":"https:\/\/brasilnoticias.org\/site\/#organization"},"potentialAction":[{"@type":"SearchAction","target":{"@type":"EntryPoint","urlTemplate":"https:\/\/brasilnoticias.org\/site\/?s={search_term_string}"},"query-input":{"@type":"PropertyValueSpecification","valueRequired":true,"valueName":"search_term_string"}}],"inLanguage":"pt-PT"},{"@type":"Organization","@id":"https:\/\/brasilnoticias.org\/site\/#organization","name":"Brasil not\u00edcias","url":"https:\/\/brasilnoticias.org\/site\/","logo":{"@type":"ImageObject","inLanguage":"pt-PT","@id":"https:\/\/brasilnoticias.org\/site\/#\/schema\/logo\/image\/","url":"https:\/\/brasilnoticias.org\/site\/wp-content\/uploads\/2022\/05\/cropped-brasilnoticias-mini.jpg","contentUrl":"https:\/\/brasilnoticias.org\/site\/wp-content\/uploads\/2022\/05\/cropped-brasilnoticias-mini.jpg","width":314,"height":86,"caption":"Brasil not\u00edcias"},"image":{"@id":"https:\/\/brasilnoticias.org\/site\/#\/schema\/logo\/image\/"}},{"@type":"Person","@id":"https:\/\/brasilnoticias.org\/site\/#\/schema\/person\/03bbbfe6c7634ad18c26444ea39049fa","name":"Reda\u00e7\u00e3o","image":{"@type":"ImageObject","inLanguage":"pt-PT","@id":"https:\/\/brasilnoticias.org\/site\/#\/schema\/person\/image\/","url":"https:\/\/secure.gravatar.com\/avatar\/9ecaf7327a696cb23ad926fedded5f1f04d7049de9e445375d55b48c001a6e42?s=96&d=mm&r=g","contentUrl":"https:\/\/secure.gravatar.com\/avatar\/9ecaf7327a696cb23ad926fedded5f1f04d7049de9e445375d55b48c001a6e42?s=96&d=mm&r=g","caption":"Reda\u00e7\u00e3o"},"url":"https:\/\/brasilnoticias.org\/site\/author\/henrique\/"}]}},"_links":{"self":[{"href":"https:\/\/brasilnoticias.org\/site\/wp-json\/wp\/v2\/posts\/14383","targetHints":{"allow":["GET"]}}],"collection":[{"href":"https:\/\/brasilnoticias.org\/site\/wp-json\/wp\/v2\/posts"}],"about":[{"href":"https:\/\/brasilnoticias.org\/site\/wp-json\/wp\/v2\/types\/post"}],"author":[{"embeddable":true,"href":"https:\/\/brasilnoticias.org\/site\/wp-json\/wp\/v2\/users\/4"}],"replies":[{"embeddable":true,"href":"https:\/\/brasilnoticias.org\/site\/wp-json\/wp\/v2\/comments?post=14383"}],"version-history":[{"count":1,"href":"https:\/\/brasilnoticias.org\/site\/wp-json\/wp\/v2\/posts\/14383\/revisions"}],"predecessor-version":[{"id":14385,"href":"https:\/\/brasilnoticias.org\/site\/wp-json\/wp\/v2\/posts\/14383\/revisions\/14385"}],"wp:featuredmedia":[{"embeddable":true,"href":"https:\/\/brasilnoticias.org\/site\/wp-json\/wp\/v2\/media\/14384"}],"wp:attachment":[{"href":"https:\/\/brasilnoticias.org\/site\/wp-json\/wp\/v2\/media?parent=14383"}],"wp:term":[{"taxonomy":"category","embeddable":true,"href":"https:\/\/brasilnoticias.org\/site\/wp-json\/wp\/v2\/categories?post=14383"},{"taxonomy":"post_tag","embeddable":true,"href":"https:\/\/brasilnoticias.org\/site\/wp-json\/wp\/v2\/tags?post=14383"}],"curies":[{"name":"wp","href":"https:\/\/api.w.org\/{rel}","templated":true}]}}