{"id":14386,"date":"2024-06-01T19:07:11","date_gmt":"2024-06-01T22:07:11","guid":{"rendered":"https:\/\/brasilnoticias.org\/site\/?p=14386"},"modified":"2024-06-01T19:07:11","modified_gmt":"2024-06-01T22:07:11","slug":"vitoria-perde-para-o-atletico-go-e-completa-dois-meses-sem-vencer-na-temporada","status":"publish","type":"post","link":"https:\/\/brasilnoticias.org\/site\/vitoria-perde-para-o-atletico-go-e-completa-dois-meses-sem-vencer-na-temporada\/","title":{"rendered":"Vit\u00f3ria perde para o Atl\u00e9tico-GO e completa dois meses sem vencer na temporada"},"content":{"rendered":"<p>Com gols de Vagner Love e Baralhas, partida terminou em 2 x 0 no Barrad\u00e3o; Rubro-Negro permaneceu com um ponto e caiu para a vice-lanterna<\/p>\n<p>O Vit\u00f3ria perdeu para o Atl\u00e9tico-GO por 2 x 0, na tarde deste s\u00e1bado (1\u00ba), e alcan\u00e7ou a marca de dois meses sem vencer na temporada &#8211; agravando a crise no Barrad\u00e3o. No primeiro tempo, PK foi expulso e, na sequ\u00eancia, Vagner Love abriu o placar. Na volta do intervalo, Baralhas ampliou para o Drag\u00e3o. Depois, Dudu recebeu o segundo amarelo e deixou o Rubro-Negro com dois jogadores a menos.<\/p>\n<p>Com a quarta derrota consecutiva no Campeonato Brasileiro, o Le\u00e3o trocou de lugar com o time goiano e caiu para a vice-lanterna, com apenas um ponto somado. A equipe baiana superou negativamente a campanha de 2017 na S\u00e9rie A ao chegar ao sexto jogo sem conseguir uma vit\u00f3ria. <\/p>\n<p>O Rubro-Negro volta a jogar j\u00e1 na pr\u00f3xima quarta-feira (5), quando visita o Cuiab\u00e1 em jogo atrasado da segunda rodada do Brasileir\u00e3o. A bola rola \u00e0s 20h na Arena Pantanal.<\/p>\n<p>O JOGO<\/p>\n<p>Primeiro tempo<\/p>\n<p>Come\u00e7ou do jeito esperado, mas n\u00e3o terminou da maneira que o Vit\u00f3ria queria. H\u00e1 oito partidas sem vencer, o Rubro-Negro logo tomou a iniciativa nos primeiros minutos e ficou mais presente no campo de ataque. J\u00e1 o Atl\u00e9tico-GO se postou na defesa e tentava sair em velocidade para aproveitar os espa\u00e7os deixados pelo mandante. Depois, o jogo perdeu qualidade &#8211; as equipes erraram muitos passes e n\u00e3o conseguiam conectar as jogadas com sucesso. Por\u00e9m, aos 38 minutos, tudo mudou. PK levou cart\u00e3o vermelho e deixou o Le\u00e3o com um jogador a menos. Na sequ\u00eancia, o Drag\u00e3o aproveitou a vantagem e inaugurou o marcador com gol de Vagner Love. Fim da primeira etapa com os visitantes na frente.<\/p>\n<p>Aos 22 minutos, Dudu lan\u00e7ou para Matheuzinho no fundo, que se esticou para n\u00e3o deixar a bola sair e conseguiu tocar para tr\u00e1s. Na pequena \u00e1rea, Alerrandro chegou batendo no cantinho, mas Ronaldo defendeu.<\/p>\n<p>Aos 33, Daniel J\u00fanior bateu falta com perigo, por\u00e9m mandou por cima da meta. O goleiro nem se mexeu e apenas observou.<\/p>\n<p>Expuls\u00e3o! Em dividida aos 38 minutos, PK acertou Lucas Kal e levou cart\u00e3o amarelo. No entanto, o VAR acionou o \u00e1rbitro, que revisou o lance e decidiu expulsar o lateral-esquerdo do Le\u00e3o.<\/p>\n<p>Gol do Atl\u00e9tico-GO! Aos 41, Alejo Cruz cobrou escanteio na primeira trave, Rhaldney desviou e Vagner Love apareceu livre na pequena \u00e1rea para abrir o placar no Barrad\u00e3o.<\/p>\n<p>Defesa\u00e7a! Aos 43 minutos, Baralhas finalizou colocado da meia-lua, o chute desviou em Willean Lepo e encobriu Lucas Arcanjo. Por\u00e9m, o goleiro conseguiu se recuperar e deu um tapa para evitar o segundo gol dos goianos.<\/p>\n<p>Segundo tempo<\/p>\n<p>Com um homem a mais, o Atl\u00e9tico-GO voltou melhor do intervalo &#8211; valorizando a posse de bola e encurralando o Vit\u00f3ria no seu campo de defesa. Na sequ\u00eancia, o Drag\u00e3o seguiu controlando as a\u00e7\u00f5es e foi recompensado. Aos 23 minutos, Baralhas soltou uma bomba de fora e aumentou a vantagem goiana ap\u00f3s falha de Lucas Arcanjo. No fim, Dudu foi expulso e deixou o Rubro-Negro com dois jogadores a menos.<\/p>\n<p>Guilherme Rom\u00e3o avan\u00e7ou pela esquerda aos tr\u00eas minutos e cruzou rasteiro para a \u00e1rea. Com bastante liberdade, Rhaldney finalizou e exigiu uma boa defesa de Lucas Arcanjo.<\/p>\n<p>Aos sete, Maguinho recebeu lan\u00e7amento na direita, dominou e soltou uma bomba. A bola passou rente ao travess\u00e3o e foi para fora.<\/p>\n<p>Aos 20 minutos, Maguinho mais uma vez arriscou de fora e Lucas Arcanjo espalmou o perigo para longe.<\/p>\n<p>Gol do Atl\u00e9tico-GO! Aos 23, ap\u00f3s dividir com a marca\u00e7\u00e3o, Guilherme Rom\u00e3o rolou para Baralhas, que bateu forte e o goleiro rubro-negro aceitou.<\/p>\n<p>Mais uma expuls\u00e3o! Aos 38 minutos, Dudu recebeu o segundo cart\u00e3o amarelo e foi expulso.<\/p>\n<p>FICHA T\u00c9CNICA<\/p>\n<p>Vit\u00f3ria 0 x 2 Atl\u00e9tico-GO<br \/>\nS\u00e9rie A &#8211; 7\u00aa rodada<br \/>\nLocal: Est\u00e1dio Barrad\u00e3o, em Salvador (BA)<br \/>\nData: 01\/06\/2024 (s\u00e1bado)<br \/>\nHor\u00e1rio: 16h<br \/>\n\u00c1rbitro: Kleber Ariel Gon\u00e7alves da Silva (PR)<br \/>\nAssistentes: Danilo Ricardo Simon Manis (FIFA-SP) e Br\u00edgida Cirilo Ferreira (FIFA-AL)<br \/>\nQuarto \u00e1rbitro: Bruno Mota Correia (RJ)<br \/>\nVAR: Daiane Muniz (FIFA-SP)<\/p>\n<p>Gols: Vagner Love e Baralhas (Atl\u00e9tico-GO)<br \/>\nCart\u00f5es amarelos: Willean Lepo e Dudu (2x) (Vit\u00f3ria) \/ Shaylon e Adriano Martins (Atl\u00e9tico-GO)<br \/>\nCart\u00f5es vermelhos: PK e Dudu (Vit\u00f3ria)<\/p>\n<p>Vit\u00f3ria: Lucas Arcanjo; Willean Lepo, Bruno Uvini (Reynaldo), Wagner Leonardo \u00a9 e PK; Willian Oliveira (Caio Vin\u00edcius), Dudu e Matheuzinho (Eryc Castillo); Daniel J\u00fanior (Iury Castilho), Janderson e Alerrandro (Lucas Esteves). T\u00e9cnico: Thiago Carpini<\/p>\n<p>Atl\u00e9tico-GO: Ronaldo \u00a9; Maguinho, Adriano Martins (Pedro Henrique), Alix Vin\u00edcius e Guilherme Rom\u00e3o; Lucas Kal (Roni), Baralhas, Rhaldney, Shaylon (Danielzinho) e Alejo Cruz; Vagner Love (Emiliano Rodr\u00edguez). T\u00e9cnico: Jair Ventura<\/p>\n<p>Foto: Victor Ferreira\/EC Vit\u00f3ria<br \/>\nPor: Jos\u00e9 Gabriel<\/p>\n","protected":false},"excerpt":{"rendered":"<p>Com gols de Vagner Love e Baralhas, partida terminou em 2 x 0 no Barrad\u00e3o; Rubro-Negro permaneceu com um ponto<\/p>\n","protected":false},"author":4,"featured_media":14387,"comment_status":"open","ping_status":"open","sticky":false,"template":"","format":"standard","meta":{"colormag_page_container_layout":"default_layout","colormag_page_sidebar_layout":"default_layout","_FSMCFIC_featured_image_caption":"","_FSMCFIC_featured_image_nocaption":"","_FSMCFIC_featured_image_hide":"","footnotes":""},"categories":[4,1],"tags":[],"class_list":["post-14386","post","type-post","status-publish","format-standard","has-post-thumbnail","hentry","category-esporte","category-ultimas"],"yoast_head":"<!-- This site is optimized with the Yoast SEO plugin v27.1.1 - https:\/\/yoast.com\/product\/yoast-seo-wordpress\/ -->\n<title>Vit\u00f3ria perde para o Atl\u00e9tico-GO e completa dois meses sem vencer na temporada - Brasil not\u00edcias<\/title>\n<meta name=\"robots\" content=\"index, follow, max-snippet:-1, max-image-preview:large, max-video-preview:-1\" \/>\n<link rel=\"canonical\" href=\"https:\/\/brasilnoticias.org\/site\/vitoria-perde-para-o-atletico-go-e-completa-dois-meses-sem-vencer-na-temporada\/\" \/>\n<meta property=\"og:locale\" content=\"pt_PT\" \/>\n<meta property=\"og:type\" content=\"article\" \/>\n<meta property=\"og:title\" content=\"Vit\u00f3ria perde para o Atl\u00e9tico-GO e completa dois meses sem vencer na temporada - Brasil not\u00edcias\" \/>\n<meta property=\"og:description\" content=\"Com gols de Vagner Love e Baralhas, partida terminou em 2 x 0 no Barrad\u00e3o; Rubro-Negro permaneceu com um ponto\" \/>\n<meta property=\"og:url\" content=\"https:\/\/brasilnoticias.org\/site\/vitoria-perde-para-o-atletico-go-e-completa-dois-meses-sem-vencer-na-temporada\/\" \/>\n<meta property=\"og:site_name\" content=\"Brasil not\u00edcias\" \/>\n<meta property=\"article:published_time\" content=\"2024-06-01T22:07:11+00:00\" \/>\n<meta property=\"og:image\" content=\"https:\/\/brasilnoticias.org\/site\/wp-content\/uploads\/2024\/06\/150975vitoria-perde-para-o-atletico-go-e-completa-dois-meses-sem-vencer-na-temporada-3.jpg\" \/>\n\t<meta property=\"og:image:width\" content=\"1600\" \/>\n\t<meta property=\"og:image:height\" content=\"752\" \/>\n\t<meta property=\"og:image:type\" content=\"image\/jpeg\" \/>\n<meta name=\"author\" content=\"Reda\u00e7\u00e3o\" \/>\n<meta name=\"twitter:card\" content=\"summary_large_image\" \/>\n<meta name=\"twitter:label1\" content=\"Escrito por\" \/>\n\t<meta name=\"twitter:data1\" content=\"Reda\u00e7\u00e3o\" \/>\n\t<meta name=\"twitter:label2\" content=\"Tempo estimado de leitura\" \/>\n\t<meta name=\"twitter:data2\" content=\"1 minuto\" \/>\n<script type=\"application\/ld+json\" class=\"yoast-schema-graph\">{\"@context\":\"https:\/\/schema.org\",\"@graph\":[{\"@type\":\"Article\",\"@id\":\"https:\/\/brasilnoticias.org\/site\/vitoria-perde-para-o-atletico-go-e-completa-dois-meses-sem-vencer-na-temporada\/#article\",\"isPartOf\":{\"@id\":\"https:\/\/brasilnoticias.org\/site\/vitoria-perde-para-o-atletico-go-e-completa-dois-meses-sem-vencer-na-temporada\/\"},\"author\":{\"name\":\"Reda\u00e7\u00e3o\",\"@id\":\"https:\/\/brasilnoticias.org\/site\/#\/schema\/person\/03bbbfe6c7634ad18c26444ea39049fa\"},\"headline\":\"Vit\u00f3ria perde para o Atl\u00e9tico-GO e completa dois meses sem vencer na temporada\",\"datePublished\":\"2024-06-01T22:07:11+00:00\",\"mainEntityOfPage\":{\"@id\":\"https:\/\/brasilnoticias.org\/site\/vitoria-perde-para-o-atletico-go-e-completa-dois-meses-sem-vencer-na-temporada\/\"},\"wordCount\":842,\"commentCount\":0,\"publisher\":{\"@id\":\"https:\/\/brasilnoticias.org\/site\/#organization\"},\"image\":{\"@id\":\"https:\/\/brasilnoticias.org\/site\/vitoria-perde-para-o-atletico-go-e-completa-dois-meses-sem-vencer-na-temporada\/#primaryimage\"},\"thumbnailUrl\":\"https:\/\/brasilnoticias.org\/site\/wp-content\/uploads\/2024\/06\/150975vitoria-perde-para-o-atletico-go-e-completa-dois-meses-sem-vencer-na-temporada-3.jpg\",\"articleSection\":[\"Esporte\",\"\u00daltimas\"],\"inLanguage\":\"pt-PT\",\"potentialAction\":[{\"@type\":\"CommentAction\",\"name\":\"Comment\",\"target\":[\"https:\/\/brasilnoticias.org\/site\/vitoria-perde-para-o-atletico-go-e-completa-dois-meses-sem-vencer-na-temporada\/#respond\"]}]},{\"@type\":\"WebPage\",\"@id\":\"https:\/\/brasilnoticias.org\/site\/vitoria-perde-para-o-atletico-go-e-completa-dois-meses-sem-vencer-na-temporada\/\",\"url\":\"https:\/\/brasilnoticias.org\/site\/vitoria-perde-para-o-atletico-go-e-completa-dois-meses-sem-vencer-na-temporada\/\",\"name\":\"Vit\u00f3ria perde para o Atl\u00e9tico-GO e completa dois meses sem vencer na temporada - Brasil not\u00edcias\",\"isPartOf\":{\"@id\":\"https:\/\/brasilnoticias.org\/site\/#website\"},\"primaryImageOfPage\":{\"@id\":\"https:\/\/brasilnoticias.org\/site\/vitoria-perde-para-o-atletico-go-e-completa-dois-meses-sem-vencer-na-temporada\/#primaryimage\"},\"image\":{\"@id\":\"https:\/\/brasilnoticias.org\/site\/vitoria-perde-para-o-atletico-go-e-completa-dois-meses-sem-vencer-na-temporada\/#primaryimage\"},\"thumbnailUrl\":\"https:\/\/brasilnoticias.org\/site\/wp-content\/uploads\/2024\/06\/150975vitoria-perde-para-o-atletico-go-e-completa-dois-meses-sem-vencer-na-temporada-3.jpg\",\"datePublished\":\"2024-06-01T22:07:11+00:00\",\"breadcrumb\":{\"@id\":\"https:\/\/brasilnoticias.org\/site\/vitoria-perde-para-o-atletico-go-e-completa-dois-meses-sem-vencer-na-temporada\/#breadcrumb\"},\"inLanguage\":\"pt-PT\",\"potentialAction\":[{\"@type\":\"ReadAction\",\"target\":[\"https:\/\/brasilnoticias.org\/site\/vitoria-perde-para-o-atletico-go-e-completa-dois-meses-sem-vencer-na-temporada\/\"]}]},{\"@type\":\"ImageObject\",\"inLanguage\":\"pt-PT\",\"@id\":\"https:\/\/brasilnoticias.org\/site\/vitoria-perde-para-o-atletico-go-e-completa-dois-meses-sem-vencer-na-temporada\/#primaryimage\",\"url\":\"https:\/\/brasilnoticias.org\/site\/wp-content\/uploads\/2024\/06\/150975vitoria-perde-para-o-atletico-go-e-completa-dois-meses-sem-vencer-na-temporada-3.jpg\",\"contentUrl\":\"https:\/\/brasilnoticias.org\/site\/wp-content\/uploads\/2024\/06\/150975vitoria-perde-para-o-atletico-go-e-completa-dois-meses-sem-vencer-na-temporada-3.jpg\",\"width\":1600,\"height\":752},{\"@type\":\"BreadcrumbList\",\"@id\":\"https:\/\/brasilnoticias.org\/site\/vitoria-perde-para-o-atletico-go-e-completa-dois-meses-sem-vencer-na-temporada\/#breadcrumb\",\"itemListElement\":[{\"@type\":\"ListItem\",\"position\":1,\"name\":\"In\u00edcio\",\"item\":\"https:\/\/brasilnoticias.org\/site\/\"},{\"@type\":\"ListItem\",\"position\":2,\"name\":\"Vit\u00f3ria perde para o Atl\u00e9tico-GO e completa dois meses sem vencer na temporada\"}]},{\"@type\":\"WebSite\",\"@id\":\"https:\/\/brasilnoticias.org\/site\/#website\",\"url\":\"https:\/\/brasilnoticias.org\/site\/\",\"name\":\"Brasil not\u00edcias\",\"description\":\"Brasil not\u00edcias\",\"publisher\":{\"@id\":\"https:\/\/brasilnoticias.org\/site\/#organization\"},\"potentialAction\":[{\"@type\":\"SearchAction\",\"target\":{\"@type\":\"EntryPoint\",\"urlTemplate\":\"https:\/\/brasilnoticias.org\/site\/?s={search_term_string}\"},\"query-input\":{\"@type\":\"PropertyValueSpecification\",\"valueRequired\":true,\"valueName\":\"search_term_string\"}}],\"inLanguage\":\"pt-PT\"},{\"@type\":\"Organization\",\"@id\":\"https:\/\/brasilnoticias.org\/site\/#organization\",\"name\":\"Brasil not\u00edcias\",\"url\":\"https:\/\/brasilnoticias.org\/site\/\",\"logo\":{\"@type\":\"ImageObject\",\"inLanguage\":\"pt-PT\",\"@id\":\"https:\/\/brasilnoticias.org\/site\/#\/schema\/logo\/image\/\",\"url\":\"https:\/\/brasilnoticias.org\/site\/wp-content\/uploads\/2022\/05\/cropped-brasilnoticias-mini.jpg\",\"contentUrl\":\"https:\/\/brasilnoticias.org\/site\/wp-content\/uploads\/2022\/05\/cropped-brasilnoticias-mini.jpg\",\"width\":314,\"height\":86,\"caption\":\"Brasil not\u00edcias\"},\"image\":{\"@id\":\"https:\/\/brasilnoticias.org\/site\/#\/schema\/logo\/image\/\"}},{\"@type\":\"Person\",\"@id\":\"https:\/\/brasilnoticias.org\/site\/#\/schema\/person\/03bbbfe6c7634ad18c26444ea39049fa\",\"name\":\"Reda\u00e7\u00e3o\",\"image\":{\"@type\":\"ImageObject\",\"inLanguage\":\"pt-PT\",\"@id\":\"https:\/\/brasilnoticias.org\/site\/#\/schema\/person\/image\/\",\"url\":\"https:\/\/secure.gravatar.com\/avatar\/9ecaf7327a696cb23ad926fedded5f1f04d7049de9e445375d55b48c001a6e42?s=96&d=mm&r=g\",\"contentUrl\":\"https:\/\/secure.gravatar.com\/avatar\/9ecaf7327a696cb23ad926fedded5f1f04d7049de9e445375d55b48c001a6e42?s=96&d=mm&r=g\",\"caption\":\"Reda\u00e7\u00e3o\"},\"url\":\"https:\/\/brasilnoticias.org\/site\/author\/henrique\/\"}]}<\/script>\n<!-- \/ Yoast SEO plugin. -->","yoast_head_json":{"title":"Vit\u00f3ria perde para o Atl\u00e9tico-GO e completa dois meses sem vencer na temporada - Brasil not\u00edcias","robots":{"index":"index","follow":"follow","max-snippet":"max-snippet:-1","max-image-preview":"max-image-preview:large","max-video-preview":"max-video-preview:-1"},"canonical":"https:\/\/brasilnoticias.org\/site\/vitoria-perde-para-o-atletico-go-e-completa-dois-meses-sem-vencer-na-temporada\/","og_locale":"pt_PT","og_type":"article","og_title":"Vit\u00f3ria perde para o Atl\u00e9tico-GO e completa dois meses sem vencer na temporada - Brasil not\u00edcias","og_description":"Com gols de Vagner Love e Baralhas, partida terminou em 2 x 0 no Barrad\u00e3o; Rubro-Negro permaneceu com um ponto","og_url":"https:\/\/brasilnoticias.org\/site\/vitoria-perde-para-o-atletico-go-e-completa-dois-meses-sem-vencer-na-temporada\/","og_site_name":"Brasil not\u00edcias","article_published_time":"2024-06-01T22:07:11+00:00","og_image":[{"width":1600,"height":752,"url":"https:\/\/brasilnoticias.org\/site\/wp-content\/uploads\/2024\/06\/150975vitoria-perde-para-o-atletico-go-e-completa-dois-meses-sem-vencer-na-temporada-3.jpg","type":"image\/jpeg"}],"author":"Reda\u00e7\u00e3o","twitter_card":"summary_large_image","twitter_misc":{"Escrito por":"Reda\u00e7\u00e3o","Tempo estimado de leitura":"1 minuto"},"schema":{"@context":"https:\/\/schema.org","@graph":[{"@type":"Article","@id":"https:\/\/brasilnoticias.org\/site\/vitoria-perde-para-o-atletico-go-e-completa-dois-meses-sem-vencer-na-temporada\/#article","isPartOf":{"@id":"https:\/\/brasilnoticias.org\/site\/vitoria-perde-para-o-atletico-go-e-completa-dois-meses-sem-vencer-na-temporada\/"},"author":{"name":"Reda\u00e7\u00e3o","@id":"https:\/\/brasilnoticias.org\/site\/#\/schema\/person\/03bbbfe6c7634ad18c26444ea39049fa"},"headline":"Vit\u00f3ria perde para o Atl\u00e9tico-GO e completa dois meses sem vencer na temporada","datePublished":"2024-06-01T22:07:11+00:00","mainEntityOfPage":{"@id":"https:\/\/brasilnoticias.org\/site\/vitoria-perde-para-o-atletico-go-e-completa-dois-meses-sem-vencer-na-temporada\/"},"wordCount":842,"commentCount":0,"publisher":{"@id":"https:\/\/brasilnoticias.org\/site\/#organization"},"image":{"@id":"https:\/\/brasilnoticias.org\/site\/vitoria-perde-para-o-atletico-go-e-completa-dois-meses-sem-vencer-na-temporada\/#primaryimage"},"thumbnailUrl":"https:\/\/brasilnoticias.org\/site\/wp-content\/uploads\/2024\/06\/150975vitoria-perde-para-o-atletico-go-e-completa-dois-meses-sem-vencer-na-temporada-3.jpg","articleSection":["Esporte","\u00daltimas"],"inLanguage":"pt-PT","potentialAction":[{"@type":"CommentAction","name":"Comment","target":["https:\/\/brasilnoticias.org\/site\/vitoria-perde-para-o-atletico-go-e-completa-dois-meses-sem-vencer-na-temporada\/#respond"]}]},{"@type":"WebPage","@id":"https:\/\/brasilnoticias.org\/site\/vitoria-perde-para-o-atletico-go-e-completa-dois-meses-sem-vencer-na-temporada\/","url":"https:\/\/brasilnoticias.org\/site\/vitoria-perde-para-o-atletico-go-e-completa-dois-meses-sem-vencer-na-temporada\/","name":"Vit\u00f3ria perde para o Atl\u00e9tico-GO e completa dois meses sem vencer na temporada - Brasil not\u00edcias","isPartOf":{"@id":"https:\/\/brasilnoticias.org\/site\/#website"},"primaryImageOfPage":{"@id":"https:\/\/brasilnoticias.org\/site\/vitoria-perde-para-o-atletico-go-e-completa-dois-meses-sem-vencer-na-temporada\/#primaryimage"},"image":{"@id":"https:\/\/brasilnoticias.org\/site\/vitoria-perde-para-o-atletico-go-e-completa-dois-meses-sem-vencer-na-temporada\/#primaryimage"},"thumbnailUrl":"https:\/\/brasilnoticias.org\/site\/wp-content\/uploads\/2024\/06\/150975vitoria-perde-para-o-atletico-go-e-completa-dois-meses-sem-vencer-na-temporada-3.jpg","datePublished":"2024-06-01T22:07:11+00:00","breadcrumb":{"@id":"https:\/\/brasilnoticias.org\/site\/vitoria-perde-para-o-atletico-go-e-completa-dois-meses-sem-vencer-na-temporada\/#breadcrumb"},"inLanguage":"pt-PT","potentialAction":[{"@type":"ReadAction","target":["https:\/\/brasilnoticias.org\/site\/vitoria-perde-para-o-atletico-go-e-completa-dois-meses-sem-vencer-na-temporada\/"]}]},{"@type":"ImageObject","inLanguage":"pt-PT","@id":"https:\/\/brasilnoticias.org\/site\/vitoria-perde-para-o-atletico-go-e-completa-dois-meses-sem-vencer-na-temporada\/#primaryimage","url":"https:\/\/brasilnoticias.org\/site\/wp-content\/uploads\/2024\/06\/150975vitoria-perde-para-o-atletico-go-e-completa-dois-meses-sem-vencer-na-temporada-3.jpg","contentUrl":"https:\/\/brasilnoticias.org\/site\/wp-content\/uploads\/2024\/06\/150975vitoria-perde-para-o-atletico-go-e-completa-dois-meses-sem-vencer-na-temporada-3.jpg","width":1600,"height":752},{"@type":"BreadcrumbList","@id":"https:\/\/brasilnoticias.org\/site\/vitoria-perde-para-o-atletico-go-e-completa-dois-meses-sem-vencer-na-temporada\/#breadcrumb","itemListElement":[{"@type":"ListItem","position":1,"name":"In\u00edcio","item":"https:\/\/brasilnoticias.org\/site\/"},{"@type":"ListItem","position":2,"name":"Vit\u00f3ria perde para o Atl\u00e9tico-GO e completa dois meses sem vencer na temporada"}]},{"@type":"WebSite","@id":"https:\/\/brasilnoticias.org\/site\/#website","url":"https:\/\/brasilnoticias.org\/site\/","name":"Brasil not\u00edcias","description":"Brasil not\u00edcias","publisher":{"@id":"https:\/\/brasilnoticias.org\/site\/#organization"},"potentialAction":[{"@type":"SearchAction","target":{"@type":"EntryPoint","urlTemplate":"https:\/\/brasilnoticias.org\/site\/?s={search_term_string}"},"query-input":{"@type":"PropertyValueSpecification","valueRequired":true,"valueName":"search_term_string"}}],"inLanguage":"pt-PT"},{"@type":"Organization","@id":"https:\/\/brasilnoticias.org\/site\/#organization","name":"Brasil not\u00edcias","url":"https:\/\/brasilnoticias.org\/site\/","logo":{"@type":"ImageObject","inLanguage":"pt-PT","@id":"https:\/\/brasilnoticias.org\/site\/#\/schema\/logo\/image\/","url":"https:\/\/brasilnoticias.org\/site\/wp-content\/uploads\/2022\/05\/cropped-brasilnoticias-mini.jpg","contentUrl":"https:\/\/brasilnoticias.org\/site\/wp-content\/uploads\/2022\/05\/cropped-brasilnoticias-mini.jpg","width":314,"height":86,"caption":"Brasil not\u00edcias"},"image":{"@id":"https:\/\/brasilnoticias.org\/site\/#\/schema\/logo\/image\/"}},{"@type":"Person","@id":"https:\/\/brasilnoticias.org\/site\/#\/schema\/person\/03bbbfe6c7634ad18c26444ea39049fa","name":"Reda\u00e7\u00e3o","image":{"@type":"ImageObject","inLanguage":"pt-PT","@id":"https:\/\/brasilnoticias.org\/site\/#\/schema\/person\/image\/","url":"https:\/\/secure.gravatar.com\/avatar\/9ecaf7327a696cb23ad926fedded5f1f04d7049de9e445375d55b48c001a6e42?s=96&d=mm&r=g","contentUrl":"https:\/\/secure.gravatar.com\/avatar\/9ecaf7327a696cb23ad926fedded5f1f04d7049de9e445375d55b48c001a6e42?s=96&d=mm&r=g","caption":"Reda\u00e7\u00e3o"},"url":"https:\/\/brasilnoticias.org\/site\/author\/henrique\/"}]}},"_links":{"self":[{"href":"https:\/\/brasilnoticias.org\/site\/wp-json\/wp\/v2\/posts\/14386","targetHints":{"allow":["GET"]}}],"collection":[{"href":"https:\/\/brasilnoticias.org\/site\/wp-json\/wp\/v2\/posts"}],"about":[{"href":"https:\/\/brasilnoticias.org\/site\/wp-json\/wp\/v2\/types\/post"}],"author":[{"embeddable":true,"href":"https:\/\/brasilnoticias.org\/site\/wp-json\/wp\/v2\/users\/4"}],"replies":[{"embeddable":true,"href":"https:\/\/brasilnoticias.org\/site\/wp-json\/wp\/v2\/comments?post=14386"}],"version-history":[{"count":1,"href":"https:\/\/brasilnoticias.org\/site\/wp-json\/wp\/v2\/posts\/14386\/revisions"}],"predecessor-version":[{"id":14388,"href":"https:\/\/brasilnoticias.org\/site\/wp-json\/wp\/v2\/posts\/14386\/revisions\/14388"}],"wp:featuredmedia":[{"embeddable":true,"href":"https:\/\/brasilnoticias.org\/site\/wp-json\/wp\/v2\/media\/14387"}],"wp:attachment":[{"href":"https:\/\/brasilnoticias.org\/site\/wp-json\/wp\/v2\/media?parent=14386"}],"wp:term":[{"taxonomy":"category","embeddable":true,"href":"https:\/\/brasilnoticias.org\/site\/wp-json\/wp\/v2\/categories?post=14386"},{"taxonomy":"post_tag","embeddable":true,"href":"https:\/\/brasilnoticias.org\/site\/wp-json\/wp\/v2\/tags?post=14386"}],"curies":[{"name":"wp","href":"https:\/\/api.w.org\/{rel}","templated":true}]}}