{"id":14389,"date":"2024-06-01T19:08:39","date_gmt":"2024-06-01T22:08:39","guid":{"rendered":"https:\/\/brasilnoticias.org\/site\/?p=14389"},"modified":"2024-06-01T19:08:39","modified_gmt":"2024-06-01T22:08:39","slug":"crianca-de-dois-anos-morre-apos-ingerir-bebida-alcoolica-na-bahia","status":"publish","type":"post","link":"https:\/\/brasilnoticias.org\/site\/crianca-de-dois-anos-morre-apos-ingerir-bebida-alcoolica-na-bahia\/","title":{"rendered":"Crian\u00e7a de dois anos morre ap\u00f3s ingerir bebida alco\u00f3lica na Bahia"},"content":{"rendered":"<p>Testemunhas apontam que Mirian Barbosa consumiu acidentalmente a bebida de uma garrafa de Pit\u00fa; a menina foi levada ao hospital pela fam\u00edlia, mas chegou morta ao local<\/p>\n<p>Uma crian\u00e7a de dois anos morreu ap\u00f3s ingerir bebida alco\u00f3lica nesta sexta-feira (31), em Juazeiro, interior da Bahia. Segundo o portal local Preto no Branco, testemunhas apontam que Mirian Barbosa dos Santos consumiu acidentalmente a bebida de uma garrafa de Pit\u00fa. <\/p>\n<p>A fam\u00edlia teria levado Mirian \u00e0s pressas para uma unidade de sa\u00fade, mas a menina j\u00e1 havia chegado morta ao hospital. De acordo com o registro de ocorr\u00eancia da Pol\u00edcia Civil, a crian\u00e7a teve uma parada card\u00edaca. A equipe m\u00e9dica j\u00e1 prestou depoimento e os familiares de Mirian foram conduzidos \u00e0 delegacia para serem ouvidos.  <\/p>\n<p>O caso \u00e9 investigado como homic\u00eddio culposo, quando n\u00e3o h\u00e1 inten\u00e7\u00e3o de matar. A pol\u00edcia continuar\u00e1 coletando depoimentos e as solicita\u00e7\u00f5es de per\u00edcia j\u00e1 foram expedidas para o Departamento de Pol\u00edcia T\u00e9cnica (DPT).<\/p>\n<p>Foto: Divulga\u00e7\u00e3o<br \/>\nPor: Metro1<\/p>\n","protected":false},"excerpt":{"rendered":"<p>Testemunhas apontam que Mirian Barbosa consumiu acidentalmente a bebida de uma garrafa de Pit\u00fa; a menina foi levada ao hospital<\/p>\n","protected":false},"author":4,"featured_media":14390,"comment_status":"open","ping_status":"open","sticky":false,"template":"","format":"standard","meta":{"colormag_page_container_layout":"default_layout","colormag_page_sidebar_layout":"default_layout","_FSMCFIC_featured_image_caption":"","_FSMCFIC_featured_image_nocaption":"","_FSMCFIC_featured_image_hide":"","footnotes":""},"categories":[2,1],"tags":[],"class_list":["post-14389","post","type-post","status-publish","format-standard","has-post-thumbnail","hentry","category-noticias","category-ultimas"],"yoast_head":"<!-- This site is optimized with the Yoast SEO plugin v27.1.1 - https:\/\/yoast.com\/product\/yoast-seo-wordpress\/ -->\n<title>Crian\u00e7a de dois anos morre ap\u00f3s ingerir bebida alco\u00f3lica na Bahia - Brasil not\u00edcias<\/title>\n<meta name=\"robots\" content=\"index, follow, max-snippet:-1, max-image-preview:large, max-video-preview:-1\" \/>\n<link rel=\"canonical\" href=\"https:\/\/brasilnoticias.org\/site\/crianca-de-dois-anos-morre-apos-ingerir-bebida-alcoolica-na-bahia\/\" \/>\n<meta property=\"og:locale\" content=\"pt_PT\" \/>\n<meta property=\"og:type\" content=\"article\" \/>\n<meta property=\"og:title\" content=\"Crian\u00e7a de dois anos morre ap\u00f3s ingerir bebida alco\u00f3lica na Bahia - Brasil not\u00edcias\" \/>\n<meta property=\"og:description\" content=\"Testemunhas apontam que Mirian Barbosa consumiu acidentalmente a bebida de uma garrafa de Pit\u00fa; a menina foi levada ao hospital\" \/>\n<meta property=\"og:url\" content=\"https:\/\/brasilnoticias.org\/site\/crianca-de-dois-anos-morre-apos-ingerir-bebida-alcoolica-na-bahia\/\" \/>\n<meta property=\"og:site_name\" content=\"Brasil not\u00edcias\" \/>\n<meta property=\"article:published_time\" content=\"2024-06-01T22:08:39+00:00\" \/>\n<meta property=\"og:image\" content=\"https:\/\/brasilnoticias.org\/site\/wp-content\/uploads\/2024\/06\/150974crianca-de-dois-anos-morre-apos-ingerir-bebida-alcoolica-na-bahia-3.jpg\" \/>\n\t<meta property=\"og:image:width\" content=\"1600\" \/>\n\t<meta property=\"og:image:height\" content=\"752\" \/>\n\t<meta property=\"og:image:type\" content=\"image\/jpeg\" \/>\n<meta name=\"author\" content=\"Reda\u00e7\u00e3o\" \/>\n<meta name=\"twitter:card\" content=\"summary_large_image\" \/>\n<meta name=\"twitter:label1\" content=\"Escrito por\" \/>\n\t<meta name=\"twitter:data1\" content=\"Reda\u00e7\u00e3o\" \/>\n<script type=\"application\/ld+json\" class=\"yoast-schema-graph\">{\"@context\":\"https:\/\/schema.org\",\"@graph\":[{\"@type\":\"Article\",\"@id\":\"https:\/\/brasilnoticias.org\/site\/crianca-de-dois-anos-morre-apos-ingerir-bebida-alcoolica-na-bahia\/#article\",\"isPartOf\":{\"@id\":\"https:\/\/brasilnoticias.org\/site\/crianca-de-dois-anos-morre-apos-ingerir-bebida-alcoolica-na-bahia\/\"},\"author\":{\"name\":\"Reda\u00e7\u00e3o\",\"@id\":\"https:\/\/brasilnoticias.org\/site\/#\/schema\/person\/03bbbfe6c7634ad18c26444ea39049fa\"},\"headline\":\"Crian\u00e7a de dois anos morre ap\u00f3s ingerir bebida alco\u00f3lica na Bahia\",\"datePublished\":\"2024-06-01T22:08:39+00:00\",\"mainEntityOfPage\":{\"@id\":\"https:\/\/brasilnoticias.org\/site\/crianca-de-dois-anos-morre-apos-ingerir-bebida-alcoolica-na-bahia\/\"},\"wordCount\":191,\"commentCount\":0,\"publisher\":{\"@id\":\"https:\/\/brasilnoticias.org\/site\/#organization\"},\"image\":{\"@id\":\"https:\/\/brasilnoticias.org\/site\/crianca-de-dois-anos-morre-apos-ingerir-bebida-alcoolica-na-bahia\/#primaryimage\"},\"thumbnailUrl\":\"https:\/\/brasilnoticias.org\/site\/wp-content\/uploads\/2024\/06\/150974crianca-de-dois-anos-morre-apos-ingerir-bebida-alcoolica-na-bahia-3.jpg\",\"articleSection\":[\"Not\u00edcias\",\"\u00daltimas\"],\"inLanguage\":\"pt-PT\",\"potentialAction\":[{\"@type\":\"CommentAction\",\"name\":\"Comment\",\"target\":[\"https:\/\/brasilnoticias.org\/site\/crianca-de-dois-anos-morre-apos-ingerir-bebida-alcoolica-na-bahia\/#respond\"]}]},{\"@type\":\"WebPage\",\"@id\":\"https:\/\/brasilnoticias.org\/site\/crianca-de-dois-anos-morre-apos-ingerir-bebida-alcoolica-na-bahia\/\",\"url\":\"https:\/\/brasilnoticias.org\/site\/crianca-de-dois-anos-morre-apos-ingerir-bebida-alcoolica-na-bahia\/\",\"name\":\"Crian\u00e7a de dois anos morre ap\u00f3s ingerir bebida alco\u00f3lica na Bahia - Brasil not\u00edcias\",\"isPartOf\":{\"@id\":\"https:\/\/brasilnoticias.org\/site\/#website\"},\"primaryImageOfPage\":{\"@id\":\"https:\/\/brasilnoticias.org\/site\/crianca-de-dois-anos-morre-apos-ingerir-bebida-alcoolica-na-bahia\/#primaryimage\"},\"image\":{\"@id\":\"https:\/\/brasilnoticias.org\/site\/crianca-de-dois-anos-morre-apos-ingerir-bebida-alcoolica-na-bahia\/#primaryimage\"},\"thumbnailUrl\":\"https:\/\/brasilnoticias.org\/site\/wp-content\/uploads\/2024\/06\/150974crianca-de-dois-anos-morre-apos-ingerir-bebida-alcoolica-na-bahia-3.jpg\",\"datePublished\":\"2024-06-01T22:08:39+00:00\",\"breadcrumb\":{\"@id\":\"https:\/\/brasilnoticias.org\/site\/crianca-de-dois-anos-morre-apos-ingerir-bebida-alcoolica-na-bahia\/#breadcrumb\"},\"inLanguage\":\"pt-PT\",\"potentialAction\":[{\"@type\":\"ReadAction\",\"target\":[\"https:\/\/brasilnoticias.org\/site\/crianca-de-dois-anos-morre-apos-ingerir-bebida-alcoolica-na-bahia\/\"]}]},{\"@type\":\"ImageObject\",\"inLanguage\":\"pt-PT\",\"@id\":\"https:\/\/brasilnoticias.org\/site\/crianca-de-dois-anos-morre-apos-ingerir-bebida-alcoolica-na-bahia\/#primaryimage\",\"url\":\"https:\/\/brasilnoticias.org\/site\/wp-content\/uploads\/2024\/06\/150974crianca-de-dois-anos-morre-apos-ingerir-bebida-alcoolica-na-bahia-3.jpg\",\"contentUrl\":\"https:\/\/brasilnoticias.org\/site\/wp-content\/uploads\/2024\/06\/150974crianca-de-dois-anos-morre-apos-ingerir-bebida-alcoolica-na-bahia-3.jpg\",\"width\":1600,\"height\":752},{\"@type\":\"BreadcrumbList\",\"@id\":\"https:\/\/brasilnoticias.org\/site\/crianca-de-dois-anos-morre-apos-ingerir-bebida-alcoolica-na-bahia\/#breadcrumb\",\"itemListElement\":[{\"@type\":\"ListItem\",\"position\":1,\"name\":\"In\u00edcio\",\"item\":\"https:\/\/brasilnoticias.org\/site\/\"},{\"@type\":\"ListItem\",\"position\":2,\"name\":\"Crian\u00e7a de dois anos morre ap\u00f3s ingerir bebida alco\u00f3lica na Bahia\"}]},{\"@type\":\"WebSite\",\"@id\":\"https:\/\/brasilnoticias.org\/site\/#website\",\"url\":\"https:\/\/brasilnoticias.org\/site\/\",\"name\":\"Brasil not\u00edcias\",\"description\":\"Brasil not\u00edcias\",\"publisher\":{\"@id\":\"https:\/\/brasilnoticias.org\/site\/#organization\"},\"potentialAction\":[{\"@type\":\"SearchAction\",\"target\":{\"@type\":\"EntryPoint\",\"urlTemplate\":\"https:\/\/brasilnoticias.org\/site\/?s={search_term_string}\"},\"query-input\":{\"@type\":\"PropertyValueSpecification\",\"valueRequired\":true,\"valueName\":\"search_term_string\"}}],\"inLanguage\":\"pt-PT\"},{\"@type\":\"Organization\",\"@id\":\"https:\/\/brasilnoticias.org\/site\/#organization\",\"name\":\"Brasil not\u00edcias\",\"url\":\"https:\/\/brasilnoticias.org\/site\/\",\"logo\":{\"@type\":\"ImageObject\",\"inLanguage\":\"pt-PT\",\"@id\":\"https:\/\/brasilnoticias.org\/site\/#\/schema\/logo\/image\/\",\"url\":\"https:\/\/brasilnoticias.org\/site\/wp-content\/uploads\/2022\/05\/cropped-brasilnoticias-mini.jpg\",\"contentUrl\":\"https:\/\/brasilnoticias.org\/site\/wp-content\/uploads\/2022\/05\/cropped-brasilnoticias-mini.jpg\",\"width\":314,\"height\":86,\"caption\":\"Brasil not\u00edcias\"},\"image\":{\"@id\":\"https:\/\/brasilnoticias.org\/site\/#\/schema\/logo\/image\/\"}},{\"@type\":\"Person\",\"@id\":\"https:\/\/brasilnoticias.org\/site\/#\/schema\/person\/03bbbfe6c7634ad18c26444ea39049fa\",\"name\":\"Reda\u00e7\u00e3o\",\"image\":{\"@type\":\"ImageObject\",\"inLanguage\":\"pt-PT\",\"@id\":\"https:\/\/brasilnoticias.org\/site\/#\/schema\/person\/image\/\",\"url\":\"https:\/\/secure.gravatar.com\/avatar\/9ecaf7327a696cb23ad926fedded5f1f04d7049de9e445375d55b48c001a6e42?s=96&d=mm&r=g\",\"contentUrl\":\"https:\/\/secure.gravatar.com\/avatar\/9ecaf7327a696cb23ad926fedded5f1f04d7049de9e445375d55b48c001a6e42?s=96&d=mm&r=g\",\"caption\":\"Reda\u00e7\u00e3o\"},\"url\":\"https:\/\/brasilnoticias.org\/site\/author\/henrique\/\"}]}<\/script>\n<!-- \/ Yoast SEO plugin. -->","yoast_head_json":{"title":"Crian\u00e7a de dois anos morre ap\u00f3s ingerir bebida alco\u00f3lica na Bahia - Brasil not\u00edcias","robots":{"index":"index","follow":"follow","max-snippet":"max-snippet:-1","max-image-preview":"max-image-preview:large","max-video-preview":"max-video-preview:-1"},"canonical":"https:\/\/brasilnoticias.org\/site\/crianca-de-dois-anos-morre-apos-ingerir-bebida-alcoolica-na-bahia\/","og_locale":"pt_PT","og_type":"article","og_title":"Crian\u00e7a de dois anos morre ap\u00f3s ingerir bebida alco\u00f3lica na Bahia - Brasil not\u00edcias","og_description":"Testemunhas apontam que Mirian Barbosa consumiu acidentalmente a bebida de uma garrafa de Pit\u00fa; a menina foi levada ao hospital","og_url":"https:\/\/brasilnoticias.org\/site\/crianca-de-dois-anos-morre-apos-ingerir-bebida-alcoolica-na-bahia\/","og_site_name":"Brasil not\u00edcias","article_published_time":"2024-06-01T22:08:39+00:00","og_image":[{"width":1600,"height":752,"url":"https:\/\/brasilnoticias.org\/site\/wp-content\/uploads\/2024\/06\/150974crianca-de-dois-anos-morre-apos-ingerir-bebida-alcoolica-na-bahia-3.jpg","type":"image\/jpeg"}],"author":"Reda\u00e7\u00e3o","twitter_card":"summary_large_image","twitter_misc":{"Escrito por":"Reda\u00e7\u00e3o"},"schema":{"@context":"https:\/\/schema.org","@graph":[{"@type":"Article","@id":"https:\/\/brasilnoticias.org\/site\/crianca-de-dois-anos-morre-apos-ingerir-bebida-alcoolica-na-bahia\/#article","isPartOf":{"@id":"https:\/\/brasilnoticias.org\/site\/crianca-de-dois-anos-morre-apos-ingerir-bebida-alcoolica-na-bahia\/"},"author":{"name":"Reda\u00e7\u00e3o","@id":"https:\/\/brasilnoticias.org\/site\/#\/schema\/person\/03bbbfe6c7634ad18c26444ea39049fa"},"headline":"Crian\u00e7a de dois anos morre ap\u00f3s ingerir bebida alco\u00f3lica na Bahia","datePublished":"2024-06-01T22:08:39+00:00","mainEntityOfPage":{"@id":"https:\/\/brasilnoticias.org\/site\/crianca-de-dois-anos-morre-apos-ingerir-bebida-alcoolica-na-bahia\/"},"wordCount":191,"commentCount":0,"publisher":{"@id":"https:\/\/brasilnoticias.org\/site\/#organization"},"image":{"@id":"https:\/\/brasilnoticias.org\/site\/crianca-de-dois-anos-morre-apos-ingerir-bebida-alcoolica-na-bahia\/#primaryimage"},"thumbnailUrl":"https:\/\/brasilnoticias.org\/site\/wp-content\/uploads\/2024\/06\/150974crianca-de-dois-anos-morre-apos-ingerir-bebida-alcoolica-na-bahia-3.jpg","articleSection":["Not\u00edcias","\u00daltimas"],"inLanguage":"pt-PT","potentialAction":[{"@type":"CommentAction","name":"Comment","target":["https:\/\/brasilnoticias.org\/site\/crianca-de-dois-anos-morre-apos-ingerir-bebida-alcoolica-na-bahia\/#respond"]}]},{"@type":"WebPage","@id":"https:\/\/brasilnoticias.org\/site\/crianca-de-dois-anos-morre-apos-ingerir-bebida-alcoolica-na-bahia\/","url":"https:\/\/brasilnoticias.org\/site\/crianca-de-dois-anos-morre-apos-ingerir-bebida-alcoolica-na-bahia\/","name":"Crian\u00e7a de dois anos morre ap\u00f3s ingerir bebida alco\u00f3lica na Bahia - Brasil not\u00edcias","isPartOf":{"@id":"https:\/\/brasilnoticias.org\/site\/#website"},"primaryImageOfPage":{"@id":"https:\/\/brasilnoticias.org\/site\/crianca-de-dois-anos-morre-apos-ingerir-bebida-alcoolica-na-bahia\/#primaryimage"},"image":{"@id":"https:\/\/brasilnoticias.org\/site\/crianca-de-dois-anos-morre-apos-ingerir-bebida-alcoolica-na-bahia\/#primaryimage"},"thumbnailUrl":"https:\/\/brasilnoticias.org\/site\/wp-content\/uploads\/2024\/06\/150974crianca-de-dois-anos-morre-apos-ingerir-bebida-alcoolica-na-bahia-3.jpg","datePublished":"2024-06-01T22:08:39+00:00","breadcrumb":{"@id":"https:\/\/brasilnoticias.org\/site\/crianca-de-dois-anos-morre-apos-ingerir-bebida-alcoolica-na-bahia\/#breadcrumb"},"inLanguage":"pt-PT","potentialAction":[{"@type":"ReadAction","target":["https:\/\/brasilnoticias.org\/site\/crianca-de-dois-anos-morre-apos-ingerir-bebida-alcoolica-na-bahia\/"]}]},{"@type":"ImageObject","inLanguage":"pt-PT","@id":"https:\/\/brasilnoticias.org\/site\/crianca-de-dois-anos-morre-apos-ingerir-bebida-alcoolica-na-bahia\/#primaryimage","url":"https:\/\/brasilnoticias.org\/site\/wp-content\/uploads\/2024\/06\/150974crianca-de-dois-anos-morre-apos-ingerir-bebida-alcoolica-na-bahia-3.jpg","contentUrl":"https:\/\/brasilnoticias.org\/site\/wp-content\/uploads\/2024\/06\/150974crianca-de-dois-anos-morre-apos-ingerir-bebida-alcoolica-na-bahia-3.jpg","width":1600,"height":752},{"@type":"BreadcrumbList","@id":"https:\/\/brasilnoticias.org\/site\/crianca-de-dois-anos-morre-apos-ingerir-bebida-alcoolica-na-bahia\/#breadcrumb","itemListElement":[{"@type":"ListItem","position":1,"name":"In\u00edcio","item":"https:\/\/brasilnoticias.org\/site\/"},{"@type":"ListItem","position":2,"name":"Crian\u00e7a de dois anos morre ap\u00f3s ingerir bebida alco\u00f3lica na Bahia"}]},{"@type":"WebSite","@id":"https:\/\/brasilnoticias.org\/site\/#website","url":"https:\/\/brasilnoticias.org\/site\/","name":"Brasil not\u00edcias","description":"Brasil not\u00edcias","publisher":{"@id":"https:\/\/brasilnoticias.org\/site\/#organization"},"potentialAction":[{"@type":"SearchAction","target":{"@type":"EntryPoint","urlTemplate":"https:\/\/brasilnoticias.org\/site\/?s={search_term_string}"},"query-input":{"@type":"PropertyValueSpecification","valueRequired":true,"valueName":"search_term_string"}}],"inLanguage":"pt-PT"},{"@type":"Organization","@id":"https:\/\/brasilnoticias.org\/site\/#organization","name":"Brasil not\u00edcias","url":"https:\/\/brasilnoticias.org\/site\/","logo":{"@type":"ImageObject","inLanguage":"pt-PT","@id":"https:\/\/brasilnoticias.org\/site\/#\/schema\/logo\/image\/","url":"https:\/\/brasilnoticias.org\/site\/wp-content\/uploads\/2022\/05\/cropped-brasilnoticias-mini.jpg","contentUrl":"https:\/\/brasilnoticias.org\/site\/wp-content\/uploads\/2022\/05\/cropped-brasilnoticias-mini.jpg","width":314,"height":86,"caption":"Brasil not\u00edcias"},"image":{"@id":"https:\/\/brasilnoticias.org\/site\/#\/schema\/logo\/image\/"}},{"@type":"Person","@id":"https:\/\/brasilnoticias.org\/site\/#\/schema\/person\/03bbbfe6c7634ad18c26444ea39049fa","name":"Reda\u00e7\u00e3o","image":{"@type":"ImageObject","inLanguage":"pt-PT","@id":"https:\/\/brasilnoticias.org\/site\/#\/schema\/person\/image\/","url":"https:\/\/secure.gravatar.com\/avatar\/9ecaf7327a696cb23ad926fedded5f1f04d7049de9e445375d55b48c001a6e42?s=96&d=mm&r=g","contentUrl":"https:\/\/secure.gravatar.com\/avatar\/9ecaf7327a696cb23ad926fedded5f1f04d7049de9e445375d55b48c001a6e42?s=96&d=mm&r=g","caption":"Reda\u00e7\u00e3o"},"url":"https:\/\/brasilnoticias.org\/site\/author\/henrique\/"}]}},"_links":{"self":[{"href":"https:\/\/brasilnoticias.org\/site\/wp-json\/wp\/v2\/posts\/14389","targetHints":{"allow":["GET"]}}],"collection":[{"href":"https:\/\/brasilnoticias.org\/site\/wp-json\/wp\/v2\/posts"}],"about":[{"href":"https:\/\/brasilnoticias.org\/site\/wp-json\/wp\/v2\/types\/post"}],"author":[{"embeddable":true,"href":"https:\/\/brasilnoticias.org\/site\/wp-json\/wp\/v2\/users\/4"}],"replies":[{"embeddable":true,"href":"https:\/\/brasilnoticias.org\/site\/wp-json\/wp\/v2\/comments?post=14389"}],"version-history":[{"count":1,"href":"https:\/\/brasilnoticias.org\/site\/wp-json\/wp\/v2\/posts\/14389\/revisions"}],"predecessor-version":[{"id":14391,"href":"https:\/\/brasilnoticias.org\/site\/wp-json\/wp\/v2\/posts\/14389\/revisions\/14391"}],"wp:featuredmedia":[{"embeddable":true,"href":"https:\/\/brasilnoticias.org\/site\/wp-json\/wp\/v2\/media\/14390"}],"wp:attachment":[{"href":"https:\/\/brasilnoticias.org\/site\/wp-json\/wp\/v2\/media?parent=14389"}],"wp:term":[{"taxonomy":"category","embeddable":true,"href":"https:\/\/brasilnoticias.org\/site\/wp-json\/wp\/v2\/categories?post=14389"},{"taxonomy":"post_tag","embeddable":true,"href":"https:\/\/brasilnoticias.org\/site\/wp-json\/wp\/v2\/tags?post=14389"}],"curies":[{"name":"wp","href":"https:\/\/api.w.org\/{rel}","templated":true}]}}