{"id":14396,"date":"2024-06-03T15:43:48","date_gmt":"2024-06-03T18:43:48","guid":{"rendered":"https:\/\/brasilnoticias.org\/site\/?p=14396"},"modified":"2024-06-03T15:43:48","modified_gmt":"2024-06-03T18:43:48","slug":"nada-do-que-aconteceu-no-congresso-surpreendeu-o-governo-afirma-padilha","status":"publish","type":"post","link":"https:\/\/brasilnoticias.org\/site\/nada-do-que-aconteceu-no-congresso-surpreendeu-o-governo-afirma-padilha\/","title":{"rendered":"&#8220;Nada do que aconteceu no Congresso surpreendeu o governo&#8221;, afirma Padilha"},"content":{"rendered":"<p>A afirma\u00e7\u00e3o aconteceu ap\u00f3s uma reuni\u00e3o convocada por Lula com a equipe de articula\u00e7\u00e3o pol\u00edtica no Pal\u00e1cio do Planalto<\/p>\n<p>O ministro das Rela\u00e7\u00f5es Institucionais, Alexandre Padilha, afirmou nesta segunda-feira (3) que o governo n\u00e3o foi surpreendido ap\u00f3s o Congresso Nacional derrubar os vetos do presidente Lula (PT), incluindo a derrubada de um trecho da lei que pro\u00edbe as saidinhas de presos.<\/p>\n<p>A afirma\u00e7\u00e3o aconteceu ap\u00f3s uma reuni\u00e3o convocada por Lula com a equipe de articula\u00e7\u00e3o pol\u00edtica no Pal\u00e1cio do Planalto. Secret\u00e1rios da Fazenda e da Casa Civil tamb\u00e9m participaram do encontro. De acordo com Padilha, o governo n\u00e3o est\u00e1 &#8220;sendo derrotado naquilo que \u00e9 essencial&#8221;.<\/p>\n<p>&#8220;Nada do que aconteceu na sess\u00e3o do Congresso surpreendeu os articuladores pol\u00edticos do governo. E n\u00f3s fizemos o debate porque esse debate \u00e9 importante ser feito. Muito raro time ser campe\u00e3o de pontos corridos sem ter algum tipo derrota. Voc\u00ea n\u00e3o pode \u00e9 perder o mata-mata. N\u00e3o pode perder a final. (&#8230;) N\u00f3s n\u00e3o vamos perder o mata-mata.&#8221; continuou Padilha.<\/p>\n<p>Foto: Ricardo Stuckert \/ PR<br \/>\nPor: Metro1<\/p>\n","protected":false},"excerpt":{"rendered":"<p>A afirma\u00e7\u00e3o aconteceu ap\u00f3s uma reuni\u00e3o convocada por Lula com a equipe de articula\u00e7\u00e3o pol\u00edtica no Pal\u00e1cio do Planalto O<\/p>\n","protected":false},"author":4,"featured_media":14397,"comment_status":"open","ping_status":"open","sticky":false,"template":"","format":"standard","meta":{"colormag_page_container_layout":"default_layout","colormag_page_sidebar_layout":"default_layout","_FSMCFIC_featured_image_caption":"","_FSMCFIC_featured_image_nocaption":"","_FSMCFIC_featured_image_hide":"","footnotes":""},"categories":[5,1],"tags":[],"class_list":["post-14396","post","type-post","status-publish","format-standard","has-post-thumbnail","hentry","category-politica","category-ultimas"],"yoast_head":"<!-- This site is optimized with the Yoast SEO plugin v27.1.1 - https:\/\/yoast.com\/product\/yoast-seo-wordpress\/ -->\n<title>&quot;Nada do que aconteceu no Congresso surpreendeu o governo&quot;, afirma Padilha - Brasil not\u00edcias<\/title>\n<meta name=\"robots\" content=\"index, follow, max-snippet:-1, max-image-preview:large, max-video-preview:-1\" \/>\n<link rel=\"canonical\" href=\"https:\/\/brasilnoticias.org\/site\/nada-do-que-aconteceu-no-congresso-surpreendeu-o-governo-afirma-padilha\/\" \/>\n<meta property=\"og:locale\" content=\"pt_PT\" \/>\n<meta property=\"og:type\" content=\"article\" \/>\n<meta property=\"og:title\" content=\"&quot;Nada do que aconteceu no Congresso surpreendeu o governo&quot;, afirma Padilha - Brasil not\u00edcias\" \/>\n<meta property=\"og:description\" content=\"A afirma\u00e7\u00e3o aconteceu ap\u00f3s uma reuni\u00e3o convocada por Lula com a equipe de articula\u00e7\u00e3o pol\u00edtica no Pal\u00e1cio do Planalto O\" \/>\n<meta property=\"og:url\" content=\"https:\/\/brasilnoticias.org\/site\/nada-do-que-aconteceu-no-congresso-surpreendeu-o-governo-afirma-padilha\/\" \/>\n<meta property=\"og:site_name\" content=\"Brasil not\u00edcias\" \/>\n<meta property=\"article:published_time\" content=\"2024-06-03T18:43:48+00:00\" \/>\n<meta property=\"og:image\" content=\"https:\/\/brasilnoticias.org\/site\/wp-content\/uploads\/2024\/06\/151038nada-do-que-aconteceu-no-congresso-surpreendeu-o-governo-afirma-padilha-3.jpg\" \/>\n\t<meta property=\"og:image:width\" content=\"1600\" \/>\n\t<meta property=\"og:image:height\" content=\"752\" \/>\n\t<meta property=\"og:image:type\" content=\"image\/jpeg\" \/>\n<meta name=\"author\" content=\"Reda\u00e7\u00e3o\" \/>\n<meta name=\"twitter:card\" content=\"summary_large_image\" \/>\n<meta name=\"twitter:label1\" content=\"Escrito por\" \/>\n\t<meta name=\"twitter:data1\" content=\"Reda\u00e7\u00e3o\" \/>\n\t<meta name=\"twitter:label2\" content=\"Tempo estimado de leitura\" \/>\n\t<meta name=\"twitter:data2\" content=\"1 minuto\" \/>\n<script type=\"application\/ld+json\" class=\"yoast-schema-graph\">{\"@context\":\"https:\/\/schema.org\",\"@graph\":[{\"@type\":\"Article\",\"@id\":\"https:\/\/brasilnoticias.org\/site\/nada-do-que-aconteceu-no-congresso-surpreendeu-o-governo-afirma-padilha\/#article\",\"isPartOf\":{\"@id\":\"https:\/\/brasilnoticias.org\/site\/nada-do-que-aconteceu-no-congresso-surpreendeu-o-governo-afirma-padilha\/\"},\"author\":{\"name\":\"Reda\u00e7\u00e3o\",\"@id\":\"https:\/\/brasilnoticias.org\/site\/#\/schema\/person\/03bbbfe6c7634ad18c26444ea39049fa\"},\"headline\":\"&#8220;Nada do que aconteceu no Congresso surpreendeu o governo&#8221;, afirma Padilha\",\"datePublished\":\"2024-06-03T18:43:48+00:00\",\"mainEntityOfPage\":{\"@id\":\"https:\/\/brasilnoticias.org\/site\/nada-do-que-aconteceu-no-congresso-surpreendeu-o-governo-afirma-padilha\/\"},\"wordCount\":205,\"commentCount\":0,\"publisher\":{\"@id\":\"https:\/\/brasilnoticias.org\/site\/#organization\"},\"image\":{\"@id\":\"https:\/\/brasilnoticias.org\/site\/nada-do-que-aconteceu-no-congresso-surpreendeu-o-governo-afirma-padilha\/#primaryimage\"},\"thumbnailUrl\":\"https:\/\/brasilnoticias.org\/site\/wp-content\/uploads\/2024\/06\/151038nada-do-que-aconteceu-no-congresso-surpreendeu-o-governo-afirma-padilha-3.jpg\",\"articleSection\":[\"Pol\u00edtica\",\"\u00daltimas\"],\"inLanguage\":\"pt-PT\",\"potentialAction\":[{\"@type\":\"CommentAction\",\"name\":\"Comment\",\"target\":[\"https:\/\/brasilnoticias.org\/site\/nada-do-que-aconteceu-no-congresso-surpreendeu-o-governo-afirma-padilha\/#respond\"]}]},{\"@type\":\"WebPage\",\"@id\":\"https:\/\/brasilnoticias.org\/site\/nada-do-que-aconteceu-no-congresso-surpreendeu-o-governo-afirma-padilha\/\",\"url\":\"https:\/\/brasilnoticias.org\/site\/nada-do-que-aconteceu-no-congresso-surpreendeu-o-governo-afirma-padilha\/\",\"name\":\"\\\"Nada do que aconteceu no Congresso surpreendeu o governo\\\", afirma Padilha - Brasil not\u00edcias\",\"isPartOf\":{\"@id\":\"https:\/\/brasilnoticias.org\/site\/#website\"},\"primaryImageOfPage\":{\"@id\":\"https:\/\/brasilnoticias.org\/site\/nada-do-que-aconteceu-no-congresso-surpreendeu-o-governo-afirma-padilha\/#primaryimage\"},\"image\":{\"@id\":\"https:\/\/brasilnoticias.org\/site\/nada-do-que-aconteceu-no-congresso-surpreendeu-o-governo-afirma-padilha\/#primaryimage\"},\"thumbnailUrl\":\"https:\/\/brasilnoticias.org\/site\/wp-content\/uploads\/2024\/06\/151038nada-do-que-aconteceu-no-congresso-surpreendeu-o-governo-afirma-padilha-3.jpg\",\"datePublished\":\"2024-06-03T18:43:48+00:00\",\"breadcrumb\":{\"@id\":\"https:\/\/brasilnoticias.org\/site\/nada-do-que-aconteceu-no-congresso-surpreendeu-o-governo-afirma-padilha\/#breadcrumb\"},\"inLanguage\":\"pt-PT\",\"potentialAction\":[{\"@type\":\"ReadAction\",\"target\":[\"https:\/\/brasilnoticias.org\/site\/nada-do-que-aconteceu-no-congresso-surpreendeu-o-governo-afirma-padilha\/\"]}]},{\"@type\":\"ImageObject\",\"inLanguage\":\"pt-PT\",\"@id\":\"https:\/\/brasilnoticias.org\/site\/nada-do-que-aconteceu-no-congresso-surpreendeu-o-governo-afirma-padilha\/#primaryimage\",\"url\":\"https:\/\/brasilnoticias.org\/site\/wp-content\/uploads\/2024\/06\/151038nada-do-que-aconteceu-no-congresso-surpreendeu-o-governo-afirma-padilha-3.jpg\",\"contentUrl\":\"https:\/\/brasilnoticias.org\/site\/wp-content\/uploads\/2024\/06\/151038nada-do-que-aconteceu-no-congresso-surpreendeu-o-governo-afirma-padilha-3.jpg\",\"width\":1600,\"height\":752},{\"@type\":\"BreadcrumbList\",\"@id\":\"https:\/\/brasilnoticias.org\/site\/nada-do-que-aconteceu-no-congresso-surpreendeu-o-governo-afirma-padilha\/#breadcrumb\",\"itemListElement\":[{\"@type\":\"ListItem\",\"position\":1,\"name\":\"In\u00edcio\",\"item\":\"https:\/\/brasilnoticias.org\/site\/\"},{\"@type\":\"ListItem\",\"position\":2,\"name\":\"&#8220;Nada do que aconteceu no Congresso surpreendeu o governo&#8221;, afirma Padilha\"}]},{\"@type\":\"WebSite\",\"@id\":\"https:\/\/brasilnoticias.org\/site\/#website\",\"url\":\"https:\/\/brasilnoticias.org\/site\/\",\"name\":\"Brasil not\u00edcias\",\"description\":\"Brasil not\u00edcias\",\"publisher\":{\"@id\":\"https:\/\/brasilnoticias.org\/site\/#organization\"},\"potentialAction\":[{\"@type\":\"SearchAction\",\"target\":{\"@type\":\"EntryPoint\",\"urlTemplate\":\"https:\/\/brasilnoticias.org\/site\/?s={search_term_string}\"},\"query-input\":{\"@type\":\"PropertyValueSpecification\",\"valueRequired\":true,\"valueName\":\"search_term_string\"}}],\"inLanguage\":\"pt-PT\"},{\"@type\":\"Organization\",\"@id\":\"https:\/\/brasilnoticias.org\/site\/#organization\",\"name\":\"Brasil not\u00edcias\",\"url\":\"https:\/\/brasilnoticias.org\/site\/\",\"logo\":{\"@type\":\"ImageObject\",\"inLanguage\":\"pt-PT\",\"@id\":\"https:\/\/brasilnoticias.org\/site\/#\/schema\/logo\/image\/\",\"url\":\"https:\/\/brasilnoticias.org\/site\/wp-content\/uploads\/2022\/05\/cropped-brasilnoticias-mini.jpg\",\"contentUrl\":\"https:\/\/brasilnoticias.org\/site\/wp-content\/uploads\/2022\/05\/cropped-brasilnoticias-mini.jpg\",\"width\":314,\"height\":86,\"caption\":\"Brasil not\u00edcias\"},\"image\":{\"@id\":\"https:\/\/brasilnoticias.org\/site\/#\/schema\/logo\/image\/\"}},{\"@type\":\"Person\",\"@id\":\"https:\/\/brasilnoticias.org\/site\/#\/schema\/person\/03bbbfe6c7634ad18c26444ea39049fa\",\"name\":\"Reda\u00e7\u00e3o\",\"image\":{\"@type\":\"ImageObject\",\"inLanguage\":\"pt-PT\",\"@id\":\"https:\/\/brasilnoticias.org\/site\/#\/schema\/person\/image\/\",\"url\":\"https:\/\/secure.gravatar.com\/avatar\/9ecaf7327a696cb23ad926fedded5f1f04d7049de9e445375d55b48c001a6e42?s=96&d=mm&r=g\",\"contentUrl\":\"https:\/\/secure.gravatar.com\/avatar\/9ecaf7327a696cb23ad926fedded5f1f04d7049de9e445375d55b48c001a6e42?s=96&d=mm&r=g\",\"caption\":\"Reda\u00e7\u00e3o\"},\"url\":\"https:\/\/brasilnoticias.org\/site\/author\/henrique\/\"}]}<\/script>\n<!-- \/ Yoast SEO plugin. -->","yoast_head_json":{"title":"\"Nada do que aconteceu no Congresso surpreendeu o governo\", afirma Padilha - Brasil not\u00edcias","robots":{"index":"index","follow":"follow","max-snippet":"max-snippet:-1","max-image-preview":"max-image-preview:large","max-video-preview":"max-video-preview:-1"},"canonical":"https:\/\/brasilnoticias.org\/site\/nada-do-que-aconteceu-no-congresso-surpreendeu-o-governo-afirma-padilha\/","og_locale":"pt_PT","og_type":"article","og_title":"\"Nada do que aconteceu no Congresso surpreendeu o governo\", afirma Padilha - Brasil not\u00edcias","og_description":"A afirma\u00e7\u00e3o aconteceu ap\u00f3s uma reuni\u00e3o convocada por Lula com a equipe de articula\u00e7\u00e3o pol\u00edtica no Pal\u00e1cio do Planalto O","og_url":"https:\/\/brasilnoticias.org\/site\/nada-do-que-aconteceu-no-congresso-surpreendeu-o-governo-afirma-padilha\/","og_site_name":"Brasil not\u00edcias","article_published_time":"2024-06-03T18:43:48+00:00","og_image":[{"width":1600,"height":752,"url":"https:\/\/brasilnoticias.org\/site\/wp-content\/uploads\/2024\/06\/151038nada-do-que-aconteceu-no-congresso-surpreendeu-o-governo-afirma-padilha-3.jpg","type":"image\/jpeg"}],"author":"Reda\u00e7\u00e3o","twitter_card":"summary_large_image","twitter_misc":{"Escrito por":"Reda\u00e7\u00e3o","Tempo estimado de leitura":"1 minuto"},"schema":{"@context":"https:\/\/schema.org","@graph":[{"@type":"Article","@id":"https:\/\/brasilnoticias.org\/site\/nada-do-que-aconteceu-no-congresso-surpreendeu-o-governo-afirma-padilha\/#article","isPartOf":{"@id":"https:\/\/brasilnoticias.org\/site\/nada-do-que-aconteceu-no-congresso-surpreendeu-o-governo-afirma-padilha\/"},"author":{"name":"Reda\u00e7\u00e3o","@id":"https:\/\/brasilnoticias.org\/site\/#\/schema\/person\/03bbbfe6c7634ad18c26444ea39049fa"},"headline":"&#8220;Nada do que aconteceu no Congresso surpreendeu o governo&#8221;, afirma Padilha","datePublished":"2024-06-03T18:43:48+00:00","mainEntityOfPage":{"@id":"https:\/\/brasilnoticias.org\/site\/nada-do-que-aconteceu-no-congresso-surpreendeu-o-governo-afirma-padilha\/"},"wordCount":205,"commentCount":0,"publisher":{"@id":"https:\/\/brasilnoticias.org\/site\/#organization"},"image":{"@id":"https:\/\/brasilnoticias.org\/site\/nada-do-que-aconteceu-no-congresso-surpreendeu-o-governo-afirma-padilha\/#primaryimage"},"thumbnailUrl":"https:\/\/brasilnoticias.org\/site\/wp-content\/uploads\/2024\/06\/151038nada-do-que-aconteceu-no-congresso-surpreendeu-o-governo-afirma-padilha-3.jpg","articleSection":["Pol\u00edtica","\u00daltimas"],"inLanguage":"pt-PT","potentialAction":[{"@type":"CommentAction","name":"Comment","target":["https:\/\/brasilnoticias.org\/site\/nada-do-que-aconteceu-no-congresso-surpreendeu-o-governo-afirma-padilha\/#respond"]}]},{"@type":"WebPage","@id":"https:\/\/brasilnoticias.org\/site\/nada-do-que-aconteceu-no-congresso-surpreendeu-o-governo-afirma-padilha\/","url":"https:\/\/brasilnoticias.org\/site\/nada-do-que-aconteceu-no-congresso-surpreendeu-o-governo-afirma-padilha\/","name":"\"Nada do que aconteceu no Congresso surpreendeu o governo\", afirma Padilha - Brasil not\u00edcias","isPartOf":{"@id":"https:\/\/brasilnoticias.org\/site\/#website"},"primaryImageOfPage":{"@id":"https:\/\/brasilnoticias.org\/site\/nada-do-que-aconteceu-no-congresso-surpreendeu-o-governo-afirma-padilha\/#primaryimage"},"image":{"@id":"https:\/\/brasilnoticias.org\/site\/nada-do-que-aconteceu-no-congresso-surpreendeu-o-governo-afirma-padilha\/#primaryimage"},"thumbnailUrl":"https:\/\/brasilnoticias.org\/site\/wp-content\/uploads\/2024\/06\/151038nada-do-que-aconteceu-no-congresso-surpreendeu-o-governo-afirma-padilha-3.jpg","datePublished":"2024-06-03T18:43:48+00:00","breadcrumb":{"@id":"https:\/\/brasilnoticias.org\/site\/nada-do-que-aconteceu-no-congresso-surpreendeu-o-governo-afirma-padilha\/#breadcrumb"},"inLanguage":"pt-PT","potentialAction":[{"@type":"ReadAction","target":["https:\/\/brasilnoticias.org\/site\/nada-do-que-aconteceu-no-congresso-surpreendeu-o-governo-afirma-padilha\/"]}]},{"@type":"ImageObject","inLanguage":"pt-PT","@id":"https:\/\/brasilnoticias.org\/site\/nada-do-que-aconteceu-no-congresso-surpreendeu-o-governo-afirma-padilha\/#primaryimage","url":"https:\/\/brasilnoticias.org\/site\/wp-content\/uploads\/2024\/06\/151038nada-do-que-aconteceu-no-congresso-surpreendeu-o-governo-afirma-padilha-3.jpg","contentUrl":"https:\/\/brasilnoticias.org\/site\/wp-content\/uploads\/2024\/06\/151038nada-do-que-aconteceu-no-congresso-surpreendeu-o-governo-afirma-padilha-3.jpg","width":1600,"height":752},{"@type":"BreadcrumbList","@id":"https:\/\/brasilnoticias.org\/site\/nada-do-que-aconteceu-no-congresso-surpreendeu-o-governo-afirma-padilha\/#breadcrumb","itemListElement":[{"@type":"ListItem","position":1,"name":"In\u00edcio","item":"https:\/\/brasilnoticias.org\/site\/"},{"@type":"ListItem","position":2,"name":"&#8220;Nada do que aconteceu no Congresso surpreendeu o governo&#8221;, afirma Padilha"}]},{"@type":"WebSite","@id":"https:\/\/brasilnoticias.org\/site\/#website","url":"https:\/\/brasilnoticias.org\/site\/","name":"Brasil not\u00edcias","description":"Brasil not\u00edcias","publisher":{"@id":"https:\/\/brasilnoticias.org\/site\/#organization"},"potentialAction":[{"@type":"SearchAction","target":{"@type":"EntryPoint","urlTemplate":"https:\/\/brasilnoticias.org\/site\/?s={search_term_string}"},"query-input":{"@type":"PropertyValueSpecification","valueRequired":true,"valueName":"search_term_string"}}],"inLanguage":"pt-PT"},{"@type":"Organization","@id":"https:\/\/brasilnoticias.org\/site\/#organization","name":"Brasil not\u00edcias","url":"https:\/\/brasilnoticias.org\/site\/","logo":{"@type":"ImageObject","inLanguage":"pt-PT","@id":"https:\/\/brasilnoticias.org\/site\/#\/schema\/logo\/image\/","url":"https:\/\/brasilnoticias.org\/site\/wp-content\/uploads\/2022\/05\/cropped-brasilnoticias-mini.jpg","contentUrl":"https:\/\/brasilnoticias.org\/site\/wp-content\/uploads\/2022\/05\/cropped-brasilnoticias-mini.jpg","width":314,"height":86,"caption":"Brasil not\u00edcias"},"image":{"@id":"https:\/\/brasilnoticias.org\/site\/#\/schema\/logo\/image\/"}},{"@type":"Person","@id":"https:\/\/brasilnoticias.org\/site\/#\/schema\/person\/03bbbfe6c7634ad18c26444ea39049fa","name":"Reda\u00e7\u00e3o","image":{"@type":"ImageObject","inLanguage":"pt-PT","@id":"https:\/\/brasilnoticias.org\/site\/#\/schema\/person\/image\/","url":"https:\/\/secure.gravatar.com\/avatar\/9ecaf7327a696cb23ad926fedded5f1f04d7049de9e445375d55b48c001a6e42?s=96&d=mm&r=g","contentUrl":"https:\/\/secure.gravatar.com\/avatar\/9ecaf7327a696cb23ad926fedded5f1f04d7049de9e445375d55b48c001a6e42?s=96&d=mm&r=g","caption":"Reda\u00e7\u00e3o"},"url":"https:\/\/brasilnoticias.org\/site\/author\/henrique\/"}]}},"_links":{"self":[{"href":"https:\/\/brasilnoticias.org\/site\/wp-json\/wp\/v2\/posts\/14396","targetHints":{"allow":["GET"]}}],"collection":[{"href":"https:\/\/brasilnoticias.org\/site\/wp-json\/wp\/v2\/posts"}],"about":[{"href":"https:\/\/brasilnoticias.org\/site\/wp-json\/wp\/v2\/types\/post"}],"author":[{"embeddable":true,"href":"https:\/\/brasilnoticias.org\/site\/wp-json\/wp\/v2\/users\/4"}],"replies":[{"embeddable":true,"href":"https:\/\/brasilnoticias.org\/site\/wp-json\/wp\/v2\/comments?post=14396"}],"version-history":[{"count":1,"href":"https:\/\/brasilnoticias.org\/site\/wp-json\/wp\/v2\/posts\/14396\/revisions"}],"predecessor-version":[{"id":14398,"href":"https:\/\/brasilnoticias.org\/site\/wp-json\/wp\/v2\/posts\/14396\/revisions\/14398"}],"wp:featuredmedia":[{"embeddable":true,"href":"https:\/\/brasilnoticias.org\/site\/wp-json\/wp\/v2\/media\/14397"}],"wp:attachment":[{"href":"https:\/\/brasilnoticias.org\/site\/wp-json\/wp\/v2\/media?parent=14396"}],"wp:term":[{"taxonomy":"category","embeddable":true,"href":"https:\/\/brasilnoticias.org\/site\/wp-json\/wp\/v2\/categories?post=14396"},{"taxonomy":"post_tag","embeddable":true,"href":"https:\/\/brasilnoticias.org\/site\/wp-json\/wp\/v2\/tags?post=14396"}],"curies":[{"name":"wp","href":"https:\/\/api.w.org\/{rel}","templated":true}]}}