{"id":1440,"date":"2022-09-12T10:45:37","date_gmt":"2022-09-12T13:45:37","guid":{"rendered":"https:\/\/brasilnoticias.org\/site\/?p=1440"},"modified":"2022-09-12T10:46:29","modified_gmt":"2022-09-12T13:46:29","slug":"acidente-deixa-motorista-ferido-no-oeste-baiano","status":"publish","type":"post","link":"https:\/\/brasilnoticias.org\/site\/acidente-deixa-motorista-ferido-no-oeste-baiano\/","title":{"rendered":"Acidente deixa motorista ferido no Oeste baiano"},"content":{"rendered":"<p class=\"lead\">\n<div class=\"addthis_block d-flex align-items-center my-2\">\n<div class=\"addthis_inline_share_toolbox\" data-url=\"https:\/\/www.bnews.com.br\/noticias\/cidades\/acidente-deixa-motorista-ferido-no-oeste-baiano.html\" data-title=\"Acidente deixa motorista ferido no Oeste baiano\" data-description=\"A v\u00edtima foi socorrida pelo Samu e encaminhada para o Hospital do Oeste, em Barreiras, mas ainda n\u00e3o h\u00e1 informa\u00e7\u00f5es sobre seu estado de sa\u00fade.\">\n<div id=\"atstbx\" class=\"at-resp-share-element at-style-responsive at-mobile addthis-smartlayers addthis-animated at4-show\" role=\"region\" aria-labelledby=\"at-aa32bab4-8886-4ae4-844f-93abce139e37\">\n<p>&nbsp;<\/p>\n<div class=\"at-share-btn-elements\"><\/div>\n<\/div>\n<\/div>\n<\/div>\n<div class=\"artigo_texto\">\n<p>Um acidente envolvendo dois carros e uma carreta, em um trecho da BR-135 de Riach\u00e3o das Neves, deixou um dos motoristas feridos. Ao todo, quatro ve\u00edculos teriam se envolvido no acidente, que ocorreu na manh\u00e3 deste s\u00e1bado (10) na altura da entrada do assentamento Rio Branco.<\/p>\n<p>De acordo com informa\u00e7\u00f5es do Blog do Braga, depois que um ve\u00edculo Chevrolet\/Classic parou no meio da via para entrar na estrada vicinal que leva ao assentamento, um Fiat Doblo acabou colidiu na traseira de um Chery\/Tiggo. Depois, o fiat entrou na pista contr\u00e1ria e bateu em uma carreta.<\/p>\n<p>O motorista foi pelo Samu e encaminhado para o Hospital do Oeste, em Barreiras, mas ainda n\u00e3o h\u00e1 informa\u00e7\u00f5es sobre seu estado de sa\u00fade.<\/p>\n<\/div>\n<p>&nbsp;<\/p>\n<p>&nbsp;<\/p>\n<p>&nbsp;<\/p>\n<p>&nbsp;<\/p>\n<p>Bnews<\/p>\n","protected":false},"excerpt":{"rendered":"<p>&nbsp; Um acidente envolvendo dois carros e uma carreta, em um trecho da BR-135 de Riach\u00e3o das Neves, deixou um<\/p>\n","protected":false},"author":2,"featured_media":1442,"comment_status":"open","ping_status":"open","sticky":false,"template":"","format":"standard","meta":{"colormag_page_container_layout":"default_layout","colormag_page_sidebar_layout":"default_layout","_FSMCFIC_featured_image_caption":"","_FSMCFIC_featured_image_nocaption":"","_FSMCFIC_featured_image_hide":"","footnotes":""},"categories":[2,1],"tags":[],"class_list":["post-1440","post","type-post","status-publish","format-standard","has-post-thumbnail","hentry","category-noticias","category-ultimas"],"yoast_head":"<!-- This site is optimized with the Yoast SEO plugin v27.1.1 - https:\/\/yoast.com\/product\/yoast-seo-wordpress\/ -->\n<title>Acidente deixa motorista ferido no Oeste baiano - Brasil not\u00edcias<\/title>\n<meta name=\"robots\" content=\"index, follow, max-snippet:-1, max-image-preview:large, max-video-preview:-1\" \/>\n<link rel=\"canonical\" href=\"https:\/\/brasilnoticias.org\/site\/acidente-deixa-motorista-ferido-no-oeste-baiano\/\" \/>\n<meta property=\"og:locale\" content=\"pt_PT\" \/>\n<meta property=\"og:type\" content=\"article\" \/>\n<meta property=\"og:title\" content=\"Acidente deixa motorista ferido no Oeste baiano - Brasil not\u00edcias\" \/>\n<meta property=\"og:description\" content=\"&nbsp; Um acidente envolvendo dois carros e uma carreta, em um trecho da BR-135 de Riach\u00e3o das Neves, deixou um\" \/>\n<meta property=\"og:url\" content=\"https:\/\/brasilnoticias.org\/site\/acidente-deixa-motorista-ferido-no-oeste-baiano\/\" \/>\n<meta property=\"og:site_name\" content=\"Brasil not\u00edcias\" \/>\n<meta property=\"article:published_time\" content=\"2022-09-12T13:45:37+00:00\" \/>\n<meta property=\"article:modified_time\" content=\"2022-09-12T13:46:29+00:00\" \/>\n<meta property=\"og:image\" content=\"https:\/\/brasilnoticias.org\/site\/wp-content\/uploads\/2022\/09\/acidente_richao_widelg-1.jpg\" \/>\n\t<meta property=\"og:image:width\" content=\"800\" \/>\n\t<meta property=\"og:image:height\" content=\"450\" \/>\n\t<meta property=\"og:image:type\" content=\"image\/jpeg\" \/>\n<meta name=\"author\" content=\"Reda\u00e7\u00e3o\" \/>\n<meta name=\"twitter:card\" content=\"summary_large_image\" \/>\n<meta name=\"twitter:label1\" content=\"Escrito por\" \/>\n\t<meta name=\"twitter:data1\" content=\"Reda\u00e7\u00e3o\" \/>\n\t<meta name=\"twitter:label2\" content=\"Tempo estimado de leitura\" \/>\n\t<meta name=\"twitter:data2\" content=\"1 minuto\" \/>\n<script type=\"application\/ld+json\" class=\"yoast-schema-graph\">{\"@context\":\"https:\/\/schema.org\",\"@graph\":[{\"@type\":\"Article\",\"@id\":\"https:\/\/brasilnoticias.org\/site\/acidente-deixa-motorista-ferido-no-oeste-baiano\/#article\",\"isPartOf\":{\"@id\":\"https:\/\/brasilnoticias.org\/site\/acidente-deixa-motorista-ferido-no-oeste-baiano\/\"},\"author\":{\"name\":\"Reda\u00e7\u00e3o\",\"@id\":\"https:\/\/brasilnoticias.org\/site\/#\/schema\/person\/f609fa847b5314f1c8b983342f34c798\"},\"headline\":\"Acidente deixa motorista ferido no Oeste baiano\",\"datePublished\":\"2022-09-12T13:45:37+00:00\",\"dateModified\":\"2022-09-12T13:46:29+00:00\",\"mainEntityOfPage\":{\"@id\":\"https:\/\/brasilnoticias.org\/site\/acidente-deixa-motorista-ferido-no-oeste-baiano\/\"},\"wordCount\":142,\"commentCount\":0,\"publisher\":{\"@id\":\"https:\/\/brasilnoticias.org\/site\/#organization\"},\"image\":{\"@id\":\"https:\/\/brasilnoticias.org\/site\/acidente-deixa-motorista-ferido-no-oeste-baiano\/#primaryimage\"},\"thumbnailUrl\":\"https:\/\/brasilnoticias.org\/site\/wp-content\/uploads\/2022\/09\/acidente_richao_widelg-1.jpg\",\"articleSection\":[\"Not\u00edcias\",\"\u00daltimas\"],\"inLanguage\":\"pt-PT\",\"potentialAction\":[{\"@type\":\"CommentAction\",\"name\":\"Comment\",\"target\":[\"https:\/\/brasilnoticias.org\/site\/acidente-deixa-motorista-ferido-no-oeste-baiano\/#respond\"]}]},{\"@type\":\"WebPage\",\"@id\":\"https:\/\/brasilnoticias.org\/site\/acidente-deixa-motorista-ferido-no-oeste-baiano\/\",\"url\":\"https:\/\/brasilnoticias.org\/site\/acidente-deixa-motorista-ferido-no-oeste-baiano\/\",\"name\":\"Acidente deixa motorista ferido no Oeste baiano - Brasil not\u00edcias\",\"isPartOf\":{\"@id\":\"https:\/\/brasilnoticias.org\/site\/#website\"},\"primaryImageOfPage\":{\"@id\":\"https:\/\/brasilnoticias.org\/site\/acidente-deixa-motorista-ferido-no-oeste-baiano\/#primaryimage\"},\"image\":{\"@id\":\"https:\/\/brasilnoticias.org\/site\/acidente-deixa-motorista-ferido-no-oeste-baiano\/#primaryimage\"},\"thumbnailUrl\":\"https:\/\/brasilnoticias.org\/site\/wp-content\/uploads\/2022\/09\/acidente_richao_widelg-1.jpg\",\"datePublished\":\"2022-09-12T13:45:37+00:00\",\"dateModified\":\"2022-09-12T13:46:29+00:00\",\"breadcrumb\":{\"@id\":\"https:\/\/brasilnoticias.org\/site\/acidente-deixa-motorista-ferido-no-oeste-baiano\/#breadcrumb\"},\"inLanguage\":\"pt-PT\",\"potentialAction\":[{\"@type\":\"ReadAction\",\"target\":[\"https:\/\/brasilnoticias.org\/site\/acidente-deixa-motorista-ferido-no-oeste-baiano\/\"]}]},{\"@type\":\"ImageObject\",\"inLanguage\":\"pt-PT\",\"@id\":\"https:\/\/brasilnoticias.org\/site\/acidente-deixa-motorista-ferido-no-oeste-baiano\/#primaryimage\",\"url\":\"https:\/\/brasilnoticias.org\/site\/wp-content\/uploads\/2022\/09\/acidente_richao_widelg-1.jpg\",\"contentUrl\":\"https:\/\/brasilnoticias.org\/site\/wp-content\/uploads\/2022\/09\/acidente_richao_widelg-1.jpg\",\"width\":800,\"height\":450},{\"@type\":\"BreadcrumbList\",\"@id\":\"https:\/\/brasilnoticias.org\/site\/acidente-deixa-motorista-ferido-no-oeste-baiano\/#breadcrumb\",\"itemListElement\":[{\"@type\":\"ListItem\",\"position\":1,\"name\":\"In\u00edcio\",\"item\":\"https:\/\/brasilnoticias.org\/site\/\"},{\"@type\":\"ListItem\",\"position\":2,\"name\":\"Acidente deixa motorista ferido no Oeste baiano\"}]},{\"@type\":\"WebSite\",\"@id\":\"https:\/\/brasilnoticias.org\/site\/#website\",\"url\":\"https:\/\/brasilnoticias.org\/site\/\",\"name\":\"Brasil not\u00edcias\",\"description\":\"Brasil not\u00edcias\",\"publisher\":{\"@id\":\"https:\/\/brasilnoticias.org\/site\/#organization\"},\"potentialAction\":[{\"@type\":\"SearchAction\",\"target\":{\"@type\":\"EntryPoint\",\"urlTemplate\":\"https:\/\/brasilnoticias.org\/site\/?s={search_term_string}\"},\"query-input\":{\"@type\":\"PropertyValueSpecification\",\"valueRequired\":true,\"valueName\":\"search_term_string\"}}],\"inLanguage\":\"pt-PT\"},{\"@type\":\"Organization\",\"@id\":\"https:\/\/brasilnoticias.org\/site\/#organization\",\"name\":\"Brasil not\u00edcias\",\"url\":\"https:\/\/brasilnoticias.org\/site\/\",\"logo\":{\"@type\":\"ImageObject\",\"inLanguage\":\"pt-PT\",\"@id\":\"https:\/\/brasilnoticias.org\/site\/#\/schema\/logo\/image\/\",\"url\":\"https:\/\/brasilnoticias.org\/site\/wp-content\/uploads\/2022\/05\/cropped-brasilnoticias-mini.jpg\",\"contentUrl\":\"https:\/\/brasilnoticias.org\/site\/wp-content\/uploads\/2022\/05\/cropped-brasilnoticias-mini.jpg\",\"width\":314,\"height\":86,\"caption\":\"Brasil not\u00edcias\"},\"image\":{\"@id\":\"https:\/\/brasilnoticias.org\/site\/#\/schema\/logo\/image\/\"}},{\"@type\":\"Person\",\"@id\":\"https:\/\/brasilnoticias.org\/site\/#\/schema\/person\/f609fa847b5314f1c8b983342f34c798\",\"name\":\"Reda\u00e7\u00e3o\",\"image\":{\"@type\":\"ImageObject\",\"inLanguage\":\"pt-PT\",\"@id\":\"https:\/\/brasilnoticias.org\/site\/#\/schema\/person\/image\/\",\"url\":\"https:\/\/secure.gravatar.com\/avatar\/447284c06c1ad8b46465a36de9cd0d8326b73387a22799b8b1ffb1fbcff2ed0c?s=96&d=mm&r=g\",\"contentUrl\":\"https:\/\/secure.gravatar.com\/avatar\/447284c06c1ad8b46465a36de9cd0d8326b73387a22799b8b1ffb1fbcff2ed0c?s=96&d=mm&r=g\",\"caption\":\"Reda\u00e7\u00e3o\"},\"url\":\"https:\/\/brasilnoticias.org\/site\/author\/redacao\/\"}]}<\/script>\n<!-- \/ Yoast SEO plugin. -->","yoast_head_json":{"title":"Acidente deixa motorista ferido no Oeste baiano - Brasil not\u00edcias","robots":{"index":"index","follow":"follow","max-snippet":"max-snippet:-1","max-image-preview":"max-image-preview:large","max-video-preview":"max-video-preview:-1"},"canonical":"https:\/\/brasilnoticias.org\/site\/acidente-deixa-motorista-ferido-no-oeste-baiano\/","og_locale":"pt_PT","og_type":"article","og_title":"Acidente deixa motorista ferido no Oeste baiano - Brasil not\u00edcias","og_description":"&nbsp; Um acidente envolvendo dois carros e uma carreta, em um trecho da BR-135 de Riach\u00e3o das Neves, deixou um","og_url":"https:\/\/brasilnoticias.org\/site\/acidente-deixa-motorista-ferido-no-oeste-baiano\/","og_site_name":"Brasil not\u00edcias","article_published_time":"2022-09-12T13:45:37+00:00","article_modified_time":"2022-09-12T13:46:29+00:00","og_image":[{"width":800,"height":450,"url":"https:\/\/brasilnoticias.org\/site\/wp-content\/uploads\/2022\/09\/acidente_richao_widelg-1.jpg","type":"image\/jpeg"}],"author":"Reda\u00e7\u00e3o","twitter_card":"summary_large_image","twitter_misc":{"Escrito por":"Reda\u00e7\u00e3o","Tempo estimado de leitura":"1 minuto"},"schema":{"@context":"https:\/\/schema.org","@graph":[{"@type":"Article","@id":"https:\/\/brasilnoticias.org\/site\/acidente-deixa-motorista-ferido-no-oeste-baiano\/#article","isPartOf":{"@id":"https:\/\/brasilnoticias.org\/site\/acidente-deixa-motorista-ferido-no-oeste-baiano\/"},"author":{"name":"Reda\u00e7\u00e3o","@id":"https:\/\/brasilnoticias.org\/site\/#\/schema\/person\/f609fa847b5314f1c8b983342f34c798"},"headline":"Acidente deixa motorista ferido no Oeste baiano","datePublished":"2022-09-12T13:45:37+00:00","dateModified":"2022-09-12T13:46:29+00:00","mainEntityOfPage":{"@id":"https:\/\/brasilnoticias.org\/site\/acidente-deixa-motorista-ferido-no-oeste-baiano\/"},"wordCount":142,"commentCount":0,"publisher":{"@id":"https:\/\/brasilnoticias.org\/site\/#organization"},"image":{"@id":"https:\/\/brasilnoticias.org\/site\/acidente-deixa-motorista-ferido-no-oeste-baiano\/#primaryimage"},"thumbnailUrl":"https:\/\/brasilnoticias.org\/site\/wp-content\/uploads\/2022\/09\/acidente_richao_widelg-1.jpg","articleSection":["Not\u00edcias","\u00daltimas"],"inLanguage":"pt-PT","potentialAction":[{"@type":"CommentAction","name":"Comment","target":["https:\/\/brasilnoticias.org\/site\/acidente-deixa-motorista-ferido-no-oeste-baiano\/#respond"]}]},{"@type":"WebPage","@id":"https:\/\/brasilnoticias.org\/site\/acidente-deixa-motorista-ferido-no-oeste-baiano\/","url":"https:\/\/brasilnoticias.org\/site\/acidente-deixa-motorista-ferido-no-oeste-baiano\/","name":"Acidente deixa motorista ferido no Oeste baiano - Brasil not\u00edcias","isPartOf":{"@id":"https:\/\/brasilnoticias.org\/site\/#website"},"primaryImageOfPage":{"@id":"https:\/\/brasilnoticias.org\/site\/acidente-deixa-motorista-ferido-no-oeste-baiano\/#primaryimage"},"image":{"@id":"https:\/\/brasilnoticias.org\/site\/acidente-deixa-motorista-ferido-no-oeste-baiano\/#primaryimage"},"thumbnailUrl":"https:\/\/brasilnoticias.org\/site\/wp-content\/uploads\/2022\/09\/acidente_richao_widelg-1.jpg","datePublished":"2022-09-12T13:45:37+00:00","dateModified":"2022-09-12T13:46:29+00:00","breadcrumb":{"@id":"https:\/\/brasilnoticias.org\/site\/acidente-deixa-motorista-ferido-no-oeste-baiano\/#breadcrumb"},"inLanguage":"pt-PT","potentialAction":[{"@type":"ReadAction","target":["https:\/\/brasilnoticias.org\/site\/acidente-deixa-motorista-ferido-no-oeste-baiano\/"]}]},{"@type":"ImageObject","inLanguage":"pt-PT","@id":"https:\/\/brasilnoticias.org\/site\/acidente-deixa-motorista-ferido-no-oeste-baiano\/#primaryimage","url":"https:\/\/brasilnoticias.org\/site\/wp-content\/uploads\/2022\/09\/acidente_richao_widelg-1.jpg","contentUrl":"https:\/\/brasilnoticias.org\/site\/wp-content\/uploads\/2022\/09\/acidente_richao_widelg-1.jpg","width":800,"height":450},{"@type":"BreadcrumbList","@id":"https:\/\/brasilnoticias.org\/site\/acidente-deixa-motorista-ferido-no-oeste-baiano\/#breadcrumb","itemListElement":[{"@type":"ListItem","position":1,"name":"In\u00edcio","item":"https:\/\/brasilnoticias.org\/site\/"},{"@type":"ListItem","position":2,"name":"Acidente deixa motorista ferido no Oeste baiano"}]},{"@type":"WebSite","@id":"https:\/\/brasilnoticias.org\/site\/#website","url":"https:\/\/brasilnoticias.org\/site\/","name":"Brasil not\u00edcias","description":"Brasil not\u00edcias","publisher":{"@id":"https:\/\/brasilnoticias.org\/site\/#organization"},"potentialAction":[{"@type":"SearchAction","target":{"@type":"EntryPoint","urlTemplate":"https:\/\/brasilnoticias.org\/site\/?s={search_term_string}"},"query-input":{"@type":"PropertyValueSpecification","valueRequired":true,"valueName":"search_term_string"}}],"inLanguage":"pt-PT"},{"@type":"Organization","@id":"https:\/\/brasilnoticias.org\/site\/#organization","name":"Brasil not\u00edcias","url":"https:\/\/brasilnoticias.org\/site\/","logo":{"@type":"ImageObject","inLanguage":"pt-PT","@id":"https:\/\/brasilnoticias.org\/site\/#\/schema\/logo\/image\/","url":"https:\/\/brasilnoticias.org\/site\/wp-content\/uploads\/2022\/05\/cropped-brasilnoticias-mini.jpg","contentUrl":"https:\/\/brasilnoticias.org\/site\/wp-content\/uploads\/2022\/05\/cropped-brasilnoticias-mini.jpg","width":314,"height":86,"caption":"Brasil not\u00edcias"},"image":{"@id":"https:\/\/brasilnoticias.org\/site\/#\/schema\/logo\/image\/"}},{"@type":"Person","@id":"https:\/\/brasilnoticias.org\/site\/#\/schema\/person\/f609fa847b5314f1c8b983342f34c798","name":"Reda\u00e7\u00e3o","image":{"@type":"ImageObject","inLanguage":"pt-PT","@id":"https:\/\/brasilnoticias.org\/site\/#\/schema\/person\/image\/","url":"https:\/\/secure.gravatar.com\/avatar\/447284c06c1ad8b46465a36de9cd0d8326b73387a22799b8b1ffb1fbcff2ed0c?s=96&d=mm&r=g","contentUrl":"https:\/\/secure.gravatar.com\/avatar\/447284c06c1ad8b46465a36de9cd0d8326b73387a22799b8b1ffb1fbcff2ed0c?s=96&d=mm&r=g","caption":"Reda\u00e7\u00e3o"},"url":"https:\/\/brasilnoticias.org\/site\/author\/redacao\/"}]}},"_links":{"self":[{"href":"https:\/\/brasilnoticias.org\/site\/wp-json\/wp\/v2\/posts\/1440","targetHints":{"allow":["GET"]}}],"collection":[{"href":"https:\/\/brasilnoticias.org\/site\/wp-json\/wp\/v2\/posts"}],"about":[{"href":"https:\/\/brasilnoticias.org\/site\/wp-json\/wp\/v2\/types\/post"}],"author":[{"embeddable":true,"href":"https:\/\/brasilnoticias.org\/site\/wp-json\/wp\/v2\/users\/2"}],"replies":[{"embeddable":true,"href":"https:\/\/brasilnoticias.org\/site\/wp-json\/wp\/v2\/comments?post=1440"}],"version-history":[{"count":2,"href":"https:\/\/brasilnoticias.org\/site\/wp-json\/wp\/v2\/posts\/1440\/revisions"}],"predecessor-version":[{"id":1444,"href":"https:\/\/brasilnoticias.org\/site\/wp-json\/wp\/v2\/posts\/1440\/revisions\/1444"}],"wp:featuredmedia":[{"embeddable":true,"href":"https:\/\/brasilnoticias.org\/site\/wp-json\/wp\/v2\/media\/1442"}],"wp:attachment":[{"href":"https:\/\/brasilnoticias.org\/site\/wp-json\/wp\/v2\/media?parent=1440"}],"wp:term":[{"taxonomy":"category","embeddable":true,"href":"https:\/\/brasilnoticias.org\/site\/wp-json\/wp\/v2\/categories?post=1440"},{"taxonomy":"post_tag","embeddable":true,"href":"https:\/\/brasilnoticias.org\/site\/wp-json\/wp\/v2\/tags?post=1440"}],"curies":[{"name":"wp","href":"https:\/\/api.w.org\/{rel}","templated":true}]}}