{"id":14402,"date":"2024-06-03T15:48:25","date_gmt":"2024-06-03T18:48:25","guid":{"rendered":"https:\/\/brasilnoticias.org\/site\/?p=14402"},"modified":"2024-06-03T15:48:25","modified_gmt":"2024-06-03T18:48:25","slug":"com-63-milhoes-de-casos-provaveis-brasil-lidera-ranking-de-dengue","status":"publish","type":"post","link":"https:\/\/brasilnoticias.org\/site\/com-63-milhoes-de-casos-provaveis-brasil-lidera-ranking-de-dengue\/","title":{"rendered":"Com 6,3 milh\u00f5es de casos prov\u00e1veis, Brasil lidera ranking de dengue"},"content":{"rendered":"<p>Os dados s\u00e3o da Organiza\u00e7\u00e3o Mundial da Sa\u00fade (OMS), que j\u00e1 contabiliza este ano um total de 7,6 milh\u00f5es de casos prov\u00e1veis de dengue em todo o mundo<\/p>\n<p>Com quase 6,3 milh\u00f5es de casos prov\u00e1veis de dengue, sendo mais de 3 milh\u00f5es confirmados em laborat\u00f3rio, o Brasil ocupa o primeiro lugar no ranking de pa\u00edses com maior n\u00famero de notifica\u00e7\u00f5es da doen\u00e7a em 2024. Em seguida est\u00e3o Argentina, com 420 mil casos prov\u00e1veis; Paraguai, com 257 mil casos prov\u00e1veis; e Peru, com quase 200 mil casos prov\u00e1veis.<\/p>\n<p>Os dados s\u00e3o da Organiza\u00e7\u00e3o Mundial da Sa\u00fade (OMS), que j\u00e1 contabiliza este ano um total de 7,6 milh\u00f5es de casos prov\u00e1veis de dengue em todo o mundo, sendo 3,4 milh\u00f5es confirmados em laborat\u00f3rio. O painel de monitoramento da entidade aponta ainda mais de 3 mil mortes provocadas pela doen\u00e7a. Atualmente, 90 pa\u00edses registram transmiss\u00e3o ativa de dengue.<\/p>\n<p>\u201cEmbora um aumento substancial de casos de dengue tenha sido relatado globalmente nos \u00faltimos cinco anos, esse aumento foi particularmente pronunciado na regi\u00e3o das Am\u00e9ricas, onde o n\u00famero de casos ultrapassou 7 milh\u00f5es no final de abril, ultrapassando os 4,6 milh\u00f5es de casos registrados em todo o ano de 2023\u201d, destacou a OMS.<\/p>\n<p>A entidade alerta ainda que todos os quatro sorotipos de dengue foram detectados nas Am\u00e9ricas este ano. Segundo a OMS, pelo menos seis pa\u00edses da regi\u00e3o \u2013 Brasil, Costa Rica, Guatemala, Honduras, M\u00e9xico e Panam\u00e1 \u2013 j\u00e1 reportaram casos de circula\u00e7\u00e3o simult\u00e2nea de todos os quatro sorotipos.<\/p>\n<p>\u201cAl\u00e9m disso, muitos pa\u00edses end\u00eamicos n\u00e3o disp\u00f5em de mecanismos robustos de detec\u00e7\u00e3o e notifica\u00e7\u00e3o, o que faz com que o verdadeiro fardo da dengue a n\u00edvel mundial seja subestimado. Para controlar a transmiss\u00e3o de forma mais eficaz, \u00e9 necess\u00e1ria uma vigil\u00e2ncia robusta da dengue em tempo real\u201d.<\/p>\n<p>Foto: Ag\u00eancia Brasil<br \/>\nAratu On<\/p>\n","protected":false},"excerpt":{"rendered":"<p>Os dados s\u00e3o da Organiza\u00e7\u00e3o Mundial da Sa\u00fade (OMS), que j\u00e1 contabiliza este ano um total de 7,6 milh\u00f5es de<\/p>\n","protected":false},"author":4,"featured_media":14403,"comment_status":"open","ping_status":"open","sticky":false,"template":"","format":"standard","meta":{"colormag_page_container_layout":"default_layout","colormag_page_sidebar_layout":"default_layout","_FSMCFIC_featured_image_caption":"","_FSMCFIC_featured_image_nocaption":"","_FSMCFIC_featured_image_hide":"","footnotes":""},"categories":[2,1],"tags":[],"class_list":["post-14402","post","type-post","status-publish","format-standard","has-post-thumbnail","hentry","category-noticias","category-ultimas"],"yoast_head":"<!-- This site is optimized with the Yoast SEO plugin v27.1.1 - https:\/\/yoast.com\/product\/yoast-seo-wordpress\/ -->\n<title>Com 6,3 milh\u00f5es de casos prov\u00e1veis, Brasil lidera ranking de dengue - Brasil not\u00edcias<\/title>\n<meta name=\"robots\" content=\"index, follow, max-snippet:-1, max-image-preview:large, max-video-preview:-1\" \/>\n<link rel=\"canonical\" href=\"https:\/\/brasilnoticias.org\/site\/com-63-milhoes-de-casos-provaveis-brasil-lidera-ranking-de-dengue\/\" \/>\n<meta property=\"og:locale\" content=\"pt_PT\" \/>\n<meta property=\"og:type\" content=\"article\" \/>\n<meta property=\"og:title\" content=\"Com 6,3 milh\u00f5es de casos prov\u00e1veis, Brasil lidera ranking de dengue - Brasil not\u00edcias\" \/>\n<meta property=\"og:description\" content=\"Os dados s\u00e3o da Organiza\u00e7\u00e3o Mundial da Sa\u00fade (OMS), que j\u00e1 contabiliza este ano um total de 7,6 milh\u00f5es de\" \/>\n<meta property=\"og:url\" content=\"https:\/\/brasilnoticias.org\/site\/com-63-milhoes-de-casos-provaveis-brasil-lidera-ranking-de-dengue\/\" \/>\n<meta property=\"og:site_name\" content=\"Brasil not\u00edcias\" \/>\n<meta property=\"article:published_time\" content=\"2024-06-03T18:48:25+00:00\" \/>\n<meta property=\"og:image\" content=\"https:\/\/brasilnoticias.org\/site\/wp-content\/uploads\/2024\/06\/mosquito-da-dengue-960x500-1.jpg\" \/>\n\t<meta property=\"og:image:width\" content=\"960\" \/>\n\t<meta property=\"og:image:height\" content=\"500\" \/>\n\t<meta property=\"og:image:type\" content=\"image\/jpeg\" \/>\n<meta name=\"author\" content=\"Reda\u00e7\u00e3o\" \/>\n<meta name=\"twitter:card\" content=\"summary_large_image\" \/>\n<meta name=\"twitter:label1\" content=\"Escrito por\" \/>\n\t<meta name=\"twitter:data1\" content=\"Reda\u00e7\u00e3o\" \/>\n\t<meta name=\"twitter:label2\" content=\"Tempo estimado de leitura\" \/>\n\t<meta name=\"twitter:data2\" content=\"1 minuto\" \/>\n<script type=\"application\/ld+json\" class=\"yoast-schema-graph\">{\"@context\":\"https:\/\/schema.org\",\"@graph\":[{\"@type\":\"Article\",\"@id\":\"https:\/\/brasilnoticias.org\/site\/com-63-milhoes-de-casos-provaveis-brasil-lidera-ranking-de-dengue\/#article\",\"isPartOf\":{\"@id\":\"https:\/\/brasilnoticias.org\/site\/com-63-milhoes-de-casos-provaveis-brasil-lidera-ranking-de-dengue\/\"},\"author\":{\"name\":\"Reda\u00e7\u00e3o\",\"@id\":\"https:\/\/brasilnoticias.org\/site\/#\/schema\/person\/03bbbfe6c7634ad18c26444ea39049fa\"},\"headline\":\"Com 6,3 milh\u00f5es de casos prov\u00e1veis, Brasil lidera ranking de dengue\",\"datePublished\":\"2024-06-03T18:48:25+00:00\",\"mainEntityOfPage\":{\"@id\":\"https:\/\/brasilnoticias.org\/site\/com-63-milhoes-de-casos-provaveis-brasil-lidera-ranking-de-dengue\/\"},\"wordCount\":342,\"commentCount\":0,\"publisher\":{\"@id\":\"https:\/\/brasilnoticias.org\/site\/#organization\"},\"image\":{\"@id\":\"https:\/\/brasilnoticias.org\/site\/com-63-milhoes-de-casos-provaveis-brasil-lidera-ranking-de-dengue\/#primaryimage\"},\"thumbnailUrl\":\"https:\/\/brasilnoticias.org\/site\/wp-content\/uploads\/2024\/06\/mosquito-da-dengue-960x500-1.jpg\",\"articleSection\":[\"Not\u00edcias\",\"\u00daltimas\"],\"inLanguage\":\"pt-PT\",\"potentialAction\":[{\"@type\":\"CommentAction\",\"name\":\"Comment\",\"target\":[\"https:\/\/brasilnoticias.org\/site\/com-63-milhoes-de-casos-provaveis-brasil-lidera-ranking-de-dengue\/#respond\"]}]},{\"@type\":\"WebPage\",\"@id\":\"https:\/\/brasilnoticias.org\/site\/com-63-milhoes-de-casos-provaveis-brasil-lidera-ranking-de-dengue\/\",\"url\":\"https:\/\/brasilnoticias.org\/site\/com-63-milhoes-de-casos-provaveis-brasil-lidera-ranking-de-dengue\/\",\"name\":\"Com 6,3 milh\u00f5es de casos prov\u00e1veis, Brasil lidera ranking de dengue - Brasil not\u00edcias\",\"isPartOf\":{\"@id\":\"https:\/\/brasilnoticias.org\/site\/#website\"},\"primaryImageOfPage\":{\"@id\":\"https:\/\/brasilnoticias.org\/site\/com-63-milhoes-de-casos-provaveis-brasil-lidera-ranking-de-dengue\/#primaryimage\"},\"image\":{\"@id\":\"https:\/\/brasilnoticias.org\/site\/com-63-milhoes-de-casos-provaveis-brasil-lidera-ranking-de-dengue\/#primaryimage\"},\"thumbnailUrl\":\"https:\/\/brasilnoticias.org\/site\/wp-content\/uploads\/2024\/06\/mosquito-da-dengue-960x500-1.jpg\",\"datePublished\":\"2024-06-03T18:48:25+00:00\",\"breadcrumb\":{\"@id\":\"https:\/\/brasilnoticias.org\/site\/com-63-milhoes-de-casos-provaveis-brasil-lidera-ranking-de-dengue\/#breadcrumb\"},\"inLanguage\":\"pt-PT\",\"potentialAction\":[{\"@type\":\"ReadAction\",\"target\":[\"https:\/\/brasilnoticias.org\/site\/com-63-milhoes-de-casos-provaveis-brasil-lidera-ranking-de-dengue\/\"]}]},{\"@type\":\"ImageObject\",\"inLanguage\":\"pt-PT\",\"@id\":\"https:\/\/brasilnoticias.org\/site\/com-63-milhoes-de-casos-provaveis-brasil-lidera-ranking-de-dengue\/#primaryimage\",\"url\":\"https:\/\/brasilnoticias.org\/site\/wp-content\/uploads\/2024\/06\/mosquito-da-dengue-960x500-1.jpg\",\"contentUrl\":\"https:\/\/brasilnoticias.org\/site\/wp-content\/uploads\/2024\/06\/mosquito-da-dengue-960x500-1.jpg\",\"width\":960,\"height\":500},{\"@type\":\"BreadcrumbList\",\"@id\":\"https:\/\/brasilnoticias.org\/site\/com-63-milhoes-de-casos-provaveis-brasil-lidera-ranking-de-dengue\/#breadcrumb\",\"itemListElement\":[{\"@type\":\"ListItem\",\"position\":1,\"name\":\"In\u00edcio\",\"item\":\"https:\/\/brasilnoticias.org\/site\/\"},{\"@type\":\"ListItem\",\"position\":2,\"name\":\"Com 6,3 milh\u00f5es de casos prov\u00e1veis, Brasil lidera ranking de dengue\"}]},{\"@type\":\"WebSite\",\"@id\":\"https:\/\/brasilnoticias.org\/site\/#website\",\"url\":\"https:\/\/brasilnoticias.org\/site\/\",\"name\":\"Brasil not\u00edcias\",\"description\":\"Brasil not\u00edcias\",\"publisher\":{\"@id\":\"https:\/\/brasilnoticias.org\/site\/#organization\"},\"potentialAction\":[{\"@type\":\"SearchAction\",\"target\":{\"@type\":\"EntryPoint\",\"urlTemplate\":\"https:\/\/brasilnoticias.org\/site\/?s={search_term_string}\"},\"query-input\":{\"@type\":\"PropertyValueSpecification\",\"valueRequired\":true,\"valueName\":\"search_term_string\"}}],\"inLanguage\":\"pt-PT\"},{\"@type\":\"Organization\",\"@id\":\"https:\/\/brasilnoticias.org\/site\/#organization\",\"name\":\"Brasil not\u00edcias\",\"url\":\"https:\/\/brasilnoticias.org\/site\/\",\"logo\":{\"@type\":\"ImageObject\",\"inLanguage\":\"pt-PT\",\"@id\":\"https:\/\/brasilnoticias.org\/site\/#\/schema\/logo\/image\/\",\"url\":\"https:\/\/brasilnoticias.org\/site\/wp-content\/uploads\/2022\/05\/cropped-brasilnoticias-mini.jpg\",\"contentUrl\":\"https:\/\/brasilnoticias.org\/site\/wp-content\/uploads\/2022\/05\/cropped-brasilnoticias-mini.jpg\",\"width\":314,\"height\":86,\"caption\":\"Brasil not\u00edcias\"},\"image\":{\"@id\":\"https:\/\/brasilnoticias.org\/site\/#\/schema\/logo\/image\/\"}},{\"@type\":\"Person\",\"@id\":\"https:\/\/brasilnoticias.org\/site\/#\/schema\/person\/03bbbfe6c7634ad18c26444ea39049fa\",\"name\":\"Reda\u00e7\u00e3o\",\"image\":{\"@type\":\"ImageObject\",\"inLanguage\":\"pt-PT\",\"@id\":\"https:\/\/brasilnoticias.org\/site\/#\/schema\/person\/image\/\",\"url\":\"https:\/\/secure.gravatar.com\/avatar\/9ecaf7327a696cb23ad926fedded5f1f04d7049de9e445375d55b48c001a6e42?s=96&d=mm&r=g\",\"contentUrl\":\"https:\/\/secure.gravatar.com\/avatar\/9ecaf7327a696cb23ad926fedded5f1f04d7049de9e445375d55b48c001a6e42?s=96&d=mm&r=g\",\"caption\":\"Reda\u00e7\u00e3o\"},\"url\":\"https:\/\/brasilnoticias.org\/site\/author\/henrique\/\"}]}<\/script>\n<!-- \/ Yoast SEO plugin. -->","yoast_head_json":{"title":"Com 6,3 milh\u00f5es de casos prov\u00e1veis, Brasil lidera ranking de dengue - Brasil not\u00edcias","robots":{"index":"index","follow":"follow","max-snippet":"max-snippet:-1","max-image-preview":"max-image-preview:large","max-video-preview":"max-video-preview:-1"},"canonical":"https:\/\/brasilnoticias.org\/site\/com-63-milhoes-de-casos-provaveis-brasil-lidera-ranking-de-dengue\/","og_locale":"pt_PT","og_type":"article","og_title":"Com 6,3 milh\u00f5es de casos prov\u00e1veis, Brasil lidera ranking de dengue - Brasil not\u00edcias","og_description":"Os dados s\u00e3o da Organiza\u00e7\u00e3o Mundial da Sa\u00fade (OMS), que j\u00e1 contabiliza este ano um total de 7,6 milh\u00f5es de","og_url":"https:\/\/brasilnoticias.org\/site\/com-63-milhoes-de-casos-provaveis-brasil-lidera-ranking-de-dengue\/","og_site_name":"Brasil not\u00edcias","article_published_time":"2024-06-03T18:48:25+00:00","og_image":[{"width":960,"height":500,"url":"https:\/\/brasilnoticias.org\/site\/wp-content\/uploads\/2024\/06\/mosquito-da-dengue-960x500-1.jpg","type":"image\/jpeg"}],"author":"Reda\u00e7\u00e3o","twitter_card":"summary_large_image","twitter_misc":{"Escrito por":"Reda\u00e7\u00e3o","Tempo estimado de leitura":"1 minuto"},"schema":{"@context":"https:\/\/schema.org","@graph":[{"@type":"Article","@id":"https:\/\/brasilnoticias.org\/site\/com-63-milhoes-de-casos-provaveis-brasil-lidera-ranking-de-dengue\/#article","isPartOf":{"@id":"https:\/\/brasilnoticias.org\/site\/com-63-milhoes-de-casos-provaveis-brasil-lidera-ranking-de-dengue\/"},"author":{"name":"Reda\u00e7\u00e3o","@id":"https:\/\/brasilnoticias.org\/site\/#\/schema\/person\/03bbbfe6c7634ad18c26444ea39049fa"},"headline":"Com 6,3 milh\u00f5es de casos prov\u00e1veis, Brasil lidera ranking de dengue","datePublished":"2024-06-03T18:48:25+00:00","mainEntityOfPage":{"@id":"https:\/\/brasilnoticias.org\/site\/com-63-milhoes-de-casos-provaveis-brasil-lidera-ranking-de-dengue\/"},"wordCount":342,"commentCount":0,"publisher":{"@id":"https:\/\/brasilnoticias.org\/site\/#organization"},"image":{"@id":"https:\/\/brasilnoticias.org\/site\/com-63-milhoes-de-casos-provaveis-brasil-lidera-ranking-de-dengue\/#primaryimage"},"thumbnailUrl":"https:\/\/brasilnoticias.org\/site\/wp-content\/uploads\/2024\/06\/mosquito-da-dengue-960x500-1.jpg","articleSection":["Not\u00edcias","\u00daltimas"],"inLanguage":"pt-PT","potentialAction":[{"@type":"CommentAction","name":"Comment","target":["https:\/\/brasilnoticias.org\/site\/com-63-milhoes-de-casos-provaveis-brasil-lidera-ranking-de-dengue\/#respond"]}]},{"@type":"WebPage","@id":"https:\/\/brasilnoticias.org\/site\/com-63-milhoes-de-casos-provaveis-brasil-lidera-ranking-de-dengue\/","url":"https:\/\/brasilnoticias.org\/site\/com-63-milhoes-de-casos-provaveis-brasil-lidera-ranking-de-dengue\/","name":"Com 6,3 milh\u00f5es de casos prov\u00e1veis, Brasil lidera ranking de dengue - Brasil not\u00edcias","isPartOf":{"@id":"https:\/\/brasilnoticias.org\/site\/#website"},"primaryImageOfPage":{"@id":"https:\/\/brasilnoticias.org\/site\/com-63-milhoes-de-casos-provaveis-brasil-lidera-ranking-de-dengue\/#primaryimage"},"image":{"@id":"https:\/\/brasilnoticias.org\/site\/com-63-milhoes-de-casos-provaveis-brasil-lidera-ranking-de-dengue\/#primaryimage"},"thumbnailUrl":"https:\/\/brasilnoticias.org\/site\/wp-content\/uploads\/2024\/06\/mosquito-da-dengue-960x500-1.jpg","datePublished":"2024-06-03T18:48:25+00:00","breadcrumb":{"@id":"https:\/\/brasilnoticias.org\/site\/com-63-milhoes-de-casos-provaveis-brasil-lidera-ranking-de-dengue\/#breadcrumb"},"inLanguage":"pt-PT","potentialAction":[{"@type":"ReadAction","target":["https:\/\/brasilnoticias.org\/site\/com-63-milhoes-de-casos-provaveis-brasil-lidera-ranking-de-dengue\/"]}]},{"@type":"ImageObject","inLanguage":"pt-PT","@id":"https:\/\/brasilnoticias.org\/site\/com-63-milhoes-de-casos-provaveis-brasil-lidera-ranking-de-dengue\/#primaryimage","url":"https:\/\/brasilnoticias.org\/site\/wp-content\/uploads\/2024\/06\/mosquito-da-dengue-960x500-1.jpg","contentUrl":"https:\/\/brasilnoticias.org\/site\/wp-content\/uploads\/2024\/06\/mosquito-da-dengue-960x500-1.jpg","width":960,"height":500},{"@type":"BreadcrumbList","@id":"https:\/\/brasilnoticias.org\/site\/com-63-milhoes-de-casos-provaveis-brasil-lidera-ranking-de-dengue\/#breadcrumb","itemListElement":[{"@type":"ListItem","position":1,"name":"In\u00edcio","item":"https:\/\/brasilnoticias.org\/site\/"},{"@type":"ListItem","position":2,"name":"Com 6,3 milh\u00f5es de casos prov\u00e1veis, Brasil lidera ranking de dengue"}]},{"@type":"WebSite","@id":"https:\/\/brasilnoticias.org\/site\/#website","url":"https:\/\/brasilnoticias.org\/site\/","name":"Brasil not\u00edcias","description":"Brasil not\u00edcias","publisher":{"@id":"https:\/\/brasilnoticias.org\/site\/#organization"},"potentialAction":[{"@type":"SearchAction","target":{"@type":"EntryPoint","urlTemplate":"https:\/\/brasilnoticias.org\/site\/?s={search_term_string}"},"query-input":{"@type":"PropertyValueSpecification","valueRequired":true,"valueName":"search_term_string"}}],"inLanguage":"pt-PT"},{"@type":"Organization","@id":"https:\/\/brasilnoticias.org\/site\/#organization","name":"Brasil not\u00edcias","url":"https:\/\/brasilnoticias.org\/site\/","logo":{"@type":"ImageObject","inLanguage":"pt-PT","@id":"https:\/\/brasilnoticias.org\/site\/#\/schema\/logo\/image\/","url":"https:\/\/brasilnoticias.org\/site\/wp-content\/uploads\/2022\/05\/cropped-brasilnoticias-mini.jpg","contentUrl":"https:\/\/brasilnoticias.org\/site\/wp-content\/uploads\/2022\/05\/cropped-brasilnoticias-mini.jpg","width":314,"height":86,"caption":"Brasil not\u00edcias"},"image":{"@id":"https:\/\/brasilnoticias.org\/site\/#\/schema\/logo\/image\/"}},{"@type":"Person","@id":"https:\/\/brasilnoticias.org\/site\/#\/schema\/person\/03bbbfe6c7634ad18c26444ea39049fa","name":"Reda\u00e7\u00e3o","image":{"@type":"ImageObject","inLanguage":"pt-PT","@id":"https:\/\/brasilnoticias.org\/site\/#\/schema\/person\/image\/","url":"https:\/\/secure.gravatar.com\/avatar\/9ecaf7327a696cb23ad926fedded5f1f04d7049de9e445375d55b48c001a6e42?s=96&d=mm&r=g","contentUrl":"https:\/\/secure.gravatar.com\/avatar\/9ecaf7327a696cb23ad926fedded5f1f04d7049de9e445375d55b48c001a6e42?s=96&d=mm&r=g","caption":"Reda\u00e7\u00e3o"},"url":"https:\/\/brasilnoticias.org\/site\/author\/henrique\/"}]}},"_links":{"self":[{"href":"https:\/\/brasilnoticias.org\/site\/wp-json\/wp\/v2\/posts\/14402","targetHints":{"allow":["GET"]}}],"collection":[{"href":"https:\/\/brasilnoticias.org\/site\/wp-json\/wp\/v2\/posts"}],"about":[{"href":"https:\/\/brasilnoticias.org\/site\/wp-json\/wp\/v2\/types\/post"}],"author":[{"embeddable":true,"href":"https:\/\/brasilnoticias.org\/site\/wp-json\/wp\/v2\/users\/4"}],"replies":[{"embeddable":true,"href":"https:\/\/brasilnoticias.org\/site\/wp-json\/wp\/v2\/comments?post=14402"}],"version-history":[{"count":1,"href":"https:\/\/brasilnoticias.org\/site\/wp-json\/wp\/v2\/posts\/14402\/revisions"}],"predecessor-version":[{"id":14404,"href":"https:\/\/brasilnoticias.org\/site\/wp-json\/wp\/v2\/posts\/14402\/revisions\/14404"}],"wp:featuredmedia":[{"embeddable":true,"href":"https:\/\/brasilnoticias.org\/site\/wp-json\/wp\/v2\/media\/14403"}],"wp:attachment":[{"href":"https:\/\/brasilnoticias.org\/site\/wp-json\/wp\/v2\/media?parent=14402"}],"wp:term":[{"taxonomy":"category","embeddable":true,"href":"https:\/\/brasilnoticias.org\/site\/wp-json\/wp\/v2\/categories?post=14402"},{"taxonomy":"post_tag","embeddable":true,"href":"https:\/\/brasilnoticias.org\/site\/wp-json\/wp\/v2\/tags?post=14402"}],"curies":[{"name":"wp","href":"https:\/\/api.w.org\/{rel}","templated":true}]}}