{"id":14405,"date":"2024-06-03T15:51:01","date_gmt":"2024-06-03T18:51:01","guid":{"rendered":"https:\/\/brasilnoticias.org\/site\/?p=14405"},"modified":"2024-06-03T15:51:01","modified_gmt":"2024-06-03T18:51:01","slug":"claudia-sheinbaum-e-eleita-primeira-presidente-mulher-do-mexico","status":"publish","type":"post","link":"https:\/\/brasilnoticias.org\/site\/claudia-sheinbaum-e-eleita-primeira-presidente-mulher-do-mexico\/","title":{"rendered":"Claudia Sheinbaum \u00e9 eleita primeira presidente mulher do M\u00e9xico"},"content":{"rendered":"<p>Comiss\u00e3o Eleitoral apontou que pol\u00edtica recebeu entre 58,3% e 60,7% dos votos; vit\u00f3ria foi comemorada pelo atual l\u00edder do pa\u00eds<\/p>\n<p>Claudia Sheinbaum, da coliga\u00e7\u00e3o Sigamos Haciendo Historia (centro-esquerda), foi eleita a primeira mulher presidente do M\u00e9xico. Segundo proje\u00e7\u00e3o da Comiss\u00e3o Eleitoral, divulgada nesta segunda-feira (3\/6), a pol\u00edtica obteve entre 58,3% e 60,7% dos votos, derrotando os advers\u00e1rios X\u00f3chitl G\u00e1lvez (26%) e Jorge \u00c1lvarez M\u00e1ynez (9%).<\/p>\n<p>O resultado confirma as proje\u00e7\u00f5es anteriores, que apontavam Sheinbaum como favorita nas elei\u00e7\u00f5es. Agora, o M\u00e9xico se junta a uma lista de 11 na\u00e7\u00f5es latino-americanas que s\u00e3o ou j\u00e1 foram governadas por mulheres: Argentina, Bol\u00edvia, Brasil, Chile, Costa Rica, Equador, El Salvador, Haiti, Honduras, Nicar\u00e1gua e Panam\u00e1.<\/p>\n<p>Pelas redes sociais, Sheinbaum fez um discurso de vit\u00f3ria, agradecendo aos eleitores pelo apoio e informando que foi parabenizada pelos concorrentes.<\/p>\n<p>\u201cPela primeira vez em 200 anos de Rep\u00fablica, haver\u00e1 uma mulher presidente e ela ser\u00e1 transformadora. Quero agradecer aos milh\u00f5es de homens e mulheres mexicanos que decidiram votar em n\u00f3s nesta jornada hist\u00f3rica\u201d, disse Sheinbaum. \u201cEspero trabalhar na constru\u00e7\u00e3o da paz e em um M\u00e9xico diverso e democr\u00e1tico\u201d, acrescentou.<\/p>\n<blockquote class=\"twitter-tweet\" data-media-max-width=\"560\">\n<p lang=\"es\" dir=\"ltr\">Por primera vez en 200 a\u00f1os de la Rep\u00fablica, habr\u00e1 una mujer presidenta y ser\u00e1 transformadora. Gracias a todas y todos los mexicanos. Hoy demostramos con nuestro voto que somos un pueblo democr\u00e1tico. Les invito a seguir la transmisi\u00f3n.<a href=\"https:\/\/twitter.com\/hashtag\/EnVivo?src=hash&amp;ref_src=twsrc%5Etfw\">#EnVivo<\/a> <a href=\"https:\/\/t.co\/kjKUkFOQnf\">https:\/\/t.co\/kjKUkFOQnf<\/a><\/p>\n<p>&mdash; Dra. Claudia Sheinbaum (@Claudiashein) <a href=\"https:\/\/twitter.com\/Claudiashein\/status\/1797513035399196969?ref_src=twsrc%5Etfw\">June 3, 2024<\/a><\/p><\/blockquote>\n<p> <script async src=\"https:\/\/platform.twitter.com\/widgets.js\" charset=\"utf-8\"><\/script><\/p>\n<p>O atual presidente do M\u00e9xico e aliado de Sheinbaum, Andr\u00e9s Manuel L\u00f3pez Obrador, tamb\u00e9m parabenizou a pol\u00edtica pela vit\u00f3ria, dizendo que ela pode ser a presidente mais votada em toda a hist\u00f3ria do pa\u00eds. Isso porque, com 58,3% dos votos, Sheinbaum supera os 54,7% dos votos recebidos pelo l\u00edder no pleito de 2018.<\/p>\n<p>\u201cParabenizo Claudia Sheinbaum, que triunfou por uma grande margem. Ela ser\u00e1 a primeira mulher presidente do M\u00e9xico em 200 anos. E ela tamb\u00e9m pode ser a presidente mais votada em toda a hist\u00f3ria do nosso pa\u00eds. Parab\u00e9ns a todos n\u00f3s que temos a alegria de viver nestes tempos estelares de orgulho e transforma\u00e7\u00e3o\u201d, disse L\u00f3pez Obrador.<\/p>\n<p>Cerca de 100 milh\u00f5es de mexicanos compareceram \u00e0s urnas no domingo (2). Al\u00e9m do presidente, os moradores tiveram a chance de escolher os pr\u00f3ximos nomes para os cargos de senadores e deputados, assim como o novo prefeito da Cidade do M\u00e9xico e de outros oito governos. Ao todo, mais de 20 mil cargos entraram em vota\u00e7\u00e3o.<\/p>\n<p>VIOL\u00caNCIA NAS ELEI\u00c7\u00d5ES<\/p>\n<p>As elei\u00e7\u00f5es no M\u00e9xico este ano foram marcadas pela viol\u00eancia. O candidato a vereador Israel Delgado Vega foi morto a tiros por dois homens em uma moto poucas horas antes do in\u00edcio da vota\u00e7\u00e3o, causando medo na pequena cidade de Cuitzeo. Al\u00e9m dele, outros 37 candidatos foram assassinados durante a campanha eleitoral.<\/p>\n<p>Em meio ao cen\u00e1rio, L\u00f3pez Obrador prometeu reduzir a viol\u00eancia no pa\u00eds enquanto ocupar o cargo de presidente. Ele empregou uma estrat\u00e9gia conhecida como \u201cabra\u00e7os e n\u00e3o balas\u201d, com foco em n\u00e3o enfrentar cart\u00e9is, mas abordar os principais problemas sociais que alimentam o recrutamento de integrantes aos grupos criminosos, como a pobreza.<\/p>\n<p>DESAFIOS DA NOVA GEST\u00c3O<\/p>\n<p>Al\u00e9m da viol\u00eancia e do conflito com cart\u00e9is, Sheinbaum enfrentar\u00e1 uma s\u00e9rie de desafios ao assumir o cargo de presidente. Entre eles est\u00e1 o setor econ\u00f4mico, no qual a alta taxa de c\u00e2mbio em rela\u00e7\u00e3o ao d\u00f3lar vem prejudicando os exportadores mexicanos. A alta taxa de juros, que sustenta a moeda, tamb\u00e9m vem sufocando o crescimento econ\u00f4mico.<\/p>\n<p>Outro ponto \u00e9 a escassez de \u00e1gua e energia, provocada pela seca prolongada no pa\u00eds. O clima quente e abafado tamb\u00e9m est\u00e1 aumentando os inc\u00eandios florestais, fazendo, at\u00e9 mesmo, com que macacos caiam mortos das \u00e1rvores.<\/p>\n<p>A petrol\u00edfera estatal mexicana tamb\u00e9m ser\u00e1 um desafio, j\u00e1 que continua funcionando sob uma montanha de d\u00edvidas. O novo projeto de L\u00f3pez Obrador visando uma nova refinaria de petr\u00f3leo ainda n\u00e3o foi colocado em pr\u00e1tica, enquanto muitos de seus outros projetos de infraestrutura est\u00e3o inacabados, acima do or\u00e7amento e improv\u00e1veis de gerar lucro.<\/p>\n<p>Foto: Reprodu\u00e7\u00e3o\/X<br \/>\nAratu On<\/p>\n","protected":false},"excerpt":{"rendered":"<p>Comiss\u00e3o Eleitoral apontou que pol\u00edtica recebeu entre 58,3% e 60,7% dos votos; vit\u00f3ria foi comemorada pelo atual l\u00edder do pa\u00eds<\/p>\n","protected":false},"author":4,"featured_media":14406,"comment_status":"open","ping_status":"open","sticky":false,"template":"","format":"standard","meta":{"colormag_page_container_layout":"default_layout","colormag_page_sidebar_layout":"default_layout","_FSMCFIC_featured_image_caption":"","_FSMCFIC_featured_image_nocaption":"","_FSMCFIC_featured_image_hide":"","footnotes":""},"categories":[6,1],"tags":[],"class_list":["post-14405","post","type-post","status-publish","format-standard","has-post-thumbnail","hentry","category-mundo","category-ultimas"],"yoast_head":"<!-- This site is optimized with the Yoast SEO plugin v27.1.1 - https:\/\/yoast.com\/product\/yoast-seo-wordpress\/ -->\n<title>Claudia Sheinbaum \u00e9 eleita primeira presidente mulher do M\u00e9xico - Brasil not\u00edcias<\/title>\n<meta name=\"robots\" content=\"index, follow, max-snippet:-1, max-image-preview:large, max-video-preview:-1\" \/>\n<link rel=\"canonical\" href=\"https:\/\/brasilnoticias.org\/site\/claudia-sheinbaum-e-eleita-primeira-presidente-mulher-do-mexico\/\" \/>\n<meta property=\"og:locale\" content=\"pt_PT\" \/>\n<meta property=\"og:type\" content=\"article\" \/>\n<meta property=\"og:title\" content=\"Claudia Sheinbaum \u00e9 eleita primeira presidente mulher do M\u00e9xico - Brasil not\u00edcias\" \/>\n<meta property=\"og:description\" content=\"Comiss\u00e3o Eleitoral apontou que pol\u00edtica recebeu entre 58,3% e 60,7% dos votos; vit\u00f3ria foi comemorada pelo atual l\u00edder do pa\u00eds\" \/>\n<meta property=\"og:url\" content=\"https:\/\/brasilnoticias.org\/site\/claudia-sheinbaum-e-eleita-primeira-presidente-mulher-do-mexico\/\" \/>\n<meta property=\"og:site_name\" content=\"Brasil not\u00edcias\" \/>\n<meta property=\"article:published_time\" content=\"2024-06-03T18:51:01+00:00\" \/>\n<meta property=\"og:image\" content=\"https:\/\/brasilnoticias.org\/site\/wp-content\/uploads\/2024\/06\/CLAUDIA-SHEINBAUM-MEXICO.jpg\" \/>\n\t<meta property=\"og:image:width\" content=\"740\" \/>\n\t<meta property=\"og:image:height\" content=\"470\" \/>\n\t<meta property=\"og:image:type\" content=\"image\/jpeg\" \/>\n<meta name=\"author\" content=\"Reda\u00e7\u00e3o\" \/>\n<meta name=\"twitter:card\" content=\"summary_large_image\" \/>\n<meta name=\"twitter:label1\" content=\"Escrito por\" \/>\n\t<meta name=\"twitter:data1\" content=\"Reda\u00e7\u00e3o\" \/>\n\t<meta name=\"twitter:label2\" content=\"Tempo estimado de leitura\" \/>\n\t<meta name=\"twitter:data2\" content=\"1 minuto\" \/>\n<script type=\"application\/ld+json\" class=\"yoast-schema-graph\">{\"@context\":\"https:\/\/schema.org\",\"@graph\":[{\"@type\":\"Article\",\"@id\":\"https:\/\/brasilnoticias.org\/site\/claudia-sheinbaum-e-eleita-primeira-presidente-mulher-do-mexico\/#article\",\"isPartOf\":{\"@id\":\"https:\/\/brasilnoticias.org\/site\/claudia-sheinbaum-e-eleita-primeira-presidente-mulher-do-mexico\/\"},\"author\":{\"name\":\"Reda\u00e7\u00e3o\",\"@id\":\"https:\/\/brasilnoticias.org\/site\/#\/schema\/person\/03bbbfe6c7634ad18c26444ea39049fa\"},\"headline\":\"Claudia Sheinbaum \u00e9 eleita primeira presidente mulher do M\u00e9xico\",\"datePublished\":\"2024-06-03T18:51:01+00:00\",\"mainEntityOfPage\":{\"@id\":\"https:\/\/brasilnoticias.org\/site\/claudia-sheinbaum-e-eleita-primeira-presidente-mulher-do-mexico\/\"},\"wordCount\":746,\"commentCount\":0,\"publisher\":{\"@id\":\"https:\/\/brasilnoticias.org\/site\/#organization\"},\"image\":{\"@id\":\"https:\/\/brasilnoticias.org\/site\/claudia-sheinbaum-e-eleita-primeira-presidente-mulher-do-mexico\/#primaryimage\"},\"thumbnailUrl\":\"https:\/\/brasilnoticias.org\/site\/wp-content\/uploads\/2024\/06\/CLAUDIA-SHEINBAUM-MEXICO.jpg\",\"articleSection\":[\"Mundo\",\"\u00daltimas\"],\"inLanguage\":\"pt-PT\",\"potentialAction\":[{\"@type\":\"CommentAction\",\"name\":\"Comment\",\"target\":[\"https:\/\/brasilnoticias.org\/site\/claudia-sheinbaum-e-eleita-primeira-presidente-mulher-do-mexico\/#respond\"]}]},{\"@type\":\"WebPage\",\"@id\":\"https:\/\/brasilnoticias.org\/site\/claudia-sheinbaum-e-eleita-primeira-presidente-mulher-do-mexico\/\",\"url\":\"https:\/\/brasilnoticias.org\/site\/claudia-sheinbaum-e-eleita-primeira-presidente-mulher-do-mexico\/\",\"name\":\"Claudia Sheinbaum \u00e9 eleita primeira presidente mulher do M\u00e9xico - Brasil not\u00edcias\",\"isPartOf\":{\"@id\":\"https:\/\/brasilnoticias.org\/site\/#website\"},\"primaryImageOfPage\":{\"@id\":\"https:\/\/brasilnoticias.org\/site\/claudia-sheinbaum-e-eleita-primeira-presidente-mulher-do-mexico\/#primaryimage\"},\"image\":{\"@id\":\"https:\/\/brasilnoticias.org\/site\/claudia-sheinbaum-e-eleita-primeira-presidente-mulher-do-mexico\/#primaryimage\"},\"thumbnailUrl\":\"https:\/\/brasilnoticias.org\/site\/wp-content\/uploads\/2024\/06\/CLAUDIA-SHEINBAUM-MEXICO.jpg\",\"datePublished\":\"2024-06-03T18:51:01+00:00\",\"breadcrumb\":{\"@id\":\"https:\/\/brasilnoticias.org\/site\/claudia-sheinbaum-e-eleita-primeira-presidente-mulher-do-mexico\/#breadcrumb\"},\"inLanguage\":\"pt-PT\",\"potentialAction\":[{\"@type\":\"ReadAction\",\"target\":[\"https:\/\/brasilnoticias.org\/site\/claudia-sheinbaum-e-eleita-primeira-presidente-mulher-do-mexico\/\"]}]},{\"@type\":\"ImageObject\",\"inLanguage\":\"pt-PT\",\"@id\":\"https:\/\/brasilnoticias.org\/site\/claudia-sheinbaum-e-eleita-primeira-presidente-mulher-do-mexico\/#primaryimage\",\"url\":\"https:\/\/brasilnoticias.org\/site\/wp-content\/uploads\/2024\/06\/CLAUDIA-SHEINBAUM-MEXICO.jpg\",\"contentUrl\":\"https:\/\/brasilnoticias.org\/site\/wp-content\/uploads\/2024\/06\/CLAUDIA-SHEINBAUM-MEXICO.jpg\",\"width\":740,\"height\":470},{\"@type\":\"BreadcrumbList\",\"@id\":\"https:\/\/brasilnoticias.org\/site\/claudia-sheinbaum-e-eleita-primeira-presidente-mulher-do-mexico\/#breadcrumb\",\"itemListElement\":[{\"@type\":\"ListItem\",\"position\":1,\"name\":\"In\u00edcio\",\"item\":\"https:\/\/brasilnoticias.org\/site\/\"},{\"@type\":\"ListItem\",\"position\":2,\"name\":\"Claudia Sheinbaum \u00e9 eleita primeira presidente mulher do M\u00e9xico\"}]},{\"@type\":\"WebSite\",\"@id\":\"https:\/\/brasilnoticias.org\/site\/#website\",\"url\":\"https:\/\/brasilnoticias.org\/site\/\",\"name\":\"Brasil not\u00edcias\",\"description\":\"Brasil not\u00edcias\",\"publisher\":{\"@id\":\"https:\/\/brasilnoticias.org\/site\/#organization\"},\"potentialAction\":[{\"@type\":\"SearchAction\",\"target\":{\"@type\":\"EntryPoint\",\"urlTemplate\":\"https:\/\/brasilnoticias.org\/site\/?s={search_term_string}\"},\"query-input\":{\"@type\":\"PropertyValueSpecification\",\"valueRequired\":true,\"valueName\":\"search_term_string\"}}],\"inLanguage\":\"pt-PT\"},{\"@type\":\"Organization\",\"@id\":\"https:\/\/brasilnoticias.org\/site\/#organization\",\"name\":\"Brasil not\u00edcias\",\"url\":\"https:\/\/brasilnoticias.org\/site\/\",\"logo\":{\"@type\":\"ImageObject\",\"inLanguage\":\"pt-PT\",\"@id\":\"https:\/\/brasilnoticias.org\/site\/#\/schema\/logo\/image\/\",\"url\":\"https:\/\/brasilnoticias.org\/site\/wp-content\/uploads\/2022\/05\/cropped-brasilnoticias-mini.jpg\",\"contentUrl\":\"https:\/\/brasilnoticias.org\/site\/wp-content\/uploads\/2022\/05\/cropped-brasilnoticias-mini.jpg\",\"width\":314,\"height\":86,\"caption\":\"Brasil not\u00edcias\"},\"image\":{\"@id\":\"https:\/\/brasilnoticias.org\/site\/#\/schema\/logo\/image\/\"}},{\"@type\":\"Person\",\"@id\":\"https:\/\/brasilnoticias.org\/site\/#\/schema\/person\/03bbbfe6c7634ad18c26444ea39049fa\",\"name\":\"Reda\u00e7\u00e3o\",\"image\":{\"@type\":\"ImageObject\",\"inLanguage\":\"pt-PT\",\"@id\":\"https:\/\/brasilnoticias.org\/site\/#\/schema\/person\/image\/\",\"url\":\"https:\/\/secure.gravatar.com\/avatar\/9ecaf7327a696cb23ad926fedded5f1f04d7049de9e445375d55b48c001a6e42?s=96&d=mm&r=g\",\"contentUrl\":\"https:\/\/secure.gravatar.com\/avatar\/9ecaf7327a696cb23ad926fedded5f1f04d7049de9e445375d55b48c001a6e42?s=96&d=mm&r=g\",\"caption\":\"Reda\u00e7\u00e3o\"},\"url\":\"https:\/\/brasilnoticias.org\/site\/author\/henrique\/\"}]}<\/script>\n<!-- \/ Yoast SEO plugin. -->","yoast_head_json":{"title":"Claudia Sheinbaum \u00e9 eleita primeira presidente mulher do M\u00e9xico - Brasil not\u00edcias","robots":{"index":"index","follow":"follow","max-snippet":"max-snippet:-1","max-image-preview":"max-image-preview:large","max-video-preview":"max-video-preview:-1"},"canonical":"https:\/\/brasilnoticias.org\/site\/claudia-sheinbaum-e-eleita-primeira-presidente-mulher-do-mexico\/","og_locale":"pt_PT","og_type":"article","og_title":"Claudia Sheinbaum \u00e9 eleita primeira presidente mulher do M\u00e9xico - Brasil not\u00edcias","og_description":"Comiss\u00e3o Eleitoral apontou que pol\u00edtica recebeu entre 58,3% e 60,7% dos votos; vit\u00f3ria foi comemorada pelo atual l\u00edder do pa\u00eds","og_url":"https:\/\/brasilnoticias.org\/site\/claudia-sheinbaum-e-eleita-primeira-presidente-mulher-do-mexico\/","og_site_name":"Brasil not\u00edcias","article_published_time":"2024-06-03T18:51:01+00:00","og_image":[{"width":740,"height":470,"url":"https:\/\/brasilnoticias.org\/site\/wp-content\/uploads\/2024\/06\/CLAUDIA-SHEINBAUM-MEXICO.jpg","type":"image\/jpeg"}],"author":"Reda\u00e7\u00e3o","twitter_card":"summary_large_image","twitter_misc":{"Escrito por":"Reda\u00e7\u00e3o","Tempo estimado de leitura":"1 minuto"},"schema":{"@context":"https:\/\/schema.org","@graph":[{"@type":"Article","@id":"https:\/\/brasilnoticias.org\/site\/claudia-sheinbaum-e-eleita-primeira-presidente-mulher-do-mexico\/#article","isPartOf":{"@id":"https:\/\/brasilnoticias.org\/site\/claudia-sheinbaum-e-eleita-primeira-presidente-mulher-do-mexico\/"},"author":{"name":"Reda\u00e7\u00e3o","@id":"https:\/\/brasilnoticias.org\/site\/#\/schema\/person\/03bbbfe6c7634ad18c26444ea39049fa"},"headline":"Claudia Sheinbaum \u00e9 eleita primeira presidente mulher do M\u00e9xico","datePublished":"2024-06-03T18:51:01+00:00","mainEntityOfPage":{"@id":"https:\/\/brasilnoticias.org\/site\/claudia-sheinbaum-e-eleita-primeira-presidente-mulher-do-mexico\/"},"wordCount":746,"commentCount":0,"publisher":{"@id":"https:\/\/brasilnoticias.org\/site\/#organization"},"image":{"@id":"https:\/\/brasilnoticias.org\/site\/claudia-sheinbaum-e-eleita-primeira-presidente-mulher-do-mexico\/#primaryimage"},"thumbnailUrl":"https:\/\/brasilnoticias.org\/site\/wp-content\/uploads\/2024\/06\/CLAUDIA-SHEINBAUM-MEXICO.jpg","articleSection":["Mundo","\u00daltimas"],"inLanguage":"pt-PT","potentialAction":[{"@type":"CommentAction","name":"Comment","target":["https:\/\/brasilnoticias.org\/site\/claudia-sheinbaum-e-eleita-primeira-presidente-mulher-do-mexico\/#respond"]}]},{"@type":"WebPage","@id":"https:\/\/brasilnoticias.org\/site\/claudia-sheinbaum-e-eleita-primeira-presidente-mulher-do-mexico\/","url":"https:\/\/brasilnoticias.org\/site\/claudia-sheinbaum-e-eleita-primeira-presidente-mulher-do-mexico\/","name":"Claudia Sheinbaum \u00e9 eleita primeira presidente mulher do M\u00e9xico - Brasil not\u00edcias","isPartOf":{"@id":"https:\/\/brasilnoticias.org\/site\/#website"},"primaryImageOfPage":{"@id":"https:\/\/brasilnoticias.org\/site\/claudia-sheinbaum-e-eleita-primeira-presidente-mulher-do-mexico\/#primaryimage"},"image":{"@id":"https:\/\/brasilnoticias.org\/site\/claudia-sheinbaum-e-eleita-primeira-presidente-mulher-do-mexico\/#primaryimage"},"thumbnailUrl":"https:\/\/brasilnoticias.org\/site\/wp-content\/uploads\/2024\/06\/CLAUDIA-SHEINBAUM-MEXICO.jpg","datePublished":"2024-06-03T18:51:01+00:00","breadcrumb":{"@id":"https:\/\/brasilnoticias.org\/site\/claudia-sheinbaum-e-eleita-primeira-presidente-mulher-do-mexico\/#breadcrumb"},"inLanguage":"pt-PT","potentialAction":[{"@type":"ReadAction","target":["https:\/\/brasilnoticias.org\/site\/claudia-sheinbaum-e-eleita-primeira-presidente-mulher-do-mexico\/"]}]},{"@type":"ImageObject","inLanguage":"pt-PT","@id":"https:\/\/brasilnoticias.org\/site\/claudia-sheinbaum-e-eleita-primeira-presidente-mulher-do-mexico\/#primaryimage","url":"https:\/\/brasilnoticias.org\/site\/wp-content\/uploads\/2024\/06\/CLAUDIA-SHEINBAUM-MEXICO.jpg","contentUrl":"https:\/\/brasilnoticias.org\/site\/wp-content\/uploads\/2024\/06\/CLAUDIA-SHEINBAUM-MEXICO.jpg","width":740,"height":470},{"@type":"BreadcrumbList","@id":"https:\/\/brasilnoticias.org\/site\/claudia-sheinbaum-e-eleita-primeira-presidente-mulher-do-mexico\/#breadcrumb","itemListElement":[{"@type":"ListItem","position":1,"name":"In\u00edcio","item":"https:\/\/brasilnoticias.org\/site\/"},{"@type":"ListItem","position":2,"name":"Claudia Sheinbaum \u00e9 eleita primeira presidente mulher do M\u00e9xico"}]},{"@type":"WebSite","@id":"https:\/\/brasilnoticias.org\/site\/#website","url":"https:\/\/brasilnoticias.org\/site\/","name":"Brasil not\u00edcias","description":"Brasil not\u00edcias","publisher":{"@id":"https:\/\/brasilnoticias.org\/site\/#organization"},"potentialAction":[{"@type":"SearchAction","target":{"@type":"EntryPoint","urlTemplate":"https:\/\/brasilnoticias.org\/site\/?s={search_term_string}"},"query-input":{"@type":"PropertyValueSpecification","valueRequired":true,"valueName":"search_term_string"}}],"inLanguage":"pt-PT"},{"@type":"Organization","@id":"https:\/\/brasilnoticias.org\/site\/#organization","name":"Brasil not\u00edcias","url":"https:\/\/brasilnoticias.org\/site\/","logo":{"@type":"ImageObject","inLanguage":"pt-PT","@id":"https:\/\/brasilnoticias.org\/site\/#\/schema\/logo\/image\/","url":"https:\/\/brasilnoticias.org\/site\/wp-content\/uploads\/2022\/05\/cropped-brasilnoticias-mini.jpg","contentUrl":"https:\/\/brasilnoticias.org\/site\/wp-content\/uploads\/2022\/05\/cropped-brasilnoticias-mini.jpg","width":314,"height":86,"caption":"Brasil not\u00edcias"},"image":{"@id":"https:\/\/brasilnoticias.org\/site\/#\/schema\/logo\/image\/"}},{"@type":"Person","@id":"https:\/\/brasilnoticias.org\/site\/#\/schema\/person\/03bbbfe6c7634ad18c26444ea39049fa","name":"Reda\u00e7\u00e3o","image":{"@type":"ImageObject","inLanguage":"pt-PT","@id":"https:\/\/brasilnoticias.org\/site\/#\/schema\/person\/image\/","url":"https:\/\/secure.gravatar.com\/avatar\/9ecaf7327a696cb23ad926fedded5f1f04d7049de9e445375d55b48c001a6e42?s=96&d=mm&r=g","contentUrl":"https:\/\/secure.gravatar.com\/avatar\/9ecaf7327a696cb23ad926fedded5f1f04d7049de9e445375d55b48c001a6e42?s=96&d=mm&r=g","caption":"Reda\u00e7\u00e3o"},"url":"https:\/\/brasilnoticias.org\/site\/author\/henrique\/"}]}},"_links":{"self":[{"href":"https:\/\/brasilnoticias.org\/site\/wp-json\/wp\/v2\/posts\/14405","targetHints":{"allow":["GET"]}}],"collection":[{"href":"https:\/\/brasilnoticias.org\/site\/wp-json\/wp\/v2\/posts"}],"about":[{"href":"https:\/\/brasilnoticias.org\/site\/wp-json\/wp\/v2\/types\/post"}],"author":[{"embeddable":true,"href":"https:\/\/brasilnoticias.org\/site\/wp-json\/wp\/v2\/users\/4"}],"replies":[{"embeddable":true,"href":"https:\/\/brasilnoticias.org\/site\/wp-json\/wp\/v2\/comments?post=14405"}],"version-history":[{"count":1,"href":"https:\/\/brasilnoticias.org\/site\/wp-json\/wp\/v2\/posts\/14405\/revisions"}],"predecessor-version":[{"id":14407,"href":"https:\/\/brasilnoticias.org\/site\/wp-json\/wp\/v2\/posts\/14405\/revisions\/14407"}],"wp:featuredmedia":[{"embeddable":true,"href":"https:\/\/brasilnoticias.org\/site\/wp-json\/wp\/v2\/media\/14406"}],"wp:attachment":[{"href":"https:\/\/brasilnoticias.org\/site\/wp-json\/wp\/v2\/media?parent=14405"}],"wp:term":[{"taxonomy":"category","embeddable":true,"href":"https:\/\/brasilnoticias.org\/site\/wp-json\/wp\/v2\/categories?post=14405"},{"taxonomy":"post_tag","embeddable":true,"href":"https:\/\/brasilnoticias.org\/site\/wp-json\/wp\/v2\/tags?post=14405"}],"curies":[{"name":"wp","href":"https:\/\/api.w.org\/{rel}","templated":true}]}}