{"id":14417,"date":"2024-06-04T16:30:04","date_gmt":"2024-06-04T19:30:04","guid":{"rendered":"https:\/\/brasilnoticias.org\/site\/?p=14417"},"modified":"2024-06-04T16:30:04","modified_gmt":"2024-06-04T19:30:04","slug":"tres-suspeitos-de-participar-do-homicidio-do-guitarrista-do-afrocidade-sao-presos-em-camacari","status":"publish","type":"post","link":"https:\/\/brasilnoticias.org\/site\/tres-suspeitos-de-participar-do-homicidio-do-guitarrista-do-afrocidade-sao-presos-em-camacari\/","title":{"rendered":"Tr\u00eas suspeitos de participar do homic\u00eddio do guitarrista do Afrocidade s\u00e3o presos em Cama\u00e7ari"},"content":{"rendered":"<p>H\u00e1 uma semana, a Pol\u00edcia Civil informou que o mandante do crime, que n\u00e3o teve o nome divulgado, j\u00e1 havia sido identificado<\/p>\n<p>Um suspeito de assassinar o m\u00fasico Fl\u00e1vio de Oliveira Silva, de 32 anos, da banda Afrocidade, foi preso na manh\u00e3 desta ter\u00e7a-feira (4\/6) por equipes da 4\u00aa Delegacia de Homic\u00eddios de Cama\u00e7ari (DH\/Cama\u00e7ari), com o apoio do Departamento de Homic\u00eddios e Prote\u00e7\u00e3o \u00e0 Pessoa (DHPP). O crime aconteceu em Cama\u00e7ari, na Regi\u00e3o Metropolitana de Salvador, no dia 24 de maio deste ano. \u201cFal\u201d, como era mais conhecido, foi espancado at\u00e9 a morte.<\/p>\n<p>Segundo informa\u00e7\u00f5es da Secretaria de Seguran\u00e7a P\u00fablica da Bahia (SSP-BA), durante as a\u00e7\u00f5es, que tamb\u00e9m cumpriram quatro mandados de busca e apreens\u00e3o, foram apreendidas por\u00e7\u00f5es de maconha, balan\u00e7a digital, um rev\u00f3lver calibre 38, duas capas de colete e aparelhos celulares. Dois homens foram presos em flagrante no bairro de Jardim de Limoeiro.<\/p>\n<p>H\u00e1 uma semana, a Pol\u00edcia Civil informou que o mandante do crime, que n\u00e3o teve o nome divulgado, j\u00e1 havia sido identificado.<\/p>\n<p>Todo o material apreendido ser\u00e1 encaminhado para a per\u00edcia, no Departamento de Pol\u00edcia T\u00e9cnica (DPT). As a\u00e7\u00f5es foram realizadas por mais de 30 policiais civis, com o apoio do 12\u00ba Batalh\u00e3o de Pol\u00edcia Militar (BPM).<\/p>\n<p>Na ocasi\u00e3o da morte, Fal, que era membro da Afrocidade desde 2011, recebeu uma homenagem da banda nas redes sociais: \u201cAinda dif\u00edcil de acreditar, sentiremos muito sua falta. Descanse em paz irm\u00e3o\u201d.<\/p>\n<p>Foto: Divulga\u00e7\u00e3o\/SSP-BA<br \/>\nAratu On<\/p>\n","protected":false},"excerpt":{"rendered":"<p>H\u00e1 uma semana, a Pol\u00edcia Civil informou que o mandante do crime, que n\u00e3o teve o nome divulgado, j\u00e1 havia<\/p>\n","protected":false},"author":4,"featured_media":14418,"comment_status":"open","ping_status":"open","sticky":false,"template":"","format":"standard","meta":{"colormag_page_container_layout":"default_layout","colormag_page_sidebar_layout":"default_layout","_FSMCFIC_featured_image_caption":"","_FSMCFIC_featured_image_nocaption":"","_FSMCFIC_featured_image_hide":"","footnotes":""},"categories":[3,1],"tags":[],"class_list":["post-14417","post","type-post","status-publish","format-standard","has-post-thumbnail","hentry","category-policia","category-ultimas"],"yoast_head":"<!-- This site is optimized with the Yoast SEO plugin v27.1.1 - https:\/\/yoast.com\/product\/yoast-seo-wordpress\/ -->\n<title>Tr\u00eas suspeitos de participar do homic\u00eddio do guitarrista do Afrocidade s\u00e3o presos em Cama\u00e7ari - Brasil not\u00edcias<\/title>\n<meta name=\"robots\" content=\"index, follow, max-snippet:-1, max-image-preview:large, max-video-preview:-1\" \/>\n<link rel=\"canonical\" href=\"https:\/\/brasilnoticias.org\/site\/tres-suspeitos-de-participar-do-homicidio-do-guitarrista-do-afrocidade-sao-presos-em-camacari\/\" \/>\n<meta property=\"og:locale\" content=\"pt_PT\" \/>\n<meta property=\"og:type\" content=\"article\" \/>\n<meta property=\"og:title\" content=\"Tr\u00eas suspeitos de participar do homic\u00eddio do guitarrista do Afrocidade s\u00e3o presos em Cama\u00e7ari - Brasil not\u00edcias\" \/>\n<meta property=\"og:description\" content=\"H\u00e1 uma semana, a Pol\u00edcia Civil informou que o mandante do crime, que n\u00e3o teve o nome divulgado, j\u00e1 havia\" \/>\n<meta property=\"og:url\" content=\"https:\/\/brasilnoticias.org\/site\/tres-suspeitos-de-participar-do-homicidio-do-guitarrista-do-afrocidade-sao-presos-em-camacari\/\" \/>\n<meta property=\"og:site_name\" content=\"Brasil not\u00edcias\" \/>\n<meta property=\"article:published_time\" content=\"2024-06-04T19:30:04+00:00\" \/>\n<meta property=\"og:image\" content=\"https:\/\/brasilnoticias.org\/site\/wp-content\/uploads\/2024\/06\/WhatsApp-Image-2024-06-04-at-11.29.20.jpeg\" \/>\n\t<meta property=\"og:image:width\" content=\"960\" \/>\n\t<meta property=\"og:image:height\" content=\"500\" \/>\n\t<meta property=\"og:image:type\" content=\"image\/jpeg\" \/>\n<meta name=\"author\" content=\"Reda\u00e7\u00e3o\" \/>\n<meta name=\"twitter:card\" content=\"summary_large_image\" \/>\n<meta name=\"twitter:label1\" content=\"Escrito por\" \/>\n\t<meta name=\"twitter:data1\" content=\"Reda\u00e7\u00e3o\" \/>\n\t<meta name=\"twitter:label2\" content=\"Tempo estimado de leitura\" \/>\n\t<meta name=\"twitter:data2\" content=\"1 minuto\" \/>\n<script type=\"application\/ld+json\" class=\"yoast-schema-graph\">{\"@context\":\"https:\/\/schema.org\",\"@graph\":[{\"@type\":\"Article\",\"@id\":\"https:\/\/brasilnoticias.org\/site\/tres-suspeitos-de-participar-do-homicidio-do-guitarrista-do-afrocidade-sao-presos-em-camacari\/#article\",\"isPartOf\":{\"@id\":\"https:\/\/brasilnoticias.org\/site\/tres-suspeitos-de-participar-do-homicidio-do-guitarrista-do-afrocidade-sao-presos-em-camacari\/\"},\"author\":{\"name\":\"Reda\u00e7\u00e3o\",\"@id\":\"https:\/\/brasilnoticias.org\/site\/#\/schema\/person\/03bbbfe6c7634ad18c26444ea39049fa\"},\"headline\":\"Tr\u00eas suspeitos de participar do homic\u00eddio do guitarrista do Afrocidade s\u00e3o presos em Cama\u00e7ari\",\"datePublished\":\"2024-06-04T19:30:04+00:00\",\"mainEntityOfPage\":{\"@id\":\"https:\/\/brasilnoticias.org\/site\/tres-suspeitos-de-participar-do-homicidio-do-guitarrista-do-afrocidade-sao-presos-em-camacari\/\"},\"wordCount\":283,\"commentCount\":0,\"publisher\":{\"@id\":\"https:\/\/brasilnoticias.org\/site\/#organization\"},\"image\":{\"@id\":\"https:\/\/brasilnoticias.org\/site\/tres-suspeitos-de-participar-do-homicidio-do-guitarrista-do-afrocidade-sao-presos-em-camacari\/#primaryimage\"},\"thumbnailUrl\":\"https:\/\/brasilnoticias.org\/site\/wp-content\/uploads\/2024\/06\/WhatsApp-Image-2024-06-04-at-11.29.20.jpeg\",\"articleSection\":[\"Pol\u00edcia\",\"\u00daltimas\"],\"inLanguage\":\"pt-PT\",\"potentialAction\":[{\"@type\":\"CommentAction\",\"name\":\"Comment\",\"target\":[\"https:\/\/brasilnoticias.org\/site\/tres-suspeitos-de-participar-do-homicidio-do-guitarrista-do-afrocidade-sao-presos-em-camacari\/#respond\"]}]},{\"@type\":\"WebPage\",\"@id\":\"https:\/\/brasilnoticias.org\/site\/tres-suspeitos-de-participar-do-homicidio-do-guitarrista-do-afrocidade-sao-presos-em-camacari\/\",\"url\":\"https:\/\/brasilnoticias.org\/site\/tres-suspeitos-de-participar-do-homicidio-do-guitarrista-do-afrocidade-sao-presos-em-camacari\/\",\"name\":\"Tr\u00eas suspeitos de participar do homic\u00eddio do guitarrista do Afrocidade s\u00e3o presos em Cama\u00e7ari - Brasil not\u00edcias\",\"isPartOf\":{\"@id\":\"https:\/\/brasilnoticias.org\/site\/#website\"},\"primaryImageOfPage\":{\"@id\":\"https:\/\/brasilnoticias.org\/site\/tres-suspeitos-de-participar-do-homicidio-do-guitarrista-do-afrocidade-sao-presos-em-camacari\/#primaryimage\"},\"image\":{\"@id\":\"https:\/\/brasilnoticias.org\/site\/tres-suspeitos-de-participar-do-homicidio-do-guitarrista-do-afrocidade-sao-presos-em-camacari\/#primaryimage\"},\"thumbnailUrl\":\"https:\/\/brasilnoticias.org\/site\/wp-content\/uploads\/2024\/06\/WhatsApp-Image-2024-06-04-at-11.29.20.jpeg\",\"datePublished\":\"2024-06-04T19:30:04+00:00\",\"breadcrumb\":{\"@id\":\"https:\/\/brasilnoticias.org\/site\/tres-suspeitos-de-participar-do-homicidio-do-guitarrista-do-afrocidade-sao-presos-em-camacari\/#breadcrumb\"},\"inLanguage\":\"pt-PT\",\"potentialAction\":[{\"@type\":\"ReadAction\",\"target\":[\"https:\/\/brasilnoticias.org\/site\/tres-suspeitos-de-participar-do-homicidio-do-guitarrista-do-afrocidade-sao-presos-em-camacari\/\"]}]},{\"@type\":\"ImageObject\",\"inLanguage\":\"pt-PT\",\"@id\":\"https:\/\/brasilnoticias.org\/site\/tres-suspeitos-de-participar-do-homicidio-do-guitarrista-do-afrocidade-sao-presos-em-camacari\/#primaryimage\",\"url\":\"https:\/\/brasilnoticias.org\/site\/wp-content\/uploads\/2024\/06\/WhatsApp-Image-2024-06-04-at-11.29.20.jpeg\",\"contentUrl\":\"https:\/\/brasilnoticias.org\/site\/wp-content\/uploads\/2024\/06\/WhatsApp-Image-2024-06-04-at-11.29.20.jpeg\",\"width\":960,\"height\":500},{\"@type\":\"BreadcrumbList\",\"@id\":\"https:\/\/brasilnoticias.org\/site\/tres-suspeitos-de-participar-do-homicidio-do-guitarrista-do-afrocidade-sao-presos-em-camacari\/#breadcrumb\",\"itemListElement\":[{\"@type\":\"ListItem\",\"position\":1,\"name\":\"In\u00edcio\",\"item\":\"https:\/\/brasilnoticias.org\/site\/\"},{\"@type\":\"ListItem\",\"position\":2,\"name\":\"Tr\u00eas suspeitos de participar do homic\u00eddio do guitarrista do Afrocidade s\u00e3o presos em Cama\u00e7ari\"}]},{\"@type\":\"WebSite\",\"@id\":\"https:\/\/brasilnoticias.org\/site\/#website\",\"url\":\"https:\/\/brasilnoticias.org\/site\/\",\"name\":\"Brasil not\u00edcias\",\"description\":\"Brasil not\u00edcias\",\"publisher\":{\"@id\":\"https:\/\/brasilnoticias.org\/site\/#organization\"},\"potentialAction\":[{\"@type\":\"SearchAction\",\"target\":{\"@type\":\"EntryPoint\",\"urlTemplate\":\"https:\/\/brasilnoticias.org\/site\/?s={search_term_string}\"},\"query-input\":{\"@type\":\"PropertyValueSpecification\",\"valueRequired\":true,\"valueName\":\"search_term_string\"}}],\"inLanguage\":\"pt-PT\"},{\"@type\":\"Organization\",\"@id\":\"https:\/\/brasilnoticias.org\/site\/#organization\",\"name\":\"Brasil not\u00edcias\",\"url\":\"https:\/\/brasilnoticias.org\/site\/\",\"logo\":{\"@type\":\"ImageObject\",\"inLanguage\":\"pt-PT\",\"@id\":\"https:\/\/brasilnoticias.org\/site\/#\/schema\/logo\/image\/\",\"url\":\"https:\/\/brasilnoticias.org\/site\/wp-content\/uploads\/2022\/05\/cropped-brasilnoticias-mini.jpg\",\"contentUrl\":\"https:\/\/brasilnoticias.org\/site\/wp-content\/uploads\/2022\/05\/cropped-brasilnoticias-mini.jpg\",\"width\":314,\"height\":86,\"caption\":\"Brasil not\u00edcias\"},\"image\":{\"@id\":\"https:\/\/brasilnoticias.org\/site\/#\/schema\/logo\/image\/\"}},{\"@type\":\"Person\",\"@id\":\"https:\/\/brasilnoticias.org\/site\/#\/schema\/person\/03bbbfe6c7634ad18c26444ea39049fa\",\"name\":\"Reda\u00e7\u00e3o\",\"image\":{\"@type\":\"ImageObject\",\"inLanguage\":\"pt-PT\",\"@id\":\"https:\/\/brasilnoticias.org\/site\/#\/schema\/person\/image\/\",\"url\":\"https:\/\/secure.gravatar.com\/avatar\/9ecaf7327a696cb23ad926fedded5f1f04d7049de9e445375d55b48c001a6e42?s=96&d=mm&r=g\",\"contentUrl\":\"https:\/\/secure.gravatar.com\/avatar\/9ecaf7327a696cb23ad926fedded5f1f04d7049de9e445375d55b48c001a6e42?s=96&d=mm&r=g\",\"caption\":\"Reda\u00e7\u00e3o\"},\"url\":\"https:\/\/brasilnoticias.org\/site\/author\/henrique\/\"}]}<\/script>\n<!-- \/ Yoast SEO plugin. -->","yoast_head_json":{"title":"Tr\u00eas suspeitos de participar do homic\u00eddio do guitarrista do Afrocidade s\u00e3o presos em Cama\u00e7ari - Brasil not\u00edcias","robots":{"index":"index","follow":"follow","max-snippet":"max-snippet:-1","max-image-preview":"max-image-preview:large","max-video-preview":"max-video-preview:-1"},"canonical":"https:\/\/brasilnoticias.org\/site\/tres-suspeitos-de-participar-do-homicidio-do-guitarrista-do-afrocidade-sao-presos-em-camacari\/","og_locale":"pt_PT","og_type":"article","og_title":"Tr\u00eas suspeitos de participar do homic\u00eddio do guitarrista do Afrocidade s\u00e3o presos em Cama\u00e7ari - Brasil not\u00edcias","og_description":"H\u00e1 uma semana, a Pol\u00edcia Civil informou que o mandante do crime, que n\u00e3o teve o nome divulgado, j\u00e1 havia","og_url":"https:\/\/brasilnoticias.org\/site\/tres-suspeitos-de-participar-do-homicidio-do-guitarrista-do-afrocidade-sao-presos-em-camacari\/","og_site_name":"Brasil not\u00edcias","article_published_time":"2024-06-04T19:30:04+00:00","og_image":[{"width":960,"height":500,"url":"https:\/\/brasilnoticias.org\/site\/wp-content\/uploads\/2024\/06\/WhatsApp-Image-2024-06-04-at-11.29.20.jpeg","type":"image\/jpeg"}],"author":"Reda\u00e7\u00e3o","twitter_card":"summary_large_image","twitter_misc":{"Escrito por":"Reda\u00e7\u00e3o","Tempo estimado de leitura":"1 minuto"},"schema":{"@context":"https:\/\/schema.org","@graph":[{"@type":"Article","@id":"https:\/\/brasilnoticias.org\/site\/tres-suspeitos-de-participar-do-homicidio-do-guitarrista-do-afrocidade-sao-presos-em-camacari\/#article","isPartOf":{"@id":"https:\/\/brasilnoticias.org\/site\/tres-suspeitos-de-participar-do-homicidio-do-guitarrista-do-afrocidade-sao-presos-em-camacari\/"},"author":{"name":"Reda\u00e7\u00e3o","@id":"https:\/\/brasilnoticias.org\/site\/#\/schema\/person\/03bbbfe6c7634ad18c26444ea39049fa"},"headline":"Tr\u00eas suspeitos de participar do homic\u00eddio do guitarrista do Afrocidade s\u00e3o presos em Cama\u00e7ari","datePublished":"2024-06-04T19:30:04+00:00","mainEntityOfPage":{"@id":"https:\/\/brasilnoticias.org\/site\/tres-suspeitos-de-participar-do-homicidio-do-guitarrista-do-afrocidade-sao-presos-em-camacari\/"},"wordCount":283,"commentCount":0,"publisher":{"@id":"https:\/\/brasilnoticias.org\/site\/#organization"},"image":{"@id":"https:\/\/brasilnoticias.org\/site\/tres-suspeitos-de-participar-do-homicidio-do-guitarrista-do-afrocidade-sao-presos-em-camacari\/#primaryimage"},"thumbnailUrl":"https:\/\/brasilnoticias.org\/site\/wp-content\/uploads\/2024\/06\/WhatsApp-Image-2024-06-04-at-11.29.20.jpeg","articleSection":["Pol\u00edcia","\u00daltimas"],"inLanguage":"pt-PT","potentialAction":[{"@type":"CommentAction","name":"Comment","target":["https:\/\/brasilnoticias.org\/site\/tres-suspeitos-de-participar-do-homicidio-do-guitarrista-do-afrocidade-sao-presos-em-camacari\/#respond"]}]},{"@type":"WebPage","@id":"https:\/\/brasilnoticias.org\/site\/tres-suspeitos-de-participar-do-homicidio-do-guitarrista-do-afrocidade-sao-presos-em-camacari\/","url":"https:\/\/brasilnoticias.org\/site\/tres-suspeitos-de-participar-do-homicidio-do-guitarrista-do-afrocidade-sao-presos-em-camacari\/","name":"Tr\u00eas suspeitos de participar do homic\u00eddio do guitarrista do Afrocidade s\u00e3o presos em Cama\u00e7ari - Brasil not\u00edcias","isPartOf":{"@id":"https:\/\/brasilnoticias.org\/site\/#website"},"primaryImageOfPage":{"@id":"https:\/\/brasilnoticias.org\/site\/tres-suspeitos-de-participar-do-homicidio-do-guitarrista-do-afrocidade-sao-presos-em-camacari\/#primaryimage"},"image":{"@id":"https:\/\/brasilnoticias.org\/site\/tres-suspeitos-de-participar-do-homicidio-do-guitarrista-do-afrocidade-sao-presos-em-camacari\/#primaryimage"},"thumbnailUrl":"https:\/\/brasilnoticias.org\/site\/wp-content\/uploads\/2024\/06\/WhatsApp-Image-2024-06-04-at-11.29.20.jpeg","datePublished":"2024-06-04T19:30:04+00:00","breadcrumb":{"@id":"https:\/\/brasilnoticias.org\/site\/tres-suspeitos-de-participar-do-homicidio-do-guitarrista-do-afrocidade-sao-presos-em-camacari\/#breadcrumb"},"inLanguage":"pt-PT","potentialAction":[{"@type":"ReadAction","target":["https:\/\/brasilnoticias.org\/site\/tres-suspeitos-de-participar-do-homicidio-do-guitarrista-do-afrocidade-sao-presos-em-camacari\/"]}]},{"@type":"ImageObject","inLanguage":"pt-PT","@id":"https:\/\/brasilnoticias.org\/site\/tres-suspeitos-de-participar-do-homicidio-do-guitarrista-do-afrocidade-sao-presos-em-camacari\/#primaryimage","url":"https:\/\/brasilnoticias.org\/site\/wp-content\/uploads\/2024\/06\/WhatsApp-Image-2024-06-04-at-11.29.20.jpeg","contentUrl":"https:\/\/brasilnoticias.org\/site\/wp-content\/uploads\/2024\/06\/WhatsApp-Image-2024-06-04-at-11.29.20.jpeg","width":960,"height":500},{"@type":"BreadcrumbList","@id":"https:\/\/brasilnoticias.org\/site\/tres-suspeitos-de-participar-do-homicidio-do-guitarrista-do-afrocidade-sao-presos-em-camacari\/#breadcrumb","itemListElement":[{"@type":"ListItem","position":1,"name":"In\u00edcio","item":"https:\/\/brasilnoticias.org\/site\/"},{"@type":"ListItem","position":2,"name":"Tr\u00eas suspeitos de participar do homic\u00eddio do guitarrista do Afrocidade s\u00e3o presos em Cama\u00e7ari"}]},{"@type":"WebSite","@id":"https:\/\/brasilnoticias.org\/site\/#website","url":"https:\/\/brasilnoticias.org\/site\/","name":"Brasil not\u00edcias","description":"Brasil not\u00edcias","publisher":{"@id":"https:\/\/brasilnoticias.org\/site\/#organization"},"potentialAction":[{"@type":"SearchAction","target":{"@type":"EntryPoint","urlTemplate":"https:\/\/brasilnoticias.org\/site\/?s={search_term_string}"},"query-input":{"@type":"PropertyValueSpecification","valueRequired":true,"valueName":"search_term_string"}}],"inLanguage":"pt-PT"},{"@type":"Organization","@id":"https:\/\/brasilnoticias.org\/site\/#organization","name":"Brasil not\u00edcias","url":"https:\/\/brasilnoticias.org\/site\/","logo":{"@type":"ImageObject","inLanguage":"pt-PT","@id":"https:\/\/brasilnoticias.org\/site\/#\/schema\/logo\/image\/","url":"https:\/\/brasilnoticias.org\/site\/wp-content\/uploads\/2022\/05\/cropped-brasilnoticias-mini.jpg","contentUrl":"https:\/\/brasilnoticias.org\/site\/wp-content\/uploads\/2022\/05\/cropped-brasilnoticias-mini.jpg","width":314,"height":86,"caption":"Brasil not\u00edcias"},"image":{"@id":"https:\/\/brasilnoticias.org\/site\/#\/schema\/logo\/image\/"}},{"@type":"Person","@id":"https:\/\/brasilnoticias.org\/site\/#\/schema\/person\/03bbbfe6c7634ad18c26444ea39049fa","name":"Reda\u00e7\u00e3o","image":{"@type":"ImageObject","inLanguage":"pt-PT","@id":"https:\/\/brasilnoticias.org\/site\/#\/schema\/person\/image\/","url":"https:\/\/secure.gravatar.com\/avatar\/9ecaf7327a696cb23ad926fedded5f1f04d7049de9e445375d55b48c001a6e42?s=96&d=mm&r=g","contentUrl":"https:\/\/secure.gravatar.com\/avatar\/9ecaf7327a696cb23ad926fedded5f1f04d7049de9e445375d55b48c001a6e42?s=96&d=mm&r=g","caption":"Reda\u00e7\u00e3o"},"url":"https:\/\/brasilnoticias.org\/site\/author\/henrique\/"}]}},"_links":{"self":[{"href":"https:\/\/brasilnoticias.org\/site\/wp-json\/wp\/v2\/posts\/14417","targetHints":{"allow":["GET"]}}],"collection":[{"href":"https:\/\/brasilnoticias.org\/site\/wp-json\/wp\/v2\/posts"}],"about":[{"href":"https:\/\/brasilnoticias.org\/site\/wp-json\/wp\/v2\/types\/post"}],"author":[{"embeddable":true,"href":"https:\/\/brasilnoticias.org\/site\/wp-json\/wp\/v2\/users\/4"}],"replies":[{"embeddable":true,"href":"https:\/\/brasilnoticias.org\/site\/wp-json\/wp\/v2\/comments?post=14417"}],"version-history":[{"count":1,"href":"https:\/\/brasilnoticias.org\/site\/wp-json\/wp\/v2\/posts\/14417\/revisions"}],"predecessor-version":[{"id":14419,"href":"https:\/\/brasilnoticias.org\/site\/wp-json\/wp\/v2\/posts\/14417\/revisions\/14419"}],"wp:featuredmedia":[{"embeddable":true,"href":"https:\/\/brasilnoticias.org\/site\/wp-json\/wp\/v2\/media\/14418"}],"wp:attachment":[{"href":"https:\/\/brasilnoticias.org\/site\/wp-json\/wp\/v2\/media?parent=14417"}],"wp:term":[{"taxonomy":"category","embeddable":true,"href":"https:\/\/brasilnoticias.org\/site\/wp-json\/wp\/v2\/categories?post=14417"},{"taxonomy":"post_tag","embeddable":true,"href":"https:\/\/brasilnoticias.org\/site\/wp-json\/wp\/v2\/tags?post=14417"}],"curies":[{"name":"wp","href":"https:\/\/api.w.org\/{rel}","templated":true}]}}