{"id":14420,"date":"2024-06-04T16:33:00","date_gmt":"2024-06-04T19:33:00","guid":{"rendered":"https:\/\/brasilnoticias.org\/site\/?p=14420"},"modified":"2024-06-04T16:33:00","modified_gmt":"2024-06-04T19:33:00","slug":"veja-quais-deputados-baianos-votaram-a-favor-da-pec-das-praias-em-2022","status":"publish","type":"post","link":"https:\/\/brasilnoticias.org\/site\/veja-quais-deputados-baianos-votaram-a-favor-da-pec-das-praias-em-2022\/","title":{"rendered":"Veja quais deputados baianos votaram a favor da PEC das praias em 2022"},"content":{"rendered":"<p>O texto discutido no Senado prev\u00ea a autoriza\u00e7\u00e3o para a venda dos terrenos de marinha a empresas e pessoas que j\u00e1 estejam ocupando a \u00e1rea<\/p>\n<p>Dos 35 deputados baianos presentes na vota\u00e7\u00e3o da &#8220;PEC das Praias&#8221; em 2022, 25 votaram a favor do projeto, que autoriza a venda dos terrenos da marinha para empresas e pessoas que j\u00e1 ocupam essas \u00e1reas.<\/p>\n<p>O texto discutido no Senado prev\u00ea que, pelo projeto, os lotes deixariam de ser compartilhados entre o governo e os ocupantes, passando a ter um \u00fanico propriet\u00e1rio, como um hotel ou resort. S\u00f3 permaneceriam com o governo \u00e1reas ainda n\u00e3o ocupadas e locais onde s\u00e3o prestados servi\u00e7os p\u00fablicos, como portos e aeroportos, por exemplo<\/p>\n<p>Deputados baianos que votaram a favor:<\/p>\n<p>Alex Santana (PDT); Alice Portugal (PCdoB); Antonio Brito (PSD); Arthur Maia (DEM); Cac\u00e1 Le\u00e3o (PP); Charles Fernandes (PSD) ; Claudio Cajado (PP); Daniel Almeida (PCdoB); Elmar Nascimento (DEM); F\u00e9lix Mendon\u00e7a J\u00fanior (PDT); Igor Kann\u00e1rio (DEM); Jo\u00e3o Carlos Bacelar (PL); Jos\u00e9 Rocha (PL); Leur Lomanto J\u00fanior (DEM); M\u00e1rcio Marinho (Republicanos); M\u00e1rio Negromonte Jr (PP); Pastor Sargento Isid\u00f3rio (Avante); Paulo Azi (DEM); Paulo Magalh\u00e3es (PSD); Professora Dayane Pimentel (PSL); Raimundo Costa (PL); Ronaldo Carletto (PP); S\u00e9rgio Brito (PSD); Tia Eron (Republicanos); Tito (Avante).<\/p>\n<p>Deputados baianos que votaram contra:<\/p>\n<p>Afonso Florence (PT); Bacelar (Podemos); Jorge Solla (PT); Joseildo Ramos (PT); L\u00eddice da Mata (PSB); Marcelo Nilo (PSB); Otto Alencar Filho (PSD); Valmir Assun\u00e7\u00e3o (PT); Waldenor Pereira (PT); Z\u00e9 Neto (PT).<\/p>\n<p>Foto: Paulo Sergio\/C\u00e2mara dos Deputados<br \/>\nPor: Metro1<\/p>\n","protected":false},"excerpt":{"rendered":"<p>O texto discutido no Senado prev\u00ea a autoriza\u00e7\u00e3o para a venda dos terrenos de marinha a empresas e pessoas que<\/p>\n","protected":false},"author":4,"featured_media":14421,"comment_status":"open","ping_status":"open","sticky":false,"template":"","format":"standard","meta":{"colormag_page_container_layout":"default_layout","colormag_page_sidebar_layout":"default_layout","_FSMCFIC_featured_image_caption":"","_FSMCFIC_featured_image_nocaption":"","_FSMCFIC_featured_image_hide":"","footnotes":""},"categories":[5,1],"tags":[],"class_list":["post-14420","post","type-post","status-publish","format-standard","has-post-thumbnail","hentry","category-politica","category-ultimas"],"yoast_head":"<!-- This site is optimized with the Yoast SEO plugin v27.1.1 - https:\/\/yoast.com\/product\/yoast-seo-wordpress\/ -->\n<title>Veja quais deputados baianos votaram a favor da PEC das praias em 2022 - Brasil not\u00edcias<\/title>\n<meta name=\"robots\" content=\"index, follow, max-snippet:-1, max-image-preview:large, max-video-preview:-1\" \/>\n<link rel=\"canonical\" href=\"https:\/\/brasilnoticias.org\/site\/veja-quais-deputados-baianos-votaram-a-favor-da-pec-das-praias-em-2022\/\" \/>\n<meta property=\"og:locale\" content=\"pt_PT\" \/>\n<meta property=\"og:type\" content=\"article\" \/>\n<meta property=\"og:title\" content=\"Veja quais deputados baianos votaram a favor da PEC das praias em 2022 - Brasil not\u00edcias\" \/>\n<meta property=\"og:description\" content=\"O texto discutido no Senado prev\u00ea a autoriza\u00e7\u00e3o para a venda dos terrenos de marinha a empresas e pessoas que\" \/>\n<meta property=\"og:url\" content=\"https:\/\/brasilnoticias.org\/site\/veja-quais-deputados-baianos-votaram-a-favor-da-pec-das-praias-em-2022\/\" \/>\n<meta property=\"og:site_name\" content=\"Brasil not\u00edcias\" \/>\n<meta property=\"article:published_time\" content=\"2024-06-04T19:33:00+00:00\" \/>\n<meta property=\"og:image\" content=\"https:\/\/brasilnoticias.org\/site\/wp-content\/uploads\/2024\/06\/151103veja-quais-deputados-baianos-votaram-a-favor-da-pec-das-praias-em-2022-3.jpg\" \/>\n\t<meta property=\"og:image:width\" content=\"1600\" \/>\n\t<meta property=\"og:image:height\" content=\"752\" \/>\n\t<meta property=\"og:image:type\" content=\"image\/jpeg\" \/>\n<meta name=\"author\" content=\"Reda\u00e7\u00e3o\" \/>\n<meta name=\"twitter:card\" content=\"summary_large_image\" \/>\n<meta name=\"twitter:label1\" content=\"Escrito por\" \/>\n\t<meta name=\"twitter:data1\" content=\"Reda\u00e7\u00e3o\" \/>\n<script type=\"application\/ld+json\" class=\"yoast-schema-graph\">{\"@context\":\"https:\/\/schema.org\",\"@graph\":[{\"@type\":\"Article\",\"@id\":\"https:\/\/brasilnoticias.org\/site\/veja-quais-deputados-baianos-votaram-a-favor-da-pec-das-praias-em-2022\/#article\",\"isPartOf\":{\"@id\":\"https:\/\/brasilnoticias.org\/site\/veja-quais-deputados-baianos-votaram-a-favor-da-pec-das-praias-em-2022\/\"},\"author\":{\"name\":\"Reda\u00e7\u00e3o\",\"@id\":\"https:\/\/brasilnoticias.org\/site\/#\/schema\/person\/03bbbfe6c7634ad18c26444ea39049fa\"},\"headline\":\"Veja quais deputados baianos votaram a favor da PEC das praias em 2022\",\"datePublished\":\"2024-06-04T19:33:00+00:00\",\"mainEntityOfPage\":{\"@id\":\"https:\/\/brasilnoticias.org\/site\/veja-quais-deputados-baianos-votaram-a-favor-da-pec-das-praias-em-2022\/\"},\"wordCount\":276,\"commentCount\":0,\"publisher\":{\"@id\":\"https:\/\/brasilnoticias.org\/site\/#organization\"},\"image\":{\"@id\":\"https:\/\/brasilnoticias.org\/site\/veja-quais-deputados-baianos-votaram-a-favor-da-pec-das-praias-em-2022\/#primaryimage\"},\"thumbnailUrl\":\"https:\/\/brasilnoticias.org\/site\/wp-content\/uploads\/2024\/06\/151103veja-quais-deputados-baianos-votaram-a-favor-da-pec-das-praias-em-2022-3.jpg\",\"articleSection\":[\"Pol\u00edtica\",\"\u00daltimas\"],\"inLanguage\":\"pt-PT\",\"potentialAction\":[{\"@type\":\"CommentAction\",\"name\":\"Comment\",\"target\":[\"https:\/\/brasilnoticias.org\/site\/veja-quais-deputados-baianos-votaram-a-favor-da-pec-das-praias-em-2022\/#respond\"]}]},{\"@type\":\"WebPage\",\"@id\":\"https:\/\/brasilnoticias.org\/site\/veja-quais-deputados-baianos-votaram-a-favor-da-pec-das-praias-em-2022\/\",\"url\":\"https:\/\/brasilnoticias.org\/site\/veja-quais-deputados-baianos-votaram-a-favor-da-pec-das-praias-em-2022\/\",\"name\":\"Veja quais deputados baianos votaram a favor da PEC das praias em 2022 - Brasil not\u00edcias\",\"isPartOf\":{\"@id\":\"https:\/\/brasilnoticias.org\/site\/#website\"},\"primaryImageOfPage\":{\"@id\":\"https:\/\/brasilnoticias.org\/site\/veja-quais-deputados-baianos-votaram-a-favor-da-pec-das-praias-em-2022\/#primaryimage\"},\"image\":{\"@id\":\"https:\/\/brasilnoticias.org\/site\/veja-quais-deputados-baianos-votaram-a-favor-da-pec-das-praias-em-2022\/#primaryimage\"},\"thumbnailUrl\":\"https:\/\/brasilnoticias.org\/site\/wp-content\/uploads\/2024\/06\/151103veja-quais-deputados-baianos-votaram-a-favor-da-pec-das-praias-em-2022-3.jpg\",\"datePublished\":\"2024-06-04T19:33:00+00:00\",\"breadcrumb\":{\"@id\":\"https:\/\/brasilnoticias.org\/site\/veja-quais-deputados-baianos-votaram-a-favor-da-pec-das-praias-em-2022\/#breadcrumb\"},\"inLanguage\":\"pt-PT\",\"potentialAction\":[{\"@type\":\"ReadAction\",\"target\":[\"https:\/\/brasilnoticias.org\/site\/veja-quais-deputados-baianos-votaram-a-favor-da-pec-das-praias-em-2022\/\"]}]},{\"@type\":\"ImageObject\",\"inLanguage\":\"pt-PT\",\"@id\":\"https:\/\/brasilnoticias.org\/site\/veja-quais-deputados-baianos-votaram-a-favor-da-pec-das-praias-em-2022\/#primaryimage\",\"url\":\"https:\/\/brasilnoticias.org\/site\/wp-content\/uploads\/2024\/06\/151103veja-quais-deputados-baianos-votaram-a-favor-da-pec-das-praias-em-2022-3.jpg\",\"contentUrl\":\"https:\/\/brasilnoticias.org\/site\/wp-content\/uploads\/2024\/06\/151103veja-quais-deputados-baianos-votaram-a-favor-da-pec-das-praias-em-2022-3.jpg\",\"width\":1600,\"height\":752},{\"@type\":\"BreadcrumbList\",\"@id\":\"https:\/\/brasilnoticias.org\/site\/veja-quais-deputados-baianos-votaram-a-favor-da-pec-das-praias-em-2022\/#breadcrumb\",\"itemListElement\":[{\"@type\":\"ListItem\",\"position\":1,\"name\":\"In\u00edcio\",\"item\":\"https:\/\/brasilnoticias.org\/site\/\"},{\"@type\":\"ListItem\",\"position\":2,\"name\":\"Veja quais deputados baianos votaram a favor da PEC das praias em 2022\"}]},{\"@type\":\"WebSite\",\"@id\":\"https:\/\/brasilnoticias.org\/site\/#website\",\"url\":\"https:\/\/brasilnoticias.org\/site\/\",\"name\":\"Brasil not\u00edcias\",\"description\":\"Brasil not\u00edcias\",\"publisher\":{\"@id\":\"https:\/\/brasilnoticias.org\/site\/#organization\"},\"potentialAction\":[{\"@type\":\"SearchAction\",\"target\":{\"@type\":\"EntryPoint\",\"urlTemplate\":\"https:\/\/brasilnoticias.org\/site\/?s={search_term_string}\"},\"query-input\":{\"@type\":\"PropertyValueSpecification\",\"valueRequired\":true,\"valueName\":\"search_term_string\"}}],\"inLanguage\":\"pt-PT\"},{\"@type\":\"Organization\",\"@id\":\"https:\/\/brasilnoticias.org\/site\/#organization\",\"name\":\"Brasil not\u00edcias\",\"url\":\"https:\/\/brasilnoticias.org\/site\/\",\"logo\":{\"@type\":\"ImageObject\",\"inLanguage\":\"pt-PT\",\"@id\":\"https:\/\/brasilnoticias.org\/site\/#\/schema\/logo\/image\/\",\"url\":\"https:\/\/brasilnoticias.org\/site\/wp-content\/uploads\/2022\/05\/cropped-brasilnoticias-mini.jpg\",\"contentUrl\":\"https:\/\/brasilnoticias.org\/site\/wp-content\/uploads\/2022\/05\/cropped-brasilnoticias-mini.jpg\",\"width\":314,\"height\":86,\"caption\":\"Brasil not\u00edcias\"},\"image\":{\"@id\":\"https:\/\/brasilnoticias.org\/site\/#\/schema\/logo\/image\/\"}},{\"@type\":\"Person\",\"@id\":\"https:\/\/brasilnoticias.org\/site\/#\/schema\/person\/03bbbfe6c7634ad18c26444ea39049fa\",\"name\":\"Reda\u00e7\u00e3o\",\"image\":{\"@type\":\"ImageObject\",\"inLanguage\":\"pt-PT\",\"@id\":\"https:\/\/brasilnoticias.org\/site\/#\/schema\/person\/image\/\",\"url\":\"https:\/\/secure.gravatar.com\/avatar\/9ecaf7327a696cb23ad926fedded5f1f04d7049de9e445375d55b48c001a6e42?s=96&d=mm&r=g\",\"contentUrl\":\"https:\/\/secure.gravatar.com\/avatar\/9ecaf7327a696cb23ad926fedded5f1f04d7049de9e445375d55b48c001a6e42?s=96&d=mm&r=g\",\"caption\":\"Reda\u00e7\u00e3o\"},\"url\":\"https:\/\/brasilnoticias.org\/site\/author\/henrique\/\"}]}<\/script>\n<!-- \/ Yoast SEO plugin. -->","yoast_head_json":{"title":"Veja quais deputados baianos votaram a favor da PEC das praias em 2022 - Brasil not\u00edcias","robots":{"index":"index","follow":"follow","max-snippet":"max-snippet:-1","max-image-preview":"max-image-preview:large","max-video-preview":"max-video-preview:-1"},"canonical":"https:\/\/brasilnoticias.org\/site\/veja-quais-deputados-baianos-votaram-a-favor-da-pec-das-praias-em-2022\/","og_locale":"pt_PT","og_type":"article","og_title":"Veja quais deputados baianos votaram a favor da PEC das praias em 2022 - Brasil not\u00edcias","og_description":"O texto discutido no Senado prev\u00ea a autoriza\u00e7\u00e3o para a venda dos terrenos de marinha a empresas e pessoas que","og_url":"https:\/\/brasilnoticias.org\/site\/veja-quais-deputados-baianos-votaram-a-favor-da-pec-das-praias-em-2022\/","og_site_name":"Brasil not\u00edcias","article_published_time":"2024-06-04T19:33:00+00:00","og_image":[{"width":1600,"height":752,"url":"https:\/\/brasilnoticias.org\/site\/wp-content\/uploads\/2024\/06\/151103veja-quais-deputados-baianos-votaram-a-favor-da-pec-das-praias-em-2022-3.jpg","type":"image\/jpeg"}],"author":"Reda\u00e7\u00e3o","twitter_card":"summary_large_image","twitter_misc":{"Escrito por":"Reda\u00e7\u00e3o"},"schema":{"@context":"https:\/\/schema.org","@graph":[{"@type":"Article","@id":"https:\/\/brasilnoticias.org\/site\/veja-quais-deputados-baianos-votaram-a-favor-da-pec-das-praias-em-2022\/#article","isPartOf":{"@id":"https:\/\/brasilnoticias.org\/site\/veja-quais-deputados-baianos-votaram-a-favor-da-pec-das-praias-em-2022\/"},"author":{"name":"Reda\u00e7\u00e3o","@id":"https:\/\/brasilnoticias.org\/site\/#\/schema\/person\/03bbbfe6c7634ad18c26444ea39049fa"},"headline":"Veja quais deputados baianos votaram a favor da PEC das praias em 2022","datePublished":"2024-06-04T19:33:00+00:00","mainEntityOfPage":{"@id":"https:\/\/brasilnoticias.org\/site\/veja-quais-deputados-baianos-votaram-a-favor-da-pec-das-praias-em-2022\/"},"wordCount":276,"commentCount":0,"publisher":{"@id":"https:\/\/brasilnoticias.org\/site\/#organization"},"image":{"@id":"https:\/\/brasilnoticias.org\/site\/veja-quais-deputados-baianos-votaram-a-favor-da-pec-das-praias-em-2022\/#primaryimage"},"thumbnailUrl":"https:\/\/brasilnoticias.org\/site\/wp-content\/uploads\/2024\/06\/151103veja-quais-deputados-baianos-votaram-a-favor-da-pec-das-praias-em-2022-3.jpg","articleSection":["Pol\u00edtica","\u00daltimas"],"inLanguage":"pt-PT","potentialAction":[{"@type":"CommentAction","name":"Comment","target":["https:\/\/brasilnoticias.org\/site\/veja-quais-deputados-baianos-votaram-a-favor-da-pec-das-praias-em-2022\/#respond"]}]},{"@type":"WebPage","@id":"https:\/\/brasilnoticias.org\/site\/veja-quais-deputados-baianos-votaram-a-favor-da-pec-das-praias-em-2022\/","url":"https:\/\/brasilnoticias.org\/site\/veja-quais-deputados-baianos-votaram-a-favor-da-pec-das-praias-em-2022\/","name":"Veja quais deputados baianos votaram a favor da PEC das praias em 2022 - Brasil not\u00edcias","isPartOf":{"@id":"https:\/\/brasilnoticias.org\/site\/#website"},"primaryImageOfPage":{"@id":"https:\/\/brasilnoticias.org\/site\/veja-quais-deputados-baianos-votaram-a-favor-da-pec-das-praias-em-2022\/#primaryimage"},"image":{"@id":"https:\/\/brasilnoticias.org\/site\/veja-quais-deputados-baianos-votaram-a-favor-da-pec-das-praias-em-2022\/#primaryimage"},"thumbnailUrl":"https:\/\/brasilnoticias.org\/site\/wp-content\/uploads\/2024\/06\/151103veja-quais-deputados-baianos-votaram-a-favor-da-pec-das-praias-em-2022-3.jpg","datePublished":"2024-06-04T19:33:00+00:00","breadcrumb":{"@id":"https:\/\/brasilnoticias.org\/site\/veja-quais-deputados-baianos-votaram-a-favor-da-pec-das-praias-em-2022\/#breadcrumb"},"inLanguage":"pt-PT","potentialAction":[{"@type":"ReadAction","target":["https:\/\/brasilnoticias.org\/site\/veja-quais-deputados-baianos-votaram-a-favor-da-pec-das-praias-em-2022\/"]}]},{"@type":"ImageObject","inLanguage":"pt-PT","@id":"https:\/\/brasilnoticias.org\/site\/veja-quais-deputados-baianos-votaram-a-favor-da-pec-das-praias-em-2022\/#primaryimage","url":"https:\/\/brasilnoticias.org\/site\/wp-content\/uploads\/2024\/06\/151103veja-quais-deputados-baianos-votaram-a-favor-da-pec-das-praias-em-2022-3.jpg","contentUrl":"https:\/\/brasilnoticias.org\/site\/wp-content\/uploads\/2024\/06\/151103veja-quais-deputados-baianos-votaram-a-favor-da-pec-das-praias-em-2022-3.jpg","width":1600,"height":752},{"@type":"BreadcrumbList","@id":"https:\/\/brasilnoticias.org\/site\/veja-quais-deputados-baianos-votaram-a-favor-da-pec-das-praias-em-2022\/#breadcrumb","itemListElement":[{"@type":"ListItem","position":1,"name":"In\u00edcio","item":"https:\/\/brasilnoticias.org\/site\/"},{"@type":"ListItem","position":2,"name":"Veja quais deputados baianos votaram a favor da PEC das praias em 2022"}]},{"@type":"WebSite","@id":"https:\/\/brasilnoticias.org\/site\/#website","url":"https:\/\/brasilnoticias.org\/site\/","name":"Brasil not\u00edcias","description":"Brasil not\u00edcias","publisher":{"@id":"https:\/\/brasilnoticias.org\/site\/#organization"},"potentialAction":[{"@type":"SearchAction","target":{"@type":"EntryPoint","urlTemplate":"https:\/\/brasilnoticias.org\/site\/?s={search_term_string}"},"query-input":{"@type":"PropertyValueSpecification","valueRequired":true,"valueName":"search_term_string"}}],"inLanguage":"pt-PT"},{"@type":"Organization","@id":"https:\/\/brasilnoticias.org\/site\/#organization","name":"Brasil not\u00edcias","url":"https:\/\/brasilnoticias.org\/site\/","logo":{"@type":"ImageObject","inLanguage":"pt-PT","@id":"https:\/\/brasilnoticias.org\/site\/#\/schema\/logo\/image\/","url":"https:\/\/brasilnoticias.org\/site\/wp-content\/uploads\/2022\/05\/cropped-brasilnoticias-mini.jpg","contentUrl":"https:\/\/brasilnoticias.org\/site\/wp-content\/uploads\/2022\/05\/cropped-brasilnoticias-mini.jpg","width":314,"height":86,"caption":"Brasil not\u00edcias"},"image":{"@id":"https:\/\/brasilnoticias.org\/site\/#\/schema\/logo\/image\/"}},{"@type":"Person","@id":"https:\/\/brasilnoticias.org\/site\/#\/schema\/person\/03bbbfe6c7634ad18c26444ea39049fa","name":"Reda\u00e7\u00e3o","image":{"@type":"ImageObject","inLanguage":"pt-PT","@id":"https:\/\/brasilnoticias.org\/site\/#\/schema\/person\/image\/","url":"https:\/\/secure.gravatar.com\/avatar\/9ecaf7327a696cb23ad926fedded5f1f04d7049de9e445375d55b48c001a6e42?s=96&d=mm&r=g","contentUrl":"https:\/\/secure.gravatar.com\/avatar\/9ecaf7327a696cb23ad926fedded5f1f04d7049de9e445375d55b48c001a6e42?s=96&d=mm&r=g","caption":"Reda\u00e7\u00e3o"},"url":"https:\/\/brasilnoticias.org\/site\/author\/henrique\/"}]}},"_links":{"self":[{"href":"https:\/\/brasilnoticias.org\/site\/wp-json\/wp\/v2\/posts\/14420","targetHints":{"allow":["GET"]}}],"collection":[{"href":"https:\/\/brasilnoticias.org\/site\/wp-json\/wp\/v2\/posts"}],"about":[{"href":"https:\/\/brasilnoticias.org\/site\/wp-json\/wp\/v2\/types\/post"}],"author":[{"embeddable":true,"href":"https:\/\/brasilnoticias.org\/site\/wp-json\/wp\/v2\/users\/4"}],"replies":[{"embeddable":true,"href":"https:\/\/brasilnoticias.org\/site\/wp-json\/wp\/v2\/comments?post=14420"}],"version-history":[{"count":1,"href":"https:\/\/brasilnoticias.org\/site\/wp-json\/wp\/v2\/posts\/14420\/revisions"}],"predecessor-version":[{"id":14422,"href":"https:\/\/brasilnoticias.org\/site\/wp-json\/wp\/v2\/posts\/14420\/revisions\/14422"}],"wp:featuredmedia":[{"embeddable":true,"href":"https:\/\/brasilnoticias.org\/site\/wp-json\/wp\/v2\/media\/14421"}],"wp:attachment":[{"href":"https:\/\/brasilnoticias.org\/site\/wp-json\/wp\/v2\/media?parent=14420"}],"wp:term":[{"taxonomy":"category","embeddable":true,"href":"https:\/\/brasilnoticias.org\/site\/wp-json\/wp\/v2\/categories?post=14420"},{"taxonomy":"post_tag","embeddable":true,"href":"https:\/\/brasilnoticias.org\/site\/wp-json\/wp\/v2\/tags?post=14420"}],"curies":[{"name":"wp","href":"https:\/\/api.w.org\/{rel}","templated":true}]}}