{"id":14423,"date":"2024-06-04T16:33:52","date_gmt":"2024-06-04T19:33:52","guid":{"rendered":"https:\/\/brasilnoticias.org\/site\/?p=14423"},"modified":"2024-06-04T16:33:52","modified_gmt":"2024-06-04T19:33:52","slug":"procuradora-da-lava-jato-recebe-punicao-disciplinar-por-manifestar-sobre-processos-do-stf-em-eventos","status":"publish","type":"post","link":"https:\/\/brasilnoticias.org\/site\/procuradora-da-lava-jato-recebe-punicao-disciplinar-por-manifestar-sobre-processos-do-stf-em-eventos\/","title":{"rendered":"Procuradora da Lava Jato recebe puni\u00e7\u00e3o disciplinar por manifestar sobre processos do STF em eventos"},"content":{"rendered":"<p>A defesa da procuradora alega que as declara\u00e7\u00f5es n\u00e3o constituem infra\u00e7\u00e3o, pois estavam dentro de sua liberdade de express\u00e3o<\/p>\n<p>O Conselho Superior da Procuradoria-Geral da Rep\u00fablica (PGR) tomou a decis\u00e3o de aplicar uma puni\u00e7\u00e3o disciplinar de censura \u00e0 procuradora Tham\u00e9a Danelon, que atuou na Lava Jato de S\u00e3o Paulo. A medida \u00e9 simb\u00f3lica e funciona como uma esp\u00e9cia de advert\u00eancia no primeiro momento, podendo se tornar um agravante caso a pessoa punida responda a outros processos disciplinares. <\/p>\n<p>Seis integrantes do Conselho votaram a favor da puni\u00e7\u00e3o, incluindo o procurador-geral Paulo Gonet. Outros tr\u00eas integrantes votaram pela absolvi\u00e7\u00e3o. <\/p>\n<p>De acordo com os membros que representam a c\u00fapula da PGR, Tham\u00e9a Danelon descumpriu o decoro do cargo ao participar de entrevistas e eventos nos quais manifestou sua opini\u00e3o sobre processos em andamento no Supremo Tribunal Federal e chegou a criticar decis\u00f5es dos ministros do \u00f3rg\u00e3o.<\/p>\n<p>A defesa da procuradora alega que as declara\u00e7\u00f5es n\u00e3o constituem infra\u00e7\u00e3o, pois estavam dentro de sua liberdade de express\u00e3o e n\u00e3o houve manifesta\u00e7\u00f5es de posi\u00e7\u00f5es partid\u00e1rias. No entanto, o Conselho concluiu que as declara\u00e7\u00f5es extrapolaram os limites do seu cargo.<\/p>\n<p>Foto: Reprodu\u00e7\u00e3o\/Youtube\/CNN<br \/>\nPor: Metro1<\/p>\n","protected":false},"excerpt":{"rendered":"<p>A defesa da procuradora alega que as declara\u00e7\u00f5es n\u00e3o constituem infra\u00e7\u00e3o, pois estavam dentro de sua liberdade de express\u00e3o O<\/p>\n","protected":false},"author":4,"featured_media":14424,"comment_status":"open","ping_status":"open","sticky":false,"template":"","format":"standard","meta":{"colormag_page_container_layout":"default_layout","colormag_page_sidebar_layout":"default_layout","_FSMCFIC_featured_image_caption":"","_FSMCFIC_featured_image_nocaption":"","_FSMCFIC_featured_image_hide":"","footnotes":""},"categories":[7,1],"tags":[],"class_list":["post-14423","post","type-post","status-publish","format-standard","has-post-thumbnail","hentry","category-justica","category-ultimas"],"yoast_head":"<!-- This site is optimized with the Yoast SEO plugin v27.1.1 - https:\/\/yoast.com\/product\/yoast-seo-wordpress\/ -->\n<title>Procuradora da Lava Jato recebe puni\u00e7\u00e3o disciplinar por manifestar sobre processos do STF em eventos - Brasil not\u00edcias<\/title>\n<meta name=\"robots\" content=\"index, follow, max-snippet:-1, max-image-preview:large, max-video-preview:-1\" \/>\n<link rel=\"canonical\" href=\"https:\/\/brasilnoticias.org\/site\/procuradora-da-lava-jato-recebe-punicao-disciplinar-por-manifestar-sobre-processos-do-stf-em-eventos\/\" \/>\n<meta property=\"og:locale\" content=\"pt_PT\" \/>\n<meta property=\"og:type\" content=\"article\" \/>\n<meta property=\"og:title\" content=\"Procuradora da Lava Jato recebe puni\u00e7\u00e3o disciplinar por manifestar sobre processos do STF em eventos - Brasil not\u00edcias\" \/>\n<meta property=\"og:description\" content=\"A defesa da procuradora alega que as declara\u00e7\u00f5es n\u00e3o constituem infra\u00e7\u00e3o, pois estavam dentro de sua liberdade de express\u00e3o O\" \/>\n<meta property=\"og:url\" content=\"https:\/\/brasilnoticias.org\/site\/procuradora-da-lava-jato-recebe-punicao-disciplinar-por-manifestar-sobre-processos-do-stf-em-eventos\/\" \/>\n<meta property=\"og:site_name\" content=\"Brasil not\u00edcias\" \/>\n<meta property=\"article:published_time\" content=\"2024-06-04T19:33:52+00:00\" \/>\n<meta property=\"og:image\" content=\"https:\/\/brasilnoticias.org\/site\/wp-content\/uploads\/2024\/06\/151104procuradora-da-lava-jato-recebe-punicao-disciplinar-por-manifestar-sobre-processos-do-stf-em-eventos-3.jpg\" \/>\n\t<meta property=\"og:image:width\" content=\"1600\" \/>\n\t<meta property=\"og:image:height\" content=\"752\" \/>\n\t<meta property=\"og:image:type\" content=\"image\/jpeg\" \/>\n<meta name=\"author\" content=\"Reda\u00e7\u00e3o\" \/>\n<meta name=\"twitter:card\" content=\"summary_large_image\" \/>\n<meta name=\"twitter:label1\" content=\"Escrito por\" \/>\n\t<meta name=\"twitter:data1\" content=\"Reda\u00e7\u00e3o\" \/>\n<script type=\"application\/ld+json\" class=\"yoast-schema-graph\">{\"@context\":\"https:\/\/schema.org\",\"@graph\":[{\"@type\":\"Article\",\"@id\":\"https:\/\/brasilnoticias.org\/site\/procuradora-da-lava-jato-recebe-punicao-disciplinar-por-manifestar-sobre-processos-do-stf-em-eventos\/#article\",\"isPartOf\":{\"@id\":\"https:\/\/brasilnoticias.org\/site\/procuradora-da-lava-jato-recebe-punicao-disciplinar-por-manifestar-sobre-processos-do-stf-em-eventos\/\"},\"author\":{\"name\":\"Reda\u00e7\u00e3o\",\"@id\":\"https:\/\/brasilnoticias.org\/site\/#\/schema\/person\/03bbbfe6c7634ad18c26444ea39049fa\"},\"headline\":\"Procuradora da Lava Jato recebe puni\u00e7\u00e3o disciplinar por manifestar sobre processos do STF em eventos\",\"datePublished\":\"2024-06-04T19:33:52+00:00\",\"mainEntityOfPage\":{\"@id\":\"https:\/\/brasilnoticias.org\/site\/procuradora-da-lava-jato-recebe-punicao-disciplinar-por-manifestar-sobre-processos-do-stf-em-eventos\/\"},\"wordCount\":233,\"commentCount\":0,\"publisher\":{\"@id\":\"https:\/\/brasilnoticias.org\/site\/#organization\"},\"image\":{\"@id\":\"https:\/\/brasilnoticias.org\/site\/procuradora-da-lava-jato-recebe-punicao-disciplinar-por-manifestar-sobre-processos-do-stf-em-eventos\/#primaryimage\"},\"thumbnailUrl\":\"https:\/\/brasilnoticias.org\/site\/wp-content\/uploads\/2024\/06\/151104procuradora-da-lava-jato-recebe-punicao-disciplinar-por-manifestar-sobre-processos-do-stf-em-eventos-3.jpg\",\"articleSection\":[\"Justi\u00e7a\",\"\u00daltimas\"],\"inLanguage\":\"pt-PT\",\"potentialAction\":[{\"@type\":\"CommentAction\",\"name\":\"Comment\",\"target\":[\"https:\/\/brasilnoticias.org\/site\/procuradora-da-lava-jato-recebe-punicao-disciplinar-por-manifestar-sobre-processos-do-stf-em-eventos\/#respond\"]}]},{\"@type\":\"WebPage\",\"@id\":\"https:\/\/brasilnoticias.org\/site\/procuradora-da-lava-jato-recebe-punicao-disciplinar-por-manifestar-sobre-processos-do-stf-em-eventos\/\",\"url\":\"https:\/\/brasilnoticias.org\/site\/procuradora-da-lava-jato-recebe-punicao-disciplinar-por-manifestar-sobre-processos-do-stf-em-eventos\/\",\"name\":\"Procuradora da Lava Jato recebe puni\u00e7\u00e3o disciplinar por manifestar sobre processos do STF em eventos - Brasil not\u00edcias\",\"isPartOf\":{\"@id\":\"https:\/\/brasilnoticias.org\/site\/#website\"},\"primaryImageOfPage\":{\"@id\":\"https:\/\/brasilnoticias.org\/site\/procuradora-da-lava-jato-recebe-punicao-disciplinar-por-manifestar-sobre-processos-do-stf-em-eventos\/#primaryimage\"},\"image\":{\"@id\":\"https:\/\/brasilnoticias.org\/site\/procuradora-da-lava-jato-recebe-punicao-disciplinar-por-manifestar-sobre-processos-do-stf-em-eventos\/#primaryimage\"},\"thumbnailUrl\":\"https:\/\/brasilnoticias.org\/site\/wp-content\/uploads\/2024\/06\/151104procuradora-da-lava-jato-recebe-punicao-disciplinar-por-manifestar-sobre-processos-do-stf-em-eventos-3.jpg\",\"datePublished\":\"2024-06-04T19:33:52+00:00\",\"breadcrumb\":{\"@id\":\"https:\/\/brasilnoticias.org\/site\/procuradora-da-lava-jato-recebe-punicao-disciplinar-por-manifestar-sobre-processos-do-stf-em-eventos\/#breadcrumb\"},\"inLanguage\":\"pt-PT\",\"potentialAction\":[{\"@type\":\"ReadAction\",\"target\":[\"https:\/\/brasilnoticias.org\/site\/procuradora-da-lava-jato-recebe-punicao-disciplinar-por-manifestar-sobre-processos-do-stf-em-eventos\/\"]}]},{\"@type\":\"ImageObject\",\"inLanguage\":\"pt-PT\",\"@id\":\"https:\/\/brasilnoticias.org\/site\/procuradora-da-lava-jato-recebe-punicao-disciplinar-por-manifestar-sobre-processos-do-stf-em-eventos\/#primaryimage\",\"url\":\"https:\/\/brasilnoticias.org\/site\/wp-content\/uploads\/2024\/06\/151104procuradora-da-lava-jato-recebe-punicao-disciplinar-por-manifestar-sobre-processos-do-stf-em-eventos-3.jpg\",\"contentUrl\":\"https:\/\/brasilnoticias.org\/site\/wp-content\/uploads\/2024\/06\/151104procuradora-da-lava-jato-recebe-punicao-disciplinar-por-manifestar-sobre-processos-do-stf-em-eventos-3.jpg\",\"width\":1600,\"height\":752},{\"@type\":\"BreadcrumbList\",\"@id\":\"https:\/\/brasilnoticias.org\/site\/procuradora-da-lava-jato-recebe-punicao-disciplinar-por-manifestar-sobre-processos-do-stf-em-eventos\/#breadcrumb\",\"itemListElement\":[{\"@type\":\"ListItem\",\"position\":1,\"name\":\"In\u00edcio\",\"item\":\"https:\/\/brasilnoticias.org\/site\/\"},{\"@type\":\"ListItem\",\"position\":2,\"name\":\"Procuradora da Lava Jato recebe puni\u00e7\u00e3o disciplinar por manifestar sobre processos do STF em eventos\"}]},{\"@type\":\"WebSite\",\"@id\":\"https:\/\/brasilnoticias.org\/site\/#website\",\"url\":\"https:\/\/brasilnoticias.org\/site\/\",\"name\":\"Brasil not\u00edcias\",\"description\":\"Brasil not\u00edcias\",\"publisher\":{\"@id\":\"https:\/\/brasilnoticias.org\/site\/#organization\"},\"potentialAction\":[{\"@type\":\"SearchAction\",\"target\":{\"@type\":\"EntryPoint\",\"urlTemplate\":\"https:\/\/brasilnoticias.org\/site\/?s={search_term_string}\"},\"query-input\":{\"@type\":\"PropertyValueSpecification\",\"valueRequired\":true,\"valueName\":\"search_term_string\"}}],\"inLanguage\":\"pt-PT\"},{\"@type\":\"Organization\",\"@id\":\"https:\/\/brasilnoticias.org\/site\/#organization\",\"name\":\"Brasil not\u00edcias\",\"url\":\"https:\/\/brasilnoticias.org\/site\/\",\"logo\":{\"@type\":\"ImageObject\",\"inLanguage\":\"pt-PT\",\"@id\":\"https:\/\/brasilnoticias.org\/site\/#\/schema\/logo\/image\/\",\"url\":\"https:\/\/brasilnoticias.org\/site\/wp-content\/uploads\/2022\/05\/cropped-brasilnoticias-mini.jpg\",\"contentUrl\":\"https:\/\/brasilnoticias.org\/site\/wp-content\/uploads\/2022\/05\/cropped-brasilnoticias-mini.jpg\",\"width\":314,\"height\":86,\"caption\":\"Brasil not\u00edcias\"},\"image\":{\"@id\":\"https:\/\/brasilnoticias.org\/site\/#\/schema\/logo\/image\/\"}},{\"@type\":\"Person\",\"@id\":\"https:\/\/brasilnoticias.org\/site\/#\/schema\/person\/03bbbfe6c7634ad18c26444ea39049fa\",\"name\":\"Reda\u00e7\u00e3o\",\"image\":{\"@type\":\"ImageObject\",\"inLanguage\":\"pt-PT\",\"@id\":\"https:\/\/brasilnoticias.org\/site\/#\/schema\/person\/image\/\",\"url\":\"https:\/\/secure.gravatar.com\/avatar\/9ecaf7327a696cb23ad926fedded5f1f04d7049de9e445375d55b48c001a6e42?s=96&d=mm&r=g\",\"contentUrl\":\"https:\/\/secure.gravatar.com\/avatar\/9ecaf7327a696cb23ad926fedded5f1f04d7049de9e445375d55b48c001a6e42?s=96&d=mm&r=g\",\"caption\":\"Reda\u00e7\u00e3o\"},\"url\":\"https:\/\/brasilnoticias.org\/site\/author\/henrique\/\"}]}<\/script>\n<!-- \/ Yoast SEO plugin. -->","yoast_head_json":{"title":"Procuradora da Lava Jato recebe puni\u00e7\u00e3o disciplinar por manifestar sobre processos do STF em eventos - Brasil not\u00edcias","robots":{"index":"index","follow":"follow","max-snippet":"max-snippet:-1","max-image-preview":"max-image-preview:large","max-video-preview":"max-video-preview:-1"},"canonical":"https:\/\/brasilnoticias.org\/site\/procuradora-da-lava-jato-recebe-punicao-disciplinar-por-manifestar-sobre-processos-do-stf-em-eventos\/","og_locale":"pt_PT","og_type":"article","og_title":"Procuradora da Lava Jato recebe puni\u00e7\u00e3o disciplinar por manifestar sobre processos do STF em eventos - Brasil not\u00edcias","og_description":"A defesa da procuradora alega que as declara\u00e7\u00f5es n\u00e3o constituem infra\u00e7\u00e3o, pois estavam dentro de sua liberdade de express\u00e3o O","og_url":"https:\/\/brasilnoticias.org\/site\/procuradora-da-lava-jato-recebe-punicao-disciplinar-por-manifestar-sobre-processos-do-stf-em-eventos\/","og_site_name":"Brasil not\u00edcias","article_published_time":"2024-06-04T19:33:52+00:00","og_image":[{"width":1600,"height":752,"url":"https:\/\/brasilnoticias.org\/site\/wp-content\/uploads\/2024\/06\/151104procuradora-da-lava-jato-recebe-punicao-disciplinar-por-manifestar-sobre-processos-do-stf-em-eventos-3.jpg","type":"image\/jpeg"}],"author":"Reda\u00e7\u00e3o","twitter_card":"summary_large_image","twitter_misc":{"Escrito por":"Reda\u00e7\u00e3o"},"schema":{"@context":"https:\/\/schema.org","@graph":[{"@type":"Article","@id":"https:\/\/brasilnoticias.org\/site\/procuradora-da-lava-jato-recebe-punicao-disciplinar-por-manifestar-sobre-processos-do-stf-em-eventos\/#article","isPartOf":{"@id":"https:\/\/brasilnoticias.org\/site\/procuradora-da-lava-jato-recebe-punicao-disciplinar-por-manifestar-sobre-processos-do-stf-em-eventos\/"},"author":{"name":"Reda\u00e7\u00e3o","@id":"https:\/\/brasilnoticias.org\/site\/#\/schema\/person\/03bbbfe6c7634ad18c26444ea39049fa"},"headline":"Procuradora da Lava Jato recebe puni\u00e7\u00e3o disciplinar por manifestar sobre processos do STF em eventos","datePublished":"2024-06-04T19:33:52+00:00","mainEntityOfPage":{"@id":"https:\/\/brasilnoticias.org\/site\/procuradora-da-lava-jato-recebe-punicao-disciplinar-por-manifestar-sobre-processos-do-stf-em-eventos\/"},"wordCount":233,"commentCount":0,"publisher":{"@id":"https:\/\/brasilnoticias.org\/site\/#organization"},"image":{"@id":"https:\/\/brasilnoticias.org\/site\/procuradora-da-lava-jato-recebe-punicao-disciplinar-por-manifestar-sobre-processos-do-stf-em-eventos\/#primaryimage"},"thumbnailUrl":"https:\/\/brasilnoticias.org\/site\/wp-content\/uploads\/2024\/06\/151104procuradora-da-lava-jato-recebe-punicao-disciplinar-por-manifestar-sobre-processos-do-stf-em-eventos-3.jpg","articleSection":["Justi\u00e7a","\u00daltimas"],"inLanguage":"pt-PT","potentialAction":[{"@type":"CommentAction","name":"Comment","target":["https:\/\/brasilnoticias.org\/site\/procuradora-da-lava-jato-recebe-punicao-disciplinar-por-manifestar-sobre-processos-do-stf-em-eventos\/#respond"]}]},{"@type":"WebPage","@id":"https:\/\/brasilnoticias.org\/site\/procuradora-da-lava-jato-recebe-punicao-disciplinar-por-manifestar-sobre-processos-do-stf-em-eventos\/","url":"https:\/\/brasilnoticias.org\/site\/procuradora-da-lava-jato-recebe-punicao-disciplinar-por-manifestar-sobre-processos-do-stf-em-eventos\/","name":"Procuradora da Lava Jato recebe puni\u00e7\u00e3o disciplinar por manifestar sobre processos do STF em eventos - Brasil not\u00edcias","isPartOf":{"@id":"https:\/\/brasilnoticias.org\/site\/#website"},"primaryImageOfPage":{"@id":"https:\/\/brasilnoticias.org\/site\/procuradora-da-lava-jato-recebe-punicao-disciplinar-por-manifestar-sobre-processos-do-stf-em-eventos\/#primaryimage"},"image":{"@id":"https:\/\/brasilnoticias.org\/site\/procuradora-da-lava-jato-recebe-punicao-disciplinar-por-manifestar-sobre-processos-do-stf-em-eventos\/#primaryimage"},"thumbnailUrl":"https:\/\/brasilnoticias.org\/site\/wp-content\/uploads\/2024\/06\/151104procuradora-da-lava-jato-recebe-punicao-disciplinar-por-manifestar-sobre-processos-do-stf-em-eventos-3.jpg","datePublished":"2024-06-04T19:33:52+00:00","breadcrumb":{"@id":"https:\/\/brasilnoticias.org\/site\/procuradora-da-lava-jato-recebe-punicao-disciplinar-por-manifestar-sobre-processos-do-stf-em-eventos\/#breadcrumb"},"inLanguage":"pt-PT","potentialAction":[{"@type":"ReadAction","target":["https:\/\/brasilnoticias.org\/site\/procuradora-da-lava-jato-recebe-punicao-disciplinar-por-manifestar-sobre-processos-do-stf-em-eventos\/"]}]},{"@type":"ImageObject","inLanguage":"pt-PT","@id":"https:\/\/brasilnoticias.org\/site\/procuradora-da-lava-jato-recebe-punicao-disciplinar-por-manifestar-sobre-processos-do-stf-em-eventos\/#primaryimage","url":"https:\/\/brasilnoticias.org\/site\/wp-content\/uploads\/2024\/06\/151104procuradora-da-lava-jato-recebe-punicao-disciplinar-por-manifestar-sobre-processos-do-stf-em-eventos-3.jpg","contentUrl":"https:\/\/brasilnoticias.org\/site\/wp-content\/uploads\/2024\/06\/151104procuradora-da-lava-jato-recebe-punicao-disciplinar-por-manifestar-sobre-processos-do-stf-em-eventos-3.jpg","width":1600,"height":752},{"@type":"BreadcrumbList","@id":"https:\/\/brasilnoticias.org\/site\/procuradora-da-lava-jato-recebe-punicao-disciplinar-por-manifestar-sobre-processos-do-stf-em-eventos\/#breadcrumb","itemListElement":[{"@type":"ListItem","position":1,"name":"In\u00edcio","item":"https:\/\/brasilnoticias.org\/site\/"},{"@type":"ListItem","position":2,"name":"Procuradora da Lava Jato recebe puni\u00e7\u00e3o disciplinar por manifestar sobre processos do STF em eventos"}]},{"@type":"WebSite","@id":"https:\/\/brasilnoticias.org\/site\/#website","url":"https:\/\/brasilnoticias.org\/site\/","name":"Brasil not\u00edcias","description":"Brasil not\u00edcias","publisher":{"@id":"https:\/\/brasilnoticias.org\/site\/#organization"},"potentialAction":[{"@type":"SearchAction","target":{"@type":"EntryPoint","urlTemplate":"https:\/\/brasilnoticias.org\/site\/?s={search_term_string}"},"query-input":{"@type":"PropertyValueSpecification","valueRequired":true,"valueName":"search_term_string"}}],"inLanguage":"pt-PT"},{"@type":"Organization","@id":"https:\/\/brasilnoticias.org\/site\/#organization","name":"Brasil not\u00edcias","url":"https:\/\/brasilnoticias.org\/site\/","logo":{"@type":"ImageObject","inLanguage":"pt-PT","@id":"https:\/\/brasilnoticias.org\/site\/#\/schema\/logo\/image\/","url":"https:\/\/brasilnoticias.org\/site\/wp-content\/uploads\/2022\/05\/cropped-brasilnoticias-mini.jpg","contentUrl":"https:\/\/brasilnoticias.org\/site\/wp-content\/uploads\/2022\/05\/cropped-brasilnoticias-mini.jpg","width":314,"height":86,"caption":"Brasil not\u00edcias"},"image":{"@id":"https:\/\/brasilnoticias.org\/site\/#\/schema\/logo\/image\/"}},{"@type":"Person","@id":"https:\/\/brasilnoticias.org\/site\/#\/schema\/person\/03bbbfe6c7634ad18c26444ea39049fa","name":"Reda\u00e7\u00e3o","image":{"@type":"ImageObject","inLanguage":"pt-PT","@id":"https:\/\/brasilnoticias.org\/site\/#\/schema\/person\/image\/","url":"https:\/\/secure.gravatar.com\/avatar\/9ecaf7327a696cb23ad926fedded5f1f04d7049de9e445375d55b48c001a6e42?s=96&d=mm&r=g","contentUrl":"https:\/\/secure.gravatar.com\/avatar\/9ecaf7327a696cb23ad926fedded5f1f04d7049de9e445375d55b48c001a6e42?s=96&d=mm&r=g","caption":"Reda\u00e7\u00e3o"},"url":"https:\/\/brasilnoticias.org\/site\/author\/henrique\/"}]}},"_links":{"self":[{"href":"https:\/\/brasilnoticias.org\/site\/wp-json\/wp\/v2\/posts\/14423","targetHints":{"allow":["GET"]}}],"collection":[{"href":"https:\/\/brasilnoticias.org\/site\/wp-json\/wp\/v2\/posts"}],"about":[{"href":"https:\/\/brasilnoticias.org\/site\/wp-json\/wp\/v2\/types\/post"}],"author":[{"embeddable":true,"href":"https:\/\/brasilnoticias.org\/site\/wp-json\/wp\/v2\/users\/4"}],"replies":[{"embeddable":true,"href":"https:\/\/brasilnoticias.org\/site\/wp-json\/wp\/v2\/comments?post=14423"}],"version-history":[{"count":1,"href":"https:\/\/brasilnoticias.org\/site\/wp-json\/wp\/v2\/posts\/14423\/revisions"}],"predecessor-version":[{"id":14425,"href":"https:\/\/brasilnoticias.org\/site\/wp-json\/wp\/v2\/posts\/14423\/revisions\/14425"}],"wp:featuredmedia":[{"embeddable":true,"href":"https:\/\/brasilnoticias.org\/site\/wp-json\/wp\/v2\/media\/14424"}],"wp:attachment":[{"href":"https:\/\/brasilnoticias.org\/site\/wp-json\/wp\/v2\/media?parent=14423"}],"wp:term":[{"taxonomy":"category","embeddable":true,"href":"https:\/\/brasilnoticias.org\/site\/wp-json\/wp\/v2\/categories?post=14423"},{"taxonomy":"post_tag","embeddable":true,"href":"https:\/\/brasilnoticias.org\/site\/wp-json\/wp\/v2\/tags?post=14423"}],"curies":[{"name":"wp","href":"https:\/\/api.w.org\/{rel}","templated":true}]}}