{"id":14429,"date":"2024-06-04T16:36:06","date_gmt":"2024-06-04T19:36:06","guid":{"rendered":"https:\/\/brasilnoticias.org\/site\/?p=14429"},"modified":"2024-06-04T16:36:06","modified_gmt":"2024-06-04T19:36:06","slug":"ans-autoriza-reajuste-de-ate-691-para-contratos-individuais-de-planos-de-saude","status":"publish","type":"post","link":"https:\/\/brasilnoticias.org\/site\/ans-autoriza-reajuste-de-ate-691-para-contratos-individuais-de-planos-de-saude\/","title":{"rendered":"ANS autoriza reajuste de at\u00e9 6,91% para contratos individuais de planos de sa\u00fade"},"content":{"rendered":"<p>O aumento anual \u00e9 aplicado pelas operadoras na data de anivers\u00e1rio de cada contrato<\/p>\n<p>A Ag\u00eancia Nacional de Sa\u00fade Suplementar (ANS) autorizou nesta ter\u00e7a-feira (4) que as operadoras realizem um reajuste de at\u00e9 6,91% no valor dos planos de sa\u00fade individuais ou familiares. O \u00edndice ser\u00e1 v\u00e1lido para o per\u00edodo que vai de 1\u00ba de maio de 2024 a 30 de abril de 2025.<\/p>\n<p>O aumento anual \u00e9 aplicado pelas operadoras na data de anivers\u00e1rio de cada contrato. Devido ao atraso na divulga\u00e7\u00e3o do percentual, ele vai ser aplicado retroativamente nos contratos que seriam reajustados m\u00eas passado. Caso haja mudan\u00e7a de faixa et\u00e1ria durante o per\u00edodo, \u00e9 poss\u00edvel que sejam aplicados dois reajustes num mesmo ano.<\/p>\n<p>O modelo de reajuste para os planos individuais reflete a varia\u00e7\u00e3o de custos m\u00e9dico-hospitalares em 12 meses, entre 31 de dezembro \u00faltimo e igual data do ano anterior. Tamb\u00e9m entra na f\u00f3rmula o \u00cdndice de Pre\u00e7os ao Consumidor Amplo (IPCA), descontado o subitem Plano de Sa\u00fade. O \u00edndice de 6,91% est\u00e1 abaixo do reajuste m\u00e1ximo do ano passado, fixado em 9,63%, e \u00e9 o menor desde 2010. <\/p>\n<p>Foto: T\u00e2nia Rego\/Ag\u00eancia Brasil<br \/>\nPor: Metro1<\/p>\n","protected":false},"excerpt":{"rendered":"<p>O aumento anual \u00e9 aplicado pelas operadoras na data de anivers\u00e1rio de cada contrato A Ag\u00eancia Nacional de Sa\u00fade Suplementar<\/p>\n","protected":false},"author":4,"featured_media":14430,"comment_status":"open","ping_status":"open","sticky":false,"template":"","format":"standard","meta":{"colormag_page_container_layout":"default_layout","colormag_page_sidebar_layout":"default_layout","_FSMCFIC_featured_image_caption":"","_FSMCFIC_featured_image_nocaption":"","_FSMCFIC_featured_image_hide":"","footnotes":""},"categories":[2,1],"tags":[],"class_list":["post-14429","post","type-post","status-publish","format-standard","has-post-thumbnail","hentry","category-noticias","category-ultimas"],"yoast_head":"<!-- This site is optimized with the Yoast SEO plugin v27.1.1 - https:\/\/yoast.com\/product\/yoast-seo-wordpress\/ -->\n<title>ANS autoriza reajuste de at\u00e9 6,91% para contratos individuais de planos de sa\u00fade - Brasil not\u00edcias<\/title>\n<meta name=\"robots\" content=\"index, follow, max-snippet:-1, max-image-preview:large, max-video-preview:-1\" \/>\n<link rel=\"canonical\" href=\"https:\/\/brasilnoticias.org\/site\/ans-autoriza-reajuste-de-ate-691-para-contratos-individuais-de-planos-de-saude\/\" \/>\n<meta property=\"og:locale\" content=\"pt_PT\" \/>\n<meta property=\"og:type\" content=\"article\" \/>\n<meta property=\"og:title\" content=\"ANS autoriza reajuste de at\u00e9 6,91% para contratos individuais de planos de sa\u00fade - Brasil not\u00edcias\" \/>\n<meta property=\"og:description\" content=\"O aumento anual \u00e9 aplicado pelas operadoras na data de anivers\u00e1rio de cada contrato A Ag\u00eancia Nacional de Sa\u00fade Suplementar\" \/>\n<meta property=\"og:url\" content=\"https:\/\/brasilnoticias.org\/site\/ans-autoriza-reajuste-de-ate-691-para-contratos-individuais-de-planos-de-saude\/\" \/>\n<meta property=\"og:site_name\" content=\"Brasil not\u00edcias\" \/>\n<meta property=\"article:published_time\" content=\"2024-06-04T19:36:06+00:00\" \/>\n<meta property=\"og:image\" content=\"https:\/\/brasilnoticias.org\/site\/wp-content\/uploads\/2024\/06\/151085ans-autoriza-reajuste-de-ate-691-para-contratos-individuais-de-planos-de-saude-3.jpg\" \/>\n\t<meta property=\"og:image:width\" content=\"1600\" \/>\n\t<meta property=\"og:image:height\" content=\"752\" \/>\n\t<meta property=\"og:image:type\" content=\"image\/jpeg\" \/>\n<meta name=\"author\" content=\"Reda\u00e7\u00e3o\" \/>\n<meta name=\"twitter:card\" content=\"summary_large_image\" \/>\n<meta name=\"twitter:label1\" content=\"Escrito por\" \/>\n\t<meta name=\"twitter:data1\" content=\"Reda\u00e7\u00e3o\" \/>\n<script type=\"application\/ld+json\" class=\"yoast-schema-graph\">{\"@context\":\"https:\/\/schema.org\",\"@graph\":[{\"@type\":\"Article\",\"@id\":\"https:\/\/brasilnoticias.org\/site\/ans-autoriza-reajuste-de-ate-691-para-contratos-individuais-de-planos-de-saude\/#article\",\"isPartOf\":{\"@id\":\"https:\/\/brasilnoticias.org\/site\/ans-autoriza-reajuste-de-ate-691-para-contratos-individuais-de-planos-de-saude\/\"},\"author\":{\"name\":\"Reda\u00e7\u00e3o\",\"@id\":\"https:\/\/brasilnoticias.org\/site\/#\/schema\/person\/03bbbfe6c7634ad18c26444ea39049fa\"},\"headline\":\"ANS autoriza reajuste de at\u00e9 6,91% para contratos individuais de planos de sa\u00fade\",\"datePublished\":\"2024-06-04T19:36:06+00:00\",\"mainEntityOfPage\":{\"@id\":\"https:\/\/brasilnoticias.org\/site\/ans-autoriza-reajuste-de-ate-691-para-contratos-individuais-de-planos-de-saude\/\"},\"wordCount\":211,\"commentCount\":0,\"publisher\":{\"@id\":\"https:\/\/brasilnoticias.org\/site\/#organization\"},\"image\":{\"@id\":\"https:\/\/brasilnoticias.org\/site\/ans-autoriza-reajuste-de-ate-691-para-contratos-individuais-de-planos-de-saude\/#primaryimage\"},\"thumbnailUrl\":\"https:\/\/brasilnoticias.org\/site\/wp-content\/uploads\/2024\/06\/151085ans-autoriza-reajuste-de-ate-691-para-contratos-individuais-de-planos-de-saude-3.jpg\",\"articleSection\":[\"Not\u00edcias\",\"\u00daltimas\"],\"inLanguage\":\"pt-PT\",\"potentialAction\":[{\"@type\":\"CommentAction\",\"name\":\"Comment\",\"target\":[\"https:\/\/brasilnoticias.org\/site\/ans-autoriza-reajuste-de-ate-691-para-contratos-individuais-de-planos-de-saude\/#respond\"]}]},{\"@type\":\"WebPage\",\"@id\":\"https:\/\/brasilnoticias.org\/site\/ans-autoriza-reajuste-de-ate-691-para-contratos-individuais-de-planos-de-saude\/\",\"url\":\"https:\/\/brasilnoticias.org\/site\/ans-autoriza-reajuste-de-ate-691-para-contratos-individuais-de-planos-de-saude\/\",\"name\":\"ANS autoriza reajuste de at\u00e9 6,91% para contratos individuais de planos de sa\u00fade - Brasil not\u00edcias\",\"isPartOf\":{\"@id\":\"https:\/\/brasilnoticias.org\/site\/#website\"},\"primaryImageOfPage\":{\"@id\":\"https:\/\/brasilnoticias.org\/site\/ans-autoriza-reajuste-de-ate-691-para-contratos-individuais-de-planos-de-saude\/#primaryimage\"},\"image\":{\"@id\":\"https:\/\/brasilnoticias.org\/site\/ans-autoriza-reajuste-de-ate-691-para-contratos-individuais-de-planos-de-saude\/#primaryimage\"},\"thumbnailUrl\":\"https:\/\/brasilnoticias.org\/site\/wp-content\/uploads\/2024\/06\/151085ans-autoriza-reajuste-de-ate-691-para-contratos-individuais-de-planos-de-saude-3.jpg\",\"datePublished\":\"2024-06-04T19:36:06+00:00\",\"breadcrumb\":{\"@id\":\"https:\/\/brasilnoticias.org\/site\/ans-autoriza-reajuste-de-ate-691-para-contratos-individuais-de-planos-de-saude\/#breadcrumb\"},\"inLanguage\":\"pt-PT\",\"potentialAction\":[{\"@type\":\"ReadAction\",\"target\":[\"https:\/\/brasilnoticias.org\/site\/ans-autoriza-reajuste-de-ate-691-para-contratos-individuais-de-planos-de-saude\/\"]}]},{\"@type\":\"ImageObject\",\"inLanguage\":\"pt-PT\",\"@id\":\"https:\/\/brasilnoticias.org\/site\/ans-autoriza-reajuste-de-ate-691-para-contratos-individuais-de-planos-de-saude\/#primaryimage\",\"url\":\"https:\/\/brasilnoticias.org\/site\/wp-content\/uploads\/2024\/06\/151085ans-autoriza-reajuste-de-ate-691-para-contratos-individuais-de-planos-de-saude-3.jpg\",\"contentUrl\":\"https:\/\/brasilnoticias.org\/site\/wp-content\/uploads\/2024\/06\/151085ans-autoriza-reajuste-de-ate-691-para-contratos-individuais-de-planos-de-saude-3.jpg\",\"width\":1600,\"height\":752},{\"@type\":\"BreadcrumbList\",\"@id\":\"https:\/\/brasilnoticias.org\/site\/ans-autoriza-reajuste-de-ate-691-para-contratos-individuais-de-planos-de-saude\/#breadcrumb\",\"itemListElement\":[{\"@type\":\"ListItem\",\"position\":1,\"name\":\"In\u00edcio\",\"item\":\"https:\/\/brasilnoticias.org\/site\/\"},{\"@type\":\"ListItem\",\"position\":2,\"name\":\"ANS autoriza reajuste de at\u00e9 6,91% para contratos individuais de planos de sa\u00fade\"}]},{\"@type\":\"WebSite\",\"@id\":\"https:\/\/brasilnoticias.org\/site\/#website\",\"url\":\"https:\/\/brasilnoticias.org\/site\/\",\"name\":\"Brasil not\u00edcias\",\"description\":\"Brasil not\u00edcias\",\"publisher\":{\"@id\":\"https:\/\/brasilnoticias.org\/site\/#organization\"},\"potentialAction\":[{\"@type\":\"SearchAction\",\"target\":{\"@type\":\"EntryPoint\",\"urlTemplate\":\"https:\/\/brasilnoticias.org\/site\/?s={search_term_string}\"},\"query-input\":{\"@type\":\"PropertyValueSpecification\",\"valueRequired\":true,\"valueName\":\"search_term_string\"}}],\"inLanguage\":\"pt-PT\"},{\"@type\":\"Organization\",\"@id\":\"https:\/\/brasilnoticias.org\/site\/#organization\",\"name\":\"Brasil not\u00edcias\",\"url\":\"https:\/\/brasilnoticias.org\/site\/\",\"logo\":{\"@type\":\"ImageObject\",\"inLanguage\":\"pt-PT\",\"@id\":\"https:\/\/brasilnoticias.org\/site\/#\/schema\/logo\/image\/\",\"url\":\"https:\/\/brasilnoticias.org\/site\/wp-content\/uploads\/2022\/05\/cropped-brasilnoticias-mini.jpg\",\"contentUrl\":\"https:\/\/brasilnoticias.org\/site\/wp-content\/uploads\/2022\/05\/cropped-brasilnoticias-mini.jpg\",\"width\":314,\"height\":86,\"caption\":\"Brasil not\u00edcias\"},\"image\":{\"@id\":\"https:\/\/brasilnoticias.org\/site\/#\/schema\/logo\/image\/\"}},{\"@type\":\"Person\",\"@id\":\"https:\/\/brasilnoticias.org\/site\/#\/schema\/person\/03bbbfe6c7634ad18c26444ea39049fa\",\"name\":\"Reda\u00e7\u00e3o\",\"image\":{\"@type\":\"ImageObject\",\"inLanguage\":\"pt-PT\",\"@id\":\"https:\/\/brasilnoticias.org\/site\/#\/schema\/person\/image\/\",\"url\":\"https:\/\/secure.gravatar.com\/avatar\/9ecaf7327a696cb23ad926fedded5f1f04d7049de9e445375d55b48c001a6e42?s=96&d=mm&r=g\",\"contentUrl\":\"https:\/\/secure.gravatar.com\/avatar\/9ecaf7327a696cb23ad926fedded5f1f04d7049de9e445375d55b48c001a6e42?s=96&d=mm&r=g\",\"caption\":\"Reda\u00e7\u00e3o\"},\"url\":\"https:\/\/brasilnoticias.org\/site\/author\/henrique\/\"}]}<\/script>\n<!-- \/ Yoast SEO plugin. -->","yoast_head_json":{"title":"ANS autoriza reajuste de at\u00e9 6,91% para contratos individuais de planos de sa\u00fade - Brasil not\u00edcias","robots":{"index":"index","follow":"follow","max-snippet":"max-snippet:-1","max-image-preview":"max-image-preview:large","max-video-preview":"max-video-preview:-1"},"canonical":"https:\/\/brasilnoticias.org\/site\/ans-autoriza-reajuste-de-ate-691-para-contratos-individuais-de-planos-de-saude\/","og_locale":"pt_PT","og_type":"article","og_title":"ANS autoriza reajuste de at\u00e9 6,91% para contratos individuais de planos de sa\u00fade - Brasil not\u00edcias","og_description":"O aumento anual \u00e9 aplicado pelas operadoras na data de anivers\u00e1rio de cada contrato A Ag\u00eancia Nacional de Sa\u00fade Suplementar","og_url":"https:\/\/brasilnoticias.org\/site\/ans-autoriza-reajuste-de-ate-691-para-contratos-individuais-de-planos-de-saude\/","og_site_name":"Brasil not\u00edcias","article_published_time":"2024-06-04T19:36:06+00:00","og_image":[{"width":1600,"height":752,"url":"https:\/\/brasilnoticias.org\/site\/wp-content\/uploads\/2024\/06\/151085ans-autoriza-reajuste-de-ate-691-para-contratos-individuais-de-planos-de-saude-3.jpg","type":"image\/jpeg"}],"author":"Reda\u00e7\u00e3o","twitter_card":"summary_large_image","twitter_misc":{"Escrito por":"Reda\u00e7\u00e3o"},"schema":{"@context":"https:\/\/schema.org","@graph":[{"@type":"Article","@id":"https:\/\/brasilnoticias.org\/site\/ans-autoriza-reajuste-de-ate-691-para-contratos-individuais-de-planos-de-saude\/#article","isPartOf":{"@id":"https:\/\/brasilnoticias.org\/site\/ans-autoriza-reajuste-de-ate-691-para-contratos-individuais-de-planos-de-saude\/"},"author":{"name":"Reda\u00e7\u00e3o","@id":"https:\/\/brasilnoticias.org\/site\/#\/schema\/person\/03bbbfe6c7634ad18c26444ea39049fa"},"headline":"ANS autoriza reajuste de at\u00e9 6,91% para contratos individuais de planos de sa\u00fade","datePublished":"2024-06-04T19:36:06+00:00","mainEntityOfPage":{"@id":"https:\/\/brasilnoticias.org\/site\/ans-autoriza-reajuste-de-ate-691-para-contratos-individuais-de-planos-de-saude\/"},"wordCount":211,"commentCount":0,"publisher":{"@id":"https:\/\/brasilnoticias.org\/site\/#organization"},"image":{"@id":"https:\/\/brasilnoticias.org\/site\/ans-autoriza-reajuste-de-ate-691-para-contratos-individuais-de-planos-de-saude\/#primaryimage"},"thumbnailUrl":"https:\/\/brasilnoticias.org\/site\/wp-content\/uploads\/2024\/06\/151085ans-autoriza-reajuste-de-ate-691-para-contratos-individuais-de-planos-de-saude-3.jpg","articleSection":["Not\u00edcias","\u00daltimas"],"inLanguage":"pt-PT","potentialAction":[{"@type":"CommentAction","name":"Comment","target":["https:\/\/brasilnoticias.org\/site\/ans-autoriza-reajuste-de-ate-691-para-contratos-individuais-de-planos-de-saude\/#respond"]}]},{"@type":"WebPage","@id":"https:\/\/brasilnoticias.org\/site\/ans-autoriza-reajuste-de-ate-691-para-contratos-individuais-de-planos-de-saude\/","url":"https:\/\/brasilnoticias.org\/site\/ans-autoriza-reajuste-de-ate-691-para-contratos-individuais-de-planos-de-saude\/","name":"ANS autoriza reajuste de at\u00e9 6,91% para contratos individuais de planos de sa\u00fade - Brasil not\u00edcias","isPartOf":{"@id":"https:\/\/brasilnoticias.org\/site\/#website"},"primaryImageOfPage":{"@id":"https:\/\/brasilnoticias.org\/site\/ans-autoriza-reajuste-de-ate-691-para-contratos-individuais-de-planos-de-saude\/#primaryimage"},"image":{"@id":"https:\/\/brasilnoticias.org\/site\/ans-autoriza-reajuste-de-ate-691-para-contratos-individuais-de-planos-de-saude\/#primaryimage"},"thumbnailUrl":"https:\/\/brasilnoticias.org\/site\/wp-content\/uploads\/2024\/06\/151085ans-autoriza-reajuste-de-ate-691-para-contratos-individuais-de-planos-de-saude-3.jpg","datePublished":"2024-06-04T19:36:06+00:00","breadcrumb":{"@id":"https:\/\/brasilnoticias.org\/site\/ans-autoriza-reajuste-de-ate-691-para-contratos-individuais-de-planos-de-saude\/#breadcrumb"},"inLanguage":"pt-PT","potentialAction":[{"@type":"ReadAction","target":["https:\/\/brasilnoticias.org\/site\/ans-autoriza-reajuste-de-ate-691-para-contratos-individuais-de-planos-de-saude\/"]}]},{"@type":"ImageObject","inLanguage":"pt-PT","@id":"https:\/\/brasilnoticias.org\/site\/ans-autoriza-reajuste-de-ate-691-para-contratos-individuais-de-planos-de-saude\/#primaryimage","url":"https:\/\/brasilnoticias.org\/site\/wp-content\/uploads\/2024\/06\/151085ans-autoriza-reajuste-de-ate-691-para-contratos-individuais-de-planos-de-saude-3.jpg","contentUrl":"https:\/\/brasilnoticias.org\/site\/wp-content\/uploads\/2024\/06\/151085ans-autoriza-reajuste-de-ate-691-para-contratos-individuais-de-planos-de-saude-3.jpg","width":1600,"height":752},{"@type":"BreadcrumbList","@id":"https:\/\/brasilnoticias.org\/site\/ans-autoriza-reajuste-de-ate-691-para-contratos-individuais-de-planos-de-saude\/#breadcrumb","itemListElement":[{"@type":"ListItem","position":1,"name":"In\u00edcio","item":"https:\/\/brasilnoticias.org\/site\/"},{"@type":"ListItem","position":2,"name":"ANS autoriza reajuste de at\u00e9 6,91% para contratos individuais de planos de sa\u00fade"}]},{"@type":"WebSite","@id":"https:\/\/brasilnoticias.org\/site\/#website","url":"https:\/\/brasilnoticias.org\/site\/","name":"Brasil not\u00edcias","description":"Brasil not\u00edcias","publisher":{"@id":"https:\/\/brasilnoticias.org\/site\/#organization"},"potentialAction":[{"@type":"SearchAction","target":{"@type":"EntryPoint","urlTemplate":"https:\/\/brasilnoticias.org\/site\/?s={search_term_string}"},"query-input":{"@type":"PropertyValueSpecification","valueRequired":true,"valueName":"search_term_string"}}],"inLanguage":"pt-PT"},{"@type":"Organization","@id":"https:\/\/brasilnoticias.org\/site\/#organization","name":"Brasil not\u00edcias","url":"https:\/\/brasilnoticias.org\/site\/","logo":{"@type":"ImageObject","inLanguage":"pt-PT","@id":"https:\/\/brasilnoticias.org\/site\/#\/schema\/logo\/image\/","url":"https:\/\/brasilnoticias.org\/site\/wp-content\/uploads\/2022\/05\/cropped-brasilnoticias-mini.jpg","contentUrl":"https:\/\/brasilnoticias.org\/site\/wp-content\/uploads\/2022\/05\/cropped-brasilnoticias-mini.jpg","width":314,"height":86,"caption":"Brasil not\u00edcias"},"image":{"@id":"https:\/\/brasilnoticias.org\/site\/#\/schema\/logo\/image\/"}},{"@type":"Person","@id":"https:\/\/brasilnoticias.org\/site\/#\/schema\/person\/03bbbfe6c7634ad18c26444ea39049fa","name":"Reda\u00e7\u00e3o","image":{"@type":"ImageObject","inLanguage":"pt-PT","@id":"https:\/\/brasilnoticias.org\/site\/#\/schema\/person\/image\/","url":"https:\/\/secure.gravatar.com\/avatar\/9ecaf7327a696cb23ad926fedded5f1f04d7049de9e445375d55b48c001a6e42?s=96&d=mm&r=g","contentUrl":"https:\/\/secure.gravatar.com\/avatar\/9ecaf7327a696cb23ad926fedded5f1f04d7049de9e445375d55b48c001a6e42?s=96&d=mm&r=g","caption":"Reda\u00e7\u00e3o"},"url":"https:\/\/brasilnoticias.org\/site\/author\/henrique\/"}]}},"_links":{"self":[{"href":"https:\/\/brasilnoticias.org\/site\/wp-json\/wp\/v2\/posts\/14429","targetHints":{"allow":["GET"]}}],"collection":[{"href":"https:\/\/brasilnoticias.org\/site\/wp-json\/wp\/v2\/posts"}],"about":[{"href":"https:\/\/brasilnoticias.org\/site\/wp-json\/wp\/v2\/types\/post"}],"author":[{"embeddable":true,"href":"https:\/\/brasilnoticias.org\/site\/wp-json\/wp\/v2\/users\/4"}],"replies":[{"embeddable":true,"href":"https:\/\/brasilnoticias.org\/site\/wp-json\/wp\/v2\/comments?post=14429"}],"version-history":[{"count":1,"href":"https:\/\/brasilnoticias.org\/site\/wp-json\/wp\/v2\/posts\/14429\/revisions"}],"predecessor-version":[{"id":14431,"href":"https:\/\/brasilnoticias.org\/site\/wp-json\/wp\/v2\/posts\/14429\/revisions\/14431"}],"wp:featuredmedia":[{"embeddable":true,"href":"https:\/\/brasilnoticias.org\/site\/wp-json\/wp\/v2\/media\/14430"}],"wp:attachment":[{"href":"https:\/\/brasilnoticias.org\/site\/wp-json\/wp\/v2\/media?parent=14429"}],"wp:term":[{"taxonomy":"category","embeddable":true,"href":"https:\/\/brasilnoticias.org\/site\/wp-json\/wp\/v2\/categories?post=14429"},{"taxonomy":"post_tag","embeddable":true,"href":"https:\/\/brasilnoticias.org\/site\/wp-json\/wp\/v2\/tags?post=14429"}],"curies":[{"name":"wp","href":"https:\/\/api.w.org\/{rel}","templated":true}]}}