{"id":14450,"date":"2024-06-05T23:17:34","date_gmt":"2024-06-06T02:17:34","guid":{"rendered":"https:\/\/brasilnoticias.org\/site\/?p=14450"},"modified":"2024-06-05T23:17:34","modified_gmt":"2024-06-06T02:17:34","slug":"praticas-sustentaveis-no-brt-e-mane-dende-sao-apresentados-em-seminario","status":"publish","type":"post","link":"https:\/\/brasilnoticias.org\/site\/praticas-sustentaveis-no-brt-e-mane-dende-sao-apresentados-em-seminario\/","title":{"rendered":"Pr\u00e1ticas sustent\u00e1veis no BRT e Man\u00e9 Dend\u00ea s\u00e3o apresentados em semin\u00e1rio"},"content":{"rendered":"<p>As a\u00e7\u00f5es de desenvolvimento sustent\u00e1vel desenvolvidas pela capital baiana atrav\u00e9s dos projetos do BRT e Man\u00e9 Dend\u00ea foram apresentadas como cases de sucesso durante o evento \u201cInova\u00e7\u00e3o urbana rumo ao desenvolvimento criativo e sustent\u00e1vel \u2013 biodiversidade e cultura para a melhoria da qualidade de vida nas cidades\u201d. A atividade \u00e9 realizada pela Prefeitura de Salvador em parceria com o Banco de Desenvolvimento da Am\u00e9rica Latina e Caribe (CAF).<\/p>\n<p>A programa\u00e7\u00e3o em celebra\u00e7\u00e3o ao Dia Mundial do Meio Ambiente, lembrado nesta quarta-feira (5), contou com a participa\u00e7\u00e3o de autoridades nacionais e internacionais que atuam em defesa do meio ambiente e desenvolvimento social e urbano. O evento segue at\u00e9 quinta-feira (6), no audit\u00f3rio do Arquivo P\u00fablico de Salvador, no Com\u00e9rcio.<\/p>\n<p>Durante a abertura, o titular da Secretaria de Sustentabilidade, Resili\u00eancia, Bem-estar e Prote\u00e7\u00e3o Animal (Secis), Ivan Euler, destacou o planejamento e execu\u00e7\u00e3o de a\u00e7\u00f5es do poder p\u00fablico municipal, a partir das diretrizes do Plano de A\u00e7\u00e3o Clim\u00e1tica de Salvador. O gestor lembrou os quatro eixos estrat\u00e9gicos do Plano: Salvador Inclusiva, Verde-azul, Resiliente e Baixo Carbono. Ao todo, s\u00e3o propostas 57 a\u00e7\u00f5es de curto, m\u00e9dio e longo prazos relacionados \u00e0 mitiga\u00e7\u00e3o e \u00e0 adapta\u00e7\u00e3o clim\u00e1tica, tendo como horizontes os anos de 2024, 2032 e 2049.<\/p>\n<p>Man\u00e9 Dend\u00ea \u2013 Entre os projetos que j\u00e1 est\u00e3o em andamento em Salvador, o secret\u00e1rio destacou o vi\u00e9s ambiental do BRT e do Man\u00e9 Dend\u00ea. \u201cPara exemplificar esse plano de educa\u00e7\u00e3o clim\u00e1tica cito esses dois projetos de saneamento, urbanismo e mobilidade, que j\u00e1 t\u00eam a lente clim\u00e1tica\u201d, afirmou Euler. Para o secret\u00e1rio, o Man\u00e9 Dend\u00ea, que j\u00e1 est\u00e1 60% conclu\u00eddo, \u00e9 o maior projeto desenvolvido na cidade, beneficiando mais de 45 mil moradores do Sub\u00farbio Ferrovi\u00e1rio.<\/p>\n<p>\u201cS\u00e3o diversas contribui\u00e7\u00f5es e melhorias para aquela regi\u00e3o da bacia. Toda a popula\u00e7\u00e3o est\u00e1 sendo beneficiada por esse projeto que \u00e9 pensado e adaptado para as mudan\u00e7as clim\u00e1ticas. Em abril, tivemos mais de 800 mil\u00edmetros de chuva e n\u00e3o tivemos nenhuma situa\u00e7\u00e3o grave naquela localidade, que durante d\u00e9cadas sofreu muito em fun\u00e7\u00e3o da chuva\u201d, exemplificou o titular da Secis.<\/p>\n<p>O projeto do Man\u00e9 Dend\u00ea promove a revitaliza\u00e7\u00e3o e recupera\u00e7\u00e3o ambiental da regi\u00e3o, atrav\u00e9s de solu\u00e7\u00f5es baseadas na natureza, recuperando toda a margem do rio. \u201cEsse \u00e9 um exemplo de uma mente clim\u00e1tica que est\u00e1 sendo usado no projeto desenvolvido pela Prefeitura\u201d, frisou.<\/p>\n<p>BRT \u2013 Ao apresentar o BRT, o secret\u00e1rio fez quest\u00e3o de destacar que o projeto foi pensado nos m\u00ednimos detalhes para ampliar e garantir um servi\u00e7o de transporte p\u00fablico de qualidade, com base no respeito e no compromisso com a preserva\u00e7\u00e3o do meio ambiente. O sistema contempla o uso de \u00f4nibus 100% el\u00e9tricos que n\u00e3o emitem gases poluentes na atmosfera, a implanta\u00e7\u00e3o de ciclovias no percurso, al\u00e9m da reestrutura\u00e7\u00e3o do atendimento de transporte na regi\u00e3o, reduzindo a quantidade de linhas que circulam nos trechos atendidos pelo BRT e a consequente redu\u00e7\u00e3o no n\u00famero de \u00f4nibus a diesel nestes locais.<\/p>\n<p>Os efeitos da obra tamb\u00e9m incluem a melhoria dos alagamentos nas regi\u00f5es das avenidas Ant\u00f4nio Carlos Magalh\u00e3es e Juracy Magalh\u00e3es. Para implanta\u00e7\u00e3o do BRT, foram realizados o Estudo de Impacto Ambiental (EIA), e o Relat\u00f3rio de Impacto Ambiental (RIMA), al\u00e9m de audi\u00eancias p\u00fablicas no Minist\u00e9rio P\u00fablico do Estado da Bahia, com a participa\u00e7\u00e3o da sociedade que acompanhou todo o processo de licenciamento pr\u00e9vio concedido pelo Conselho Municipal de Meio Ambiente.<\/p>\n<p>Programa\u00e7\u00e3o \u2013 Logo ap\u00f3s abertura do evento, a programa\u00e7\u00e3o seguiu com o painel \u201cDia Mundial do Meio Ambiente e os desafios das cidades da Am\u00e9rica Latina e do Caribe\u201d, mediado pela chefe do Escrit\u00f3rio de Coopera\u00e7\u00e3o Internacional (ECI) da Prefeitura de Salvador, Nath\u00e1lia Peixoto. \u201cSalvador tem se destacado no cen\u00e1rio internacional atrav\u00e9s de uma s\u00e9rie de iniciativas com impactos estrat\u00e9gicos nas quest\u00f5es de sustentabilidade e meio ambiente. A\u00e7\u00f5es que visam melhorar a qualidade de vida da nossa popula\u00e7\u00e3o, por meio de programas e parcerias que beneficiam diversas \u00e1reas, sempre pensando na adapta\u00e7\u00e3o global\u201d, afirmou Nath\u00e1lia.<\/p>\n<p>A programa\u00e7\u00e3o segue at\u00e9 quinta-feira (6), discutindo os desafios das cidades, a transi\u00e7\u00e3o clim\u00e1tica e o uso de solu\u00e7\u00f5es baseadas na natureza, relacionando cultura, criatividade e turismo para a transforma\u00e7\u00e3o sustent\u00e1vel da Am\u00e9rica Latina e do Caribe.<\/p>\n<p>Foto: Jefferson Peixoto\/Secom PMS<\/p>\n","protected":false},"excerpt":{"rendered":"<p>As a\u00e7\u00f5es de desenvolvimento sustent\u00e1vel desenvolvidas pela capital baiana atrav\u00e9s dos projetos do BRT e Man\u00e9 Dend\u00ea foram apresentadas como<\/p>\n","protected":false},"author":4,"featured_media":14451,"comment_status":"open","ping_status":"open","sticky":false,"template":"","format":"standard","meta":{"colormag_page_container_layout":"default_layout","colormag_page_sidebar_layout":"default_layout","_FSMCFIC_featured_image_caption":"","_FSMCFIC_featured_image_nocaption":"","_FSMCFIC_featured_image_hide":"","footnotes":""},"categories":[2,1],"tags":[],"class_list":["post-14450","post","type-post","status-publish","format-standard","has-post-thumbnail","hentry","category-noticias","category-ultimas"],"yoast_head":"<!-- This site is optimized with the Yoast SEO plugin v27.1.1 - https:\/\/yoast.com\/product\/yoast-seo-wordpress\/ -->\n<title>Pr\u00e1ticas sustent\u00e1veis no BRT e Man\u00e9 Dend\u00ea s\u00e3o apresentados em semin\u00e1rio - Brasil not\u00edcias<\/title>\n<meta name=\"robots\" content=\"index, follow, max-snippet:-1, max-image-preview:large, max-video-preview:-1\" \/>\n<link rel=\"canonical\" href=\"https:\/\/brasilnoticias.org\/site\/praticas-sustentaveis-no-brt-e-mane-dende-sao-apresentados-em-seminario\/\" \/>\n<meta property=\"og:locale\" content=\"pt_PT\" \/>\n<meta property=\"og:type\" content=\"article\" \/>\n<meta property=\"og:title\" content=\"Pr\u00e1ticas sustent\u00e1veis no BRT e Man\u00e9 Dend\u00ea s\u00e3o apresentados em semin\u00e1rio - Brasil not\u00edcias\" \/>\n<meta property=\"og:description\" content=\"As a\u00e7\u00f5es de desenvolvimento sustent\u00e1vel desenvolvidas pela capital baiana atrav\u00e9s dos projetos do BRT e Man\u00e9 Dend\u00ea foram apresentadas como\" \/>\n<meta property=\"og:url\" content=\"https:\/\/brasilnoticias.org\/site\/praticas-sustentaveis-no-brt-e-mane-dende-sao-apresentados-em-seminario\/\" \/>\n<meta property=\"og:site_name\" content=\"Brasil not\u00edcias\" \/>\n<meta property=\"article:published_time\" content=\"2024-06-06T02:17:34+00:00\" \/>\n<meta property=\"og:image\" content=\"https:\/\/brasilnoticias.org\/site\/wp-content\/uploads\/2024\/06\/05_06_2024_Seminario-Dia-Mundial-do-Meio-Ambiente_Foto_Jefferson-Peixoto_Secomk_Pms-13-1536x1025-1.jpg\" \/>\n\t<meta property=\"og:image:width\" content=\"1536\" \/>\n\t<meta property=\"og:image:height\" content=\"1025\" \/>\n\t<meta property=\"og:image:type\" content=\"image\/jpeg\" \/>\n<meta name=\"author\" content=\"Reda\u00e7\u00e3o\" \/>\n<meta name=\"twitter:card\" content=\"summary_large_image\" \/>\n<meta name=\"twitter:label1\" content=\"Escrito por\" \/>\n\t<meta name=\"twitter:data1\" content=\"Reda\u00e7\u00e3o\" \/>\n<script type=\"application\/ld+json\" class=\"yoast-schema-graph\">{\"@context\":\"https:\/\/schema.org\",\"@graph\":[{\"@type\":\"Article\",\"@id\":\"https:\/\/brasilnoticias.org\/site\/praticas-sustentaveis-no-brt-e-mane-dende-sao-apresentados-em-seminario\/#article\",\"isPartOf\":{\"@id\":\"https:\/\/brasilnoticias.org\/site\/praticas-sustentaveis-no-brt-e-mane-dende-sao-apresentados-em-seminario\/\"},\"author\":{\"name\":\"Reda\u00e7\u00e3o\",\"@id\":\"https:\/\/brasilnoticias.org\/site\/#\/schema\/person\/03bbbfe6c7634ad18c26444ea39049fa\"},\"headline\":\"Pr\u00e1ticas sustent\u00e1veis no BRT e Man\u00e9 Dend\u00ea s\u00e3o apresentados em semin\u00e1rio\",\"datePublished\":\"2024-06-06T02:17:34+00:00\",\"mainEntityOfPage\":{\"@id\":\"https:\/\/brasilnoticias.org\/site\/praticas-sustentaveis-no-brt-e-mane-dende-sao-apresentados-em-seminario\/\"},\"wordCount\":785,\"commentCount\":0,\"publisher\":{\"@id\":\"https:\/\/brasilnoticias.org\/site\/#organization\"},\"image\":{\"@id\":\"https:\/\/brasilnoticias.org\/site\/praticas-sustentaveis-no-brt-e-mane-dende-sao-apresentados-em-seminario\/#primaryimage\"},\"thumbnailUrl\":\"https:\/\/brasilnoticias.org\/site\/wp-content\/uploads\/2024\/06\/05_06_2024_Seminario-Dia-Mundial-do-Meio-Ambiente_Foto_Jefferson-Peixoto_Secomk_Pms-13-1536x1025-1.jpg\",\"articleSection\":[\"Not\u00edcias\",\"\u00daltimas\"],\"inLanguage\":\"pt-PT\",\"potentialAction\":[{\"@type\":\"CommentAction\",\"name\":\"Comment\",\"target\":[\"https:\/\/brasilnoticias.org\/site\/praticas-sustentaveis-no-brt-e-mane-dende-sao-apresentados-em-seminario\/#respond\"]}]},{\"@type\":\"WebPage\",\"@id\":\"https:\/\/brasilnoticias.org\/site\/praticas-sustentaveis-no-brt-e-mane-dende-sao-apresentados-em-seminario\/\",\"url\":\"https:\/\/brasilnoticias.org\/site\/praticas-sustentaveis-no-brt-e-mane-dende-sao-apresentados-em-seminario\/\",\"name\":\"Pr\u00e1ticas sustent\u00e1veis no BRT e Man\u00e9 Dend\u00ea s\u00e3o apresentados em semin\u00e1rio - Brasil not\u00edcias\",\"isPartOf\":{\"@id\":\"https:\/\/brasilnoticias.org\/site\/#website\"},\"primaryImageOfPage\":{\"@id\":\"https:\/\/brasilnoticias.org\/site\/praticas-sustentaveis-no-brt-e-mane-dende-sao-apresentados-em-seminario\/#primaryimage\"},\"image\":{\"@id\":\"https:\/\/brasilnoticias.org\/site\/praticas-sustentaveis-no-brt-e-mane-dende-sao-apresentados-em-seminario\/#primaryimage\"},\"thumbnailUrl\":\"https:\/\/brasilnoticias.org\/site\/wp-content\/uploads\/2024\/06\/05_06_2024_Seminario-Dia-Mundial-do-Meio-Ambiente_Foto_Jefferson-Peixoto_Secomk_Pms-13-1536x1025-1.jpg\",\"datePublished\":\"2024-06-06T02:17:34+00:00\",\"breadcrumb\":{\"@id\":\"https:\/\/brasilnoticias.org\/site\/praticas-sustentaveis-no-brt-e-mane-dende-sao-apresentados-em-seminario\/#breadcrumb\"},\"inLanguage\":\"pt-PT\",\"potentialAction\":[{\"@type\":\"ReadAction\",\"target\":[\"https:\/\/brasilnoticias.org\/site\/praticas-sustentaveis-no-brt-e-mane-dende-sao-apresentados-em-seminario\/\"]}]},{\"@type\":\"ImageObject\",\"inLanguage\":\"pt-PT\",\"@id\":\"https:\/\/brasilnoticias.org\/site\/praticas-sustentaveis-no-brt-e-mane-dende-sao-apresentados-em-seminario\/#primaryimage\",\"url\":\"https:\/\/brasilnoticias.org\/site\/wp-content\/uploads\/2024\/06\/05_06_2024_Seminario-Dia-Mundial-do-Meio-Ambiente_Foto_Jefferson-Peixoto_Secomk_Pms-13-1536x1025-1.jpg\",\"contentUrl\":\"https:\/\/brasilnoticias.org\/site\/wp-content\/uploads\/2024\/06\/05_06_2024_Seminario-Dia-Mundial-do-Meio-Ambiente_Foto_Jefferson-Peixoto_Secomk_Pms-13-1536x1025-1.jpg\",\"width\":1536,\"height\":1025},{\"@type\":\"BreadcrumbList\",\"@id\":\"https:\/\/brasilnoticias.org\/site\/praticas-sustentaveis-no-brt-e-mane-dende-sao-apresentados-em-seminario\/#breadcrumb\",\"itemListElement\":[{\"@type\":\"ListItem\",\"position\":1,\"name\":\"In\u00edcio\",\"item\":\"https:\/\/brasilnoticias.org\/site\/\"},{\"@type\":\"ListItem\",\"position\":2,\"name\":\"Pr\u00e1ticas sustent\u00e1veis no BRT e Man\u00e9 Dend\u00ea s\u00e3o apresentados em semin\u00e1rio\"}]},{\"@type\":\"WebSite\",\"@id\":\"https:\/\/brasilnoticias.org\/site\/#website\",\"url\":\"https:\/\/brasilnoticias.org\/site\/\",\"name\":\"Brasil not\u00edcias\",\"description\":\"Brasil not\u00edcias\",\"publisher\":{\"@id\":\"https:\/\/brasilnoticias.org\/site\/#organization\"},\"potentialAction\":[{\"@type\":\"SearchAction\",\"target\":{\"@type\":\"EntryPoint\",\"urlTemplate\":\"https:\/\/brasilnoticias.org\/site\/?s={search_term_string}\"},\"query-input\":{\"@type\":\"PropertyValueSpecification\",\"valueRequired\":true,\"valueName\":\"search_term_string\"}}],\"inLanguage\":\"pt-PT\"},{\"@type\":\"Organization\",\"@id\":\"https:\/\/brasilnoticias.org\/site\/#organization\",\"name\":\"Brasil not\u00edcias\",\"url\":\"https:\/\/brasilnoticias.org\/site\/\",\"logo\":{\"@type\":\"ImageObject\",\"inLanguage\":\"pt-PT\",\"@id\":\"https:\/\/brasilnoticias.org\/site\/#\/schema\/logo\/image\/\",\"url\":\"https:\/\/brasilnoticias.org\/site\/wp-content\/uploads\/2022\/05\/cropped-brasilnoticias-mini.jpg\",\"contentUrl\":\"https:\/\/brasilnoticias.org\/site\/wp-content\/uploads\/2022\/05\/cropped-brasilnoticias-mini.jpg\",\"width\":314,\"height\":86,\"caption\":\"Brasil not\u00edcias\"},\"image\":{\"@id\":\"https:\/\/brasilnoticias.org\/site\/#\/schema\/logo\/image\/\"}},{\"@type\":\"Person\",\"@id\":\"https:\/\/brasilnoticias.org\/site\/#\/schema\/person\/03bbbfe6c7634ad18c26444ea39049fa\",\"name\":\"Reda\u00e7\u00e3o\",\"image\":{\"@type\":\"ImageObject\",\"inLanguage\":\"pt-PT\",\"@id\":\"https:\/\/brasilnoticias.org\/site\/#\/schema\/person\/image\/\",\"url\":\"https:\/\/secure.gravatar.com\/avatar\/9ecaf7327a696cb23ad926fedded5f1f04d7049de9e445375d55b48c001a6e42?s=96&d=mm&r=g\",\"contentUrl\":\"https:\/\/secure.gravatar.com\/avatar\/9ecaf7327a696cb23ad926fedded5f1f04d7049de9e445375d55b48c001a6e42?s=96&d=mm&r=g\",\"caption\":\"Reda\u00e7\u00e3o\"},\"url\":\"https:\/\/brasilnoticias.org\/site\/author\/henrique\/\"}]}<\/script>\n<!-- \/ Yoast SEO plugin. -->","yoast_head_json":{"title":"Pr\u00e1ticas sustent\u00e1veis no BRT e Man\u00e9 Dend\u00ea s\u00e3o apresentados em semin\u00e1rio - Brasil not\u00edcias","robots":{"index":"index","follow":"follow","max-snippet":"max-snippet:-1","max-image-preview":"max-image-preview:large","max-video-preview":"max-video-preview:-1"},"canonical":"https:\/\/brasilnoticias.org\/site\/praticas-sustentaveis-no-brt-e-mane-dende-sao-apresentados-em-seminario\/","og_locale":"pt_PT","og_type":"article","og_title":"Pr\u00e1ticas sustent\u00e1veis no BRT e Man\u00e9 Dend\u00ea s\u00e3o apresentados em semin\u00e1rio - Brasil not\u00edcias","og_description":"As a\u00e7\u00f5es de desenvolvimento sustent\u00e1vel desenvolvidas pela capital baiana atrav\u00e9s dos projetos do BRT e Man\u00e9 Dend\u00ea foram apresentadas como","og_url":"https:\/\/brasilnoticias.org\/site\/praticas-sustentaveis-no-brt-e-mane-dende-sao-apresentados-em-seminario\/","og_site_name":"Brasil not\u00edcias","article_published_time":"2024-06-06T02:17:34+00:00","og_image":[{"width":1536,"height":1025,"url":"https:\/\/brasilnoticias.org\/site\/wp-content\/uploads\/2024\/06\/05_06_2024_Seminario-Dia-Mundial-do-Meio-Ambiente_Foto_Jefferson-Peixoto_Secomk_Pms-13-1536x1025-1.jpg","type":"image\/jpeg"}],"author":"Reda\u00e7\u00e3o","twitter_card":"summary_large_image","twitter_misc":{"Escrito por":"Reda\u00e7\u00e3o"},"schema":{"@context":"https:\/\/schema.org","@graph":[{"@type":"Article","@id":"https:\/\/brasilnoticias.org\/site\/praticas-sustentaveis-no-brt-e-mane-dende-sao-apresentados-em-seminario\/#article","isPartOf":{"@id":"https:\/\/brasilnoticias.org\/site\/praticas-sustentaveis-no-brt-e-mane-dende-sao-apresentados-em-seminario\/"},"author":{"name":"Reda\u00e7\u00e3o","@id":"https:\/\/brasilnoticias.org\/site\/#\/schema\/person\/03bbbfe6c7634ad18c26444ea39049fa"},"headline":"Pr\u00e1ticas sustent\u00e1veis no BRT e Man\u00e9 Dend\u00ea s\u00e3o apresentados em semin\u00e1rio","datePublished":"2024-06-06T02:17:34+00:00","mainEntityOfPage":{"@id":"https:\/\/brasilnoticias.org\/site\/praticas-sustentaveis-no-brt-e-mane-dende-sao-apresentados-em-seminario\/"},"wordCount":785,"commentCount":0,"publisher":{"@id":"https:\/\/brasilnoticias.org\/site\/#organization"},"image":{"@id":"https:\/\/brasilnoticias.org\/site\/praticas-sustentaveis-no-brt-e-mane-dende-sao-apresentados-em-seminario\/#primaryimage"},"thumbnailUrl":"https:\/\/brasilnoticias.org\/site\/wp-content\/uploads\/2024\/06\/05_06_2024_Seminario-Dia-Mundial-do-Meio-Ambiente_Foto_Jefferson-Peixoto_Secomk_Pms-13-1536x1025-1.jpg","articleSection":["Not\u00edcias","\u00daltimas"],"inLanguage":"pt-PT","potentialAction":[{"@type":"CommentAction","name":"Comment","target":["https:\/\/brasilnoticias.org\/site\/praticas-sustentaveis-no-brt-e-mane-dende-sao-apresentados-em-seminario\/#respond"]}]},{"@type":"WebPage","@id":"https:\/\/brasilnoticias.org\/site\/praticas-sustentaveis-no-brt-e-mane-dende-sao-apresentados-em-seminario\/","url":"https:\/\/brasilnoticias.org\/site\/praticas-sustentaveis-no-brt-e-mane-dende-sao-apresentados-em-seminario\/","name":"Pr\u00e1ticas sustent\u00e1veis no BRT e Man\u00e9 Dend\u00ea s\u00e3o apresentados em semin\u00e1rio - Brasil not\u00edcias","isPartOf":{"@id":"https:\/\/brasilnoticias.org\/site\/#website"},"primaryImageOfPage":{"@id":"https:\/\/brasilnoticias.org\/site\/praticas-sustentaveis-no-brt-e-mane-dende-sao-apresentados-em-seminario\/#primaryimage"},"image":{"@id":"https:\/\/brasilnoticias.org\/site\/praticas-sustentaveis-no-brt-e-mane-dende-sao-apresentados-em-seminario\/#primaryimage"},"thumbnailUrl":"https:\/\/brasilnoticias.org\/site\/wp-content\/uploads\/2024\/06\/05_06_2024_Seminario-Dia-Mundial-do-Meio-Ambiente_Foto_Jefferson-Peixoto_Secomk_Pms-13-1536x1025-1.jpg","datePublished":"2024-06-06T02:17:34+00:00","breadcrumb":{"@id":"https:\/\/brasilnoticias.org\/site\/praticas-sustentaveis-no-brt-e-mane-dende-sao-apresentados-em-seminario\/#breadcrumb"},"inLanguage":"pt-PT","potentialAction":[{"@type":"ReadAction","target":["https:\/\/brasilnoticias.org\/site\/praticas-sustentaveis-no-brt-e-mane-dende-sao-apresentados-em-seminario\/"]}]},{"@type":"ImageObject","inLanguage":"pt-PT","@id":"https:\/\/brasilnoticias.org\/site\/praticas-sustentaveis-no-brt-e-mane-dende-sao-apresentados-em-seminario\/#primaryimage","url":"https:\/\/brasilnoticias.org\/site\/wp-content\/uploads\/2024\/06\/05_06_2024_Seminario-Dia-Mundial-do-Meio-Ambiente_Foto_Jefferson-Peixoto_Secomk_Pms-13-1536x1025-1.jpg","contentUrl":"https:\/\/brasilnoticias.org\/site\/wp-content\/uploads\/2024\/06\/05_06_2024_Seminario-Dia-Mundial-do-Meio-Ambiente_Foto_Jefferson-Peixoto_Secomk_Pms-13-1536x1025-1.jpg","width":1536,"height":1025},{"@type":"BreadcrumbList","@id":"https:\/\/brasilnoticias.org\/site\/praticas-sustentaveis-no-brt-e-mane-dende-sao-apresentados-em-seminario\/#breadcrumb","itemListElement":[{"@type":"ListItem","position":1,"name":"In\u00edcio","item":"https:\/\/brasilnoticias.org\/site\/"},{"@type":"ListItem","position":2,"name":"Pr\u00e1ticas sustent\u00e1veis no BRT e Man\u00e9 Dend\u00ea s\u00e3o apresentados em semin\u00e1rio"}]},{"@type":"WebSite","@id":"https:\/\/brasilnoticias.org\/site\/#website","url":"https:\/\/brasilnoticias.org\/site\/","name":"Brasil not\u00edcias","description":"Brasil not\u00edcias","publisher":{"@id":"https:\/\/brasilnoticias.org\/site\/#organization"},"potentialAction":[{"@type":"SearchAction","target":{"@type":"EntryPoint","urlTemplate":"https:\/\/brasilnoticias.org\/site\/?s={search_term_string}"},"query-input":{"@type":"PropertyValueSpecification","valueRequired":true,"valueName":"search_term_string"}}],"inLanguage":"pt-PT"},{"@type":"Organization","@id":"https:\/\/brasilnoticias.org\/site\/#organization","name":"Brasil not\u00edcias","url":"https:\/\/brasilnoticias.org\/site\/","logo":{"@type":"ImageObject","inLanguage":"pt-PT","@id":"https:\/\/brasilnoticias.org\/site\/#\/schema\/logo\/image\/","url":"https:\/\/brasilnoticias.org\/site\/wp-content\/uploads\/2022\/05\/cropped-brasilnoticias-mini.jpg","contentUrl":"https:\/\/brasilnoticias.org\/site\/wp-content\/uploads\/2022\/05\/cropped-brasilnoticias-mini.jpg","width":314,"height":86,"caption":"Brasil not\u00edcias"},"image":{"@id":"https:\/\/brasilnoticias.org\/site\/#\/schema\/logo\/image\/"}},{"@type":"Person","@id":"https:\/\/brasilnoticias.org\/site\/#\/schema\/person\/03bbbfe6c7634ad18c26444ea39049fa","name":"Reda\u00e7\u00e3o","image":{"@type":"ImageObject","inLanguage":"pt-PT","@id":"https:\/\/brasilnoticias.org\/site\/#\/schema\/person\/image\/","url":"https:\/\/secure.gravatar.com\/avatar\/9ecaf7327a696cb23ad926fedded5f1f04d7049de9e445375d55b48c001a6e42?s=96&d=mm&r=g","contentUrl":"https:\/\/secure.gravatar.com\/avatar\/9ecaf7327a696cb23ad926fedded5f1f04d7049de9e445375d55b48c001a6e42?s=96&d=mm&r=g","caption":"Reda\u00e7\u00e3o"},"url":"https:\/\/brasilnoticias.org\/site\/author\/henrique\/"}]}},"_links":{"self":[{"href":"https:\/\/brasilnoticias.org\/site\/wp-json\/wp\/v2\/posts\/14450","targetHints":{"allow":["GET"]}}],"collection":[{"href":"https:\/\/brasilnoticias.org\/site\/wp-json\/wp\/v2\/posts"}],"about":[{"href":"https:\/\/brasilnoticias.org\/site\/wp-json\/wp\/v2\/types\/post"}],"author":[{"embeddable":true,"href":"https:\/\/brasilnoticias.org\/site\/wp-json\/wp\/v2\/users\/4"}],"replies":[{"embeddable":true,"href":"https:\/\/brasilnoticias.org\/site\/wp-json\/wp\/v2\/comments?post=14450"}],"version-history":[{"count":1,"href":"https:\/\/brasilnoticias.org\/site\/wp-json\/wp\/v2\/posts\/14450\/revisions"}],"predecessor-version":[{"id":14452,"href":"https:\/\/brasilnoticias.org\/site\/wp-json\/wp\/v2\/posts\/14450\/revisions\/14452"}],"wp:featuredmedia":[{"embeddable":true,"href":"https:\/\/brasilnoticias.org\/site\/wp-json\/wp\/v2\/media\/14451"}],"wp:attachment":[{"href":"https:\/\/brasilnoticias.org\/site\/wp-json\/wp\/v2\/media?parent=14450"}],"wp:term":[{"taxonomy":"category","embeddable":true,"href":"https:\/\/brasilnoticias.org\/site\/wp-json\/wp\/v2\/categories?post=14450"},{"taxonomy":"post_tag","embeddable":true,"href":"https:\/\/brasilnoticias.org\/site\/wp-json\/wp\/v2\/tags?post=14450"}],"curies":[{"name":"wp","href":"https:\/\/api.w.org\/{rel}","templated":true}]}}