{"id":14453,"date":"2024-06-06T18:16:27","date_gmt":"2024-06-06T21:16:27","guid":{"rendered":"https:\/\/brasilnoticias.org\/site\/?p=14453"},"modified":"2024-06-06T18:16:27","modified_gmt":"2024-06-06T21:16:27","slug":"haddad-visita-papa-francisco-e-debate-sobre-taxacao-de-super-ricos","status":"publish","type":"post","link":"https:\/\/brasilnoticias.org\/site\/haddad-visita-papa-francisco-e-debate-sobre-taxacao-de-super-ricos\/","title":{"rendered":"Haddad visita Papa Francisco e debate sobre taxa\u00e7\u00e3o de super ricos"},"content":{"rendered":"<p>A proposta prev\u00ea a cria\u00e7\u00e3o de um sistema tribut\u00e1rio internacional ao qual os impostos de grandes corpora\u00e7\u00f5es teriam uma al\u00edquota de 15% destinados a financiar mudan\u00e7as clim\u00e1ticas e fome no mundo<\/p>\n<p>O ministro da Fazenda, Fernando Haddad, participou de uma audi\u00eancia particular com o Papa Francisco nesta quinta-feira (6), no Vaticano, onde cumpriu agenda nos \u00faltimos dias. Haddad pediu apoio \u00e0 autoridade cat\u00f3lica para a proposta de taxa\u00e7\u00e3o de multimilion\u00e1rios para financiar o combate \u00e0s mudan\u00e7as clim\u00e1ticas e fome no mundo, o que seria importante para influenciar demais l\u00edderes mundiais.  <\/p>\n<p>A proposta prev\u00ea a cria\u00e7\u00e3o de um sistema tribut\u00e1rio internacional ao qual os impostos de grandes corpora\u00e7\u00f5es teriam uma al\u00edquota de 15%. Os valores arrecadados seriam destinados a um fundo social e revertidos para o combater as mudan\u00e7as clim\u00e1ticas e \u00e0 pobreza, al\u00e9m do financiamento de projetos voltados ao meio ambiente.<\/p>\n<p>A equipe de Haddad, em conjunto com a vencedora do pr\u00eamio Nobel de Economia Esther Duflo e pelo economista Gabriel Zucman foram os respons\u00e1veis por desenhar as medidas. \u201cUma inclina\u00e7\u00e3o afetuosa do esp\u00edrito para a vida \u00e9 o caminho para uma sociedade mais justa, fraterna e solid\u00e1ria. Uma economia global de la\u00e7os que combatam a mis\u00e9ria e a pobreza\u201d, afirmou Haddad em um post no X (Twitter).<\/p>\n<p>Em sua visita ao Vaticano, o ministro participou de reuni\u00f5es bilaterais e da confer\u00eancia \u201cEnfrentando a crise da d\u00edvida no Sul Global\u201d, co-organizada pela Universidade de Columbia e pela Pontif\u00edcia Academia das Ci\u00eancias Sociais. Durante a ocasi\u00e3o, Haddad citou as enchentes no RS e defendeu uma coopera\u00e7\u00e3o internacional em torno da taxa\u00e7\u00e3o de super-ricos para financiar o combate \u00e0s mudan\u00e7as clim\u00e1ticas.<\/p>\n<p>Foto: Servizio Fotografico\/Vatican Media<br \/>\nPor: Metro1 <\/p>\n","protected":false},"excerpt":{"rendered":"<p>A proposta prev\u00ea a cria\u00e7\u00e3o de um sistema tribut\u00e1rio internacional ao qual os impostos de grandes corpora\u00e7\u00f5es teriam uma al\u00edquota<\/p>\n","protected":false},"author":4,"featured_media":14454,"comment_status":"open","ping_status":"open","sticky":false,"template":"","format":"standard","meta":{"colormag_page_container_layout":"default_layout","colormag_page_sidebar_layout":"default_layout","_FSMCFIC_featured_image_caption":"","_FSMCFIC_featured_image_nocaption":"","_FSMCFIC_featured_image_hide":"","footnotes":""},"categories":[5,1],"tags":[],"class_list":["post-14453","post","type-post","status-publish","format-standard","has-post-thumbnail","hentry","category-politica","category-ultimas"],"yoast_head":"<!-- This site is optimized with the Yoast SEO plugin v27.1.1 - https:\/\/yoast.com\/product\/yoast-seo-wordpress\/ -->\n<title>Haddad visita Papa Francisco e debate sobre taxa\u00e7\u00e3o de super ricos - Brasil not\u00edcias<\/title>\n<meta name=\"robots\" content=\"index, follow, max-snippet:-1, max-image-preview:large, max-video-preview:-1\" \/>\n<link rel=\"canonical\" href=\"https:\/\/brasilnoticias.org\/site\/haddad-visita-papa-francisco-e-debate-sobre-taxacao-de-super-ricos\/\" \/>\n<meta property=\"og:locale\" content=\"pt_PT\" \/>\n<meta property=\"og:type\" content=\"article\" \/>\n<meta property=\"og:title\" content=\"Haddad visita Papa Francisco e debate sobre taxa\u00e7\u00e3o de super ricos - Brasil not\u00edcias\" \/>\n<meta property=\"og:description\" content=\"A proposta prev\u00ea a cria\u00e7\u00e3o de um sistema tribut\u00e1rio internacional ao qual os impostos de grandes corpora\u00e7\u00f5es teriam uma al\u00edquota\" \/>\n<meta property=\"og:url\" content=\"https:\/\/brasilnoticias.org\/site\/haddad-visita-papa-francisco-e-debate-sobre-taxacao-de-super-ricos\/\" \/>\n<meta property=\"og:site_name\" content=\"Brasil not\u00edcias\" \/>\n<meta property=\"article:published_time\" content=\"2024-06-06T21:16:27+00:00\" \/>\n<meta property=\"og:image\" content=\"https:\/\/brasilnoticias.org\/site\/wp-content\/uploads\/2024\/06\/151210haddad-visita-papa-francisco-e-debate-sobre-taxacao-de-super-ricos-3.jpg\" \/>\n\t<meta property=\"og:image:width\" content=\"1600\" \/>\n\t<meta property=\"og:image:height\" content=\"752\" \/>\n\t<meta property=\"og:image:type\" content=\"image\/jpeg\" \/>\n<meta name=\"author\" content=\"Reda\u00e7\u00e3o\" \/>\n<meta name=\"twitter:card\" content=\"summary_large_image\" \/>\n<meta name=\"twitter:label1\" content=\"Escrito por\" \/>\n\t<meta name=\"twitter:data1\" content=\"Reda\u00e7\u00e3o\" \/>\n\t<meta name=\"twitter:label2\" content=\"Tempo estimado de leitura\" \/>\n\t<meta name=\"twitter:data2\" content=\"1 minuto\" \/>\n<script type=\"application\/ld+json\" class=\"yoast-schema-graph\">{\"@context\":\"https:\/\/schema.org\",\"@graph\":[{\"@type\":\"Article\",\"@id\":\"https:\/\/brasilnoticias.org\/site\/haddad-visita-papa-francisco-e-debate-sobre-taxacao-de-super-ricos\/#article\",\"isPartOf\":{\"@id\":\"https:\/\/brasilnoticias.org\/site\/haddad-visita-papa-francisco-e-debate-sobre-taxacao-de-super-ricos\/\"},\"author\":{\"name\":\"Reda\u00e7\u00e3o\",\"@id\":\"https:\/\/brasilnoticias.org\/site\/#\/schema\/person\/03bbbfe6c7634ad18c26444ea39049fa\"},\"headline\":\"Haddad visita Papa Francisco e debate sobre taxa\u00e7\u00e3o de super ricos\",\"datePublished\":\"2024-06-06T21:16:27+00:00\",\"mainEntityOfPage\":{\"@id\":\"https:\/\/brasilnoticias.org\/site\/haddad-visita-papa-francisco-e-debate-sobre-taxacao-de-super-ricos\/\"},\"wordCount\":319,\"commentCount\":0,\"publisher\":{\"@id\":\"https:\/\/brasilnoticias.org\/site\/#organization\"},\"image\":{\"@id\":\"https:\/\/brasilnoticias.org\/site\/haddad-visita-papa-francisco-e-debate-sobre-taxacao-de-super-ricos\/#primaryimage\"},\"thumbnailUrl\":\"https:\/\/brasilnoticias.org\/site\/wp-content\/uploads\/2024\/06\/151210haddad-visita-papa-francisco-e-debate-sobre-taxacao-de-super-ricos-3.jpg\",\"articleSection\":[\"Pol\u00edtica\",\"\u00daltimas\"],\"inLanguage\":\"pt-PT\",\"potentialAction\":[{\"@type\":\"CommentAction\",\"name\":\"Comment\",\"target\":[\"https:\/\/brasilnoticias.org\/site\/haddad-visita-papa-francisco-e-debate-sobre-taxacao-de-super-ricos\/#respond\"]}]},{\"@type\":\"WebPage\",\"@id\":\"https:\/\/brasilnoticias.org\/site\/haddad-visita-papa-francisco-e-debate-sobre-taxacao-de-super-ricos\/\",\"url\":\"https:\/\/brasilnoticias.org\/site\/haddad-visita-papa-francisco-e-debate-sobre-taxacao-de-super-ricos\/\",\"name\":\"Haddad visita Papa Francisco e debate sobre taxa\u00e7\u00e3o de super ricos - Brasil not\u00edcias\",\"isPartOf\":{\"@id\":\"https:\/\/brasilnoticias.org\/site\/#website\"},\"primaryImageOfPage\":{\"@id\":\"https:\/\/brasilnoticias.org\/site\/haddad-visita-papa-francisco-e-debate-sobre-taxacao-de-super-ricos\/#primaryimage\"},\"image\":{\"@id\":\"https:\/\/brasilnoticias.org\/site\/haddad-visita-papa-francisco-e-debate-sobre-taxacao-de-super-ricos\/#primaryimage\"},\"thumbnailUrl\":\"https:\/\/brasilnoticias.org\/site\/wp-content\/uploads\/2024\/06\/151210haddad-visita-papa-francisco-e-debate-sobre-taxacao-de-super-ricos-3.jpg\",\"datePublished\":\"2024-06-06T21:16:27+00:00\",\"breadcrumb\":{\"@id\":\"https:\/\/brasilnoticias.org\/site\/haddad-visita-papa-francisco-e-debate-sobre-taxacao-de-super-ricos\/#breadcrumb\"},\"inLanguage\":\"pt-PT\",\"potentialAction\":[{\"@type\":\"ReadAction\",\"target\":[\"https:\/\/brasilnoticias.org\/site\/haddad-visita-papa-francisco-e-debate-sobre-taxacao-de-super-ricos\/\"]}]},{\"@type\":\"ImageObject\",\"inLanguage\":\"pt-PT\",\"@id\":\"https:\/\/brasilnoticias.org\/site\/haddad-visita-papa-francisco-e-debate-sobre-taxacao-de-super-ricos\/#primaryimage\",\"url\":\"https:\/\/brasilnoticias.org\/site\/wp-content\/uploads\/2024\/06\/151210haddad-visita-papa-francisco-e-debate-sobre-taxacao-de-super-ricos-3.jpg\",\"contentUrl\":\"https:\/\/brasilnoticias.org\/site\/wp-content\/uploads\/2024\/06\/151210haddad-visita-papa-francisco-e-debate-sobre-taxacao-de-super-ricos-3.jpg\",\"width\":1600,\"height\":752},{\"@type\":\"BreadcrumbList\",\"@id\":\"https:\/\/brasilnoticias.org\/site\/haddad-visita-papa-francisco-e-debate-sobre-taxacao-de-super-ricos\/#breadcrumb\",\"itemListElement\":[{\"@type\":\"ListItem\",\"position\":1,\"name\":\"In\u00edcio\",\"item\":\"https:\/\/brasilnoticias.org\/site\/\"},{\"@type\":\"ListItem\",\"position\":2,\"name\":\"Haddad visita Papa Francisco e debate sobre taxa\u00e7\u00e3o de super ricos\"}]},{\"@type\":\"WebSite\",\"@id\":\"https:\/\/brasilnoticias.org\/site\/#website\",\"url\":\"https:\/\/brasilnoticias.org\/site\/\",\"name\":\"Brasil not\u00edcias\",\"description\":\"Brasil not\u00edcias\",\"publisher\":{\"@id\":\"https:\/\/brasilnoticias.org\/site\/#organization\"},\"potentialAction\":[{\"@type\":\"SearchAction\",\"target\":{\"@type\":\"EntryPoint\",\"urlTemplate\":\"https:\/\/brasilnoticias.org\/site\/?s={search_term_string}\"},\"query-input\":{\"@type\":\"PropertyValueSpecification\",\"valueRequired\":true,\"valueName\":\"search_term_string\"}}],\"inLanguage\":\"pt-PT\"},{\"@type\":\"Organization\",\"@id\":\"https:\/\/brasilnoticias.org\/site\/#organization\",\"name\":\"Brasil not\u00edcias\",\"url\":\"https:\/\/brasilnoticias.org\/site\/\",\"logo\":{\"@type\":\"ImageObject\",\"inLanguage\":\"pt-PT\",\"@id\":\"https:\/\/brasilnoticias.org\/site\/#\/schema\/logo\/image\/\",\"url\":\"https:\/\/brasilnoticias.org\/site\/wp-content\/uploads\/2022\/05\/cropped-brasilnoticias-mini.jpg\",\"contentUrl\":\"https:\/\/brasilnoticias.org\/site\/wp-content\/uploads\/2022\/05\/cropped-brasilnoticias-mini.jpg\",\"width\":314,\"height\":86,\"caption\":\"Brasil not\u00edcias\"},\"image\":{\"@id\":\"https:\/\/brasilnoticias.org\/site\/#\/schema\/logo\/image\/\"}},{\"@type\":\"Person\",\"@id\":\"https:\/\/brasilnoticias.org\/site\/#\/schema\/person\/03bbbfe6c7634ad18c26444ea39049fa\",\"name\":\"Reda\u00e7\u00e3o\",\"image\":{\"@type\":\"ImageObject\",\"inLanguage\":\"pt-PT\",\"@id\":\"https:\/\/brasilnoticias.org\/site\/#\/schema\/person\/image\/\",\"url\":\"https:\/\/secure.gravatar.com\/avatar\/9ecaf7327a696cb23ad926fedded5f1f04d7049de9e445375d55b48c001a6e42?s=96&d=mm&r=g\",\"contentUrl\":\"https:\/\/secure.gravatar.com\/avatar\/9ecaf7327a696cb23ad926fedded5f1f04d7049de9e445375d55b48c001a6e42?s=96&d=mm&r=g\",\"caption\":\"Reda\u00e7\u00e3o\"},\"url\":\"https:\/\/brasilnoticias.org\/site\/author\/henrique\/\"}]}<\/script>\n<!-- \/ Yoast SEO plugin. -->","yoast_head_json":{"title":"Haddad visita Papa Francisco e debate sobre taxa\u00e7\u00e3o de super ricos - Brasil not\u00edcias","robots":{"index":"index","follow":"follow","max-snippet":"max-snippet:-1","max-image-preview":"max-image-preview:large","max-video-preview":"max-video-preview:-1"},"canonical":"https:\/\/brasilnoticias.org\/site\/haddad-visita-papa-francisco-e-debate-sobre-taxacao-de-super-ricos\/","og_locale":"pt_PT","og_type":"article","og_title":"Haddad visita Papa Francisco e debate sobre taxa\u00e7\u00e3o de super ricos - Brasil not\u00edcias","og_description":"A proposta prev\u00ea a cria\u00e7\u00e3o de um sistema tribut\u00e1rio internacional ao qual os impostos de grandes corpora\u00e7\u00f5es teriam uma al\u00edquota","og_url":"https:\/\/brasilnoticias.org\/site\/haddad-visita-papa-francisco-e-debate-sobre-taxacao-de-super-ricos\/","og_site_name":"Brasil not\u00edcias","article_published_time":"2024-06-06T21:16:27+00:00","og_image":[{"width":1600,"height":752,"url":"https:\/\/brasilnoticias.org\/site\/wp-content\/uploads\/2024\/06\/151210haddad-visita-papa-francisco-e-debate-sobre-taxacao-de-super-ricos-3.jpg","type":"image\/jpeg"}],"author":"Reda\u00e7\u00e3o","twitter_card":"summary_large_image","twitter_misc":{"Escrito por":"Reda\u00e7\u00e3o","Tempo estimado de leitura":"1 minuto"},"schema":{"@context":"https:\/\/schema.org","@graph":[{"@type":"Article","@id":"https:\/\/brasilnoticias.org\/site\/haddad-visita-papa-francisco-e-debate-sobre-taxacao-de-super-ricos\/#article","isPartOf":{"@id":"https:\/\/brasilnoticias.org\/site\/haddad-visita-papa-francisco-e-debate-sobre-taxacao-de-super-ricos\/"},"author":{"name":"Reda\u00e7\u00e3o","@id":"https:\/\/brasilnoticias.org\/site\/#\/schema\/person\/03bbbfe6c7634ad18c26444ea39049fa"},"headline":"Haddad visita Papa Francisco e debate sobre taxa\u00e7\u00e3o de super ricos","datePublished":"2024-06-06T21:16:27+00:00","mainEntityOfPage":{"@id":"https:\/\/brasilnoticias.org\/site\/haddad-visita-papa-francisco-e-debate-sobre-taxacao-de-super-ricos\/"},"wordCount":319,"commentCount":0,"publisher":{"@id":"https:\/\/brasilnoticias.org\/site\/#organization"},"image":{"@id":"https:\/\/brasilnoticias.org\/site\/haddad-visita-papa-francisco-e-debate-sobre-taxacao-de-super-ricos\/#primaryimage"},"thumbnailUrl":"https:\/\/brasilnoticias.org\/site\/wp-content\/uploads\/2024\/06\/151210haddad-visita-papa-francisco-e-debate-sobre-taxacao-de-super-ricos-3.jpg","articleSection":["Pol\u00edtica","\u00daltimas"],"inLanguage":"pt-PT","potentialAction":[{"@type":"CommentAction","name":"Comment","target":["https:\/\/brasilnoticias.org\/site\/haddad-visita-papa-francisco-e-debate-sobre-taxacao-de-super-ricos\/#respond"]}]},{"@type":"WebPage","@id":"https:\/\/brasilnoticias.org\/site\/haddad-visita-papa-francisco-e-debate-sobre-taxacao-de-super-ricos\/","url":"https:\/\/brasilnoticias.org\/site\/haddad-visita-papa-francisco-e-debate-sobre-taxacao-de-super-ricos\/","name":"Haddad visita Papa Francisco e debate sobre taxa\u00e7\u00e3o de super ricos - Brasil not\u00edcias","isPartOf":{"@id":"https:\/\/brasilnoticias.org\/site\/#website"},"primaryImageOfPage":{"@id":"https:\/\/brasilnoticias.org\/site\/haddad-visita-papa-francisco-e-debate-sobre-taxacao-de-super-ricos\/#primaryimage"},"image":{"@id":"https:\/\/brasilnoticias.org\/site\/haddad-visita-papa-francisco-e-debate-sobre-taxacao-de-super-ricos\/#primaryimage"},"thumbnailUrl":"https:\/\/brasilnoticias.org\/site\/wp-content\/uploads\/2024\/06\/151210haddad-visita-papa-francisco-e-debate-sobre-taxacao-de-super-ricos-3.jpg","datePublished":"2024-06-06T21:16:27+00:00","breadcrumb":{"@id":"https:\/\/brasilnoticias.org\/site\/haddad-visita-papa-francisco-e-debate-sobre-taxacao-de-super-ricos\/#breadcrumb"},"inLanguage":"pt-PT","potentialAction":[{"@type":"ReadAction","target":["https:\/\/brasilnoticias.org\/site\/haddad-visita-papa-francisco-e-debate-sobre-taxacao-de-super-ricos\/"]}]},{"@type":"ImageObject","inLanguage":"pt-PT","@id":"https:\/\/brasilnoticias.org\/site\/haddad-visita-papa-francisco-e-debate-sobre-taxacao-de-super-ricos\/#primaryimage","url":"https:\/\/brasilnoticias.org\/site\/wp-content\/uploads\/2024\/06\/151210haddad-visita-papa-francisco-e-debate-sobre-taxacao-de-super-ricos-3.jpg","contentUrl":"https:\/\/brasilnoticias.org\/site\/wp-content\/uploads\/2024\/06\/151210haddad-visita-papa-francisco-e-debate-sobre-taxacao-de-super-ricos-3.jpg","width":1600,"height":752},{"@type":"BreadcrumbList","@id":"https:\/\/brasilnoticias.org\/site\/haddad-visita-papa-francisco-e-debate-sobre-taxacao-de-super-ricos\/#breadcrumb","itemListElement":[{"@type":"ListItem","position":1,"name":"In\u00edcio","item":"https:\/\/brasilnoticias.org\/site\/"},{"@type":"ListItem","position":2,"name":"Haddad visita Papa Francisco e debate sobre taxa\u00e7\u00e3o de super ricos"}]},{"@type":"WebSite","@id":"https:\/\/brasilnoticias.org\/site\/#website","url":"https:\/\/brasilnoticias.org\/site\/","name":"Brasil not\u00edcias","description":"Brasil not\u00edcias","publisher":{"@id":"https:\/\/brasilnoticias.org\/site\/#organization"},"potentialAction":[{"@type":"SearchAction","target":{"@type":"EntryPoint","urlTemplate":"https:\/\/brasilnoticias.org\/site\/?s={search_term_string}"},"query-input":{"@type":"PropertyValueSpecification","valueRequired":true,"valueName":"search_term_string"}}],"inLanguage":"pt-PT"},{"@type":"Organization","@id":"https:\/\/brasilnoticias.org\/site\/#organization","name":"Brasil not\u00edcias","url":"https:\/\/brasilnoticias.org\/site\/","logo":{"@type":"ImageObject","inLanguage":"pt-PT","@id":"https:\/\/brasilnoticias.org\/site\/#\/schema\/logo\/image\/","url":"https:\/\/brasilnoticias.org\/site\/wp-content\/uploads\/2022\/05\/cropped-brasilnoticias-mini.jpg","contentUrl":"https:\/\/brasilnoticias.org\/site\/wp-content\/uploads\/2022\/05\/cropped-brasilnoticias-mini.jpg","width":314,"height":86,"caption":"Brasil not\u00edcias"},"image":{"@id":"https:\/\/brasilnoticias.org\/site\/#\/schema\/logo\/image\/"}},{"@type":"Person","@id":"https:\/\/brasilnoticias.org\/site\/#\/schema\/person\/03bbbfe6c7634ad18c26444ea39049fa","name":"Reda\u00e7\u00e3o","image":{"@type":"ImageObject","inLanguage":"pt-PT","@id":"https:\/\/brasilnoticias.org\/site\/#\/schema\/person\/image\/","url":"https:\/\/secure.gravatar.com\/avatar\/9ecaf7327a696cb23ad926fedded5f1f04d7049de9e445375d55b48c001a6e42?s=96&d=mm&r=g","contentUrl":"https:\/\/secure.gravatar.com\/avatar\/9ecaf7327a696cb23ad926fedded5f1f04d7049de9e445375d55b48c001a6e42?s=96&d=mm&r=g","caption":"Reda\u00e7\u00e3o"},"url":"https:\/\/brasilnoticias.org\/site\/author\/henrique\/"}]}},"_links":{"self":[{"href":"https:\/\/brasilnoticias.org\/site\/wp-json\/wp\/v2\/posts\/14453","targetHints":{"allow":["GET"]}}],"collection":[{"href":"https:\/\/brasilnoticias.org\/site\/wp-json\/wp\/v2\/posts"}],"about":[{"href":"https:\/\/brasilnoticias.org\/site\/wp-json\/wp\/v2\/types\/post"}],"author":[{"embeddable":true,"href":"https:\/\/brasilnoticias.org\/site\/wp-json\/wp\/v2\/users\/4"}],"replies":[{"embeddable":true,"href":"https:\/\/brasilnoticias.org\/site\/wp-json\/wp\/v2\/comments?post=14453"}],"version-history":[{"count":1,"href":"https:\/\/brasilnoticias.org\/site\/wp-json\/wp\/v2\/posts\/14453\/revisions"}],"predecessor-version":[{"id":14455,"href":"https:\/\/brasilnoticias.org\/site\/wp-json\/wp\/v2\/posts\/14453\/revisions\/14455"}],"wp:featuredmedia":[{"embeddable":true,"href":"https:\/\/brasilnoticias.org\/site\/wp-json\/wp\/v2\/media\/14454"}],"wp:attachment":[{"href":"https:\/\/brasilnoticias.org\/site\/wp-json\/wp\/v2\/media?parent=14453"}],"wp:term":[{"taxonomy":"category","embeddable":true,"href":"https:\/\/brasilnoticias.org\/site\/wp-json\/wp\/v2\/categories?post=14453"},{"taxonomy":"post_tag","embeddable":true,"href":"https:\/\/brasilnoticias.org\/site\/wp-json\/wp\/v2\/tags?post=14453"}],"curies":[{"name":"wp","href":"https:\/\/api.w.org\/{rel}","templated":true}]}}