{"id":14471,"date":"2024-06-06T18:26:36","date_gmt":"2024-06-06T21:26:36","guid":{"rendered":"https:\/\/brasilnoticias.org\/site\/?p=14471"},"modified":"2024-06-06T18:26:36","modified_gmt":"2024-06-06T21:26:36","slug":"prefeitura-alcanca-marca-de-52-mil-carteiras-de-identificacao-para-pessoas-com-autismo-emitidas-em-salvador","status":"publish","type":"post","link":"https:\/\/brasilnoticias.org\/site\/prefeitura-alcanca-marca-de-52-mil-carteiras-de-identificacao-para-pessoas-com-autismo-emitidas-em-salvador\/","title":{"rendered":"Prefeitura alcan\u00e7a marca de 5,2 mil carteiras de identifica\u00e7\u00e3o para pessoas com autismo emitidas em Salvador"},"content":{"rendered":"<p>Desde que lan\u00e7ou a Carteira de Identifica\u00e7\u00e3o da Pessoa com Transtorno do Espectro Autista (CIPTEA), em junho do ano passado, a Prefeitura de Salvador j\u00e1 emitiu 5,2 mil documentos, por meio da Secretaria Municipal de Promo\u00e7\u00e3o Social Combate \u00e0 Pobreza, Esportes e Lazer (Sempre). Para a obten\u00e7\u00e3o da carteira, \u00e9 necess\u00e1rio apresentar laudo m\u00e9dico, uma foto, documento de identifica\u00e7\u00e3o e comprovante de resid\u00eancia.  A validade da carteira \u00e9 de cinco anos. <\/p>\n<p>A CIPTEA \u00e9 ofertada gratuitamente e possibilita identificar a popula\u00e7\u00e3o com Transtorno Espectro Autista (TEA) em espa\u00e7os p\u00fablicos e privados, viabilizando o atendimento priorit\u00e1rio, evitando o constrangimento para as pessoas com TEA e suas fam\u00edlias. A carteira \u00e9 um direito previsto pela Lei Romeo Mion (13.977\/2020). <\/p>\n<p>Para o secret\u00e1rio da Sempre, J\u00fanior Magalh\u00e3es, esse n\u00famero mostra a import\u00e2ncia de uma pol\u00edtica p\u00fablica de inclus\u00e3o social que est\u00e1 dando certo e se fortalece a cada dia. \u201cA emiss\u00e3o da CIPTEA possibilita o acesso preferencial de pessoas com TEA nos ambientes, evitando que se sintam desconfort\u00e1veis com ilumina\u00e7\u00e3o forte, com ru\u00eddos altos ou com a presen\u00e7a de muitas pessoas. Desta forma, poder\u00e3o ter acesso aos seus direitos e ter\u00e3o preservada a liberdade de estar nos locais onde precisam estar\u201d, frisou. <\/p>\n<p>Aliado a isso, Magalh\u00e3es destaca que a Sempre, com o apoio da Secretaria Municipal de Inova\u00e7\u00e3o e Tecnologia (Semit), implementou um sistema CIPTEA, que j\u00e1 funciona como um censo da popula\u00e7\u00e3o autista em Salvador. Ele ressalta ainda a implementa\u00e7\u00e3o de um espa\u00e7o l\u00fadico para a confec\u00e7\u00e3o das carteiras na sede da pasta, no Com\u00e9rcio, no qual, somente no m\u00eas de maio, 540 atendimentos foram registrados. <\/p>\n<p>\u201cEsse sistema nos permite fazer a coleta de informa\u00e7\u00f5es importantes, como o n\u00famero de pessoas com autismo na cidade, g\u00eanero, ra\u00e7a, idade e localiza\u00e7\u00e3o geogr\u00e1fica, dados fundamentais que  servir\u00e3o para que a gest\u00e3o municipal possa avan\u00e7ar com novas pol\u00edticas p\u00fablicas mais direcionadas e eficazes para essa popula\u00e7\u00e3o. J\u00e1 o espa\u00e7o para a emiss\u00e3o do documento foi pensado para acolher e recepcionar essas crian\u00e7as e suas fam\u00edlias, evitando ambientes barulhentos que possam trazer qualquer tipo de desconforto\u201d, concluiu.<\/p>\n<p>Emiss\u00e3o \u2013 O documento \u00e9 emitido pela Sempre, na sede do \u00f3rg\u00e3o (Rua Miguel Calmon, n\u00ba 18 \u2013 Com\u00e9rcio), em parceria com Semit, de forma gratuita, e sem necessidade de agendamento. A requisi\u00e7\u00e3o tamb\u00e9m pode ser feita tamb\u00e9m pela internet, atrav\u00e9s do portal www.salvadordigital.salvador.ba.gov.br. Ap\u00f3s o requerimento, a carteira \u00e9 emitida no prazo de 30 dias e pode ser retirada na Sempre ou enviada por e-mail.<\/p>\n<p>Foto: Ot\u00e1vio Santos\/ Secom<\/p>\n","protected":false},"excerpt":{"rendered":"<p>Desde que lan\u00e7ou a Carteira de Identifica\u00e7\u00e3o da Pessoa com Transtorno do Espectro Autista (CIPTEA), em junho do ano passado,<\/p>\n","protected":false},"author":4,"featured_media":14472,"comment_status":"open","ping_status":"open","sticky":false,"template":"","format":"standard","meta":{"colormag_page_container_layout":"default_layout","colormag_page_sidebar_layout":"default_layout","_FSMCFIC_featured_image_caption":"","_FSMCFIC_featured_image_nocaption":"","_FSMCFIC_featured_image_hide":"","footnotes":""},"categories":[2,1],"tags":[],"class_list":["post-14471","post","type-post","status-publish","format-standard","has-post-thumbnail","hentry","category-noticias","category-ultimas"],"yoast_head":"<!-- This site is optimized with the Yoast SEO plugin v27.1.1 - https:\/\/yoast.com\/product\/yoast-seo-wordpress\/ -->\n<title>Prefeitura alcan\u00e7a marca de 5,2 mil carteiras de identifica\u00e7\u00e3o para pessoas com autismo emitidas em Salvador - Brasil not\u00edcias<\/title>\n<meta name=\"robots\" content=\"index, follow, max-snippet:-1, max-image-preview:large, max-video-preview:-1\" \/>\n<link rel=\"canonical\" href=\"https:\/\/brasilnoticias.org\/site\/prefeitura-alcanca-marca-de-52-mil-carteiras-de-identificacao-para-pessoas-com-autismo-emitidas-em-salvador\/\" \/>\n<meta property=\"og:locale\" content=\"pt_PT\" \/>\n<meta property=\"og:type\" content=\"article\" \/>\n<meta property=\"og:title\" content=\"Prefeitura alcan\u00e7a marca de 5,2 mil carteiras de identifica\u00e7\u00e3o para pessoas com autismo emitidas em Salvador - Brasil not\u00edcias\" \/>\n<meta property=\"og:description\" content=\"Desde que lan\u00e7ou a Carteira de Identifica\u00e7\u00e3o da Pessoa com Transtorno do Espectro Autista (CIPTEA), em junho do ano passado,\" \/>\n<meta property=\"og:url\" content=\"https:\/\/brasilnoticias.org\/site\/prefeitura-alcanca-marca-de-52-mil-carteiras-de-identificacao-para-pessoas-com-autismo-emitidas-em-salvador\/\" \/>\n<meta property=\"og:site_name\" content=\"Brasil not\u00edcias\" \/>\n<meta property=\"article:published_time\" content=\"2024-06-06T21:26:36+00:00\" \/>\n<meta property=\"og:image\" content=\"https:\/\/brasilnoticias.org\/site\/wp-content\/uploads\/2024\/06\/Arquivo-Entrega-CIPTEA-Sempre-Foto-Otavio-Santos-Secom.jpg\" \/>\n\t<meta property=\"og:image:width\" content=\"1024\" \/>\n\t<meta property=\"og:image:height\" content=\"657\" \/>\n\t<meta property=\"og:image:type\" content=\"image\/jpeg\" \/>\n<meta name=\"author\" content=\"Reda\u00e7\u00e3o\" \/>\n<meta name=\"twitter:card\" content=\"summary_large_image\" \/>\n<meta name=\"twitter:label1\" content=\"Escrito por\" \/>\n\t<meta name=\"twitter:data1\" content=\"Reda\u00e7\u00e3o\" \/>\n\t<meta name=\"twitter:label2\" content=\"Tempo estimado de leitura\" \/>\n\t<meta name=\"twitter:data2\" content=\"1 minuto\" \/>\n<script type=\"application\/ld+json\" class=\"yoast-schema-graph\">{\"@context\":\"https:\/\/schema.org\",\"@graph\":[{\"@type\":\"Article\",\"@id\":\"https:\/\/brasilnoticias.org\/site\/prefeitura-alcanca-marca-de-52-mil-carteiras-de-identificacao-para-pessoas-com-autismo-emitidas-em-salvador\/#article\",\"isPartOf\":{\"@id\":\"https:\/\/brasilnoticias.org\/site\/prefeitura-alcanca-marca-de-52-mil-carteiras-de-identificacao-para-pessoas-com-autismo-emitidas-em-salvador\/\"},\"author\":{\"name\":\"Reda\u00e7\u00e3o\",\"@id\":\"https:\/\/brasilnoticias.org\/site\/#\/schema\/person\/03bbbfe6c7634ad18c26444ea39049fa\"},\"headline\":\"Prefeitura alcan\u00e7a marca de 5,2 mil carteiras de identifica\u00e7\u00e3o para pessoas com autismo emitidas em Salvador\",\"datePublished\":\"2024-06-06T21:26:36+00:00\",\"mainEntityOfPage\":{\"@id\":\"https:\/\/brasilnoticias.org\/site\/prefeitura-alcanca-marca-de-52-mil-carteiras-de-identificacao-para-pessoas-com-autismo-emitidas-em-salvador\/\"},\"wordCount\":481,\"commentCount\":0,\"publisher\":{\"@id\":\"https:\/\/brasilnoticias.org\/site\/#organization\"},\"image\":{\"@id\":\"https:\/\/brasilnoticias.org\/site\/prefeitura-alcanca-marca-de-52-mil-carteiras-de-identificacao-para-pessoas-com-autismo-emitidas-em-salvador\/#primaryimage\"},\"thumbnailUrl\":\"https:\/\/brasilnoticias.org\/site\/wp-content\/uploads\/2024\/06\/Arquivo-Entrega-CIPTEA-Sempre-Foto-Otavio-Santos-Secom.jpg\",\"articleSection\":[\"Not\u00edcias\",\"\u00daltimas\"],\"inLanguage\":\"pt-PT\",\"potentialAction\":[{\"@type\":\"CommentAction\",\"name\":\"Comment\",\"target\":[\"https:\/\/brasilnoticias.org\/site\/prefeitura-alcanca-marca-de-52-mil-carteiras-de-identificacao-para-pessoas-com-autismo-emitidas-em-salvador\/#respond\"]}]},{\"@type\":\"WebPage\",\"@id\":\"https:\/\/brasilnoticias.org\/site\/prefeitura-alcanca-marca-de-52-mil-carteiras-de-identificacao-para-pessoas-com-autismo-emitidas-em-salvador\/\",\"url\":\"https:\/\/brasilnoticias.org\/site\/prefeitura-alcanca-marca-de-52-mil-carteiras-de-identificacao-para-pessoas-com-autismo-emitidas-em-salvador\/\",\"name\":\"Prefeitura alcan\u00e7a marca de 5,2 mil carteiras de identifica\u00e7\u00e3o para pessoas com autismo emitidas em Salvador - Brasil not\u00edcias\",\"isPartOf\":{\"@id\":\"https:\/\/brasilnoticias.org\/site\/#website\"},\"primaryImageOfPage\":{\"@id\":\"https:\/\/brasilnoticias.org\/site\/prefeitura-alcanca-marca-de-52-mil-carteiras-de-identificacao-para-pessoas-com-autismo-emitidas-em-salvador\/#primaryimage\"},\"image\":{\"@id\":\"https:\/\/brasilnoticias.org\/site\/prefeitura-alcanca-marca-de-52-mil-carteiras-de-identificacao-para-pessoas-com-autismo-emitidas-em-salvador\/#primaryimage\"},\"thumbnailUrl\":\"https:\/\/brasilnoticias.org\/site\/wp-content\/uploads\/2024\/06\/Arquivo-Entrega-CIPTEA-Sempre-Foto-Otavio-Santos-Secom.jpg\",\"datePublished\":\"2024-06-06T21:26:36+00:00\",\"breadcrumb\":{\"@id\":\"https:\/\/brasilnoticias.org\/site\/prefeitura-alcanca-marca-de-52-mil-carteiras-de-identificacao-para-pessoas-com-autismo-emitidas-em-salvador\/#breadcrumb\"},\"inLanguage\":\"pt-PT\",\"potentialAction\":[{\"@type\":\"ReadAction\",\"target\":[\"https:\/\/brasilnoticias.org\/site\/prefeitura-alcanca-marca-de-52-mil-carteiras-de-identificacao-para-pessoas-com-autismo-emitidas-em-salvador\/\"]}]},{\"@type\":\"ImageObject\",\"inLanguage\":\"pt-PT\",\"@id\":\"https:\/\/brasilnoticias.org\/site\/prefeitura-alcanca-marca-de-52-mil-carteiras-de-identificacao-para-pessoas-com-autismo-emitidas-em-salvador\/#primaryimage\",\"url\":\"https:\/\/brasilnoticias.org\/site\/wp-content\/uploads\/2024\/06\/Arquivo-Entrega-CIPTEA-Sempre-Foto-Otavio-Santos-Secom.jpg\",\"contentUrl\":\"https:\/\/brasilnoticias.org\/site\/wp-content\/uploads\/2024\/06\/Arquivo-Entrega-CIPTEA-Sempre-Foto-Otavio-Santos-Secom.jpg\",\"width\":1024,\"height\":657},{\"@type\":\"BreadcrumbList\",\"@id\":\"https:\/\/brasilnoticias.org\/site\/prefeitura-alcanca-marca-de-52-mil-carteiras-de-identificacao-para-pessoas-com-autismo-emitidas-em-salvador\/#breadcrumb\",\"itemListElement\":[{\"@type\":\"ListItem\",\"position\":1,\"name\":\"In\u00edcio\",\"item\":\"https:\/\/brasilnoticias.org\/site\/\"},{\"@type\":\"ListItem\",\"position\":2,\"name\":\"Prefeitura alcan\u00e7a marca de 5,2 mil carteiras de identifica\u00e7\u00e3o para pessoas com autismo emitidas em Salvador\"}]},{\"@type\":\"WebSite\",\"@id\":\"https:\/\/brasilnoticias.org\/site\/#website\",\"url\":\"https:\/\/brasilnoticias.org\/site\/\",\"name\":\"Brasil not\u00edcias\",\"description\":\"Brasil not\u00edcias\",\"publisher\":{\"@id\":\"https:\/\/brasilnoticias.org\/site\/#organization\"},\"potentialAction\":[{\"@type\":\"SearchAction\",\"target\":{\"@type\":\"EntryPoint\",\"urlTemplate\":\"https:\/\/brasilnoticias.org\/site\/?s={search_term_string}\"},\"query-input\":{\"@type\":\"PropertyValueSpecification\",\"valueRequired\":true,\"valueName\":\"search_term_string\"}}],\"inLanguage\":\"pt-PT\"},{\"@type\":\"Organization\",\"@id\":\"https:\/\/brasilnoticias.org\/site\/#organization\",\"name\":\"Brasil not\u00edcias\",\"url\":\"https:\/\/brasilnoticias.org\/site\/\",\"logo\":{\"@type\":\"ImageObject\",\"inLanguage\":\"pt-PT\",\"@id\":\"https:\/\/brasilnoticias.org\/site\/#\/schema\/logo\/image\/\",\"url\":\"https:\/\/brasilnoticias.org\/site\/wp-content\/uploads\/2022\/05\/cropped-brasilnoticias-mini.jpg\",\"contentUrl\":\"https:\/\/brasilnoticias.org\/site\/wp-content\/uploads\/2022\/05\/cropped-brasilnoticias-mini.jpg\",\"width\":314,\"height\":86,\"caption\":\"Brasil not\u00edcias\"},\"image\":{\"@id\":\"https:\/\/brasilnoticias.org\/site\/#\/schema\/logo\/image\/\"}},{\"@type\":\"Person\",\"@id\":\"https:\/\/brasilnoticias.org\/site\/#\/schema\/person\/03bbbfe6c7634ad18c26444ea39049fa\",\"name\":\"Reda\u00e7\u00e3o\",\"image\":{\"@type\":\"ImageObject\",\"inLanguage\":\"pt-PT\",\"@id\":\"https:\/\/brasilnoticias.org\/site\/#\/schema\/person\/image\/\",\"url\":\"https:\/\/secure.gravatar.com\/avatar\/9ecaf7327a696cb23ad926fedded5f1f04d7049de9e445375d55b48c001a6e42?s=96&d=mm&r=g\",\"contentUrl\":\"https:\/\/secure.gravatar.com\/avatar\/9ecaf7327a696cb23ad926fedded5f1f04d7049de9e445375d55b48c001a6e42?s=96&d=mm&r=g\",\"caption\":\"Reda\u00e7\u00e3o\"},\"url\":\"https:\/\/brasilnoticias.org\/site\/author\/henrique\/\"}]}<\/script>\n<!-- \/ Yoast SEO plugin. -->","yoast_head_json":{"title":"Prefeitura alcan\u00e7a marca de 5,2 mil carteiras de identifica\u00e7\u00e3o para pessoas com autismo emitidas em Salvador - Brasil not\u00edcias","robots":{"index":"index","follow":"follow","max-snippet":"max-snippet:-1","max-image-preview":"max-image-preview:large","max-video-preview":"max-video-preview:-1"},"canonical":"https:\/\/brasilnoticias.org\/site\/prefeitura-alcanca-marca-de-52-mil-carteiras-de-identificacao-para-pessoas-com-autismo-emitidas-em-salvador\/","og_locale":"pt_PT","og_type":"article","og_title":"Prefeitura alcan\u00e7a marca de 5,2 mil carteiras de identifica\u00e7\u00e3o para pessoas com autismo emitidas em Salvador - Brasil not\u00edcias","og_description":"Desde que lan\u00e7ou a Carteira de Identifica\u00e7\u00e3o da Pessoa com Transtorno do Espectro Autista (CIPTEA), em junho do ano passado,","og_url":"https:\/\/brasilnoticias.org\/site\/prefeitura-alcanca-marca-de-52-mil-carteiras-de-identificacao-para-pessoas-com-autismo-emitidas-em-salvador\/","og_site_name":"Brasil not\u00edcias","article_published_time":"2024-06-06T21:26:36+00:00","og_image":[{"width":1024,"height":657,"url":"https:\/\/brasilnoticias.org\/site\/wp-content\/uploads\/2024\/06\/Arquivo-Entrega-CIPTEA-Sempre-Foto-Otavio-Santos-Secom.jpg","type":"image\/jpeg"}],"author":"Reda\u00e7\u00e3o","twitter_card":"summary_large_image","twitter_misc":{"Escrito por":"Reda\u00e7\u00e3o","Tempo estimado de leitura":"1 minuto"},"schema":{"@context":"https:\/\/schema.org","@graph":[{"@type":"Article","@id":"https:\/\/brasilnoticias.org\/site\/prefeitura-alcanca-marca-de-52-mil-carteiras-de-identificacao-para-pessoas-com-autismo-emitidas-em-salvador\/#article","isPartOf":{"@id":"https:\/\/brasilnoticias.org\/site\/prefeitura-alcanca-marca-de-52-mil-carteiras-de-identificacao-para-pessoas-com-autismo-emitidas-em-salvador\/"},"author":{"name":"Reda\u00e7\u00e3o","@id":"https:\/\/brasilnoticias.org\/site\/#\/schema\/person\/03bbbfe6c7634ad18c26444ea39049fa"},"headline":"Prefeitura alcan\u00e7a marca de 5,2 mil carteiras de identifica\u00e7\u00e3o para pessoas com autismo emitidas em Salvador","datePublished":"2024-06-06T21:26:36+00:00","mainEntityOfPage":{"@id":"https:\/\/brasilnoticias.org\/site\/prefeitura-alcanca-marca-de-52-mil-carteiras-de-identificacao-para-pessoas-com-autismo-emitidas-em-salvador\/"},"wordCount":481,"commentCount":0,"publisher":{"@id":"https:\/\/brasilnoticias.org\/site\/#organization"},"image":{"@id":"https:\/\/brasilnoticias.org\/site\/prefeitura-alcanca-marca-de-52-mil-carteiras-de-identificacao-para-pessoas-com-autismo-emitidas-em-salvador\/#primaryimage"},"thumbnailUrl":"https:\/\/brasilnoticias.org\/site\/wp-content\/uploads\/2024\/06\/Arquivo-Entrega-CIPTEA-Sempre-Foto-Otavio-Santos-Secom.jpg","articleSection":["Not\u00edcias","\u00daltimas"],"inLanguage":"pt-PT","potentialAction":[{"@type":"CommentAction","name":"Comment","target":["https:\/\/brasilnoticias.org\/site\/prefeitura-alcanca-marca-de-52-mil-carteiras-de-identificacao-para-pessoas-com-autismo-emitidas-em-salvador\/#respond"]}]},{"@type":"WebPage","@id":"https:\/\/brasilnoticias.org\/site\/prefeitura-alcanca-marca-de-52-mil-carteiras-de-identificacao-para-pessoas-com-autismo-emitidas-em-salvador\/","url":"https:\/\/brasilnoticias.org\/site\/prefeitura-alcanca-marca-de-52-mil-carteiras-de-identificacao-para-pessoas-com-autismo-emitidas-em-salvador\/","name":"Prefeitura alcan\u00e7a marca de 5,2 mil carteiras de identifica\u00e7\u00e3o para pessoas com autismo emitidas em Salvador - Brasil not\u00edcias","isPartOf":{"@id":"https:\/\/brasilnoticias.org\/site\/#website"},"primaryImageOfPage":{"@id":"https:\/\/brasilnoticias.org\/site\/prefeitura-alcanca-marca-de-52-mil-carteiras-de-identificacao-para-pessoas-com-autismo-emitidas-em-salvador\/#primaryimage"},"image":{"@id":"https:\/\/brasilnoticias.org\/site\/prefeitura-alcanca-marca-de-52-mil-carteiras-de-identificacao-para-pessoas-com-autismo-emitidas-em-salvador\/#primaryimage"},"thumbnailUrl":"https:\/\/brasilnoticias.org\/site\/wp-content\/uploads\/2024\/06\/Arquivo-Entrega-CIPTEA-Sempre-Foto-Otavio-Santos-Secom.jpg","datePublished":"2024-06-06T21:26:36+00:00","breadcrumb":{"@id":"https:\/\/brasilnoticias.org\/site\/prefeitura-alcanca-marca-de-52-mil-carteiras-de-identificacao-para-pessoas-com-autismo-emitidas-em-salvador\/#breadcrumb"},"inLanguage":"pt-PT","potentialAction":[{"@type":"ReadAction","target":["https:\/\/brasilnoticias.org\/site\/prefeitura-alcanca-marca-de-52-mil-carteiras-de-identificacao-para-pessoas-com-autismo-emitidas-em-salvador\/"]}]},{"@type":"ImageObject","inLanguage":"pt-PT","@id":"https:\/\/brasilnoticias.org\/site\/prefeitura-alcanca-marca-de-52-mil-carteiras-de-identificacao-para-pessoas-com-autismo-emitidas-em-salvador\/#primaryimage","url":"https:\/\/brasilnoticias.org\/site\/wp-content\/uploads\/2024\/06\/Arquivo-Entrega-CIPTEA-Sempre-Foto-Otavio-Santos-Secom.jpg","contentUrl":"https:\/\/brasilnoticias.org\/site\/wp-content\/uploads\/2024\/06\/Arquivo-Entrega-CIPTEA-Sempre-Foto-Otavio-Santos-Secom.jpg","width":1024,"height":657},{"@type":"BreadcrumbList","@id":"https:\/\/brasilnoticias.org\/site\/prefeitura-alcanca-marca-de-52-mil-carteiras-de-identificacao-para-pessoas-com-autismo-emitidas-em-salvador\/#breadcrumb","itemListElement":[{"@type":"ListItem","position":1,"name":"In\u00edcio","item":"https:\/\/brasilnoticias.org\/site\/"},{"@type":"ListItem","position":2,"name":"Prefeitura alcan\u00e7a marca de 5,2 mil carteiras de identifica\u00e7\u00e3o para pessoas com autismo emitidas em Salvador"}]},{"@type":"WebSite","@id":"https:\/\/brasilnoticias.org\/site\/#website","url":"https:\/\/brasilnoticias.org\/site\/","name":"Brasil not\u00edcias","description":"Brasil not\u00edcias","publisher":{"@id":"https:\/\/brasilnoticias.org\/site\/#organization"},"potentialAction":[{"@type":"SearchAction","target":{"@type":"EntryPoint","urlTemplate":"https:\/\/brasilnoticias.org\/site\/?s={search_term_string}"},"query-input":{"@type":"PropertyValueSpecification","valueRequired":true,"valueName":"search_term_string"}}],"inLanguage":"pt-PT"},{"@type":"Organization","@id":"https:\/\/brasilnoticias.org\/site\/#organization","name":"Brasil not\u00edcias","url":"https:\/\/brasilnoticias.org\/site\/","logo":{"@type":"ImageObject","inLanguage":"pt-PT","@id":"https:\/\/brasilnoticias.org\/site\/#\/schema\/logo\/image\/","url":"https:\/\/brasilnoticias.org\/site\/wp-content\/uploads\/2022\/05\/cropped-brasilnoticias-mini.jpg","contentUrl":"https:\/\/brasilnoticias.org\/site\/wp-content\/uploads\/2022\/05\/cropped-brasilnoticias-mini.jpg","width":314,"height":86,"caption":"Brasil not\u00edcias"},"image":{"@id":"https:\/\/brasilnoticias.org\/site\/#\/schema\/logo\/image\/"}},{"@type":"Person","@id":"https:\/\/brasilnoticias.org\/site\/#\/schema\/person\/03bbbfe6c7634ad18c26444ea39049fa","name":"Reda\u00e7\u00e3o","image":{"@type":"ImageObject","inLanguage":"pt-PT","@id":"https:\/\/brasilnoticias.org\/site\/#\/schema\/person\/image\/","url":"https:\/\/secure.gravatar.com\/avatar\/9ecaf7327a696cb23ad926fedded5f1f04d7049de9e445375d55b48c001a6e42?s=96&d=mm&r=g","contentUrl":"https:\/\/secure.gravatar.com\/avatar\/9ecaf7327a696cb23ad926fedded5f1f04d7049de9e445375d55b48c001a6e42?s=96&d=mm&r=g","caption":"Reda\u00e7\u00e3o"},"url":"https:\/\/brasilnoticias.org\/site\/author\/henrique\/"}]}},"_links":{"self":[{"href":"https:\/\/brasilnoticias.org\/site\/wp-json\/wp\/v2\/posts\/14471","targetHints":{"allow":["GET"]}}],"collection":[{"href":"https:\/\/brasilnoticias.org\/site\/wp-json\/wp\/v2\/posts"}],"about":[{"href":"https:\/\/brasilnoticias.org\/site\/wp-json\/wp\/v2\/types\/post"}],"author":[{"embeddable":true,"href":"https:\/\/brasilnoticias.org\/site\/wp-json\/wp\/v2\/users\/4"}],"replies":[{"embeddable":true,"href":"https:\/\/brasilnoticias.org\/site\/wp-json\/wp\/v2\/comments?post=14471"}],"version-history":[{"count":1,"href":"https:\/\/brasilnoticias.org\/site\/wp-json\/wp\/v2\/posts\/14471\/revisions"}],"predecessor-version":[{"id":14473,"href":"https:\/\/brasilnoticias.org\/site\/wp-json\/wp\/v2\/posts\/14471\/revisions\/14473"}],"wp:featuredmedia":[{"embeddable":true,"href":"https:\/\/brasilnoticias.org\/site\/wp-json\/wp\/v2\/media\/14472"}],"wp:attachment":[{"href":"https:\/\/brasilnoticias.org\/site\/wp-json\/wp\/v2\/media?parent=14471"}],"wp:term":[{"taxonomy":"category","embeddable":true,"href":"https:\/\/brasilnoticias.org\/site\/wp-json\/wp\/v2\/categories?post=14471"},{"taxonomy":"post_tag","embeddable":true,"href":"https:\/\/brasilnoticias.org\/site\/wp-json\/wp\/v2\/tags?post=14471"}],"curies":[{"name":"wp","href":"https:\/\/api.w.org\/{rel}","templated":true}]}}