{"id":14474,"date":"2024-06-06T18:28:32","date_gmt":"2024-06-06T21:28:32","guid":{"rendered":"https:\/\/brasilnoticias.org\/site\/?p=14474"},"modified":"2024-06-06T18:28:32","modified_gmt":"2024-06-06T21:28:32","slug":"vigilancia-sanitaria-de-salvador-promove-curso-de-boas-praticas-para-shoppings","status":"publish","type":"post","link":"https:\/\/brasilnoticias.org\/site\/vigilancia-sanitaria-de-salvador-promove-curso-de-boas-praticas-para-shoppings\/","title":{"rendered":"Vigil\u00e2ncia Sanit\u00e1ria de Salvador promove curso de boas pr\u00e1ticas para shoppings"},"content":{"rendered":"<p>A Secretaria Municipal da Sa\u00fade (SMS), atrav\u00e9s da Vigil\u00e2ncia Sanit\u00e1ria de Salvador (Visa), est\u00e1 promovendo uma s\u00e9rie de treinamentos para incentivar boas pr\u00e1ticas sanit\u00e1rias na comercializa\u00e7\u00e3o de alimentos em shoppings centers da capital baiana. Nesta quinta-feira (6), os agentes estiveram no Shopping da Bahia, onde aproximadamente 30 lojistas assistiram \u00e0 palestra da subcoordenadora de Alimentos, Processos e Licenciamento Sanit\u00e1rio, Gilmara Sodr\u00e9, e da chefe do Setor de Vigil\u00e2ncia, Monitoramento e Educa\u00e7\u00e3o em Alimentos da Visa, Emanuela Brito.<\/p>\n<p>Na ocasi\u00e3o, foram abordados temas como as normas sanit\u00e1rias para conserva\u00e7\u00e3o, armazenamento e exposi\u00e7\u00e3o dos alimentos; fracionamentos de produtos perec\u00edveis como queijo, presunto, calabresa e afins; e riscos sanit\u00e1rios. Al\u00e9m disso, tamb\u00e9m foram abordadas as penalidades previstas, caso a empresa n\u00e3o cumpra com as normas estabelecidas; e seguran\u00e7a e sa\u00fade do trabalhador, dentre outros assuntos.<\/p>\n<p>\u201cEsses encontros s\u00e3o importantes como forma de a Vigil\u00e2ncia Sanit\u00e1ria falar sobre o seu trabalho e regras sanit\u00e1rias para o consumo e comercializa\u00e7\u00e3o segura de alimentos. N\u00f3s apresentamos como s\u00e3o feitas as a\u00e7\u00f5es de fiscaliza\u00e7\u00e3o, esclarecendo d\u00favidas caso existam, relacionadas ao procedimento de exig\u00eancias e tamb\u00e9m ao licenciamento sanit\u00e1rio\u201d, explica Gilmara.<\/p>\n<p>Orienta\u00e7\u00e3o \u2013 A coordenadora da Associa\u00e7\u00e3o de Lojistas do Shopping Center Iguatemi Bahia (Alscib), Helenice Weber, conta que a parceria com a Visa \u00e9 antiga, sempre procurando atualizar os lojistas na quest\u00e3o das boas pr\u00e1ticas. \u201cAs exig\u00eancias s\u00e3o muitas, tanto do cliente como do lojista que entende que precisa ofertar o melhor\u201d. Hoje, o Shopping da Bahia possui mais de 80 opera\u00e7\u00f5es de alimentos, espalhados nos tr\u00eas andares do centro comercial.<\/p>\n<p>O empres\u00e1rio Luciano Azevedo atua no ramo aliment\u00edcio h\u00e1 25 anos e aprovou o encontro. \u201c\u00c9 fundamental porque faz essa liga\u00e7\u00e3o da oferta com a demanda. A Vigil\u00e2ncia faz a orienta\u00e7\u00e3o e n\u00f3s apresentamos nossos desafios. A orienta\u00e7\u00e3o \u00e9 importante para as nossas pr\u00e1ticas, para que a gente possa oferecer alimentos seguros\u201d.<\/p>\n<p>A lojista Aline Oliveira trabalha h\u00e1 tr\u00eas anos em uma hamburgueria e tamb\u00e9m fez quest\u00e3o de participar do evento. \u201cAcho isso fundamental, porque \u00e9 sempre bom estar ciente das coisas, aprender coisas novas, interagir e entender o processo. Espero que tenhamos novos encontros para conhecer cada vez mais o assunto com a Visa\u201d.<\/p>\n<p>O treinamento vai passar ainda pelos Shoppings Paralela, Salvador, Bela Vista e Lapa e novamente no Shopping da Bahia no m\u00eas de julho.<\/p>\n<p>Foto: Bruno Concha\/Secom PMS<br \/>\nReportagem: Ana Virg\u00ednia Vilalva\/Secom PMS<\/p>\n","protected":false},"excerpt":{"rendered":"<p>A Secretaria Municipal da Sa\u00fade (SMS), atrav\u00e9s da Vigil\u00e2ncia Sanit\u00e1ria de Salvador (Visa), est\u00e1 promovendo uma s\u00e9rie de treinamentos para<\/p>\n","protected":false},"author":4,"featured_media":14475,"comment_status":"open","ping_status":"open","sticky":false,"template":"","format":"standard","meta":{"colormag_page_container_layout":"default_layout","colormag_page_sidebar_layout":"default_layout","_FSMCFIC_featured_image_caption":"","_FSMCFIC_featured_image_nocaption":"","_FSMCFIC_featured_image_hide":"","footnotes":""},"categories":[2,1],"tags":[],"class_list":["post-14474","post","type-post","status-publish","format-standard","has-post-thumbnail","hentry","category-noticias","category-ultimas"],"yoast_head":"<!-- This site is optimized with the Yoast SEO plugin v27.1.1 - https:\/\/yoast.com\/product\/yoast-seo-wordpress\/ -->\n<title>Vigil\u00e2ncia Sanit\u00e1ria de Salvador promove curso de boas pr\u00e1ticas para shoppings - Brasil not\u00edcias<\/title>\n<meta name=\"robots\" content=\"index, follow, max-snippet:-1, max-image-preview:large, max-video-preview:-1\" \/>\n<link rel=\"canonical\" href=\"https:\/\/brasilnoticias.org\/site\/vigilancia-sanitaria-de-salvador-promove-curso-de-boas-praticas-para-shoppings\/\" \/>\n<meta property=\"og:locale\" content=\"pt_PT\" \/>\n<meta property=\"og:type\" content=\"article\" \/>\n<meta property=\"og:title\" content=\"Vigil\u00e2ncia Sanit\u00e1ria de Salvador promove curso de boas pr\u00e1ticas para shoppings - Brasil not\u00edcias\" \/>\n<meta property=\"og:description\" content=\"A Secretaria Municipal da Sa\u00fade (SMS), atrav\u00e9s da Vigil\u00e2ncia Sanit\u00e1ria de Salvador (Visa), est\u00e1 promovendo uma s\u00e9rie de treinamentos para\" \/>\n<meta property=\"og:url\" content=\"https:\/\/brasilnoticias.org\/site\/vigilancia-sanitaria-de-salvador-promove-curso-de-boas-praticas-para-shoppings\/\" \/>\n<meta property=\"og:site_name\" content=\"Brasil not\u00edcias\" \/>\n<meta property=\"article:published_time\" content=\"2024-06-06T21:28:32+00:00\" \/>\n<meta property=\"og:image\" content=\"https:\/\/brasilnoticias.org\/site\/wp-content\/uploads\/2024\/06\/06_06_2024_Curso-de-Boas-Praticas-sanitarias-para-trabalhadores-dos-Shoppings_Fot-Bruno-Concha_Secom_Pms-3-1-1024x683-1.jpg\" \/>\n\t<meta property=\"og:image:width\" content=\"1024\" \/>\n\t<meta property=\"og:image:height\" content=\"683\" \/>\n\t<meta property=\"og:image:type\" content=\"image\/jpeg\" \/>\n<meta name=\"author\" content=\"Reda\u00e7\u00e3o\" \/>\n<meta name=\"twitter:card\" content=\"summary_large_image\" \/>\n<meta name=\"twitter:label1\" content=\"Escrito por\" \/>\n\t<meta name=\"twitter:data1\" content=\"Reda\u00e7\u00e3o\" \/>\n\t<meta name=\"twitter:label2\" content=\"Tempo estimado de leitura\" \/>\n\t<meta name=\"twitter:data2\" content=\"1 minuto\" \/>\n<script type=\"application\/ld+json\" class=\"yoast-schema-graph\">{\"@context\":\"https:\/\/schema.org\",\"@graph\":[{\"@type\":\"Article\",\"@id\":\"https:\/\/brasilnoticias.org\/site\/vigilancia-sanitaria-de-salvador-promove-curso-de-boas-praticas-para-shoppings\/#article\",\"isPartOf\":{\"@id\":\"https:\/\/brasilnoticias.org\/site\/vigilancia-sanitaria-de-salvador-promove-curso-de-boas-praticas-para-shoppings\/\"},\"author\":{\"name\":\"Reda\u00e7\u00e3o\",\"@id\":\"https:\/\/brasilnoticias.org\/site\/#\/schema\/person\/03bbbfe6c7634ad18c26444ea39049fa\"},\"headline\":\"Vigil\u00e2ncia Sanit\u00e1ria de Salvador promove curso de boas pr\u00e1ticas para shoppings\",\"datePublished\":\"2024-06-06T21:28:32+00:00\",\"mainEntityOfPage\":{\"@id\":\"https:\/\/brasilnoticias.org\/site\/vigilancia-sanitaria-de-salvador-promove-curso-de-boas-praticas-para-shoppings\/\"},\"wordCount\":453,\"commentCount\":0,\"publisher\":{\"@id\":\"https:\/\/brasilnoticias.org\/site\/#organization\"},\"image\":{\"@id\":\"https:\/\/brasilnoticias.org\/site\/vigilancia-sanitaria-de-salvador-promove-curso-de-boas-praticas-para-shoppings\/#primaryimage\"},\"thumbnailUrl\":\"https:\/\/brasilnoticias.org\/site\/wp-content\/uploads\/2024\/06\/06_06_2024_Curso-de-Boas-Praticas-sanitarias-para-trabalhadores-dos-Shoppings_Fot-Bruno-Concha_Secom_Pms-3-1-1024x683-1.jpg\",\"articleSection\":[\"Not\u00edcias\",\"\u00daltimas\"],\"inLanguage\":\"pt-PT\",\"potentialAction\":[{\"@type\":\"CommentAction\",\"name\":\"Comment\",\"target\":[\"https:\/\/brasilnoticias.org\/site\/vigilancia-sanitaria-de-salvador-promove-curso-de-boas-praticas-para-shoppings\/#respond\"]}]},{\"@type\":\"WebPage\",\"@id\":\"https:\/\/brasilnoticias.org\/site\/vigilancia-sanitaria-de-salvador-promove-curso-de-boas-praticas-para-shoppings\/\",\"url\":\"https:\/\/brasilnoticias.org\/site\/vigilancia-sanitaria-de-salvador-promove-curso-de-boas-praticas-para-shoppings\/\",\"name\":\"Vigil\u00e2ncia Sanit\u00e1ria de Salvador promove curso de boas pr\u00e1ticas para shoppings - Brasil not\u00edcias\",\"isPartOf\":{\"@id\":\"https:\/\/brasilnoticias.org\/site\/#website\"},\"primaryImageOfPage\":{\"@id\":\"https:\/\/brasilnoticias.org\/site\/vigilancia-sanitaria-de-salvador-promove-curso-de-boas-praticas-para-shoppings\/#primaryimage\"},\"image\":{\"@id\":\"https:\/\/brasilnoticias.org\/site\/vigilancia-sanitaria-de-salvador-promove-curso-de-boas-praticas-para-shoppings\/#primaryimage\"},\"thumbnailUrl\":\"https:\/\/brasilnoticias.org\/site\/wp-content\/uploads\/2024\/06\/06_06_2024_Curso-de-Boas-Praticas-sanitarias-para-trabalhadores-dos-Shoppings_Fot-Bruno-Concha_Secom_Pms-3-1-1024x683-1.jpg\",\"datePublished\":\"2024-06-06T21:28:32+00:00\",\"breadcrumb\":{\"@id\":\"https:\/\/brasilnoticias.org\/site\/vigilancia-sanitaria-de-salvador-promove-curso-de-boas-praticas-para-shoppings\/#breadcrumb\"},\"inLanguage\":\"pt-PT\",\"potentialAction\":[{\"@type\":\"ReadAction\",\"target\":[\"https:\/\/brasilnoticias.org\/site\/vigilancia-sanitaria-de-salvador-promove-curso-de-boas-praticas-para-shoppings\/\"]}]},{\"@type\":\"ImageObject\",\"inLanguage\":\"pt-PT\",\"@id\":\"https:\/\/brasilnoticias.org\/site\/vigilancia-sanitaria-de-salvador-promove-curso-de-boas-praticas-para-shoppings\/#primaryimage\",\"url\":\"https:\/\/brasilnoticias.org\/site\/wp-content\/uploads\/2024\/06\/06_06_2024_Curso-de-Boas-Praticas-sanitarias-para-trabalhadores-dos-Shoppings_Fot-Bruno-Concha_Secom_Pms-3-1-1024x683-1.jpg\",\"contentUrl\":\"https:\/\/brasilnoticias.org\/site\/wp-content\/uploads\/2024\/06\/06_06_2024_Curso-de-Boas-Praticas-sanitarias-para-trabalhadores-dos-Shoppings_Fot-Bruno-Concha_Secom_Pms-3-1-1024x683-1.jpg\",\"width\":1024,\"height\":683},{\"@type\":\"BreadcrumbList\",\"@id\":\"https:\/\/brasilnoticias.org\/site\/vigilancia-sanitaria-de-salvador-promove-curso-de-boas-praticas-para-shoppings\/#breadcrumb\",\"itemListElement\":[{\"@type\":\"ListItem\",\"position\":1,\"name\":\"In\u00edcio\",\"item\":\"https:\/\/brasilnoticias.org\/site\/\"},{\"@type\":\"ListItem\",\"position\":2,\"name\":\"Vigil\u00e2ncia Sanit\u00e1ria de Salvador promove curso de boas pr\u00e1ticas para shoppings\"}]},{\"@type\":\"WebSite\",\"@id\":\"https:\/\/brasilnoticias.org\/site\/#website\",\"url\":\"https:\/\/brasilnoticias.org\/site\/\",\"name\":\"Brasil not\u00edcias\",\"description\":\"Brasil not\u00edcias\",\"publisher\":{\"@id\":\"https:\/\/brasilnoticias.org\/site\/#organization\"},\"potentialAction\":[{\"@type\":\"SearchAction\",\"target\":{\"@type\":\"EntryPoint\",\"urlTemplate\":\"https:\/\/brasilnoticias.org\/site\/?s={search_term_string}\"},\"query-input\":{\"@type\":\"PropertyValueSpecification\",\"valueRequired\":true,\"valueName\":\"search_term_string\"}}],\"inLanguage\":\"pt-PT\"},{\"@type\":\"Organization\",\"@id\":\"https:\/\/brasilnoticias.org\/site\/#organization\",\"name\":\"Brasil not\u00edcias\",\"url\":\"https:\/\/brasilnoticias.org\/site\/\",\"logo\":{\"@type\":\"ImageObject\",\"inLanguage\":\"pt-PT\",\"@id\":\"https:\/\/brasilnoticias.org\/site\/#\/schema\/logo\/image\/\",\"url\":\"https:\/\/brasilnoticias.org\/site\/wp-content\/uploads\/2022\/05\/cropped-brasilnoticias-mini.jpg\",\"contentUrl\":\"https:\/\/brasilnoticias.org\/site\/wp-content\/uploads\/2022\/05\/cropped-brasilnoticias-mini.jpg\",\"width\":314,\"height\":86,\"caption\":\"Brasil not\u00edcias\"},\"image\":{\"@id\":\"https:\/\/brasilnoticias.org\/site\/#\/schema\/logo\/image\/\"}},{\"@type\":\"Person\",\"@id\":\"https:\/\/brasilnoticias.org\/site\/#\/schema\/person\/03bbbfe6c7634ad18c26444ea39049fa\",\"name\":\"Reda\u00e7\u00e3o\",\"image\":{\"@type\":\"ImageObject\",\"inLanguage\":\"pt-PT\",\"@id\":\"https:\/\/brasilnoticias.org\/site\/#\/schema\/person\/image\/\",\"url\":\"https:\/\/secure.gravatar.com\/avatar\/9ecaf7327a696cb23ad926fedded5f1f04d7049de9e445375d55b48c001a6e42?s=96&d=mm&r=g\",\"contentUrl\":\"https:\/\/secure.gravatar.com\/avatar\/9ecaf7327a696cb23ad926fedded5f1f04d7049de9e445375d55b48c001a6e42?s=96&d=mm&r=g\",\"caption\":\"Reda\u00e7\u00e3o\"},\"url\":\"https:\/\/brasilnoticias.org\/site\/author\/henrique\/\"}]}<\/script>\n<!-- \/ Yoast SEO plugin. -->","yoast_head_json":{"title":"Vigil\u00e2ncia Sanit\u00e1ria de Salvador promove curso de boas pr\u00e1ticas para shoppings - Brasil not\u00edcias","robots":{"index":"index","follow":"follow","max-snippet":"max-snippet:-1","max-image-preview":"max-image-preview:large","max-video-preview":"max-video-preview:-1"},"canonical":"https:\/\/brasilnoticias.org\/site\/vigilancia-sanitaria-de-salvador-promove-curso-de-boas-praticas-para-shoppings\/","og_locale":"pt_PT","og_type":"article","og_title":"Vigil\u00e2ncia Sanit\u00e1ria de Salvador promove curso de boas pr\u00e1ticas para shoppings - Brasil not\u00edcias","og_description":"A Secretaria Municipal da Sa\u00fade (SMS), atrav\u00e9s da Vigil\u00e2ncia Sanit\u00e1ria de Salvador (Visa), est\u00e1 promovendo uma s\u00e9rie de treinamentos para","og_url":"https:\/\/brasilnoticias.org\/site\/vigilancia-sanitaria-de-salvador-promove-curso-de-boas-praticas-para-shoppings\/","og_site_name":"Brasil not\u00edcias","article_published_time":"2024-06-06T21:28:32+00:00","og_image":[{"width":1024,"height":683,"url":"https:\/\/brasilnoticias.org\/site\/wp-content\/uploads\/2024\/06\/06_06_2024_Curso-de-Boas-Praticas-sanitarias-para-trabalhadores-dos-Shoppings_Fot-Bruno-Concha_Secom_Pms-3-1-1024x683-1.jpg","type":"image\/jpeg"}],"author":"Reda\u00e7\u00e3o","twitter_card":"summary_large_image","twitter_misc":{"Escrito por":"Reda\u00e7\u00e3o","Tempo estimado de leitura":"1 minuto"},"schema":{"@context":"https:\/\/schema.org","@graph":[{"@type":"Article","@id":"https:\/\/brasilnoticias.org\/site\/vigilancia-sanitaria-de-salvador-promove-curso-de-boas-praticas-para-shoppings\/#article","isPartOf":{"@id":"https:\/\/brasilnoticias.org\/site\/vigilancia-sanitaria-de-salvador-promove-curso-de-boas-praticas-para-shoppings\/"},"author":{"name":"Reda\u00e7\u00e3o","@id":"https:\/\/brasilnoticias.org\/site\/#\/schema\/person\/03bbbfe6c7634ad18c26444ea39049fa"},"headline":"Vigil\u00e2ncia Sanit\u00e1ria de Salvador promove curso de boas pr\u00e1ticas para shoppings","datePublished":"2024-06-06T21:28:32+00:00","mainEntityOfPage":{"@id":"https:\/\/brasilnoticias.org\/site\/vigilancia-sanitaria-de-salvador-promove-curso-de-boas-praticas-para-shoppings\/"},"wordCount":453,"commentCount":0,"publisher":{"@id":"https:\/\/brasilnoticias.org\/site\/#organization"},"image":{"@id":"https:\/\/brasilnoticias.org\/site\/vigilancia-sanitaria-de-salvador-promove-curso-de-boas-praticas-para-shoppings\/#primaryimage"},"thumbnailUrl":"https:\/\/brasilnoticias.org\/site\/wp-content\/uploads\/2024\/06\/06_06_2024_Curso-de-Boas-Praticas-sanitarias-para-trabalhadores-dos-Shoppings_Fot-Bruno-Concha_Secom_Pms-3-1-1024x683-1.jpg","articleSection":["Not\u00edcias","\u00daltimas"],"inLanguage":"pt-PT","potentialAction":[{"@type":"CommentAction","name":"Comment","target":["https:\/\/brasilnoticias.org\/site\/vigilancia-sanitaria-de-salvador-promove-curso-de-boas-praticas-para-shoppings\/#respond"]}]},{"@type":"WebPage","@id":"https:\/\/brasilnoticias.org\/site\/vigilancia-sanitaria-de-salvador-promove-curso-de-boas-praticas-para-shoppings\/","url":"https:\/\/brasilnoticias.org\/site\/vigilancia-sanitaria-de-salvador-promove-curso-de-boas-praticas-para-shoppings\/","name":"Vigil\u00e2ncia Sanit\u00e1ria de Salvador promove curso de boas pr\u00e1ticas para shoppings - Brasil not\u00edcias","isPartOf":{"@id":"https:\/\/brasilnoticias.org\/site\/#website"},"primaryImageOfPage":{"@id":"https:\/\/brasilnoticias.org\/site\/vigilancia-sanitaria-de-salvador-promove-curso-de-boas-praticas-para-shoppings\/#primaryimage"},"image":{"@id":"https:\/\/brasilnoticias.org\/site\/vigilancia-sanitaria-de-salvador-promove-curso-de-boas-praticas-para-shoppings\/#primaryimage"},"thumbnailUrl":"https:\/\/brasilnoticias.org\/site\/wp-content\/uploads\/2024\/06\/06_06_2024_Curso-de-Boas-Praticas-sanitarias-para-trabalhadores-dos-Shoppings_Fot-Bruno-Concha_Secom_Pms-3-1-1024x683-1.jpg","datePublished":"2024-06-06T21:28:32+00:00","breadcrumb":{"@id":"https:\/\/brasilnoticias.org\/site\/vigilancia-sanitaria-de-salvador-promove-curso-de-boas-praticas-para-shoppings\/#breadcrumb"},"inLanguage":"pt-PT","potentialAction":[{"@type":"ReadAction","target":["https:\/\/brasilnoticias.org\/site\/vigilancia-sanitaria-de-salvador-promove-curso-de-boas-praticas-para-shoppings\/"]}]},{"@type":"ImageObject","inLanguage":"pt-PT","@id":"https:\/\/brasilnoticias.org\/site\/vigilancia-sanitaria-de-salvador-promove-curso-de-boas-praticas-para-shoppings\/#primaryimage","url":"https:\/\/brasilnoticias.org\/site\/wp-content\/uploads\/2024\/06\/06_06_2024_Curso-de-Boas-Praticas-sanitarias-para-trabalhadores-dos-Shoppings_Fot-Bruno-Concha_Secom_Pms-3-1-1024x683-1.jpg","contentUrl":"https:\/\/brasilnoticias.org\/site\/wp-content\/uploads\/2024\/06\/06_06_2024_Curso-de-Boas-Praticas-sanitarias-para-trabalhadores-dos-Shoppings_Fot-Bruno-Concha_Secom_Pms-3-1-1024x683-1.jpg","width":1024,"height":683},{"@type":"BreadcrumbList","@id":"https:\/\/brasilnoticias.org\/site\/vigilancia-sanitaria-de-salvador-promove-curso-de-boas-praticas-para-shoppings\/#breadcrumb","itemListElement":[{"@type":"ListItem","position":1,"name":"In\u00edcio","item":"https:\/\/brasilnoticias.org\/site\/"},{"@type":"ListItem","position":2,"name":"Vigil\u00e2ncia Sanit\u00e1ria de Salvador promove curso de boas pr\u00e1ticas para shoppings"}]},{"@type":"WebSite","@id":"https:\/\/brasilnoticias.org\/site\/#website","url":"https:\/\/brasilnoticias.org\/site\/","name":"Brasil not\u00edcias","description":"Brasil not\u00edcias","publisher":{"@id":"https:\/\/brasilnoticias.org\/site\/#organization"},"potentialAction":[{"@type":"SearchAction","target":{"@type":"EntryPoint","urlTemplate":"https:\/\/brasilnoticias.org\/site\/?s={search_term_string}"},"query-input":{"@type":"PropertyValueSpecification","valueRequired":true,"valueName":"search_term_string"}}],"inLanguage":"pt-PT"},{"@type":"Organization","@id":"https:\/\/brasilnoticias.org\/site\/#organization","name":"Brasil not\u00edcias","url":"https:\/\/brasilnoticias.org\/site\/","logo":{"@type":"ImageObject","inLanguage":"pt-PT","@id":"https:\/\/brasilnoticias.org\/site\/#\/schema\/logo\/image\/","url":"https:\/\/brasilnoticias.org\/site\/wp-content\/uploads\/2022\/05\/cropped-brasilnoticias-mini.jpg","contentUrl":"https:\/\/brasilnoticias.org\/site\/wp-content\/uploads\/2022\/05\/cropped-brasilnoticias-mini.jpg","width":314,"height":86,"caption":"Brasil not\u00edcias"},"image":{"@id":"https:\/\/brasilnoticias.org\/site\/#\/schema\/logo\/image\/"}},{"@type":"Person","@id":"https:\/\/brasilnoticias.org\/site\/#\/schema\/person\/03bbbfe6c7634ad18c26444ea39049fa","name":"Reda\u00e7\u00e3o","image":{"@type":"ImageObject","inLanguage":"pt-PT","@id":"https:\/\/brasilnoticias.org\/site\/#\/schema\/person\/image\/","url":"https:\/\/secure.gravatar.com\/avatar\/9ecaf7327a696cb23ad926fedded5f1f04d7049de9e445375d55b48c001a6e42?s=96&d=mm&r=g","contentUrl":"https:\/\/secure.gravatar.com\/avatar\/9ecaf7327a696cb23ad926fedded5f1f04d7049de9e445375d55b48c001a6e42?s=96&d=mm&r=g","caption":"Reda\u00e7\u00e3o"},"url":"https:\/\/brasilnoticias.org\/site\/author\/henrique\/"}]}},"_links":{"self":[{"href":"https:\/\/brasilnoticias.org\/site\/wp-json\/wp\/v2\/posts\/14474","targetHints":{"allow":["GET"]}}],"collection":[{"href":"https:\/\/brasilnoticias.org\/site\/wp-json\/wp\/v2\/posts"}],"about":[{"href":"https:\/\/brasilnoticias.org\/site\/wp-json\/wp\/v2\/types\/post"}],"author":[{"embeddable":true,"href":"https:\/\/brasilnoticias.org\/site\/wp-json\/wp\/v2\/users\/4"}],"replies":[{"embeddable":true,"href":"https:\/\/brasilnoticias.org\/site\/wp-json\/wp\/v2\/comments?post=14474"}],"version-history":[{"count":1,"href":"https:\/\/brasilnoticias.org\/site\/wp-json\/wp\/v2\/posts\/14474\/revisions"}],"predecessor-version":[{"id":14476,"href":"https:\/\/brasilnoticias.org\/site\/wp-json\/wp\/v2\/posts\/14474\/revisions\/14476"}],"wp:featuredmedia":[{"embeddable":true,"href":"https:\/\/brasilnoticias.org\/site\/wp-json\/wp\/v2\/media\/14475"}],"wp:attachment":[{"href":"https:\/\/brasilnoticias.org\/site\/wp-json\/wp\/v2\/media?parent=14474"}],"wp:term":[{"taxonomy":"category","embeddable":true,"href":"https:\/\/brasilnoticias.org\/site\/wp-json\/wp\/v2\/categories?post=14474"},{"taxonomy":"post_tag","embeddable":true,"href":"https:\/\/brasilnoticias.org\/site\/wp-json\/wp\/v2\/tags?post=14474"}],"curies":[{"name":"wp","href":"https:\/\/api.w.org\/{rel}","templated":true}]}}