{"id":1448,"date":"2022-09-13T10:00:53","date_gmt":"2022-09-13T13:00:53","guid":{"rendered":"https:\/\/brasilnoticias.org\/site\/?p=1448"},"modified":"2022-09-13T10:00:53","modified_gmt":"2022-09-13T13:00:53","slug":"vendedores-sentenciados-por-faccao-fogem-para-bahia-se-desentendem-e-um-deles-morre","status":"publish","type":"post","link":"https:\/\/brasilnoticias.org\/site\/vendedores-sentenciados-por-faccao-fogem-para-bahia-se-desentendem-e-um-deles-morre\/","title":{"rendered":"Vendedores &#8216;sentenciados&#8217; por fac\u00e7\u00e3o fogem para Bahia, se desentendem e um deles morre"},"content":{"rendered":"<p>Na semana passada, dois homens naturais de Patos, na Para\u00edba, chegaram em\u00a0<a href=\"https:\/\/www.bnews.com.br\/tags\/porto-seguro\" target=\"_blank\" rel=\"noopener\">Porto Seguro<\/a>, no sul da Bahia, e alugaram um quarto em uma pens\u00e3o da cidade. Eles se apresentaram como vendedores de redes. No s\u00e1bado (10), um deles, Jos\u00e9 Anchieta Pereira Xavier J\u00fanior, de 23 anos, atirou contra a cabe\u00e7a do colega, Jos\u00e9 C\u00e1ssio de Sousa Lima, 30, e, logo em seguida, deitou em uma rede. Com a mesma arma, o homem teria tirando a pr\u00f3pria vida.<\/p>\n<p>Jos\u00e9 C\u00e1ssio foi socorrido e levado at\u00e9 um hospital, onde permanece internado. Segundo a imprensa paraibana, os dois s\u00e3o ligados ao tr\u00e1fico de drogas e pertencem a uma fac\u00e7\u00e3o local. Eles seriam os respons\u00e1veis pelo homic\u00eddio de um homem de 27 anos, morto no dia 8 de setembro, em Patos. O crime, no entanto, teria sido cometido sem a permiss\u00e3o de outros membros do grupo criminoso, o que teria rendido a senten\u00e7a de morte da dupla suspeita.<\/p>\n<p>Ainda de acordo com a imprensa local, Jos\u00e9 C\u00e1ssio e Jos\u00e9 Anchieta fugiram para a Bahia para n\u00e3o serem mortos pelos comparsas. Anchieta teria atirado contra C\u00e1ssio ap\u00f3s um desentendimento entre eles. De acordo com o SulBahia News, ferido, C\u00e1ssio conseguiu se arrastar at\u00e9 a cal\u00e7ada da rua, onde pediu socorro a vizinhos da pens\u00e3o. Uma equipe do Servi\u00e7o de Atendimento M\u00f3vel de Urg\u00eancia (Samu) prestou os primeiros socorros antes de lev\u00e1-lo at\u00e9 o Hospital Lu\u00eds Eduardo Magalh\u00e3es. N\u00e3o informa\u00e7\u00f5es sobre o estado de sa\u00fade dele.<\/p>\n<p>A Pol\u00edcia Militar informou, por meio de nota, que o 8\u00ba Batalh\u00e3o de Pol\u00edcia Militar foi acionado na manh\u00e3 do s\u00e1bado ap\u00f3s receber a informa\u00e7\u00e3o de disparo arma de fogo na Rua das Amoras, em Porto Seguro. &#8220;Ao chegarem ao local, os militares encontraram dois homens alvejados, sendo que um n\u00e3o resistiu aos ferimentos e morreu. O outro foi socorrido pelo Samu para uma unidade de sa\u00fade. N\u00e3o h\u00e1 dados quanto \u00e0s circunst\u00e2ncias do fato, que dever\u00e3o ser investigadas pela pol\u00edcia judici\u00e1ria&#8221;, diz trecho do comunicado.<\/p>\n<p>Tamb\u00e9m por meio de nota, a Pol\u00edcia Civil disse que o caso est\u00e1 sendo investigado pela 1\u00aa Delegacia Territorial de Porto Seguro e que &#8220;laudos periciais devem auxiliar no esclarecimento do caso&#8221;.<\/p>\n<p>&nbsp;<\/p>\n<p>&nbsp;<\/p>\n<p>&nbsp;<\/p>\n<p>&nbsp;<\/p>\n<p>Bnews<\/p>\n","protected":false},"excerpt":{"rendered":"<p>Na semana passada, dois homens naturais de Patos, na Para\u00edba, chegaram em\u00a0Porto Seguro, no sul da Bahia, e alugaram um<\/p>\n","protected":false},"author":2,"featured_media":1449,"comment_status":"open","ping_status":"open","sticky":false,"template":"","format":"standard","meta":{"colormag_page_container_layout":"default_layout","colormag_page_sidebar_layout":"default_layout","_FSMCFIC_featured_image_caption":"","_FSMCFIC_featured_image_nocaption":"","_FSMCFIC_featured_image_hide":"","footnotes":""},"categories":[3,1],"tags":[],"class_list":["post-1448","post","type-post","status-publish","format-standard","has-post-thumbnail","hentry","category-policia","category-ultimas"],"yoast_head":"<!-- This site is optimized with the Yoast SEO plugin v27.1.1 - https:\/\/yoast.com\/product\/yoast-seo-wordpress\/ -->\n<title>Vendedores &#039;sentenciados&#039; por fac\u00e7\u00e3o fogem para Bahia, se desentendem e um deles morre - Brasil not\u00edcias<\/title>\n<meta name=\"robots\" content=\"index, follow, max-snippet:-1, max-image-preview:large, max-video-preview:-1\" \/>\n<link rel=\"canonical\" href=\"https:\/\/brasilnoticias.org\/site\/vendedores-sentenciados-por-faccao-fogem-para-bahia-se-desentendem-e-um-deles-morre\/\" \/>\n<meta property=\"og:locale\" content=\"pt_PT\" \/>\n<meta property=\"og:type\" content=\"article\" \/>\n<meta property=\"og:title\" content=\"Vendedores &#039;sentenciados&#039; por fac\u00e7\u00e3o fogem para Bahia, se desentendem e um deles morre - Brasil not\u00edcias\" \/>\n<meta property=\"og:description\" content=\"Na semana passada, dois homens naturais de Patos, na Para\u00edba, chegaram em\u00a0Porto Seguro, no sul da Bahia, e alugaram um\" \/>\n<meta property=\"og:url\" content=\"https:\/\/brasilnoticias.org\/site\/vendedores-sentenciados-por-faccao-fogem-para-bahia-se-desentendem-e-um-deles-morre\/\" \/>\n<meta property=\"og:site_name\" content=\"Brasil not\u00edcias\" \/>\n<meta property=\"article:published_time\" content=\"2022-09-13T13:00:53+00:00\" \/>\n<meta property=\"og:image\" content=\"https:\/\/brasilnoticias.org\/site\/wp-content\/uploads\/2022\/09\/vendedores_facccao_portoseguro_widelg.jpg\" \/>\n\t<meta property=\"og:image:width\" content=\"800\" \/>\n\t<meta property=\"og:image:height\" content=\"400\" \/>\n\t<meta property=\"og:image:type\" content=\"image\/jpeg\" \/>\n<meta name=\"author\" content=\"Reda\u00e7\u00e3o\" \/>\n<meta name=\"twitter:card\" content=\"summary_large_image\" \/>\n<meta name=\"twitter:label1\" content=\"Escrito por\" \/>\n\t<meta name=\"twitter:data1\" content=\"Reda\u00e7\u00e3o\" \/>\n\t<meta name=\"twitter:label2\" content=\"Tempo estimado de leitura\" \/>\n\t<meta name=\"twitter:data2\" content=\"2 minutos\" \/>\n<script type=\"application\/ld+json\" class=\"yoast-schema-graph\">{\"@context\":\"https:\/\/schema.org\",\"@graph\":[{\"@type\":\"Article\",\"@id\":\"https:\/\/brasilnoticias.org\/site\/vendedores-sentenciados-por-faccao-fogem-para-bahia-se-desentendem-e-um-deles-morre\/#article\",\"isPartOf\":{\"@id\":\"https:\/\/brasilnoticias.org\/site\/vendedores-sentenciados-por-faccao-fogem-para-bahia-se-desentendem-e-um-deles-morre\/\"},\"author\":{\"name\":\"Reda\u00e7\u00e3o\",\"@id\":\"https:\/\/brasilnoticias.org\/site\/#\/schema\/person\/f609fa847b5314f1c8b983342f34c798\"},\"headline\":\"Vendedores &#8216;sentenciados&#8217; por fac\u00e7\u00e3o fogem para Bahia, se desentendem e um deles morre\",\"datePublished\":\"2022-09-13T13:00:53+00:00\",\"mainEntityOfPage\":{\"@id\":\"https:\/\/brasilnoticias.org\/site\/vendedores-sentenciados-por-faccao-fogem-para-bahia-se-desentendem-e-um-deles-morre\/\"},\"wordCount\":417,\"commentCount\":0,\"publisher\":{\"@id\":\"https:\/\/brasilnoticias.org\/site\/#organization\"},\"image\":{\"@id\":\"https:\/\/brasilnoticias.org\/site\/vendedores-sentenciados-por-faccao-fogem-para-bahia-se-desentendem-e-um-deles-morre\/#primaryimage\"},\"thumbnailUrl\":\"https:\/\/brasilnoticias.org\/site\/wp-content\/uploads\/2022\/09\/vendedores_facccao_portoseguro_widelg.jpg\",\"articleSection\":[\"Pol\u00edcia\",\"\u00daltimas\"],\"inLanguage\":\"pt-PT\",\"potentialAction\":[{\"@type\":\"CommentAction\",\"name\":\"Comment\",\"target\":[\"https:\/\/brasilnoticias.org\/site\/vendedores-sentenciados-por-faccao-fogem-para-bahia-se-desentendem-e-um-deles-morre\/#respond\"]}]},{\"@type\":\"WebPage\",\"@id\":\"https:\/\/brasilnoticias.org\/site\/vendedores-sentenciados-por-faccao-fogem-para-bahia-se-desentendem-e-um-deles-morre\/\",\"url\":\"https:\/\/brasilnoticias.org\/site\/vendedores-sentenciados-por-faccao-fogem-para-bahia-se-desentendem-e-um-deles-morre\/\",\"name\":\"Vendedores 'sentenciados' por fac\u00e7\u00e3o fogem para Bahia, se desentendem e um deles morre - Brasil not\u00edcias\",\"isPartOf\":{\"@id\":\"https:\/\/brasilnoticias.org\/site\/#website\"},\"primaryImageOfPage\":{\"@id\":\"https:\/\/brasilnoticias.org\/site\/vendedores-sentenciados-por-faccao-fogem-para-bahia-se-desentendem-e-um-deles-morre\/#primaryimage\"},\"image\":{\"@id\":\"https:\/\/brasilnoticias.org\/site\/vendedores-sentenciados-por-faccao-fogem-para-bahia-se-desentendem-e-um-deles-morre\/#primaryimage\"},\"thumbnailUrl\":\"https:\/\/brasilnoticias.org\/site\/wp-content\/uploads\/2022\/09\/vendedores_facccao_portoseguro_widelg.jpg\",\"datePublished\":\"2022-09-13T13:00:53+00:00\",\"breadcrumb\":{\"@id\":\"https:\/\/brasilnoticias.org\/site\/vendedores-sentenciados-por-faccao-fogem-para-bahia-se-desentendem-e-um-deles-morre\/#breadcrumb\"},\"inLanguage\":\"pt-PT\",\"potentialAction\":[{\"@type\":\"ReadAction\",\"target\":[\"https:\/\/brasilnoticias.org\/site\/vendedores-sentenciados-por-faccao-fogem-para-bahia-se-desentendem-e-um-deles-morre\/\"]}]},{\"@type\":\"ImageObject\",\"inLanguage\":\"pt-PT\",\"@id\":\"https:\/\/brasilnoticias.org\/site\/vendedores-sentenciados-por-faccao-fogem-para-bahia-se-desentendem-e-um-deles-morre\/#primaryimage\",\"url\":\"https:\/\/brasilnoticias.org\/site\/wp-content\/uploads\/2022\/09\/vendedores_facccao_portoseguro_widelg.jpg\",\"contentUrl\":\"https:\/\/brasilnoticias.org\/site\/wp-content\/uploads\/2022\/09\/vendedores_facccao_portoseguro_widelg.jpg\",\"width\":800,\"height\":400},{\"@type\":\"BreadcrumbList\",\"@id\":\"https:\/\/brasilnoticias.org\/site\/vendedores-sentenciados-por-faccao-fogem-para-bahia-se-desentendem-e-um-deles-morre\/#breadcrumb\",\"itemListElement\":[{\"@type\":\"ListItem\",\"position\":1,\"name\":\"In\u00edcio\",\"item\":\"https:\/\/brasilnoticias.org\/site\/\"},{\"@type\":\"ListItem\",\"position\":2,\"name\":\"Vendedores &#8216;sentenciados&#8217; por fac\u00e7\u00e3o fogem para Bahia, se desentendem e um deles morre\"}]},{\"@type\":\"WebSite\",\"@id\":\"https:\/\/brasilnoticias.org\/site\/#website\",\"url\":\"https:\/\/brasilnoticias.org\/site\/\",\"name\":\"Brasil not\u00edcias\",\"description\":\"Brasil not\u00edcias\",\"publisher\":{\"@id\":\"https:\/\/brasilnoticias.org\/site\/#organization\"},\"potentialAction\":[{\"@type\":\"SearchAction\",\"target\":{\"@type\":\"EntryPoint\",\"urlTemplate\":\"https:\/\/brasilnoticias.org\/site\/?s={search_term_string}\"},\"query-input\":{\"@type\":\"PropertyValueSpecification\",\"valueRequired\":true,\"valueName\":\"search_term_string\"}}],\"inLanguage\":\"pt-PT\"},{\"@type\":\"Organization\",\"@id\":\"https:\/\/brasilnoticias.org\/site\/#organization\",\"name\":\"Brasil not\u00edcias\",\"url\":\"https:\/\/brasilnoticias.org\/site\/\",\"logo\":{\"@type\":\"ImageObject\",\"inLanguage\":\"pt-PT\",\"@id\":\"https:\/\/brasilnoticias.org\/site\/#\/schema\/logo\/image\/\",\"url\":\"https:\/\/brasilnoticias.org\/site\/wp-content\/uploads\/2022\/05\/cropped-brasilnoticias-mini.jpg\",\"contentUrl\":\"https:\/\/brasilnoticias.org\/site\/wp-content\/uploads\/2022\/05\/cropped-brasilnoticias-mini.jpg\",\"width\":314,\"height\":86,\"caption\":\"Brasil not\u00edcias\"},\"image\":{\"@id\":\"https:\/\/brasilnoticias.org\/site\/#\/schema\/logo\/image\/\"}},{\"@type\":\"Person\",\"@id\":\"https:\/\/brasilnoticias.org\/site\/#\/schema\/person\/f609fa847b5314f1c8b983342f34c798\",\"name\":\"Reda\u00e7\u00e3o\",\"image\":{\"@type\":\"ImageObject\",\"inLanguage\":\"pt-PT\",\"@id\":\"https:\/\/brasilnoticias.org\/site\/#\/schema\/person\/image\/\",\"url\":\"https:\/\/secure.gravatar.com\/avatar\/447284c06c1ad8b46465a36de9cd0d8326b73387a22799b8b1ffb1fbcff2ed0c?s=96&d=mm&r=g\",\"contentUrl\":\"https:\/\/secure.gravatar.com\/avatar\/447284c06c1ad8b46465a36de9cd0d8326b73387a22799b8b1ffb1fbcff2ed0c?s=96&d=mm&r=g\",\"caption\":\"Reda\u00e7\u00e3o\"},\"url\":\"https:\/\/brasilnoticias.org\/site\/author\/redacao\/\"}]}<\/script>\n<!-- \/ Yoast SEO plugin. -->","yoast_head_json":{"title":"Vendedores 'sentenciados' por fac\u00e7\u00e3o fogem para Bahia, se desentendem e um deles morre - Brasil not\u00edcias","robots":{"index":"index","follow":"follow","max-snippet":"max-snippet:-1","max-image-preview":"max-image-preview:large","max-video-preview":"max-video-preview:-1"},"canonical":"https:\/\/brasilnoticias.org\/site\/vendedores-sentenciados-por-faccao-fogem-para-bahia-se-desentendem-e-um-deles-morre\/","og_locale":"pt_PT","og_type":"article","og_title":"Vendedores 'sentenciados' por fac\u00e7\u00e3o fogem para Bahia, se desentendem e um deles morre - Brasil not\u00edcias","og_description":"Na semana passada, dois homens naturais de Patos, na Para\u00edba, chegaram em\u00a0Porto Seguro, no sul da Bahia, e alugaram um","og_url":"https:\/\/brasilnoticias.org\/site\/vendedores-sentenciados-por-faccao-fogem-para-bahia-se-desentendem-e-um-deles-morre\/","og_site_name":"Brasil not\u00edcias","article_published_time":"2022-09-13T13:00:53+00:00","og_image":[{"width":800,"height":400,"url":"https:\/\/brasilnoticias.org\/site\/wp-content\/uploads\/2022\/09\/vendedores_facccao_portoseguro_widelg.jpg","type":"image\/jpeg"}],"author":"Reda\u00e7\u00e3o","twitter_card":"summary_large_image","twitter_misc":{"Escrito por":"Reda\u00e7\u00e3o","Tempo estimado de leitura":"2 minutos"},"schema":{"@context":"https:\/\/schema.org","@graph":[{"@type":"Article","@id":"https:\/\/brasilnoticias.org\/site\/vendedores-sentenciados-por-faccao-fogem-para-bahia-se-desentendem-e-um-deles-morre\/#article","isPartOf":{"@id":"https:\/\/brasilnoticias.org\/site\/vendedores-sentenciados-por-faccao-fogem-para-bahia-se-desentendem-e-um-deles-morre\/"},"author":{"name":"Reda\u00e7\u00e3o","@id":"https:\/\/brasilnoticias.org\/site\/#\/schema\/person\/f609fa847b5314f1c8b983342f34c798"},"headline":"Vendedores &#8216;sentenciados&#8217; por fac\u00e7\u00e3o fogem para Bahia, se desentendem e um deles morre","datePublished":"2022-09-13T13:00:53+00:00","mainEntityOfPage":{"@id":"https:\/\/brasilnoticias.org\/site\/vendedores-sentenciados-por-faccao-fogem-para-bahia-se-desentendem-e-um-deles-morre\/"},"wordCount":417,"commentCount":0,"publisher":{"@id":"https:\/\/brasilnoticias.org\/site\/#organization"},"image":{"@id":"https:\/\/brasilnoticias.org\/site\/vendedores-sentenciados-por-faccao-fogem-para-bahia-se-desentendem-e-um-deles-morre\/#primaryimage"},"thumbnailUrl":"https:\/\/brasilnoticias.org\/site\/wp-content\/uploads\/2022\/09\/vendedores_facccao_portoseguro_widelg.jpg","articleSection":["Pol\u00edcia","\u00daltimas"],"inLanguage":"pt-PT","potentialAction":[{"@type":"CommentAction","name":"Comment","target":["https:\/\/brasilnoticias.org\/site\/vendedores-sentenciados-por-faccao-fogem-para-bahia-se-desentendem-e-um-deles-morre\/#respond"]}]},{"@type":"WebPage","@id":"https:\/\/brasilnoticias.org\/site\/vendedores-sentenciados-por-faccao-fogem-para-bahia-se-desentendem-e-um-deles-morre\/","url":"https:\/\/brasilnoticias.org\/site\/vendedores-sentenciados-por-faccao-fogem-para-bahia-se-desentendem-e-um-deles-morre\/","name":"Vendedores 'sentenciados' por fac\u00e7\u00e3o fogem para Bahia, se desentendem e um deles morre - Brasil not\u00edcias","isPartOf":{"@id":"https:\/\/brasilnoticias.org\/site\/#website"},"primaryImageOfPage":{"@id":"https:\/\/brasilnoticias.org\/site\/vendedores-sentenciados-por-faccao-fogem-para-bahia-se-desentendem-e-um-deles-morre\/#primaryimage"},"image":{"@id":"https:\/\/brasilnoticias.org\/site\/vendedores-sentenciados-por-faccao-fogem-para-bahia-se-desentendem-e-um-deles-morre\/#primaryimage"},"thumbnailUrl":"https:\/\/brasilnoticias.org\/site\/wp-content\/uploads\/2022\/09\/vendedores_facccao_portoseguro_widelg.jpg","datePublished":"2022-09-13T13:00:53+00:00","breadcrumb":{"@id":"https:\/\/brasilnoticias.org\/site\/vendedores-sentenciados-por-faccao-fogem-para-bahia-se-desentendem-e-um-deles-morre\/#breadcrumb"},"inLanguage":"pt-PT","potentialAction":[{"@type":"ReadAction","target":["https:\/\/brasilnoticias.org\/site\/vendedores-sentenciados-por-faccao-fogem-para-bahia-se-desentendem-e-um-deles-morre\/"]}]},{"@type":"ImageObject","inLanguage":"pt-PT","@id":"https:\/\/brasilnoticias.org\/site\/vendedores-sentenciados-por-faccao-fogem-para-bahia-se-desentendem-e-um-deles-morre\/#primaryimage","url":"https:\/\/brasilnoticias.org\/site\/wp-content\/uploads\/2022\/09\/vendedores_facccao_portoseguro_widelg.jpg","contentUrl":"https:\/\/brasilnoticias.org\/site\/wp-content\/uploads\/2022\/09\/vendedores_facccao_portoseguro_widelg.jpg","width":800,"height":400},{"@type":"BreadcrumbList","@id":"https:\/\/brasilnoticias.org\/site\/vendedores-sentenciados-por-faccao-fogem-para-bahia-se-desentendem-e-um-deles-morre\/#breadcrumb","itemListElement":[{"@type":"ListItem","position":1,"name":"In\u00edcio","item":"https:\/\/brasilnoticias.org\/site\/"},{"@type":"ListItem","position":2,"name":"Vendedores &#8216;sentenciados&#8217; por fac\u00e7\u00e3o fogem para Bahia, se desentendem e um deles morre"}]},{"@type":"WebSite","@id":"https:\/\/brasilnoticias.org\/site\/#website","url":"https:\/\/brasilnoticias.org\/site\/","name":"Brasil not\u00edcias","description":"Brasil not\u00edcias","publisher":{"@id":"https:\/\/brasilnoticias.org\/site\/#organization"},"potentialAction":[{"@type":"SearchAction","target":{"@type":"EntryPoint","urlTemplate":"https:\/\/brasilnoticias.org\/site\/?s={search_term_string}"},"query-input":{"@type":"PropertyValueSpecification","valueRequired":true,"valueName":"search_term_string"}}],"inLanguage":"pt-PT"},{"@type":"Organization","@id":"https:\/\/brasilnoticias.org\/site\/#organization","name":"Brasil not\u00edcias","url":"https:\/\/brasilnoticias.org\/site\/","logo":{"@type":"ImageObject","inLanguage":"pt-PT","@id":"https:\/\/brasilnoticias.org\/site\/#\/schema\/logo\/image\/","url":"https:\/\/brasilnoticias.org\/site\/wp-content\/uploads\/2022\/05\/cropped-brasilnoticias-mini.jpg","contentUrl":"https:\/\/brasilnoticias.org\/site\/wp-content\/uploads\/2022\/05\/cropped-brasilnoticias-mini.jpg","width":314,"height":86,"caption":"Brasil not\u00edcias"},"image":{"@id":"https:\/\/brasilnoticias.org\/site\/#\/schema\/logo\/image\/"}},{"@type":"Person","@id":"https:\/\/brasilnoticias.org\/site\/#\/schema\/person\/f609fa847b5314f1c8b983342f34c798","name":"Reda\u00e7\u00e3o","image":{"@type":"ImageObject","inLanguage":"pt-PT","@id":"https:\/\/brasilnoticias.org\/site\/#\/schema\/person\/image\/","url":"https:\/\/secure.gravatar.com\/avatar\/447284c06c1ad8b46465a36de9cd0d8326b73387a22799b8b1ffb1fbcff2ed0c?s=96&d=mm&r=g","contentUrl":"https:\/\/secure.gravatar.com\/avatar\/447284c06c1ad8b46465a36de9cd0d8326b73387a22799b8b1ffb1fbcff2ed0c?s=96&d=mm&r=g","caption":"Reda\u00e7\u00e3o"},"url":"https:\/\/brasilnoticias.org\/site\/author\/redacao\/"}]}},"_links":{"self":[{"href":"https:\/\/brasilnoticias.org\/site\/wp-json\/wp\/v2\/posts\/1448","targetHints":{"allow":["GET"]}}],"collection":[{"href":"https:\/\/brasilnoticias.org\/site\/wp-json\/wp\/v2\/posts"}],"about":[{"href":"https:\/\/brasilnoticias.org\/site\/wp-json\/wp\/v2\/types\/post"}],"author":[{"embeddable":true,"href":"https:\/\/brasilnoticias.org\/site\/wp-json\/wp\/v2\/users\/2"}],"replies":[{"embeddable":true,"href":"https:\/\/brasilnoticias.org\/site\/wp-json\/wp\/v2\/comments?post=1448"}],"version-history":[{"count":1,"href":"https:\/\/brasilnoticias.org\/site\/wp-json\/wp\/v2\/posts\/1448\/revisions"}],"predecessor-version":[{"id":1450,"href":"https:\/\/brasilnoticias.org\/site\/wp-json\/wp\/v2\/posts\/1448\/revisions\/1450"}],"wp:featuredmedia":[{"embeddable":true,"href":"https:\/\/brasilnoticias.org\/site\/wp-json\/wp\/v2\/media\/1449"}],"wp:attachment":[{"href":"https:\/\/brasilnoticias.org\/site\/wp-json\/wp\/v2\/media?parent=1448"}],"wp:term":[{"taxonomy":"category","embeddable":true,"href":"https:\/\/brasilnoticias.org\/site\/wp-json\/wp\/v2\/categories?post=1448"},{"taxonomy":"post_tag","embeddable":true,"href":"https:\/\/brasilnoticias.org\/site\/wp-json\/wp\/v2\/tags?post=1448"}],"curies":[{"name":"wp","href":"https:\/\/api.w.org\/{rel}","templated":true}]}}