{"id":14496,"date":"2024-06-07T19:49:30","date_gmt":"2024-06-07T22:49:30","guid":{"rendered":"https:\/\/brasilnoticias.org\/site\/?p=14496"},"modified":"2024-06-07T19:49:30","modified_gmt":"2024-06-07T22:49:30","slug":"sem-daniel-junior-e-dudu-vitoria-fez-ultimo-treino-antes-de-enfrentar-o-juventude","status":"publish","type":"post","link":"https:\/\/brasilnoticias.org\/site\/sem-daniel-junior-e-dudu-vitoria-fez-ultimo-treino-antes-de-enfrentar-o-juventude\/","title":{"rendered":"Sem Daniel J\u00fanior e Dudu, Vit\u00f3ria fez \u00faltimo treino antes de enfrentar o Juventude"},"content":{"rendered":"<p>Delega\u00e7\u00e3o com 23 jogadores partiu para o Rio Grande do Sul na tarde desta sexta-feira (7\/6)<\/p>\n<p>Ap\u00f3s o empate contra o Cuiab\u00e1, o Vit\u00f3ria se reapresentou na manh\u00e3 desta sexta-feira (7\/6), no CT Manoel Pontes Tanajura, e realizou uma sess\u00e3o de treinos antes de viajar para enfrentar o Juventude na pr\u00f3xima ter\u00e7a-feira (11\/6) no Alfredo Jaconi. A partida, v\u00e1lida pela oitava rodada do Campeonato Brasileiro S\u00e9rie A, ocorrer\u00e1 \u00e0s 19 horas (de Bras\u00edlia) em Caxias do Sul.<\/p>\n<p>A delega\u00e7\u00e3o, composta por 23 jogadores, segue para o Rio Grande do Sul ainda nesta sexta-feira \u00e0 tarde. Os jogadores se apresentaram no CT \u00e0s 8 horas e, ap\u00f3s o caf\u00e9 da manh\u00e3, iniciaram as atividades na academia e na fisioterapia, realizando treinos no campo Bebeto Gama. J\u00e1 os atletas que come\u00e7aram o jogo em Cuiab\u00e1 na \u00faltima quarta-feira participaram de atividades de recupera\u00e7\u00e3o.<\/p>\n<p>As aus\u00eancias mais sentidas ser\u00e3o de Daniel J\u00fanior, que realiza tratamento para uma les\u00e3o na posterior, e Dudu, que voltou a sentir dores no joelho e n\u00e3o foi relacionado para o confronto.<\/p>\n<p>Os atacantes Everaldo, Iury Castilho e L\u00e9o Gamalho, juntamente com o zagueiro Bruno Uvini, participaram de corridas em campo e continuam em evolu\u00e7\u00e3o em seus processos de recupera\u00e7\u00e3o f\u00edsica. Mateus Gon\u00e7alves e Rodrigo Andrade fizeram corridas na esteira.<\/p>\n<p>Com dois pontos, o Vit\u00f3ria luta para escapar da zona de rebaixamento. J\u00e1 o Juventude, com nove pontos, \u00e9 o 12\u00ba colocado da classifica\u00e7\u00e3o geral.<\/p>\n<p>Foto: Victor Ferreira\/ECV<br \/>\nAratu On<\/p>\n","protected":false},"excerpt":{"rendered":"<p>Delega\u00e7\u00e3o com 23 jogadores partiu para o Rio Grande do Sul na tarde desta sexta-feira (7\/6) Ap\u00f3s o empate contra<\/p>\n","protected":false},"author":4,"featured_media":14497,"comment_status":"open","ping_status":"open","sticky":false,"template":"","format":"standard","meta":{"colormag_page_container_layout":"default_layout","colormag_page_sidebar_layout":"default_layout","_FSMCFIC_featured_image_caption":"","_FSMCFIC_featured_image_nocaption":"","_FSMCFIC_featured_image_hide":"","footnotes":""},"categories":[4,1],"tags":[],"class_list":["post-14496","post","type-post","status-publish","format-standard","has-post-thumbnail","hentry","category-esporte","category-ultimas"],"yoast_head":"<!-- This site is optimized with the Yoast SEO plugin v27.1.1 - https:\/\/yoast.com\/product\/yoast-seo-wordpress\/ -->\n<title>Sem Daniel J\u00fanior e Dudu, Vit\u00f3ria fez \u00faltimo treino antes de enfrentar o Juventude - Brasil not\u00edcias<\/title>\n<meta name=\"robots\" content=\"index, follow, max-snippet:-1, max-image-preview:large, max-video-preview:-1\" \/>\n<link rel=\"canonical\" href=\"https:\/\/brasilnoticias.org\/site\/sem-daniel-junior-e-dudu-vitoria-fez-ultimo-treino-antes-de-enfrentar-o-juventude\/\" \/>\n<meta property=\"og:locale\" content=\"pt_PT\" \/>\n<meta property=\"og:type\" content=\"article\" \/>\n<meta property=\"og:title\" content=\"Sem Daniel J\u00fanior e Dudu, Vit\u00f3ria fez \u00faltimo treino antes de enfrentar o Juventude - Brasil not\u00edcias\" \/>\n<meta property=\"og:description\" content=\"Delega\u00e7\u00e3o com 23 jogadores partiu para o Rio Grande do Sul na tarde desta sexta-feira (7\/6) Ap\u00f3s o empate contra\" \/>\n<meta property=\"og:url\" content=\"https:\/\/brasilnoticias.org\/site\/sem-daniel-junior-e-dudu-vitoria-fez-ultimo-treino-antes-de-enfrentar-o-juventude\/\" \/>\n<meta property=\"og:site_name\" content=\"Brasil not\u00edcias\" \/>\n<meta property=\"article:published_time\" content=\"2024-06-07T22:49:30+00:00\" \/>\n<meta property=\"og:image\" content=\"https:\/\/brasilnoticias.org\/site\/wp-content\/uploads\/2024\/06\/original-1.jpg\" \/>\n\t<meta property=\"og:image:width\" content=\"799\" \/>\n\t<meta property=\"og:image:height\" content=\"533\" \/>\n\t<meta property=\"og:image:type\" content=\"image\/jpeg\" \/>\n<meta name=\"author\" content=\"Reda\u00e7\u00e3o\" \/>\n<meta name=\"twitter:card\" content=\"summary_large_image\" \/>\n<meta name=\"twitter:label1\" content=\"Escrito por\" \/>\n\t<meta name=\"twitter:data1\" content=\"Reda\u00e7\u00e3o\" \/>\n<script type=\"application\/ld+json\" class=\"yoast-schema-graph\">{\"@context\":\"https:\/\/schema.org\",\"@graph\":[{\"@type\":\"Article\",\"@id\":\"https:\/\/brasilnoticias.org\/site\/sem-daniel-junior-e-dudu-vitoria-fez-ultimo-treino-antes-de-enfrentar-o-juventude\/#article\",\"isPartOf\":{\"@id\":\"https:\/\/brasilnoticias.org\/site\/sem-daniel-junior-e-dudu-vitoria-fez-ultimo-treino-antes-de-enfrentar-o-juventude\/\"},\"author\":{\"name\":\"Reda\u00e7\u00e3o\",\"@id\":\"https:\/\/brasilnoticias.org\/site\/#\/schema\/person\/03bbbfe6c7634ad18c26444ea39049fa\"},\"headline\":\"Sem Daniel J\u00fanior e Dudu, Vit\u00f3ria fez \u00faltimo treino antes de enfrentar o Juventude\",\"datePublished\":\"2024-06-07T22:49:30+00:00\",\"mainEntityOfPage\":{\"@id\":\"https:\/\/brasilnoticias.org\/site\/sem-daniel-junior-e-dudu-vitoria-fez-ultimo-treino-antes-de-enfrentar-o-juventude\/\"},\"wordCount\":273,\"commentCount\":0,\"publisher\":{\"@id\":\"https:\/\/brasilnoticias.org\/site\/#organization\"},\"image\":{\"@id\":\"https:\/\/brasilnoticias.org\/site\/sem-daniel-junior-e-dudu-vitoria-fez-ultimo-treino-antes-de-enfrentar-o-juventude\/#primaryimage\"},\"thumbnailUrl\":\"https:\/\/brasilnoticias.org\/site\/wp-content\/uploads\/2024\/06\/original-1.jpg\",\"articleSection\":[\"Esporte\",\"\u00daltimas\"],\"inLanguage\":\"pt-PT\",\"potentialAction\":[{\"@type\":\"CommentAction\",\"name\":\"Comment\",\"target\":[\"https:\/\/brasilnoticias.org\/site\/sem-daniel-junior-e-dudu-vitoria-fez-ultimo-treino-antes-de-enfrentar-o-juventude\/#respond\"]}]},{\"@type\":\"WebPage\",\"@id\":\"https:\/\/brasilnoticias.org\/site\/sem-daniel-junior-e-dudu-vitoria-fez-ultimo-treino-antes-de-enfrentar-o-juventude\/\",\"url\":\"https:\/\/brasilnoticias.org\/site\/sem-daniel-junior-e-dudu-vitoria-fez-ultimo-treino-antes-de-enfrentar-o-juventude\/\",\"name\":\"Sem Daniel J\u00fanior e Dudu, Vit\u00f3ria fez \u00faltimo treino antes de enfrentar o Juventude - Brasil not\u00edcias\",\"isPartOf\":{\"@id\":\"https:\/\/brasilnoticias.org\/site\/#website\"},\"primaryImageOfPage\":{\"@id\":\"https:\/\/brasilnoticias.org\/site\/sem-daniel-junior-e-dudu-vitoria-fez-ultimo-treino-antes-de-enfrentar-o-juventude\/#primaryimage\"},\"image\":{\"@id\":\"https:\/\/brasilnoticias.org\/site\/sem-daniel-junior-e-dudu-vitoria-fez-ultimo-treino-antes-de-enfrentar-o-juventude\/#primaryimage\"},\"thumbnailUrl\":\"https:\/\/brasilnoticias.org\/site\/wp-content\/uploads\/2024\/06\/original-1.jpg\",\"datePublished\":\"2024-06-07T22:49:30+00:00\",\"breadcrumb\":{\"@id\":\"https:\/\/brasilnoticias.org\/site\/sem-daniel-junior-e-dudu-vitoria-fez-ultimo-treino-antes-de-enfrentar-o-juventude\/#breadcrumb\"},\"inLanguage\":\"pt-PT\",\"potentialAction\":[{\"@type\":\"ReadAction\",\"target\":[\"https:\/\/brasilnoticias.org\/site\/sem-daniel-junior-e-dudu-vitoria-fez-ultimo-treino-antes-de-enfrentar-o-juventude\/\"]}]},{\"@type\":\"ImageObject\",\"inLanguage\":\"pt-PT\",\"@id\":\"https:\/\/brasilnoticias.org\/site\/sem-daniel-junior-e-dudu-vitoria-fez-ultimo-treino-antes-de-enfrentar-o-juventude\/#primaryimage\",\"url\":\"https:\/\/brasilnoticias.org\/site\/wp-content\/uploads\/2024\/06\/original-1.jpg\",\"contentUrl\":\"https:\/\/brasilnoticias.org\/site\/wp-content\/uploads\/2024\/06\/original-1.jpg\",\"width\":799,\"height\":533},{\"@type\":\"BreadcrumbList\",\"@id\":\"https:\/\/brasilnoticias.org\/site\/sem-daniel-junior-e-dudu-vitoria-fez-ultimo-treino-antes-de-enfrentar-o-juventude\/#breadcrumb\",\"itemListElement\":[{\"@type\":\"ListItem\",\"position\":1,\"name\":\"In\u00edcio\",\"item\":\"https:\/\/brasilnoticias.org\/site\/\"},{\"@type\":\"ListItem\",\"position\":2,\"name\":\"Sem Daniel J\u00fanior e Dudu, Vit\u00f3ria fez \u00faltimo treino antes de enfrentar o Juventude\"}]},{\"@type\":\"WebSite\",\"@id\":\"https:\/\/brasilnoticias.org\/site\/#website\",\"url\":\"https:\/\/brasilnoticias.org\/site\/\",\"name\":\"Brasil not\u00edcias\",\"description\":\"Brasil not\u00edcias\",\"publisher\":{\"@id\":\"https:\/\/brasilnoticias.org\/site\/#organization\"},\"potentialAction\":[{\"@type\":\"SearchAction\",\"target\":{\"@type\":\"EntryPoint\",\"urlTemplate\":\"https:\/\/brasilnoticias.org\/site\/?s={search_term_string}\"},\"query-input\":{\"@type\":\"PropertyValueSpecification\",\"valueRequired\":true,\"valueName\":\"search_term_string\"}}],\"inLanguage\":\"pt-PT\"},{\"@type\":\"Organization\",\"@id\":\"https:\/\/brasilnoticias.org\/site\/#organization\",\"name\":\"Brasil not\u00edcias\",\"url\":\"https:\/\/brasilnoticias.org\/site\/\",\"logo\":{\"@type\":\"ImageObject\",\"inLanguage\":\"pt-PT\",\"@id\":\"https:\/\/brasilnoticias.org\/site\/#\/schema\/logo\/image\/\",\"url\":\"https:\/\/brasilnoticias.org\/site\/wp-content\/uploads\/2022\/05\/cropped-brasilnoticias-mini.jpg\",\"contentUrl\":\"https:\/\/brasilnoticias.org\/site\/wp-content\/uploads\/2022\/05\/cropped-brasilnoticias-mini.jpg\",\"width\":314,\"height\":86,\"caption\":\"Brasil not\u00edcias\"},\"image\":{\"@id\":\"https:\/\/brasilnoticias.org\/site\/#\/schema\/logo\/image\/\"}},{\"@type\":\"Person\",\"@id\":\"https:\/\/brasilnoticias.org\/site\/#\/schema\/person\/03bbbfe6c7634ad18c26444ea39049fa\",\"name\":\"Reda\u00e7\u00e3o\",\"image\":{\"@type\":\"ImageObject\",\"inLanguage\":\"pt-PT\",\"@id\":\"https:\/\/brasilnoticias.org\/site\/#\/schema\/person\/image\/\",\"url\":\"https:\/\/secure.gravatar.com\/avatar\/9ecaf7327a696cb23ad926fedded5f1f04d7049de9e445375d55b48c001a6e42?s=96&d=mm&r=g\",\"contentUrl\":\"https:\/\/secure.gravatar.com\/avatar\/9ecaf7327a696cb23ad926fedded5f1f04d7049de9e445375d55b48c001a6e42?s=96&d=mm&r=g\",\"caption\":\"Reda\u00e7\u00e3o\"},\"url\":\"https:\/\/brasilnoticias.org\/site\/author\/henrique\/\"}]}<\/script>\n<!-- \/ Yoast SEO plugin. -->","yoast_head_json":{"title":"Sem Daniel J\u00fanior e Dudu, Vit\u00f3ria fez \u00faltimo treino antes de enfrentar o Juventude - Brasil not\u00edcias","robots":{"index":"index","follow":"follow","max-snippet":"max-snippet:-1","max-image-preview":"max-image-preview:large","max-video-preview":"max-video-preview:-1"},"canonical":"https:\/\/brasilnoticias.org\/site\/sem-daniel-junior-e-dudu-vitoria-fez-ultimo-treino-antes-de-enfrentar-o-juventude\/","og_locale":"pt_PT","og_type":"article","og_title":"Sem Daniel J\u00fanior e Dudu, Vit\u00f3ria fez \u00faltimo treino antes de enfrentar o Juventude - Brasil not\u00edcias","og_description":"Delega\u00e7\u00e3o com 23 jogadores partiu para o Rio Grande do Sul na tarde desta sexta-feira (7\/6) Ap\u00f3s o empate contra","og_url":"https:\/\/brasilnoticias.org\/site\/sem-daniel-junior-e-dudu-vitoria-fez-ultimo-treino-antes-de-enfrentar-o-juventude\/","og_site_name":"Brasil not\u00edcias","article_published_time":"2024-06-07T22:49:30+00:00","og_image":[{"width":799,"height":533,"url":"https:\/\/brasilnoticias.org\/site\/wp-content\/uploads\/2024\/06\/original-1.jpg","type":"image\/jpeg"}],"author":"Reda\u00e7\u00e3o","twitter_card":"summary_large_image","twitter_misc":{"Escrito por":"Reda\u00e7\u00e3o"},"schema":{"@context":"https:\/\/schema.org","@graph":[{"@type":"Article","@id":"https:\/\/brasilnoticias.org\/site\/sem-daniel-junior-e-dudu-vitoria-fez-ultimo-treino-antes-de-enfrentar-o-juventude\/#article","isPartOf":{"@id":"https:\/\/brasilnoticias.org\/site\/sem-daniel-junior-e-dudu-vitoria-fez-ultimo-treino-antes-de-enfrentar-o-juventude\/"},"author":{"name":"Reda\u00e7\u00e3o","@id":"https:\/\/brasilnoticias.org\/site\/#\/schema\/person\/03bbbfe6c7634ad18c26444ea39049fa"},"headline":"Sem Daniel J\u00fanior e Dudu, Vit\u00f3ria fez \u00faltimo treino antes de enfrentar o Juventude","datePublished":"2024-06-07T22:49:30+00:00","mainEntityOfPage":{"@id":"https:\/\/brasilnoticias.org\/site\/sem-daniel-junior-e-dudu-vitoria-fez-ultimo-treino-antes-de-enfrentar-o-juventude\/"},"wordCount":273,"commentCount":0,"publisher":{"@id":"https:\/\/brasilnoticias.org\/site\/#organization"},"image":{"@id":"https:\/\/brasilnoticias.org\/site\/sem-daniel-junior-e-dudu-vitoria-fez-ultimo-treino-antes-de-enfrentar-o-juventude\/#primaryimage"},"thumbnailUrl":"https:\/\/brasilnoticias.org\/site\/wp-content\/uploads\/2024\/06\/original-1.jpg","articleSection":["Esporte","\u00daltimas"],"inLanguage":"pt-PT","potentialAction":[{"@type":"CommentAction","name":"Comment","target":["https:\/\/brasilnoticias.org\/site\/sem-daniel-junior-e-dudu-vitoria-fez-ultimo-treino-antes-de-enfrentar-o-juventude\/#respond"]}]},{"@type":"WebPage","@id":"https:\/\/brasilnoticias.org\/site\/sem-daniel-junior-e-dudu-vitoria-fez-ultimo-treino-antes-de-enfrentar-o-juventude\/","url":"https:\/\/brasilnoticias.org\/site\/sem-daniel-junior-e-dudu-vitoria-fez-ultimo-treino-antes-de-enfrentar-o-juventude\/","name":"Sem Daniel J\u00fanior e Dudu, Vit\u00f3ria fez \u00faltimo treino antes de enfrentar o Juventude - Brasil not\u00edcias","isPartOf":{"@id":"https:\/\/brasilnoticias.org\/site\/#website"},"primaryImageOfPage":{"@id":"https:\/\/brasilnoticias.org\/site\/sem-daniel-junior-e-dudu-vitoria-fez-ultimo-treino-antes-de-enfrentar-o-juventude\/#primaryimage"},"image":{"@id":"https:\/\/brasilnoticias.org\/site\/sem-daniel-junior-e-dudu-vitoria-fez-ultimo-treino-antes-de-enfrentar-o-juventude\/#primaryimage"},"thumbnailUrl":"https:\/\/brasilnoticias.org\/site\/wp-content\/uploads\/2024\/06\/original-1.jpg","datePublished":"2024-06-07T22:49:30+00:00","breadcrumb":{"@id":"https:\/\/brasilnoticias.org\/site\/sem-daniel-junior-e-dudu-vitoria-fez-ultimo-treino-antes-de-enfrentar-o-juventude\/#breadcrumb"},"inLanguage":"pt-PT","potentialAction":[{"@type":"ReadAction","target":["https:\/\/brasilnoticias.org\/site\/sem-daniel-junior-e-dudu-vitoria-fez-ultimo-treino-antes-de-enfrentar-o-juventude\/"]}]},{"@type":"ImageObject","inLanguage":"pt-PT","@id":"https:\/\/brasilnoticias.org\/site\/sem-daniel-junior-e-dudu-vitoria-fez-ultimo-treino-antes-de-enfrentar-o-juventude\/#primaryimage","url":"https:\/\/brasilnoticias.org\/site\/wp-content\/uploads\/2024\/06\/original-1.jpg","contentUrl":"https:\/\/brasilnoticias.org\/site\/wp-content\/uploads\/2024\/06\/original-1.jpg","width":799,"height":533},{"@type":"BreadcrumbList","@id":"https:\/\/brasilnoticias.org\/site\/sem-daniel-junior-e-dudu-vitoria-fez-ultimo-treino-antes-de-enfrentar-o-juventude\/#breadcrumb","itemListElement":[{"@type":"ListItem","position":1,"name":"In\u00edcio","item":"https:\/\/brasilnoticias.org\/site\/"},{"@type":"ListItem","position":2,"name":"Sem Daniel J\u00fanior e Dudu, Vit\u00f3ria fez \u00faltimo treino antes de enfrentar o Juventude"}]},{"@type":"WebSite","@id":"https:\/\/brasilnoticias.org\/site\/#website","url":"https:\/\/brasilnoticias.org\/site\/","name":"Brasil not\u00edcias","description":"Brasil not\u00edcias","publisher":{"@id":"https:\/\/brasilnoticias.org\/site\/#organization"},"potentialAction":[{"@type":"SearchAction","target":{"@type":"EntryPoint","urlTemplate":"https:\/\/brasilnoticias.org\/site\/?s={search_term_string}"},"query-input":{"@type":"PropertyValueSpecification","valueRequired":true,"valueName":"search_term_string"}}],"inLanguage":"pt-PT"},{"@type":"Organization","@id":"https:\/\/brasilnoticias.org\/site\/#organization","name":"Brasil not\u00edcias","url":"https:\/\/brasilnoticias.org\/site\/","logo":{"@type":"ImageObject","inLanguage":"pt-PT","@id":"https:\/\/brasilnoticias.org\/site\/#\/schema\/logo\/image\/","url":"https:\/\/brasilnoticias.org\/site\/wp-content\/uploads\/2022\/05\/cropped-brasilnoticias-mini.jpg","contentUrl":"https:\/\/brasilnoticias.org\/site\/wp-content\/uploads\/2022\/05\/cropped-brasilnoticias-mini.jpg","width":314,"height":86,"caption":"Brasil not\u00edcias"},"image":{"@id":"https:\/\/brasilnoticias.org\/site\/#\/schema\/logo\/image\/"}},{"@type":"Person","@id":"https:\/\/brasilnoticias.org\/site\/#\/schema\/person\/03bbbfe6c7634ad18c26444ea39049fa","name":"Reda\u00e7\u00e3o","image":{"@type":"ImageObject","inLanguage":"pt-PT","@id":"https:\/\/brasilnoticias.org\/site\/#\/schema\/person\/image\/","url":"https:\/\/secure.gravatar.com\/avatar\/9ecaf7327a696cb23ad926fedded5f1f04d7049de9e445375d55b48c001a6e42?s=96&d=mm&r=g","contentUrl":"https:\/\/secure.gravatar.com\/avatar\/9ecaf7327a696cb23ad926fedded5f1f04d7049de9e445375d55b48c001a6e42?s=96&d=mm&r=g","caption":"Reda\u00e7\u00e3o"},"url":"https:\/\/brasilnoticias.org\/site\/author\/henrique\/"}]}},"_links":{"self":[{"href":"https:\/\/brasilnoticias.org\/site\/wp-json\/wp\/v2\/posts\/14496","targetHints":{"allow":["GET"]}}],"collection":[{"href":"https:\/\/brasilnoticias.org\/site\/wp-json\/wp\/v2\/posts"}],"about":[{"href":"https:\/\/brasilnoticias.org\/site\/wp-json\/wp\/v2\/types\/post"}],"author":[{"embeddable":true,"href":"https:\/\/brasilnoticias.org\/site\/wp-json\/wp\/v2\/users\/4"}],"replies":[{"embeddable":true,"href":"https:\/\/brasilnoticias.org\/site\/wp-json\/wp\/v2\/comments?post=14496"}],"version-history":[{"count":1,"href":"https:\/\/brasilnoticias.org\/site\/wp-json\/wp\/v2\/posts\/14496\/revisions"}],"predecessor-version":[{"id":14498,"href":"https:\/\/brasilnoticias.org\/site\/wp-json\/wp\/v2\/posts\/14496\/revisions\/14498"}],"wp:featuredmedia":[{"embeddable":true,"href":"https:\/\/brasilnoticias.org\/site\/wp-json\/wp\/v2\/media\/14497"}],"wp:attachment":[{"href":"https:\/\/brasilnoticias.org\/site\/wp-json\/wp\/v2\/media?parent=14496"}],"wp:term":[{"taxonomy":"category","embeddable":true,"href":"https:\/\/brasilnoticias.org\/site\/wp-json\/wp\/v2\/categories?post=14496"},{"taxonomy":"post_tag","embeddable":true,"href":"https:\/\/brasilnoticias.org\/site\/wp-json\/wp\/v2\/tags?post=14496"}],"curies":[{"name":"wp","href":"https:\/\/api.w.org\/{rel}","templated":true}]}}