{"id":1451,"date":"2022-09-13T10:05:30","date_gmt":"2022-09-13T13:05:30","guid":{"rendered":"https:\/\/brasilnoticias.org\/site\/?p=1451"},"modified":"2022-09-13T10:05:30","modified_gmt":"2022-09-13T13:05:30","slug":"selecao-sul-americana-pode-perder-vaga-na-copa-do-catar-2022-saiba-qual-e","status":"publish","type":"post","link":"https:\/\/brasilnoticias.org\/site\/selecao-sul-americana-pode-perder-vaga-na-copa-do-catar-2022-saiba-qual-e\/","title":{"rendered":"Sele\u00e7\u00e3o sul-americana pode perder vaga na Copa do Catar 2022; saiba qual \u00e9"},"content":{"rendered":"<div class=\"container mb-4\">\n<div class=\"row\">\n<div class=\"col-content\">\n<div class=\"artigo_texto\">\n<p>Uma suposta nova confiss\u00e3o do lateral-esquerdo Byron Castillo ganhou holofotes na \u00faltima segunda-feira (12). De acordo com uma reportagem publicada pelo jornal ingl\u00eas \u2018Daily Mail\u2019, um relato do jogador revelou detalhes da verdadeira nacionalidade e da data de nascimento dele. Como resultado, o caso est\u00e1 sendo investigado e pode excluir o Equador do quadro das sele\u00e7\u00f5es sul-americanas da\u00a0<a href=\"https:\/\/www.bnews.com.br\/noticias\/esporte\/acorda-pedrinho-tite-surpreende-em-penultima-convocacao-antes-da-copa-do-mundo.html\" target=\"_blank\" rel=\"noopener\">Copa do Mundo do Catar de 2022<\/a>.<\/p>\n<p>Por meio do \u00e1udio, obtido pelo ve\u00edculo de comunica\u00e7\u00e3o brit\u00e2nico, o qual aponta ser de autoria de Castillo, o defensor admite que nasceu em Temuco, na Col\u00f4mbia, em 1995. Apesar disso, os documentos do atleta evidenciam que ele nasceu em General Villamil, no Equador, no ano de 1998.<\/p>\n<p>Ainda segundo o jornal, a conversa integrou uma entrevista feita em 2019, durante uma investiga\u00e7\u00e3o da Federa\u00e7\u00e3o Equatoriana de Futebol (FEF). Agora, o lateral-esquerdo, atualmenteno Club Le\u00f3n, do M\u00e9xico, ir\u00e1 depor na sede da Federa\u00e7\u00e3o Internacional de Futebol (Fifa), em Zurique, na Su\u00ed\u00e7a, na pr\u00f3xima quinta-feira (15).<\/p>\n<p>A defesa do Equador contesta e diz que Byron Castillo teve um irm\u00e3o chamado Bayron Castillo, e que este homem teria nascido na Col\u00f4mbia. Mas, uma vez que a falsifica\u00e7\u00e3o seja certificada, a FEF tamb\u00e9m poder\u00e1 receber uma puni\u00e7\u00e3o. Os primeiros ind\u00edcios dessa pol\u00eamica aconteceu por iniciativa do Chile.<\/p>\n<p>A sele\u00e7\u00e3o de craques como Vidal e Vargas acionou a Fifa e entrou com um processo alegando poss\u00edveis contradi\u00e7\u00f5es nos documentos do jogador do Club Le\u00f3n. A entidade m\u00e1xima do futebol internacional avalia o caso e vai julgar o atleta.<\/p>\n<\/div>\n<\/div>\n<\/div>\n<\/div>\n<p>&nbsp;<\/p>\n<p>&nbsp;<\/p>\n<p>Bnews<\/p>\n","protected":false},"excerpt":{"rendered":"<p>Uma suposta nova confiss\u00e3o do lateral-esquerdo Byron Castillo ganhou holofotes na \u00faltima segunda-feira (12). De acordo com uma reportagem publicada<\/p>\n","protected":false},"author":2,"featured_media":1452,"comment_status":"open","ping_status":"open","sticky":false,"template":"","format":"standard","meta":{"colormag_page_container_layout":"default_layout","colormag_page_sidebar_layout":"default_layout","_FSMCFIC_featured_image_caption":"","_FSMCFIC_featured_image_nocaption":"","_FSMCFIC_featured_image_hide":"","footnotes":""},"categories":[4,1],"tags":[],"class_list":["post-1451","post","type-post","status-publish","format-standard","has-post-thumbnail","hentry","category-esporte","category-ultimas"],"yoast_head":"<!-- This site is optimized with the Yoast SEO plugin v27.1.1 - https:\/\/yoast.com\/product\/yoast-seo-wordpress\/ -->\n<title>Sele\u00e7\u00e3o sul-americana pode perder vaga na Copa do Catar 2022; saiba qual \u00e9 - Brasil not\u00edcias<\/title>\n<meta name=\"robots\" content=\"index, follow, max-snippet:-1, max-image-preview:large, max-video-preview:-1\" \/>\n<link rel=\"canonical\" href=\"https:\/\/brasilnoticias.org\/site\/selecao-sul-americana-pode-perder-vaga-na-copa-do-catar-2022-saiba-qual-e\/\" \/>\n<meta property=\"og:locale\" content=\"pt_PT\" \/>\n<meta property=\"og:type\" content=\"article\" \/>\n<meta property=\"og:title\" content=\"Sele\u00e7\u00e3o sul-americana pode perder vaga na Copa do Catar 2022; saiba qual \u00e9 - Brasil not\u00edcias\" \/>\n<meta property=\"og:description\" content=\"Uma suposta nova confiss\u00e3o do lateral-esquerdo Byron Castillo ganhou holofotes na \u00faltima segunda-feira (12). De acordo com uma reportagem publicada\" \/>\n<meta property=\"og:url\" content=\"https:\/\/brasilnoticias.org\/site\/selecao-sul-americana-pode-perder-vaga-na-copa-do-catar-2022-saiba-qual-e\/\" \/>\n<meta property=\"og:site_name\" content=\"Brasil not\u00edcias\" \/>\n<meta property=\"article:published_time\" content=\"2022-09-13T13:05:30+00:00\" \/>\n<meta property=\"og:image\" content=\"https:\/\/brasilnoticias.org\/site\/wp-content\/uploads\/2022\/09\/byron_castillo_jogador_selecao_equador_widelg.jpg\" \/>\n\t<meta property=\"og:image:width\" content=\"800\" \/>\n\t<meta property=\"og:image:height\" content=\"450\" \/>\n\t<meta property=\"og:image:type\" content=\"image\/jpeg\" \/>\n<meta name=\"author\" content=\"Reda\u00e7\u00e3o\" \/>\n<meta name=\"twitter:card\" content=\"summary_large_image\" \/>\n<meta name=\"twitter:label1\" content=\"Escrito por\" \/>\n\t<meta name=\"twitter:data1\" content=\"Reda\u00e7\u00e3o\" \/>\n\t<meta name=\"twitter:label2\" content=\"Tempo estimado de leitura\" \/>\n\t<meta name=\"twitter:data2\" content=\"1 minuto\" \/>\n<script type=\"application\/ld+json\" class=\"yoast-schema-graph\">{\"@context\":\"https:\/\/schema.org\",\"@graph\":[{\"@type\":\"Article\",\"@id\":\"https:\/\/brasilnoticias.org\/site\/selecao-sul-americana-pode-perder-vaga-na-copa-do-catar-2022-saiba-qual-e\/#article\",\"isPartOf\":{\"@id\":\"https:\/\/brasilnoticias.org\/site\/selecao-sul-americana-pode-perder-vaga-na-copa-do-catar-2022-saiba-qual-e\/\"},\"author\":{\"name\":\"Reda\u00e7\u00e3o\",\"@id\":\"https:\/\/brasilnoticias.org\/site\/#\/schema\/person\/f609fa847b5314f1c8b983342f34c798\"},\"headline\":\"Sele\u00e7\u00e3o sul-americana pode perder vaga na Copa do Catar 2022; saiba qual \u00e9\",\"datePublished\":\"2022-09-13T13:05:30+00:00\",\"mainEntityOfPage\":{\"@id\":\"https:\/\/brasilnoticias.org\/site\/selecao-sul-americana-pode-perder-vaga-na-copa-do-catar-2022-saiba-qual-e\/\"},\"wordCount\":284,\"commentCount\":0,\"publisher\":{\"@id\":\"https:\/\/brasilnoticias.org\/site\/#organization\"},\"image\":{\"@id\":\"https:\/\/brasilnoticias.org\/site\/selecao-sul-americana-pode-perder-vaga-na-copa-do-catar-2022-saiba-qual-e\/#primaryimage\"},\"thumbnailUrl\":\"https:\/\/brasilnoticias.org\/site\/wp-content\/uploads\/2022\/09\/byron_castillo_jogador_selecao_equador_widelg.jpg\",\"articleSection\":[\"Esporte\",\"\u00daltimas\"],\"inLanguage\":\"pt-PT\",\"potentialAction\":[{\"@type\":\"CommentAction\",\"name\":\"Comment\",\"target\":[\"https:\/\/brasilnoticias.org\/site\/selecao-sul-americana-pode-perder-vaga-na-copa-do-catar-2022-saiba-qual-e\/#respond\"]}]},{\"@type\":\"WebPage\",\"@id\":\"https:\/\/brasilnoticias.org\/site\/selecao-sul-americana-pode-perder-vaga-na-copa-do-catar-2022-saiba-qual-e\/\",\"url\":\"https:\/\/brasilnoticias.org\/site\/selecao-sul-americana-pode-perder-vaga-na-copa-do-catar-2022-saiba-qual-e\/\",\"name\":\"Sele\u00e7\u00e3o sul-americana pode perder vaga na Copa do Catar 2022; saiba qual \u00e9 - Brasil not\u00edcias\",\"isPartOf\":{\"@id\":\"https:\/\/brasilnoticias.org\/site\/#website\"},\"primaryImageOfPage\":{\"@id\":\"https:\/\/brasilnoticias.org\/site\/selecao-sul-americana-pode-perder-vaga-na-copa-do-catar-2022-saiba-qual-e\/#primaryimage\"},\"image\":{\"@id\":\"https:\/\/brasilnoticias.org\/site\/selecao-sul-americana-pode-perder-vaga-na-copa-do-catar-2022-saiba-qual-e\/#primaryimage\"},\"thumbnailUrl\":\"https:\/\/brasilnoticias.org\/site\/wp-content\/uploads\/2022\/09\/byron_castillo_jogador_selecao_equador_widelg.jpg\",\"datePublished\":\"2022-09-13T13:05:30+00:00\",\"breadcrumb\":{\"@id\":\"https:\/\/brasilnoticias.org\/site\/selecao-sul-americana-pode-perder-vaga-na-copa-do-catar-2022-saiba-qual-e\/#breadcrumb\"},\"inLanguage\":\"pt-PT\",\"potentialAction\":[{\"@type\":\"ReadAction\",\"target\":[\"https:\/\/brasilnoticias.org\/site\/selecao-sul-americana-pode-perder-vaga-na-copa-do-catar-2022-saiba-qual-e\/\"]}]},{\"@type\":\"ImageObject\",\"inLanguage\":\"pt-PT\",\"@id\":\"https:\/\/brasilnoticias.org\/site\/selecao-sul-americana-pode-perder-vaga-na-copa-do-catar-2022-saiba-qual-e\/#primaryimage\",\"url\":\"https:\/\/brasilnoticias.org\/site\/wp-content\/uploads\/2022\/09\/byron_castillo_jogador_selecao_equador_widelg.jpg\",\"contentUrl\":\"https:\/\/brasilnoticias.org\/site\/wp-content\/uploads\/2022\/09\/byron_castillo_jogador_selecao_equador_widelg.jpg\",\"width\":800,\"height\":450},{\"@type\":\"BreadcrumbList\",\"@id\":\"https:\/\/brasilnoticias.org\/site\/selecao-sul-americana-pode-perder-vaga-na-copa-do-catar-2022-saiba-qual-e\/#breadcrumb\",\"itemListElement\":[{\"@type\":\"ListItem\",\"position\":1,\"name\":\"In\u00edcio\",\"item\":\"https:\/\/brasilnoticias.org\/site\/\"},{\"@type\":\"ListItem\",\"position\":2,\"name\":\"Sele\u00e7\u00e3o sul-americana pode perder vaga na Copa do Catar 2022; saiba qual \u00e9\"}]},{\"@type\":\"WebSite\",\"@id\":\"https:\/\/brasilnoticias.org\/site\/#website\",\"url\":\"https:\/\/brasilnoticias.org\/site\/\",\"name\":\"Brasil not\u00edcias\",\"description\":\"Brasil not\u00edcias\",\"publisher\":{\"@id\":\"https:\/\/brasilnoticias.org\/site\/#organization\"},\"potentialAction\":[{\"@type\":\"SearchAction\",\"target\":{\"@type\":\"EntryPoint\",\"urlTemplate\":\"https:\/\/brasilnoticias.org\/site\/?s={search_term_string}\"},\"query-input\":{\"@type\":\"PropertyValueSpecification\",\"valueRequired\":true,\"valueName\":\"search_term_string\"}}],\"inLanguage\":\"pt-PT\"},{\"@type\":\"Organization\",\"@id\":\"https:\/\/brasilnoticias.org\/site\/#organization\",\"name\":\"Brasil not\u00edcias\",\"url\":\"https:\/\/brasilnoticias.org\/site\/\",\"logo\":{\"@type\":\"ImageObject\",\"inLanguage\":\"pt-PT\",\"@id\":\"https:\/\/brasilnoticias.org\/site\/#\/schema\/logo\/image\/\",\"url\":\"https:\/\/brasilnoticias.org\/site\/wp-content\/uploads\/2022\/05\/cropped-brasilnoticias-mini.jpg\",\"contentUrl\":\"https:\/\/brasilnoticias.org\/site\/wp-content\/uploads\/2022\/05\/cropped-brasilnoticias-mini.jpg\",\"width\":314,\"height\":86,\"caption\":\"Brasil not\u00edcias\"},\"image\":{\"@id\":\"https:\/\/brasilnoticias.org\/site\/#\/schema\/logo\/image\/\"}},{\"@type\":\"Person\",\"@id\":\"https:\/\/brasilnoticias.org\/site\/#\/schema\/person\/f609fa847b5314f1c8b983342f34c798\",\"name\":\"Reda\u00e7\u00e3o\",\"image\":{\"@type\":\"ImageObject\",\"inLanguage\":\"pt-PT\",\"@id\":\"https:\/\/brasilnoticias.org\/site\/#\/schema\/person\/image\/\",\"url\":\"https:\/\/secure.gravatar.com\/avatar\/447284c06c1ad8b46465a36de9cd0d8326b73387a22799b8b1ffb1fbcff2ed0c?s=96&d=mm&r=g\",\"contentUrl\":\"https:\/\/secure.gravatar.com\/avatar\/447284c06c1ad8b46465a36de9cd0d8326b73387a22799b8b1ffb1fbcff2ed0c?s=96&d=mm&r=g\",\"caption\":\"Reda\u00e7\u00e3o\"},\"url\":\"https:\/\/brasilnoticias.org\/site\/author\/redacao\/\"}]}<\/script>\n<!-- \/ Yoast SEO plugin. -->","yoast_head_json":{"title":"Sele\u00e7\u00e3o sul-americana pode perder vaga na Copa do Catar 2022; saiba qual \u00e9 - Brasil not\u00edcias","robots":{"index":"index","follow":"follow","max-snippet":"max-snippet:-1","max-image-preview":"max-image-preview:large","max-video-preview":"max-video-preview:-1"},"canonical":"https:\/\/brasilnoticias.org\/site\/selecao-sul-americana-pode-perder-vaga-na-copa-do-catar-2022-saiba-qual-e\/","og_locale":"pt_PT","og_type":"article","og_title":"Sele\u00e7\u00e3o sul-americana pode perder vaga na Copa do Catar 2022; saiba qual \u00e9 - Brasil not\u00edcias","og_description":"Uma suposta nova confiss\u00e3o do lateral-esquerdo Byron Castillo ganhou holofotes na \u00faltima segunda-feira (12). De acordo com uma reportagem publicada","og_url":"https:\/\/brasilnoticias.org\/site\/selecao-sul-americana-pode-perder-vaga-na-copa-do-catar-2022-saiba-qual-e\/","og_site_name":"Brasil not\u00edcias","article_published_time":"2022-09-13T13:05:30+00:00","og_image":[{"width":800,"height":450,"url":"https:\/\/brasilnoticias.org\/site\/wp-content\/uploads\/2022\/09\/byron_castillo_jogador_selecao_equador_widelg.jpg","type":"image\/jpeg"}],"author":"Reda\u00e7\u00e3o","twitter_card":"summary_large_image","twitter_misc":{"Escrito por":"Reda\u00e7\u00e3o","Tempo estimado de leitura":"1 minuto"},"schema":{"@context":"https:\/\/schema.org","@graph":[{"@type":"Article","@id":"https:\/\/brasilnoticias.org\/site\/selecao-sul-americana-pode-perder-vaga-na-copa-do-catar-2022-saiba-qual-e\/#article","isPartOf":{"@id":"https:\/\/brasilnoticias.org\/site\/selecao-sul-americana-pode-perder-vaga-na-copa-do-catar-2022-saiba-qual-e\/"},"author":{"name":"Reda\u00e7\u00e3o","@id":"https:\/\/brasilnoticias.org\/site\/#\/schema\/person\/f609fa847b5314f1c8b983342f34c798"},"headline":"Sele\u00e7\u00e3o sul-americana pode perder vaga na Copa do Catar 2022; saiba qual \u00e9","datePublished":"2022-09-13T13:05:30+00:00","mainEntityOfPage":{"@id":"https:\/\/brasilnoticias.org\/site\/selecao-sul-americana-pode-perder-vaga-na-copa-do-catar-2022-saiba-qual-e\/"},"wordCount":284,"commentCount":0,"publisher":{"@id":"https:\/\/brasilnoticias.org\/site\/#organization"},"image":{"@id":"https:\/\/brasilnoticias.org\/site\/selecao-sul-americana-pode-perder-vaga-na-copa-do-catar-2022-saiba-qual-e\/#primaryimage"},"thumbnailUrl":"https:\/\/brasilnoticias.org\/site\/wp-content\/uploads\/2022\/09\/byron_castillo_jogador_selecao_equador_widelg.jpg","articleSection":["Esporte","\u00daltimas"],"inLanguage":"pt-PT","potentialAction":[{"@type":"CommentAction","name":"Comment","target":["https:\/\/brasilnoticias.org\/site\/selecao-sul-americana-pode-perder-vaga-na-copa-do-catar-2022-saiba-qual-e\/#respond"]}]},{"@type":"WebPage","@id":"https:\/\/brasilnoticias.org\/site\/selecao-sul-americana-pode-perder-vaga-na-copa-do-catar-2022-saiba-qual-e\/","url":"https:\/\/brasilnoticias.org\/site\/selecao-sul-americana-pode-perder-vaga-na-copa-do-catar-2022-saiba-qual-e\/","name":"Sele\u00e7\u00e3o sul-americana pode perder vaga na Copa do Catar 2022; saiba qual \u00e9 - Brasil not\u00edcias","isPartOf":{"@id":"https:\/\/brasilnoticias.org\/site\/#website"},"primaryImageOfPage":{"@id":"https:\/\/brasilnoticias.org\/site\/selecao-sul-americana-pode-perder-vaga-na-copa-do-catar-2022-saiba-qual-e\/#primaryimage"},"image":{"@id":"https:\/\/brasilnoticias.org\/site\/selecao-sul-americana-pode-perder-vaga-na-copa-do-catar-2022-saiba-qual-e\/#primaryimage"},"thumbnailUrl":"https:\/\/brasilnoticias.org\/site\/wp-content\/uploads\/2022\/09\/byron_castillo_jogador_selecao_equador_widelg.jpg","datePublished":"2022-09-13T13:05:30+00:00","breadcrumb":{"@id":"https:\/\/brasilnoticias.org\/site\/selecao-sul-americana-pode-perder-vaga-na-copa-do-catar-2022-saiba-qual-e\/#breadcrumb"},"inLanguage":"pt-PT","potentialAction":[{"@type":"ReadAction","target":["https:\/\/brasilnoticias.org\/site\/selecao-sul-americana-pode-perder-vaga-na-copa-do-catar-2022-saiba-qual-e\/"]}]},{"@type":"ImageObject","inLanguage":"pt-PT","@id":"https:\/\/brasilnoticias.org\/site\/selecao-sul-americana-pode-perder-vaga-na-copa-do-catar-2022-saiba-qual-e\/#primaryimage","url":"https:\/\/brasilnoticias.org\/site\/wp-content\/uploads\/2022\/09\/byron_castillo_jogador_selecao_equador_widelg.jpg","contentUrl":"https:\/\/brasilnoticias.org\/site\/wp-content\/uploads\/2022\/09\/byron_castillo_jogador_selecao_equador_widelg.jpg","width":800,"height":450},{"@type":"BreadcrumbList","@id":"https:\/\/brasilnoticias.org\/site\/selecao-sul-americana-pode-perder-vaga-na-copa-do-catar-2022-saiba-qual-e\/#breadcrumb","itemListElement":[{"@type":"ListItem","position":1,"name":"In\u00edcio","item":"https:\/\/brasilnoticias.org\/site\/"},{"@type":"ListItem","position":2,"name":"Sele\u00e7\u00e3o sul-americana pode perder vaga na Copa do Catar 2022; saiba qual \u00e9"}]},{"@type":"WebSite","@id":"https:\/\/brasilnoticias.org\/site\/#website","url":"https:\/\/brasilnoticias.org\/site\/","name":"Brasil not\u00edcias","description":"Brasil not\u00edcias","publisher":{"@id":"https:\/\/brasilnoticias.org\/site\/#organization"},"potentialAction":[{"@type":"SearchAction","target":{"@type":"EntryPoint","urlTemplate":"https:\/\/brasilnoticias.org\/site\/?s={search_term_string}"},"query-input":{"@type":"PropertyValueSpecification","valueRequired":true,"valueName":"search_term_string"}}],"inLanguage":"pt-PT"},{"@type":"Organization","@id":"https:\/\/brasilnoticias.org\/site\/#organization","name":"Brasil not\u00edcias","url":"https:\/\/brasilnoticias.org\/site\/","logo":{"@type":"ImageObject","inLanguage":"pt-PT","@id":"https:\/\/brasilnoticias.org\/site\/#\/schema\/logo\/image\/","url":"https:\/\/brasilnoticias.org\/site\/wp-content\/uploads\/2022\/05\/cropped-brasilnoticias-mini.jpg","contentUrl":"https:\/\/brasilnoticias.org\/site\/wp-content\/uploads\/2022\/05\/cropped-brasilnoticias-mini.jpg","width":314,"height":86,"caption":"Brasil not\u00edcias"},"image":{"@id":"https:\/\/brasilnoticias.org\/site\/#\/schema\/logo\/image\/"}},{"@type":"Person","@id":"https:\/\/brasilnoticias.org\/site\/#\/schema\/person\/f609fa847b5314f1c8b983342f34c798","name":"Reda\u00e7\u00e3o","image":{"@type":"ImageObject","inLanguage":"pt-PT","@id":"https:\/\/brasilnoticias.org\/site\/#\/schema\/person\/image\/","url":"https:\/\/secure.gravatar.com\/avatar\/447284c06c1ad8b46465a36de9cd0d8326b73387a22799b8b1ffb1fbcff2ed0c?s=96&d=mm&r=g","contentUrl":"https:\/\/secure.gravatar.com\/avatar\/447284c06c1ad8b46465a36de9cd0d8326b73387a22799b8b1ffb1fbcff2ed0c?s=96&d=mm&r=g","caption":"Reda\u00e7\u00e3o"},"url":"https:\/\/brasilnoticias.org\/site\/author\/redacao\/"}]}},"_links":{"self":[{"href":"https:\/\/brasilnoticias.org\/site\/wp-json\/wp\/v2\/posts\/1451","targetHints":{"allow":["GET"]}}],"collection":[{"href":"https:\/\/brasilnoticias.org\/site\/wp-json\/wp\/v2\/posts"}],"about":[{"href":"https:\/\/brasilnoticias.org\/site\/wp-json\/wp\/v2\/types\/post"}],"author":[{"embeddable":true,"href":"https:\/\/brasilnoticias.org\/site\/wp-json\/wp\/v2\/users\/2"}],"replies":[{"embeddable":true,"href":"https:\/\/brasilnoticias.org\/site\/wp-json\/wp\/v2\/comments?post=1451"}],"version-history":[{"count":1,"href":"https:\/\/brasilnoticias.org\/site\/wp-json\/wp\/v2\/posts\/1451\/revisions"}],"predecessor-version":[{"id":1453,"href":"https:\/\/brasilnoticias.org\/site\/wp-json\/wp\/v2\/posts\/1451\/revisions\/1453"}],"wp:featuredmedia":[{"embeddable":true,"href":"https:\/\/brasilnoticias.org\/site\/wp-json\/wp\/v2\/media\/1452"}],"wp:attachment":[{"href":"https:\/\/brasilnoticias.org\/site\/wp-json\/wp\/v2\/media?parent=1451"}],"wp:term":[{"taxonomy":"category","embeddable":true,"href":"https:\/\/brasilnoticias.org\/site\/wp-json\/wp\/v2\/categories?post=1451"},{"taxonomy":"post_tag","embeddable":true,"href":"https:\/\/brasilnoticias.org\/site\/wp-json\/wp\/v2\/tags?post=1451"}],"curies":[{"name":"wp","href":"https:\/\/api.w.org\/{rel}","templated":true}]}}