{"id":14517,"date":"2024-06-09T12:21:29","date_gmt":"2024-06-09T15:21:29","guid":{"rendered":"https:\/\/brasilnoticias.org\/site\/?p=14517"},"modified":"2024-06-09T12:21:29","modified_gmt":"2024-06-09T15:21:29","slug":"metro-tem-estacoes-fora-de-atividade-neste-domingo-9-em-salvador-confira","status":"publish","type":"post","link":"https:\/\/brasilnoticias.org\/site\/metro-tem-estacoes-fora-de-atividade-neste-domingo-9-em-salvador-confira\/","title":{"rendered":"Metr\u00f4 tem esta\u00e7\u00f5es fora de atividade neste domingo (9) em Salvador; confira"},"content":{"rendered":"<p>Durante o per\u00edodo, os passageiros poder\u00e3o usar como op\u00e7\u00e3o a linha de \u00f4nibus especial (E004 \u2013 PAESE), que vai circular entre os terminais de \u00f4nibus de Piraj\u00e1 e \u00c1guas Claras.<\/p>\n<p>Neste domingo (9\/6), as esta\u00e7\u00f5es de metr\u00f4 de Piraj\u00e1, Campinas e \u00c1guas Claras, que fazem parte da Linha 1 do sistema, em Salvador, n\u00e3o est\u00e3o funcionando.<\/p>\n<p>Segundo a CCR Metr\u00f4, empresa respons\u00e1vel pela gest\u00e3o do transporte, a interrup\u00e7\u00e3o ocorre das 5h \u00e0s 0h, devido a uma manuten\u00e7\u00e3o programada pela concession\u00e1ria.<\/p>\n<p>A CCR n\u00e3o deu mais detalhes sobre o objetivo da manuten\u00e7\u00e3o nas esta\u00e7\u00f5es. Durante o per\u00edodo, os passageiros poder\u00e3o usar como op\u00e7\u00e3o a linha de \u00f4nibus especial (E004 \u2013 PAESE), que vai circular entre os terminais de \u00f4nibus de Piraj\u00e1 e \u00c1guas Claras, de forma gratuita.<\/p>\n<p>Foto: Divulga\u00e7\u00e3o<br \/>\nAratu On<\/p>\n","protected":false},"excerpt":{"rendered":"<p>Durante o per\u00edodo, os passageiros poder\u00e3o usar como op\u00e7\u00e3o a linha de \u00f4nibus especial (E004 \u2013 PAESE), que vai circular<\/p>\n","protected":false},"author":4,"featured_media":14518,"comment_status":"open","ping_status":"open","sticky":false,"template":"","format":"standard","meta":{"colormag_page_container_layout":"default_layout","colormag_page_sidebar_layout":"default_layout","_FSMCFIC_featured_image_caption":"","_FSMCFIC_featured_image_nocaption":"","_FSMCFIC_featured_image_hide":"","footnotes":""},"categories":[2,1],"tags":[],"class_list":["post-14517","post","type-post","status-publish","format-standard","has-post-thumbnail","hentry","category-noticias","category-ultimas"],"yoast_head":"<!-- This site is optimized with the Yoast SEO plugin v27.1.1 - https:\/\/yoast.com\/product\/yoast-seo-wordpress\/ -->\n<title>Metr\u00f4 tem esta\u00e7\u00f5es fora de atividade neste domingo (9) em Salvador; confira - Brasil not\u00edcias<\/title>\n<meta name=\"robots\" content=\"index, follow, max-snippet:-1, max-image-preview:large, max-video-preview:-1\" \/>\n<link rel=\"canonical\" href=\"https:\/\/brasilnoticias.org\/site\/metro-tem-estacoes-fora-de-atividade-neste-domingo-9-em-salvador-confira\/\" \/>\n<meta property=\"og:locale\" content=\"pt_PT\" \/>\n<meta property=\"og:type\" content=\"article\" \/>\n<meta property=\"og:title\" content=\"Metr\u00f4 tem esta\u00e7\u00f5es fora de atividade neste domingo (9) em Salvador; confira - Brasil not\u00edcias\" \/>\n<meta property=\"og:description\" content=\"Durante o per\u00edodo, os passageiros poder\u00e3o usar como op\u00e7\u00e3o a linha de \u00f4nibus especial (E004 \u2013 PAESE), que vai circular\" \/>\n<meta property=\"og:url\" content=\"https:\/\/brasilnoticias.org\/site\/metro-tem-estacoes-fora-de-atividade-neste-domingo-9-em-salvador-confira\/\" \/>\n<meta property=\"og:site_name\" content=\"Brasil not\u00edcias\" \/>\n<meta property=\"article:published_time\" content=\"2024-06-09T15:21:29+00:00\" \/>\n<meta property=\"og:image\" content=\"https:\/\/brasilnoticias.org\/site\/wp-content\/uploads\/2024\/06\/est-campinas-div-ccr-metro.jpg\" \/>\n\t<meta property=\"og:image:width\" content=\"960\" \/>\n\t<meta property=\"og:image:height\" content=\"500\" \/>\n\t<meta property=\"og:image:type\" content=\"image\/jpeg\" \/>\n<meta name=\"author\" content=\"Reda\u00e7\u00e3o\" \/>\n<meta name=\"twitter:card\" content=\"summary_large_image\" \/>\n<meta name=\"twitter:label1\" content=\"Escrito por\" \/>\n\t<meta name=\"twitter:data1\" content=\"Reda\u00e7\u00e3o\" \/>\n\t<meta name=\"twitter:label2\" content=\"Tempo estimado de leitura\" \/>\n\t<meta name=\"twitter:data2\" content=\"1 minuto\" \/>\n<script type=\"application\/ld+json\" class=\"yoast-schema-graph\">{\"@context\":\"https:\/\/schema.org\",\"@graph\":[{\"@type\":\"Article\",\"@id\":\"https:\/\/brasilnoticias.org\/site\/metro-tem-estacoes-fora-de-atividade-neste-domingo-9-em-salvador-confira\/#article\",\"isPartOf\":{\"@id\":\"https:\/\/brasilnoticias.org\/site\/metro-tem-estacoes-fora-de-atividade-neste-domingo-9-em-salvador-confira\/\"},\"author\":{\"name\":\"Reda\u00e7\u00e3o\",\"@id\":\"https:\/\/brasilnoticias.org\/site\/#\/schema\/person\/03bbbfe6c7634ad18c26444ea39049fa\"},\"headline\":\"Metr\u00f4 tem esta\u00e7\u00f5es fora de atividade neste domingo (9) em Salvador; confira\",\"datePublished\":\"2024-06-09T15:21:29+00:00\",\"mainEntityOfPage\":{\"@id\":\"https:\/\/brasilnoticias.org\/site\/metro-tem-estacoes-fora-de-atividade-neste-domingo-9-em-salvador-confira\/\"},\"wordCount\":156,\"commentCount\":0,\"publisher\":{\"@id\":\"https:\/\/brasilnoticias.org\/site\/#organization\"},\"image\":{\"@id\":\"https:\/\/brasilnoticias.org\/site\/metro-tem-estacoes-fora-de-atividade-neste-domingo-9-em-salvador-confira\/#primaryimage\"},\"thumbnailUrl\":\"https:\/\/brasilnoticias.org\/site\/wp-content\/uploads\/2024\/06\/est-campinas-div-ccr-metro.jpg\",\"articleSection\":[\"Not\u00edcias\",\"\u00daltimas\"],\"inLanguage\":\"pt-PT\",\"potentialAction\":[{\"@type\":\"CommentAction\",\"name\":\"Comment\",\"target\":[\"https:\/\/brasilnoticias.org\/site\/metro-tem-estacoes-fora-de-atividade-neste-domingo-9-em-salvador-confira\/#respond\"]}]},{\"@type\":\"WebPage\",\"@id\":\"https:\/\/brasilnoticias.org\/site\/metro-tem-estacoes-fora-de-atividade-neste-domingo-9-em-salvador-confira\/\",\"url\":\"https:\/\/brasilnoticias.org\/site\/metro-tem-estacoes-fora-de-atividade-neste-domingo-9-em-salvador-confira\/\",\"name\":\"Metr\u00f4 tem esta\u00e7\u00f5es fora de atividade neste domingo (9) em Salvador; confira - Brasil not\u00edcias\",\"isPartOf\":{\"@id\":\"https:\/\/brasilnoticias.org\/site\/#website\"},\"primaryImageOfPage\":{\"@id\":\"https:\/\/brasilnoticias.org\/site\/metro-tem-estacoes-fora-de-atividade-neste-domingo-9-em-salvador-confira\/#primaryimage\"},\"image\":{\"@id\":\"https:\/\/brasilnoticias.org\/site\/metro-tem-estacoes-fora-de-atividade-neste-domingo-9-em-salvador-confira\/#primaryimage\"},\"thumbnailUrl\":\"https:\/\/brasilnoticias.org\/site\/wp-content\/uploads\/2024\/06\/est-campinas-div-ccr-metro.jpg\",\"datePublished\":\"2024-06-09T15:21:29+00:00\",\"breadcrumb\":{\"@id\":\"https:\/\/brasilnoticias.org\/site\/metro-tem-estacoes-fora-de-atividade-neste-domingo-9-em-salvador-confira\/#breadcrumb\"},\"inLanguage\":\"pt-PT\",\"potentialAction\":[{\"@type\":\"ReadAction\",\"target\":[\"https:\/\/brasilnoticias.org\/site\/metro-tem-estacoes-fora-de-atividade-neste-domingo-9-em-salvador-confira\/\"]}]},{\"@type\":\"ImageObject\",\"inLanguage\":\"pt-PT\",\"@id\":\"https:\/\/brasilnoticias.org\/site\/metro-tem-estacoes-fora-de-atividade-neste-domingo-9-em-salvador-confira\/#primaryimage\",\"url\":\"https:\/\/brasilnoticias.org\/site\/wp-content\/uploads\/2024\/06\/est-campinas-div-ccr-metro.jpg\",\"contentUrl\":\"https:\/\/brasilnoticias.org\/site\/wp-content\/uploads\/2024\/06\/est-campinas-div-ccr-metro.jpg\",\"width\":960,\"height\":500},{\"@type\":\"BreadcrumbList\",\"@id\":\"https:\/\/brasilnoticias.org\/site\/metro-tem-estacoes-fora-de-atividade-neste-domingo-9-em-salvador-confira\/#breadcrumb\",\"itemListElement\":[{\"@type\":\"ListItem\",\"position\":1,\"name\":\"In\u00edcio\",\"item\":\"https:\/\/brasilnoticias.org\/site\/\"},{\"@type\":\"ListItem\",\"position\":2,\"name\":\"Metr\u00f4 tem esta\u00e7\u00f5es fora de atividade neste domingo (9) em Salvador; confira\"}]},{\"@type\":\"WebSite\",\"@id\":\"https:\/\/brasilnoticias.org\/site\/#website\",\"url\":\"https:\/\/brasilnoticias.org\/site\/\",\"name\":\"Brasil not\u00edcias\",\"description\":\"Brasil not\u00edcias\",\"publisher\":{\"@id\":\"https:\/\/brasilnoticias.org\/site\/#organization\"},\"potentialAction\":[{\"@type\":\"SearchAction\",\"target\":{\"@type\":\"EntryPoint\",\"urlTemplate\":\"https:\/\/brasilnoticias.org\/site\/?s={search_term_string}\"},\"query-input\":{\"@type\":\"PropertyValueSpecification\",\"valueRequired\":true,\"valueName\":\"search_term_string\"}}],\"inLanguage\":\"pt-PT\"},{\"@type\":\"Organization\",\"@id\":\"https:\/\/brasilnoticias.org\/site\/#organization\",\"name\":\"Brasil not\u00edcias\",\"url\":\"https:\/\/brasilnoticias.org\/site\/\",\"logo\":{\"@type\":\"ImageObject\",\"inLanguage\":\"pt-PT\",\"@id\":\"https:\/\/brasilnoticias.org\/site\/#\/schema\/logo\/image\/\",\"url\":\"https:\/\/brasilnoticias.org\/site\/wp-content\/uploads\/2022\/05\/cropped-brasilnoticias-mini.jpg\",\"contentUrl\":\"https:\/\/brasilnoticias.org\/site\/wp-content\/uploads\/2022\/05\/cropped-brasilnoticias-mini.jpg\",\"width\":314,\"height\":86,\"caption\":\"Brasil not\u00edcias\"},\"image\":{\"@id\":\"https:\/\/brasilnoticias.org\/site\/#\/schema\/logo\/image\/\"}},{\"@type\":\"Person\",\"@id\":\"https:\/\/brasilnoticias.org\/site\/#\/schema\/person\/03bbbfe6c7634ad18c26444ea39049fa\",\"name\":\"Reda\u00e7\u00e3o\",\"image\":{\"@type\":\"ImageObject\",\"inLanguage\":\"pt-PT\",\"@id\":\"https:\/\/brasilnoticias.org\/site\/#\/schema\/person\/image\/\",\"url\":\"https:\/\/secure.gravatar.com\/avatar\/9ecaf7327a696cb23ad926fedded5f1f04d7049de9e445375d55b48c001a6e42?s=96&d=mm&r=g\",\"contentUrl\":\"https:\/\/secure.gravatar.com\/avatar\/9ecaf7327a696cb23ad926fedded5f1f04d7049de9e445375d55b48c001a6e42?s=96&d=mm&r=g\",\"caption\":\"Reda\u00e7\u00e3o\"},\"url\":\"https:\/\/brasilnoticias.org\/site\/author\/henrique\/\"}]}<\/script>\n<!-- \/ Yoast SEO plugin. -->","yoast_head_json":{"title":"Metr\u00f4 tem esta\u00e7\u00f5es fora de atividade neste domingo (9) em Salvador; confira - Brasil not\u00edcias","robots":{"index":"index","follow":"follow","max-snippet":"max-snippet:-1","max-image-preview":"max-image-preview:large","max-video-preview":"max-video-preview:-1"},"canonical":"https:\/\/brasilnoticias.org\/site\/metro-tem-estacoes-fora-de-atividade-neste-domingo-9-em-salvador-confira\/","og_locale":"pt_PT","og_type":"article","og_title":"Metr\u00f4 tem esta\u00e7\u00f5es fora de atividade neste domingo (9) em Salvador; confira - Brasil not\u00edcias","og_description":"Durante o per\u00edodo, os passageiros poder\u00e3o usar como op\u00e7\u00e3o a linha de \u00f4nibus especial (E004 \u2013 PAESE), que vai circular","og_url":"https:\/\/brasilnoticias.org\/site\/metro-tem-estacoes-fora-de-atividade-neste-domingo-9-em-salvador-confira\/","og_site_name":"Brasil not\u00edcias","article_published_time":"2024-06-09T15:21:29+00:00","og_image":[{"width":960,"height":500,"url":"https:\/\/brasilnoticias.org\/site\/wp-content\/uploads\/2024\/06\/est-campinas-div-ccr-metro.jpg","type":"image\/jpeg"}],"author":"Reda\u00e7\u00e3o","twitter_card":"summary_large_image","twitter_misc":{"Escrito por":"Reda\u00e7\u00e3o","Tempo estimado de leitura":"1 minuto"},"schema":{"@context":"https:\/\/schema.org","@graph":[{"@type":"Article","@id":"https:\/\/brasilnoticias.org\/site\/metro-tem-estacoes-fora-de-atividade-neste-domingo-9-em-salvador-confira\/#article","isPartOf":{"@id":"https:\/\/brasilnoticias.org\/site\/metro-tem-estacoes-fora-de-atividade-neste-domingo-9-em-salvador-confira\/"},"author":{"name":"Reda\u00e7\u00e3o","@id":"https:\/\/brasilnoticias.org\/site\/#\/schema\/person\/03bbbfe6c7634ad18c26444ea39049fa"},"headline":"Metr\u00f4 tem esta\u00e7\u00f5es fora de atividade neste domingo (9) em Salvador; confira","datePublished":"2024-06-09T15:21:29+00:00","mainEntityOfPage":{"@id":"https:\/\/brasilnoticias.org\/site\/metro-tem-estacoes-fora-de-atividade-neste-domingo-9-em-salvador-confira\/"},"wordCount":156,"commentCount":0,"publisher":{"@id":"https:\/\/brasilnoticias.org\/site\/#organization"},"image":{"@id":"https:\/\/brasilnoticias.org\/site\/metro-tem-estacoes-fora-de-atividade-neste-domingo-9-em-salvador-confira\/#primaryimage"},"thumbnailUrl":"https:\/\/brasilnoticias.org\/site\/wp-content\/uploads\/2024\/06\/est-campinas-div-ccr-metro.jpg","articleSection":["Not\u00edcias","\u00daltimas"],"inLanguage":"pt-PT","potentialAction":[{"@type":"CommentAction","name":"Comment","target":["https:\/\/brasilnoticias.org\/site\/metro-tem-estacoes-fora-de-atividade-neste-domingo-9-em-salvador-confira\/#respond"]}]},{"@type":"WebPage","@id":"https:\/\/brasilnoticias.org\/site\/metro-tem-estacoes-fora-de-atividade-neste-domingo-9-em-salvador-confira\/","url":"https:\/\/brasilnoticias.org\/site\/metro-tem-estacoes-fora-de-atividade-neste-domingo-9-em-salvador-confira\/","name":"Metr\u00f4 tem esta\u00e7\u00f5es fora de atividade neste domingo (9) em Salvador; confira - Brasil not\u00edcias","isPartOf":{"@id":"https:\/\/brasilnoticias.org\/site\/#website"},"primaryImageOfPage":{"@id":"https:\/\/brasilnoticias.org\/site\/metro-tem-estacoes-fora-de-atividade-neste-domingo-9-em-salvador-confira\/#primaryimage"},"image":{"@id":"https:\/\/brasilnoticias.org\/site\/metro-tem-estacoes-fora-de-atividade-neste-domingo-9-em-salvador-confira\/#primaryimage"},"thumbnailUrl":"https:\/\/brasilnoticias.org\/site\/wp-content\/uploads\/2024\/06\/est-campinas-div-ccr-metro.jpg","datePublished":"2024-06-09T15:21:29+00:00","breadcrumb":{"@id":"https:\/\/brasilnoticias.org\/site\/metro-tem-estacoes-fora-de-atividade-neste-domingo-9-em-salvador-confira\/#breadcrumb"},"inLanguage":"pt-PT","potentialAction":[{"@type":"ReadAction","target":["https:\/\/brasilnoticias.org\/site\/metro-tem-estacoes-fora-de-atividade-neste-domingo-9-em-salvador-confira\/"]}]},{"@type":"ImageObject","inLanguage":"pt-PT","@id":"https:\/\/brasilnoticias.org\/site\/metro-tem-estacoes-fora-de-atividade-neste-domingo-9-em-salvador-confira\/#primaryimage","url":"https:\/\/brasilnoticias.org\/site\/wp-content\/uploads\/2024\/06\/est-campinas-div-ccr-metro.jpg","contentUrl":"https:\/\/brasilnoticias.org\/site\/wp-content\/uploads\/2024\/06\/est-campinas-div-ccr-metro.jpg","width":960,"height":500},{"@type":"BreadcrumbList","@id":"https:\/\/brasilnoticias.org\/site\/metro-tem-estacoes-fora-de-atividade-neste-domingo-9-em-salvador-confira\/#breadcrumb","itemListElement":[{"@type":"ListItem","position":1,"name":"In\u00edcio","item":"https:\/\/brasilnoticias.org\/site\/"},{"@type":"ListItem","position":2,"name":"Metr\u00f4 tem esta\u00e7\u00f5es fora de atividade neste domingo (9) em Salvador; confira"}]},{"@type":"WebSite","@id":"https:\/\/brasilnoticias.org\/site\/#website","url":"https:\/\/brasilnoticias.org\/site\/","name":"Brasil not\u00edcias","description":"Brasil not\u00edcias","publisher":{"@id":"https:\/\/brasilnoticias.org\/site\/#organization"},"potentialAction":[{"@type":"SearchAction","target":{"@type":"EntryPoint","urlTemplate":"https:\/\/brasilnoticias.org\/site\/?s={search_term_string}"},"query-input":{"@type":"PropertyValueSpecification","valueRequired":true,"valueName":"search_term_string"}}],"inLanguage":"pt-PT"},{"@type":"Organization","@id":"https:\/\/brasilnoticias.org\/site\/#organization","name":"Brasil not\u00edcias","url":"https:\/\/brasilnoticias.org\/site\/","logo":{"@type":"ImageObject","inLanguage":"pt-PT","@id":"https:\/\/brasilnoticias.org\/site\/#\/schema\/logo\/image\/","url":"https:\/\/brasilnoticias.org\/site\/wp-content\/uploads\/2022\/05\/cropped-brasilnoticias-mini.jpg","contentUrl":"https:\/\/brasilnoticias.org\/site\/wp-content\/uploads\/2022\/05\/cropped-brasilnoticias-mini.jpg","width":314,"height":86,"caption":"Brasil not\u00edcias"},"image":{"@id":"https:\/\/brasilnoticias.org\/site\/#\/schema\/logo\/image\/"}},{"@type":"Person","@id":"https:\/\/brasilnoticias.org\/site\/#\/schema\/person\/03bbbfe6c7634ad18c26444ea39049fa","name":"Reda\u00e7\u00e3o","image":{"@type":"ImageObject","inLanguage":"pt-PT","@id":"https:\/\/brasilnoticias.org\/site\/#\/schema\/person\/image\/","url":"https:\/\/secure.gravatar.com\/avatar\/9ecaf7327a696cb23ad926fedded5f1f04d7049de9e445375d55b48c001a6e42?s=96&d=mm&r=g","contentUrl":"https:\/\/secure.gravatar.com\/avatar\/9ecaf7327a696cb23ad926fedded5f1f04d7049de9e445375d55b48c001a6e42?s=96&d=mm&r=g","caption":"Reda\u00e7\u00e3o"},"url":"https:\/\/brasilnoticias.org\/site\/author\/henrique\/"}]}},"_links":{"self":[{"href":"https:\/\/brasilnoticias.org\/site\/wp-json\/wp\/v2\/posts\/14517","targetHints":{"allow":["GET"]}}],"collection":[{"href":"https:\/\/brasilnoticias.org\/site\/wp-json\/wp\/v2\/posts"}],"about":[{"href":"https:\/\/brasilnoticias.org\/site\/wp-json\/wp\/v2\/types\/post"}],"author":[{"embeddable":true,"href":"https:\/\/brasilnoticias.org\/site\/wp-json\/wp\/v2\/users\/4"}],"replies":[{"embeddable":true,"href":"https:\/\/brasilnoticias.org\/site\/wp-json\/wp\/v2\/comments?post=14517"}],"version-history":[{"count":1,"href":"https:\/\/brasilnoticias.org\/site\/wp-json\/wp\/v2\/posts\/14517\/revisions"}],"predecessor-version":[{"id":14519,"href":"https:\/\/brasilnoticias.org\/site\/wp-json\/wp\/v2\/posts\/14517\/revisions\/14519"}],"wp:featuredmedia":[{"embeddable":true,"href":"https:\/\/brasilnoticias.org\/site\/wp-json\/wp\/v2\/media\/14518"}],"wp:attachment":[{"href":"https:\/\/brasilnoticias.org\/site\/wp-json\/wp\/v2\/media?parent=14517"}],"wp:term":[{"taxonomy":"category","embeddable":true,"href":"https:\/\/brasilnoticias.org\/site\/wp-json\/wp\/v2\/categories?post=14517"},{"taxonomy":"post_tag","embeddable":true,"href":"https:\/\/brasilnoticias.org\/site\/wp-json\/wp\/v2\/tags?post=14517"}],"curies":[{"name":"wp","href":"https:\/\/api.w.org\/{rel}","templated":true}]}}