{"id":14520,"date":"2024-06-09T12:24:16","date_gmt":"2024-06-09T15:24:16","guid":{"rendered":"https:\/\/brasilnoticias.org\/site\/?p=14520"},"modified":"2024-06-09T12:24:16","modified_gmt":"2024-06-09T15:24:16","slug":"deltan-pede-que-pgr-investigue-se-moraes-abusou-do-poder-ao-prender-dois-por-ameacas","status":"publish","type":"post","link":"https:\/\/brasilnoticias.org\/site\/deltan-pede-que-pgr-investigue-se-moraes-abusou-do-poder-ao-prender-dois-por-ameacas\/","title":{"rendered":"Deltan pede que PGR investigue se Moraes abusou do poder ao prender dois por amea\u00e7as"},"content":{"rendered":"<p>A not\u00edcia-crime contra Moraes foi apresentada por Dallagnol juntamente com outros pol\u00edticos do Partido Novo (PN).<\/p>\n<p>Pol\u00edticos do Partido Novo (PN), entre eles o ex-procurador e deputado cassado Deltan Dallagnol, que hoje se apresenta como &#8220;embaixador&#8221; do PN, solicitaram que a Procuradoria-Geral da Rep\u00fablica (PGR) investigue se o ministro Alexandre de Moraes, do Supremo Tribunal Federal (STF), cometeu abuso de autoridade ao mandar prender dois homens que amea\u00e7aram a fam\u00edlia dele.<\/p>\n<p>A not\u00edcia-crime contra Moraes foi apresentada pelo ministro por Deltan Dallagnol juntamente com a advogada Carolina Sponza, pr\u00e9-candidata \u00e0 prefeitura do Rio de Janeiro, e por Jonathan Mariano, pr\u00e9-candidato a vereador na capital carioca.<\/p>\n<p>As pris\u00f5es preventivas foram decretadas atrav\u00e9s do inqu\u00e9rito das fake news, que investiga ofensas, ataques e amea\u00e7as aos ministros e a seus familiares. A decis\u00e3o atendeu a um pedido da PGR. Ap\u00f3s a ocorr\u00eancia, depois de mandar prender os suspeitos, Oliverino de Oliveira J\u00fanior e Raul Fonseca de Oliveira, Alexandre de Moraes se declarou impedido para conduzir a investiga\u00e7\u00e3o do caso e pediu a redistribui\u00e7\u00e3o do processo para outro gabinete. O processo corre em sigilo.<\/p>\n<p>A representa\u00e7\u00e3o do Partido Novo afirma que a decis\u00e3o de Alexandre de Moraes foi &#8220;arbitr\u00e1ria e ilegal&#8221;. O argumento \u00e9 que, como as ame\u00e7as foram dirigidas \u00e0 fam\u00edlia do ministro, ele n\u00e3o poderia ter despachado no processo.<\/p>\n<p>Foto: Fabio Rodrigues Pozzebom \/ Ag\u00eancia Brasil<br \/>\nPor: Metro1 <\/p>\n","protected":false},"excerpt":{"rendered":"<p>A not\u00edcia-crime contra Moraes foi apresentada por Dallagnol juntamente com outros pol\u00edticos do Partido Novo (PN). Pol\u00edticos do Partido Novo<\/p>\n","protected":false},"author":4,"featured_media":14521,"comment_status":"open","ping_status":"open","sticky":false,"template":"","format":"standard","meta":{"colormag_page_container_layout":"default_layout","colormag_page_sidebar_layout":"default_layout","_FSMCFIC_featured_image_caption":"","_FSMCFIC_featured_image_nocaption":"","_FSMCFIC_featured_image_hide":"","footnotes":""},"categories":[5,1],"tags":[],"class_list":["post-14520","post","type-post","status-publish","format-standard","has-post-thumbnail","hentry","category-politica","category-ultimas"],"yoast_head":"<!-- This site is optimized with the Yoast SEO plugin v27.1.1 - https:\/\/yoast.com\/product\/yoast-seo-wordpress\/ -->\n<title>Deltan pede que PGR investigue se Moraes abusou do poder ao prender dois por amea\u00e7as - Brasil not\u00edcias<\/title>\n<meta name=\"robots\" content=\"index, follow, max-snippet:-1, max-image-preview:large, max-video-preview:-1\" \/>\n<link rel=\"canonical\" href=\"https:\/\/brasilnoticias.org\/site\/deltan-pede-que-pgr-investigue-se-moraes-abusou-do-poder-ao-prender-dois-por-ameacas\/\" \/>\n<meta property=\"og:locale\" content=\"pt_PT\" \/>\n<meta property=\"og:type\" content=\"article\" \/>\n<meta property=\"og:title\" content=\"Deltan pede que PGR investigue se Moraes abusou do poder ao prender dois por amea\u00e7as - Brasil not\u00edcias\" \/>\n<meta property=\"og:description\" content=\"A not\u00edcia-crime contra Moraes foi apresentada por Dallagnol juntamente com outros pol\u00edticos do Partido Novo (PN). Pol\u00edticos do Partido Novo\" \/>\n<meta property=\"og:url\" content=\"https:\/\/brasilnoticias.org\/site\/deltan-pede-que-pgr-investigue-se-moraes-abusou-do-poder-ao-prender-dois-por-ameacas\/\" \/>\n<meta property=\"og:site_name\" content=\"Brasil not\u00edcias\" \/>\n<meta property=\"article:published_time\" content=\"2024-06-09T15:24:16+00:00\" \/>\n<meta property=\"og:image\" content=\"https:\/\/brasilnoticias.org\/site\/wp-content\/uploads\/2024\/06\/151299deltan-pede-que-pgr-investigue-se-moraes-abusou-do-poder-ao-prender-dois-por-ameacas-3.jpg\" \/>\n\t<meta property=\"og:image:width\" content=\"1600\" \/>\n\t<meta property=\"og:image:height\" content=\"752\" \/>\n\t<meta property=\"og:image:type\" content=\"image\/jpeg\" \/>\n<meta name=\"author\" content=\"Reda\u00e7\u00e3o\" \/>\n<meta name=\"twitter:card\" content=\"summary_large_image\" \/>\n<meta name=\"twitter:label1\" content=\"Escrito por\" \/>\n\t<meta name=\"twitter:data1\" content=\"Reda\u00e7\u00e3o\" \/>\n<script type=\"application\/ld+json\" class=\"yoast-schema-graph\">{\"@context\":\"https:\/\/schema.org\",\"@graph\":[{\"@type\":\"Article\",\"@id\":\"https:\/\/brasilnoticias.org\/site\/deltan-pede-que-pgr-investigue-se-moraes-abusou-do-poder-ao-prender-dois-por-ameacas\/#article\",\"isPartOf\":{\"@id\":\"https:\/\/brasilnoticias.org\/site\/deltan-pede-que-pgr-investigue-se-moraes-abusou-do-poder-ao-prender-dois-por-ameacas\/\"},\"author\":{\"name\":\"Reda\u00e7\u00e3o\",\"@id\":\"https:\/\/brasilnoticias.org\/site\/#\/schema\/person\/03bbbfe6c7634ad18c26444ea39049fa\"},\"headline\":\"Deltan pede que PGR investigue se Moraes abusou do poder ao prender dois por amea\u00e7as\",\"datePublished\":\"2024-06-09T15:24:16+00:00\",\"mainEntityOfPage\":{\"@id\":\"https:\/\/brasilnoticias.org\/site\/deltan-pede-que-pgr-investigue-se-moraes-abusou-do-poder-ao-prender-dois-por-ameacas\/\"},\"wordCount\":264,\"commentCount\":0,\"publisher\":{\"@id\":\"https:\/\/brasilnoticias.org\/site\/#organization\"},\"image\":{\"@id\":\"https:\/\/brasilnoticias.org\/site\/deltan-pede-que-pgr-investigue-se-moraes-abusou-do-poder-ao-prender-dois-por-ameacas\/#primaryimage\"},\"thumbnailUrl\":\"https:\/\/brasilnoticias.org\/site\/wp-content\/uploads\/2024\/06\/151299deltan-pede-que-pgr-investigue-se-moraes-abusou-do-poder-ao-prender-dois-por-ameacas-3.jpg\",\"articleSection\":[\"Pol\u00edtica\",\"\u00daltimas\"],\"inLanguage\":\"pt-PT\",\"potentialAction\":[{\"@type\":\"CommentAction\",\"name\":\"Comment\",\"target\":[\"https:\/\/brasilnoticias.org\/site\/deltan-pede-que-pgr-investigue-se-moraes-abusou-do-poder-ao-prender-dois-por-ameacas\/#respond\"]}]},{\"@type\":\"WebPage\",\"@id\":\"https:\/\/brasilnoticias.org\/site\/deltan-pede-que-pgr-investigue-se-moraes-abusou-do-poder-ao-prender-dois-por-ameacas\/\",\"url\":\"https:\/\/brasilnoticias.org\/site\/deltan-pede-que-pgr-investigue-se-moraes-abusou-do-poder-ao-prender-dois-por-ameacas\/\",\"name\":\"Deltan pede que PGR investigue se Moraes abusou do poder ao prender dois por amea\u00e7as - Brasil not\u00edcias\",\"isPartOf\":{\"@id\":\"https:\/\/brasilnoticias.org\/site\/#website\"},\"primaryImageOfPage\":{\"@id\":\"https:\/\/brasilnoticias.org\/site\/deltan-pede-que-pgr-investigue-se-moraes-abusou-do-poder-ao-prender-dois-por-ameacas\/#primaryimage\"},\"image\":{\"@id\":\"https:\/\/brasilnoticias.org\/site\/deltan-pede-que-pgr-investigue-se-moraes-abusou-do-poder-ao-prender-dois-por-ameacas\/#primaryimage\"},\"thumbnailUrl\":\"https:\/\/brasilnoticias.org\/site\/wp-content\/uploads\/2024\/06\/151299deltan-pede-que-pgr-investigue-se-moraes-abusou-do-poder-ao-prender-dois-por-ameacas-3.jpg\",\"datePublished\":\"2024-06-09T15:24:16+00:00\",\"breadcrumb\":{\"@id\":\"https:\/\/brasilnoticias.org\/site\/deltan-pede-que-pgr-investigue-se-moraes-abusou-do-poder-ao-prender-dois-por-ameacas\/#breadcrumb\"},\"inLanguage\":\"pt-PT\",\"potentialAction\":[{\"@type\":\"ReadAction\",\"target\":[\"https:\/\/brasilnoticias.org\/site\/deltan-pede-que-pgr-investigue-se-moraes-abusou-do-poder-ao-prender-dois-por-ameacas\/\"]}]},{\"@type\":\"ImageObject\",\"inLanguage\":\"pt-PT\",\"@id\":\"https:\/\/brasilnoticias.org\/site\/deltan-pede-que-pgr-investigue-se-moraes-abusou-do-poder-ao-prender-dois-por-ameacas\/#primaryimage\",\"url\":\"https:\/\/brasilnoticias.org\/site\/wp-content\/uploads\/2024\/06\/151299deltan-pede-que-pgr-investigue-se-moraes-abusou-do-poder-ao-prender-dois-por-ameacas-3.jpg\",\"contentUrl\":\"https:\/\/brasilnoticias.org\/site\/wp-content\/uploads\/2024\/06\/151299deltan-pede-que-pgr-investigue-se-moraes-abusou-do-poder-ao-prender-dois-por-ameacas-3.jpg\",\"width\":1600,\"height\":752},{\"@type\":\"BreadcrumbList\",\"@id\":\"https:\/\/brasilnoticias.org\/site\/deltan-pede-que-pgr-investigue-se-moraes-abusou-do-poder-ao-prender-dois-por-ameacas\/#breadcrumb\",\"itemListElement\":[{\"@type\":\"ListItem\",\"position\":1,\"name\":\"In\u00edcio\",\"item\":\"https:\/\/brasilnoticias.org\/site\/\"},{\"@type\":\"ListItem\",\"position\":2,\"name\":\"Deltan pede que PGR investigue se Moraes abusou do poder ao prender dois por amea\u00e7as\"}]},{\"@type\":\"WebSite\",\"@id\":\"https:\/\/brasilnoticias.org\/site\/#website\",\"url\":\"https:\/\/brasilnoticias.org\/site\/\",\"name\":\"Brasil not\u00edcias\",\"description\":\"Brasil not\u00edcias\",\"publisher\":{\"@id\":\"https:\/\/brasilnoticias.org\/site\/#organization\"},\"potentialAction\":[{\"@type\":\"SearchAction\",\"target\":{\"@type\":\"EntryPoint\",\"urlTemplate\":\"https:\/\/brasilnoticias.org\/site\/?s={search_term_string}\"},\"query-input\":{\"@type\":\"PropertyValueSpecification\",\"valueRequired\":true,\"valueName\":\"search_term_string\"}}],\"inLanguage\":\"pt-PT\"},{\"@type\":\"Organization\",\"@id\":\"https:\/\/brasilnoticias.org\/site\/#organization\",\"name\":\"Brasil not\u00edcias\",\"url\":\"https:\/\/brasilnoticias.org\/site\/\",\"logo\":{\"@type\":\"ImageObject\",\"inLanguage\":\"pt-PT\",\"@id\":\"https:\/\/brasilnoticias.org\/site\/#\/schema\/logo\/image\/\",\"url\":\"https:\/\/brasilnoticias.org\/site\/wp-content\/uploads\/2022\/05\/cropped-brasilnoticias-mini.jpg\",\"contentUrl\":\"https:\/\/brasilnoticias.org\/site\/wp-content\/uploads\/2022\/05\/cropped-brasilnoticias-mini.jpg\",\"width\":314,\"height\":86,\"caption\":\"Brasil not\u00edcias\"},\"image\":{\"@id\":\"https:\/\/brasilnoticias.org\/site\/#\/schema\/logo\/image\/\"}},{\"@type\":\"Person\",\"@id\":\"https:\/\/brasilnoticias.org\/site\/#\/schema\/person\/03bbbfe6c7634ad18c26444ea39049fa\",\"name\":\"Reda\u00e7\u00e3o\",\"image\":{\"@type\":\"ImageObject\",\"inLanguage\":\"pt-PT\",\"@id\":\"https:\/\/brasilnoticias.org\/site\/#\/schema\/person\/image\/\",\"url\":\"https:\/\/secure.gravatar.com\/avatar\/9ecaf7327a696cb23ad926fedded5f1f04d7049de9e445375d55b48c001a6e42?s=96&d=mm&r=g\",\"contentUrl\":\"https:\/\/secure.gravatar.com\/avatar\/9ecaf7327a696cb23ad926fedded5f1f04d7049de9e445375d55b48c001a6e42?s=96&d=mm&r=g\",\"caption\":\"Reda\u00e7\u00e3o\"},\"url\":\"https:\/\/brasilnoticias.org\/site\/author\/henrique\/\"}]}<\/script>\n<!-- \/ Yoast SEO plugin. -->","yoast_head_json":{"title":"Deltan pede que PGR investigue se Moraes abusou do poder ao prender dois por amea\u00e7as - Brasil not\u00edcias","robots":{"index":"index","follow":"follow","max-snippet":"max-snippet:-1","max-image-preview":"max-image-preview:large","max-video-preview":"max-video-preview:-1"},"canonical":"https:\/\/brasilnoticias.org\/site\/deltan-pede-que-pgr-investigue-se-moraes-abusou-do-poder-ao-prender-dois-por-ameacas\/","og_locale":"pt_PT","og_type":"article","og_title":"Deltan pede que PGR investigue se Moraes abusou do poder ao prender dois por amea\u00e7as - Brasil not\u00edcias","og_description":"A not\u00edcia-crime contra Moraes foi apresentada por Dallagnol juntamente com outros pol\u00edticos do Partido Novo (PN). Pol\u00edticos do Partido Novo","og_url":"https:\/\/brasilnoticias.org\/site\/deltan-pede-que-pgr-investigue-se-moraes-abusou-do-poder-ao-prender-dois-por-ameacas\/","og_site_name":"Brasil not\u00edcias","article_published_time":"2024-06-09T15:24:16+00:00","og_image":[{"width":1600,"height":752,"url":"https:\/\/brasilnoticias.org\/site\/wp-content\/uploads\/2024\/06\/151299deltan-pede-que-pgr-investigue-se-moraes-abusou-do-poder-ao-prender-dois-por-ameacas-3.jpg","type":"image\/jpeg"}],"author":"Reda\u00e7\u00e3o","twitter_card":"summary_large_image","twitter_misc":{"Escrito por":"Reda\u00e7\u00e3o"},"schema":{"@context":"https:\/\/schema.org","@graph":[{"@type":"Article","@id":"https:\/\/brasilnoticias.org\/site\/deltan-pede-que-pgr-investigue-se-moraes-abusou-do-poder-ao-prender-dois-por-ameacas\/#article","isPartOf":{"@id":"https:\/\/brasilnoticias.org\/site\/deltan-pede-que-pgr-investigue-se-moraes-abusou-do-poder-ao-prender-dois-por-ameacas\/"},"author":{"name":"Reda\u00e7\u00e3o","@id":"https:\/\/brasilnoticias.org\/site\/#\/schema\/person\/03bbbfe6c7634ad18c26444ea39049fa"},"headline":"Deltan pede que PGR investigue se Moraes abusou do poder ao prender dois por amea\u00e7as","datePublished":"2024-06-09T15:24:16+00:00","mainEntityOfPage":{"@id":"https:\/\/brasilnoticias.org\/site\/deltan-pede-que-pgr-investigue-se-moraes-abusou-do-poder-ao-prender-dois-por-ameacas\/"},"wordCount":264,"commentCount":0,"publisher":{"@id":"https:\/\/brasilnoticias.org\/site\/#organization"},"image":{"@id":"https:\/\/brasilnoticias.org\/site\/deltan-pede-que-pgr-investigue-se-moraes-abusou-do-poder-ao-prender-dois-por-ameacas\/#primaryimage"},"thumbnailUrl":"https:\/\/brasilnoticias.org\/site\/wp-content\/uploads\/2024\/06\/151299deltan-pede-que-pgr-investigue-se-moraes-abusou-do-poder-ao-prender-dois-por-ameacas-3.jpg","articleSection":["Pol\u00edtica","\u00daltimas"],"inLanguage":"pt-PT","potentialAction":[{"@type":"CommentAction","name":"Comment","target":["https:\/\/brasilnoticias.org\/site\/deltan-pede-que-pgr-investigue-se-moraes-abusou-do-poder-ao-prender-dois-por-ameacas\/#respond"]}]},{"@type":"WebPage","@id":"https:\/\/brasilnoticias.org\/site\/deltan-pede-que-pgr-investigue-se-moraes-abusou-do-poder-ao-prender-dois-por-ameacas\/","url":"https:\/\/brasilnoticias.org\/site\/deltan-pede-que-pgr-investigue-se-moraes-abusou-do-poder-ao-prender-dois-por-ameacas\/","name":"Deltan pede que PGR investigue se Moraes abusou do poder ao prender dois por amea\u00e7as - Brasil not\u00edcias","isPartOf":{"@id":"https:\/\/brasilnoticias.org\/site\/#website"},"primaryImageOfPage":{"@id":"https:\/\/brasilnoticias.org\/site\/deltan-pede-que-pgr-investigue-se-moraes-abusou-do-poder-ao-prender-dois-por-ameacas\/#primaryimage"},"image":{"@id":"https:\/\/brasilnoticias.org\/site\/deltan-pede-que-pgr-investigue-se-moraes-abusou-do-poder-ao-prender-dois-por-ameacas\/#primaryimage"},"thumbnailUrl":"https:\/\/brasilnoticias.org\/site\/wp-content\/uploads\/2024\/06\/151299deltan-pede-que-pgr-investigue-se-moraes-abusou-do-poder-ao-prender-dois-por-ameacas-3.jpg","datePublished":"2024-06-09T15:24:16+00:00","breadcrumb":{"@id":"https:\/\/brasilnoticias.org\/site\/deltan-pede-que-pgr-investigue-se-moraes-abusou-do-poder-ao-prender-dois-por-ameacas\/#breadcrumb"},"inLanguage":"pt-PT","potentialAction":[{"@type":"ReadAction","target":["https:\/\/brasilnoticias.org\/site\/deltan-pede-que-pgr-investigue-se-moraes-abusou-do-poder-ao-prender-dois-por-ameacas\/"]}]},{"@type":"ImageObject","inLanguage":"pt-PT","@id":"https:\/\/brasilnoticias.org\/site\/deltan-pede-que-pgr-investigue-se-moraes-abusou-do-poder-ao-prender-dois-por-ameacas\/#primaryimage","url":"https:\/\/brasilnoticias.org\/site\/wp-content\/uploads\/2024\/06\/151299deltan-pede-que-pgr-investigue-se-moraes-abusou-do-poder-ao-prender-dois-por-ameacas-3.jpg","contentUrl":"https:\/\/brasilnoticias.org\/site\/wp-content\/uploads\/2024\/06\/151299deltan-pede-que-pgr-investigue-se-moraes-abusou-do-poder-ao-prender-dois-por-ameacas-3.jpg","width":1600,"height":752},{"@type":"BreadcrumbList","@id":"https:\/\/brasilnoticias.org\/site\/deltan-pede-que-pgr-investigue-se-moraes-abusou-do-poder-ao-prender-dois-por-ameacas\/#breadcrumb","itemListElement":[{"@type":"ListItem","position":1,"name":"In\u00edcio","item":"https:\/\/brasilnoticias.org\/site\/"},{"@type":"ListItem","position":2,"name":"Deltan pede que PGR investigue se Moraes abusou do poder ao prender dois por amea\u00e7as"}]},{"@type":"WebSite","@id":"https:\/\/brasilnoticias.org\/site\/#website","url":"https:\/\/brasilnoticias.org\/site\/","name":"Brasil not\u00edcias","description":"Brasil not\u00edcias","publisher":{"@id":"https:\/\/brasilnoticias.org\/site\/#organization"},"potentialAction":[{"@type":"SearchAction","target":{"@type":"EntryPoint","urlTemplate":"https:\/\/brasilnoticias.org\/site\/?s={search_term_string}"},"query-input":{"@type":"PropertyValueSpecification","valueRequired":true,"valueName":"search_term_string"}}],"inLanguage":"pt-PT"},{"@type":"Organization","@id":"https:\/\/brasilnoticias.org\/site\/#organization","name":"Brasil not\u00edcias","url":"https:\/\/brasilnoticias.org\/site\/","logo":{"@type":"ImageObject","inLanguage":"pt-PT","@id":"https:\/\/brasilnoticias.org\/site\/#\/schema\/logo\/image\/","url":"https:\/\/brasilnoticias.org\/site\/wp-content\/uploads\/2022\/05\/cropped-brasilnoticias-mini.jpg","contentUrl":"https:\/\/brasilnoticias.org\/site\/wp-content\/uploads\/2022\/05\/cropped-brasilnoticias-mini.jpg","width":314,"height":86,"caption":"Brasil not\u00edcias"},"image":{"@id":"https:\/\/brasilnoticias.org\/site\/#\/schema\/logo\/image\/"}},{"@type":"Person","@id":"https:\/\/brasilnoticias.org\/site\/#\/schema\/person\/03bbbfe6c7634ad18c26444ea39049fa","name":"Reda\u00e7\u00e3o","image":{"@type":"ImageObject","inLanguage":"pt-PT","@id":"https:\/\/brasilnoticias.org\/site\/#\/schema\/person\/image\/","url":"https:\/\/secure.gravatar.com\/avatar\/9ecaf7327a696cb23ad926fedded5f1f04d7049de9e445375d55b48c001a6e42?s=96&d=mm&r=g","contentUrl":"https:\/\/secure.gravatar.com\/avatar\/9ecaf7327a696cb23ad926fedded5f1f04d7049de9e445375d55b48c001a6e42?s=96&d=mm&r=g","caption":"Reda\u00e7\u00e3o"},"url":"https:\/\/brasilnoticias.org\/site\/author\/henrique\/"}]}},"_links":{"self":[{"href":"https:\/\/brasilnoticias.org\/site\/wp-json\/wp\/v2\/posts\/14520","targetHints":{"allow":["GET"]}}],"collection":[{"href":"https:\/\/brasilnoticias.org\/site\/wp-json\/wp\/v2\/posts"}],"about":[{"href":"https:\/\/brasilnoticias.org\/site\/wp-json\/wp\/v2\/types\/post"}],"author":[{"embeddable":true,"href":"https:\/\/brasilnoticias.org\/site\/wp-json\/wp\/v2\/users\/4"}],"replies":[{"embeddable":true,"href":"https:\/\/brasilnoticias.org\/site\/wp-json\/wp\/v2\/comments?post=14520"}],"version-history":[{"count":1,"href":"https:\/\/brasilnoticias.org\/site\/wp-json\/wp\/v2\/posts\/14520\/revisions"}],"predecessor-version":[{"id":14522,"href":"https:\/\/brasilnoticias.org\/site\/wp-json\/wp\/v2\/posts\/14520\/revisions\/14522"}],"wp:featuredmedia":[{"embeddable":true,"href":"https:\/\/brasilnoticias.org\/site\/wp-json\/wp\/v2\/media\/14521"}],"wp:attachment":[{"href":"https:\/\/brasilnoticias.org\/site\/wp-json\/wp\/v2\/media?parent=14520"}],"wp:term":[{"taxonomy":"category","embeddable":true,"href":"https:\/\/brasilnoticias.org\/site\/wp-json\/wp\/v2\/categories?post=14520"},{"taxonomy":"post_tag","embeddable":true,"href":"https:\/\/brasilnoticias.org\/site\/wp-json\/wp\/v2\/tags?post=14520"}],"curies":[{"name":"wp","href":"https:\/\/api.w.org\/{rel}","templated":true}]}}